{"id":2083397,"date":"2026-08-07T21:19:31","date_gmt":"2026-08-07T18:19:31","guid":{"rendered":"https:\/\/analyse.optim.biz\/?p=2083397"},"modified":"2026-08-07T21:19:31","modified_gmt":"2026-08-07T18:19:31","slug":"fanii-stapanul-inelelor-ar-putea-avea-o-surpriza-in-sezonul-3-din-serialul-inelele-puterii-sauron-se-va-confrunta-cu-o-creatura-de-temut","status":"publish","type":"post","link":"https:\/\/analyse.optim.biz\/?p=2083397","title":{"rendered":"Fanii \u201eSt\u0103p\u00e2nul Inelelor\u201c ar putea avea o surpriz\u0103 \u00een sezonul 3 din serialul \u201eInelele Puterii\u201c. Sauron se va confrunta cu o creatur\u0103 de temut"},"content":{"rendered":"<p>[analyse_image type=&#8221;featured&#8221; src=&#8221;https:\/\/r3media.ro\/wp-content\/uploads\/2026\/08\/stapanul-inelelor-sauron.pnghttps:\/\/r3media.ro\/wp-content\/uploads\/2026\/08\/stapanul-inelelor-sauron.png&#8221;]<\/p>\n<article id=\"template-id-109\" class=\"post-109 tdb_templates type-tdb_templates status-publish post\">\n<div id=\"tdi_2\" class=\"tdc-zone\">\n<div class=\"tdc_zone tdi_3  wpb_row td-pb-row\">\n<div id=\"tdi_4\" class=\"tdc-row\">\n<div class=\"vc_row tdi_5  wpb_row td-pb-row\">\n<div class=\"vc_column tdi_7  wpb_column vc_column_container tdc-column td-pb-span8\">\n<div class=\"wpb_wrapper\">\n<div class=\"td_block_wrap tdb_breadcrumbs tdi_8 td-pb-border-top td_block_template_1 tdb-breadcrumbs \" data-td-block-uid=\"tdi_8\">\n<div class=\"tdb-block-inner td-fix-index\"><span><a title=\"Vede\u021bi toate articolele \u00een FEATURED\" class=\"tdb-entry-crumb\" href=\"https:\/\/r3media.ro\/category\/featured\/\">FEATURED<\/a><\/span><span class=\"tdb-bred-no-url-last\">Fanii \u201eSt\u0103p\u00e2nul Inelelor\u201c ar putea avea o surpriz\u0103 \u00een sezonul 3 din&#8230;<\/span><\/div>\n<\/div>\n<div class=\"td_block_wrap tdb_single_categories tdi_9 td-pb-border-top td_block_template_1 \" data-td-block-uid=\"tdi_9\">\n<div class=\"tdb-category td-fix-index\"><a class=\"tdb-entry-category\" href=\"https:\/\/r3media.ro\/category\/featured\/\">FEATURED<\/a><a class=\"tdb-entry-category\" href=\"https:\/\/r3media.ro\/category\/stiri\/\">\u0218TIRI<\/a><\/div>\n<\/div>\n<div class=\"td_block_wrap tdb_title tdi_10 tdb-single-title td-pb-border-top td_block_template_1\" data-td-block-uid=\"tdi_10\">\n<div class=\"tdb-block-inner td-fix-index\">\n<h1 class=\"tdb-title-text\">Fanii \u201eSt\u0103p\u00e2nul Inelelor\u201c ar putea avea o surpriz\u0103 \u00een sezonul 3 din serialul \u201eInelele Puterii\u201c. Sauron se va confrunta cu o creatur\u0103 de temut<\/h1>\n<\/div>\n<\/div>\n<div class=\"vc_row_inner tdi_12  vc_row vc_inner wpb_row td-pb-row\">\n<div class=\"vc_column_inner tdi_14  wpb_column vc_column_container tdc-inner-column td-pb-span12\">\n<div class=\"vc_column-inner\">\n<div class=\"wpb_wrapper\">\n<div class=\"td_block_wrap tdb_single_author tdi_15 td-pb-border-top td_block_template_1 tdb-post-meta\" data-td-block-uid=\"tdi_15\">\n<div class=\"tdb-block-inner td-fix-index\">\n<div class=\"tdb-author-name-wrap\"><a class=\"tdb-author-name\" href=\"https:\/\/r3media.ro\/author\/oana\/\">Oana Ivan<\/a><\/div>\n<\/div>\n<\/div>\n<div class=\"td_block_wrap tdb_single_date tdi_16 td-pb-border-top td_block_template_1 tdb-post-meta\" data-td-block-uid=\"tdi_16\">\n<div class=\"tdb-block-inner td-fix-index\"><time class=\"entry-date updated td-module-date\" datetime=\"2026-08-08T00:19:31+03:00\">08\/08\/2026<\/time><\/div>\n<\/div>\n<\/div>\n<\/div>\n<\/div>\n<\/div>\n<div class=\"td_block_wrap tdb_single_featured_image tdi_17 tdb-content-horiz-left td-pb-border-top td_block_template_1\" data-td-block-uid=\"tdi_17\">\n<div class=\"tdb-block-inner td-fix-index\">\n<figure><figcaption class=\"tdb-caption-text\">Surs\u0103 &#8211; PRIME video<\/figcaption><\/figure>\n<\/div>\n<\/div>\n<div class=\"td_block_wrap tdb_single_content tdi_18 td-pb-border-top td_block_template_1 td-post-content tagdiv-type\" data-td-block-uid=\"tdi_18\">\n<div class=\"tdb-block-inner td-fix-index\">\n<p><strong><em>St\u0103p\u00e2nul Inelelor: Inelele Puterii<\/em> a reinterpretat \u00eentr-o mare m\u0103sur\u0103 tradi\u021bia deja consacrat\u0103 a lumii create de J.R.R. Tolkien. Serialul de la Prime Video pare s\u0103-\u0219i fi acordat o libertate mult mai mare \u00een privin\u021ba trecutului personajelor \u0219i a decorului, mai ales c\u00e2nd vine vorba despre antagoni\u0219ti precum Sauron, potrivit <a href=\"https:\/\/guides.justwatch.com\/us\/rings-of-power-season-3-balrog-arc\" target=\"_blank\" rel=\"noopener\">Just Watch<\/a>.<\/strong><\/p>\n<p>St\u0103p\u00e2nul \u00centunericului din P\u0103m\u00e2ntul de Mijloc se preg\u0103te\u0219te s\u0103 aib\u0103 un rol uria\u0219 \u00een noul sezon. Trailerul dedicat celui de-al treilea sezon al serialului sugereaz\u0103 c\u0103 misiunea lui va fi <a href=\"https:\/\/r3media.ro\/stapanul-inelelor-ecrane-fani-faurire-inel-unic-sauron\/\" target=\"_blank\" rel=\"noopener\"><strong>crearea Inelului Unic<\/strong><\/a>. O parte a acestei c\u0103l\u0103torii \u00eel va implica, se pare, \u0219i Balrogul. E vorba de creatura demonic\u0103 ce s-a confruntat cu Gandalf \u00een <em>St\u0103p\u00e2nul Inelelor: Fr\u0103\u021bia Inelului (2001)<\/em>. Povestea va lua chiar o \u00eentors\u0103tur\u0103 pe care cei mai mul\u021bi fani ai lui Tolkien probabil nu o anticipau, deoarece contrazice una dintre regulile stabilite de autor pentru lumea sa.<\/p>\n<h2><strong>Balrogul va vorbi \u00een sezonul 3 din Rings of Power<\/strong><\/h2>\n<p>\u00a0<\/p>\n<p>Una dintre cele mai mari surprize ale panelului The Rings of Power de la San Diego Comic-Con 2026 a fost dezv\u0103luirea c\u0103 Balrogul va juca un rol important \u00een evenimentele sezonului al treilea. Celebra creatur\u0103 chiar va avea replici. Potrivit prezent\u0103rii, Sauron trebuie s\u0103 g\u0103seasc\u0103 Balrogul pentru a descifra misterele forj\u0103rii Inelului Unic. Av\u00e2nd \u00een vedere notorietatea acestei entit\u0103\u021bi \u00een materialul original, popularitatea ei \u00een r\u00e2ndul fanilor \u0219i rolul pe care l-a avut deja \u00een serial, faptul c\u0103 Balrogul va avea o prezen\u021b\u0103 mult mai important\u0103 reprezint\u0103 o evolu\u021bie deosebit de interesant\u0103.<\/p>\n<p>Un scurt teaser prezentat la Comic-Con \u00eel ar\u0103ta pe Sauron confrunt\u00e2ndu-se direct cu Balrogul. Totodat\u0103, Simon Pegg, cunoscut din Shaun of the Dead (2004) \u0219i Star Trek (2009), va interpreta creatura. Este o direc\u021bie surprinz\u0103toare \u0219i \u00eendr\u0103znea\u021b\u0103, care nu se aliniaz\u0103 \u00een totalitate canonului original al cronologiei lui Tolkien. Totu\u0219i, nu ar fi pentru prima dat\u0103 c\u00e2nd serialul \u00ee\u0219i urmeaz\u0103 propriul drum \u00een construirea pove\u0219tii.<\/p>\n<h2><strong>Vorbe\u0219te Balrogul \u00een pove\u0219tile originale ale lui Tolkien?<\/strong><\/h2>\n<p>\u00a0<\/p>\n<p>\u00cen P\u0103m\u00e2ntul de Mijloc, Balrogii se num\u0103r\u0103 printre cele mai periculoase fiin\u021be din lume. \u00cen Prima Er\u0103, prezentat\u0103 \u00een The Silmarillion, cu mult \u00eenaintea evenimentelor din <em>St\u0103p\u00e2nul Inelelor: Inelele Puterii<\/em>, monstruosul Morgoth a corupt Maiarii inferiori (specia angelic\u0103 din care face parte \u0219i Gandalf) \u0219i i-a transformat \u00een Balrogi. Imaginea Balrogului a evoluat de-a lungul scrierilor lui Tolkien. Ei s-au transformat din r\u0103zboinici ai lui Morgoth \u00eentr-una dintre cele mai malefice crea\u021bii ale acestuia.<\/p>\n<p>De\u0219i unele dintre primele texte ale lui Tolkien sugerau c\u0103 Balrogul putea scoate sunete vocale, precum g\u00e2f\u00e2ituri sau \u021bipete, el nu vorbe\u0219te niciodat\u0103 efectiv \u00een povestea original\u0103. Mai mult, dup\u0103 cum este explicat \u00een <em>Porturile Cenu\u0219ii<\/em>, Tolkien a precizat ulterior \u00een scrisorile sale c\u0103 Balrogul nu ar trebui s\u0103 vorbeasc\u0103 \u0219i nici m\u0103car s\u0103 emit\u0103 vreun sunet vocal. Din acest motiv, vestea c\u0103 va avea dialog al\u0103turi de Sauron reprezint\u0103 o surpriz\u0103 considerabil\u0103 pentru fanii <a href=\"https:\/\/r3media.ro\/tag\/stapanul-inelelor\/\" target=\"_blank\" rel=\"noopener\"><strong>St\u0103p\u00e2nul Inelelor<\/strong><\/a>.<\/p>\n<h2><strong>St\u0103p\u00e2nul Inelelor, opera lui Tolkien care a captivat milioane de oameni<\/strong><\/h2>\n<p>\u00a0<\/p>\n<p>J.R.R. Tolkien este recunoscut drept p\u0103rintele literaturii fantastice moderne, cre\u00e2nd prin opera sa un univers mitologic de o complexitate f\u0103r\u0103 precedent. Punctul culminant al acestei crea\u021bii monumentale este romanul St\u0103p\u00e2nul Inelelor, o capodoper\u0103 a literaturii secolului al XX-lea. De\u0219i adesea considerat o simpl\u0103 continuare a romanului Hobbitul, acest epic narativ dep\u0103\u0219e\u0219te grani\u021bele unei pove\u0219ti pentru copii. Povestea se transform\u0103 \u00eentr-o medita\u021bie profund\u0103 asupra puterii, corup\u021biei morale, prieteniei \u0219i sacrificiului \u00een fa\u021ba unui r\u0103u cople\u0219itor.<\/p>\n<p>Universul \u00een care se desf\u0103\u0219oar\u0103 ac\u021biunea, P\u0103m\u00e2ntul de Mijloc (Middle-earth), nu este doar un simplu fundal geografic, ci un t\u00e2r\u00e2m viu, completat de o geografie detaliat\u0103, istorii milenare \u0219i cosmologii complexe. Ceea ce face ca aceast\u0103 oper\u0103 s\u0103 fie unic\u0103 este faptul c\u0103 Tolkien a construit limbi complet func\u021bionale (cum ar fi quenya \u0219i sindarin, limbile elfice) cu mult \u00eenainte de a scrie pove\u0219tile pentru cei care le vorbesc. Aceast\u0103 abordare a dat na\u0219tere unui sentiment profund de autenticitate \u0219i profunzime istoric\u0103. P\u0103m\u00e2ntul de Mijloc a devenit astfel o lume real\u0103 care a existat c\u00e2ndva \u00een trecutul \u00eendep\u0103rtat al P\u0103m\u00e2ntului.<\/p>\n<p>Prin intermediul unor personaje memorabile precum Frodo Baggins, Gandalf sau Aragorn, St\u0103p\u00e2nul Inelelor exploreaz\u0103 lupta etern\u0103 dintre lumin\u0103 \u0219i \u00eentuneric. Povestea accentueaz\u0103 ideea c\u0103 cele mai mari schimb\u0103ri nu vin de la cei puternici, ci de la oamenii (sau hobbi\u021bii) simpli, prin gesturi cotidiene de curaj. Mo\u0219tenirea l\u0103sat\u0103 de Tolkien continu\u0103 s\u0103 inspire milioane de cititori din \u00eentreaga lume, men\u021bin\u00e2ndu-\u0219i relevan\u021ba cultural\u0103 \u0219i literar\u0103 la zeci de ani de la publicare \u0219i r\u0103m\u00e2n\u00e2nd etalonul absolut al literaturii fantasy.<\/p>\n<div class=\"crp_related     crp-masonry\">\n<h2>\u00ceN CONTEXT<\/h2>\n<ul>\n<li><a href=\"https:\/\/r3media.ro\/film-nou-stapanul-inelelor-corect-politic-regizor-andy-serkis-diversitate-tolkien-mitologie-nordica\/\" class=\"crp_link post-120471\"><span class=\"crp_title\">Noul film \u201eSt\u0103p\u00e2nul Inelelor\u201d nu va fi corect politic. Regizorul Andy Serkis: J.R.R. Tolkien\u2026<\/span><\/a><\/li>\n<li><a href=\"https:\/\/r3media.ro\/stapanul-inelelor-rasist-j-r-r-tolkien-acuzat-profesor-universitate-progresista-demonizare-persoane-de-culoare-orci\/\" class=\"crp_link post-113716\"><span class=\"crp_title\">St\u0103p\u00e2nul Inelelor e \u201erasist\u201c: J.R.R. Tolkien e acuzat de un profesor de la o universitate\u2026<\/span><\/a><\/li>\n<\/ul>\n<\/div>\n<\/div>\n<\/div>\n<div class=\"td_block_wrap tdb_single_tags tdi_19 td-pb-border-top td_block_template_1\" data-td-block-uid=\"tdi_19\">\n<div class=\"tdb-block-inner td-fix-index\">\n<ul class=\"tdb-tags\">\n<li><span>SUBIECTE FIERBIN\u021aI<\/span><\/li>\n<li><a href=\"https:\/\/r3media.ro\/tag\/jrr-tolkien\/\">jrr tolkien<\/a><\/li>\n<li><a href=\"https:\/\/r3media.ro\/tag\/stapanul-inelelor\/\">stapanul inelelor<\/a><\/li>\n<\/ul>\n<\/div>\n<\/div>\n<div class=\"td_block_wrap td_block_9 tdi_20 td_with_ajax_pagination td-pb-border-top td_block_template_1 td-column-2 td_block_padding td_block_bot_line\" data-td-block-uid=\"tdi_20\">\n<div class=\"td-block-title-wrap\">\n<h4 class=\"block-title td-block-title\"><span class=\"td-pulldown-size\">CITE\u0218TE MAI MULT<\/span><\/h4>\n<\/div>\n<div id=\"tdi_20\" class=\"td_block_inner\">\n<div class=\"td-block-row\">\n<div class=\"td-block-span6\">\n<div class=\"td_module_8 td_module_wrap\">\n<div class=\"item-details\">\n<h3 class=\"entry-title td-module-title\"><a href=\"https:\/\/r3media.ro\/drona-gasita-mare-mamaia-zona-loft-video\/\" rel=\"bookmark\" title=\"VIDEO | O dron\u0103 a fost g\u0103sit\u0103 \u00een mare, \u00een Mamaia, \u00een zona Loft\">VIDEO | O dron\u0103 a fost g\u0103sit\u0103 \u00een mare, \u00een Mamaia, \u00een zona Loft<\/a><\/h3>\n<div class=\"td-module-meta-info\"><a href=\"https:\/\/r3media.ro\/category\/actualitate\/\" class=\"td-post-category\">ACTUALITATE<\/a><span class=\"td-post-author-name\"><a href=\"https:\/\/r3media.ro\/author\/oana\/\">Oana Ivan<\/a><span>&#8211;<\/span><\/span><span class=\"td-post-date\"><time class=\"entry-date updated td-module-date\" datetime=\"2026-08-05T21:48:11+03:00\">05\/08\/2026<\/time><\/span><\/div>\n<\/div>\n<\/div>\n<\/div>\n<div class=\"td-block-span6\">\n<div class=\"td_module_8 td_module_wrap\">\n<div class=\"item-details\">\n<h3 class=\"entry-title td-module-title\"><a href=\"https:\/\/r3media.ro\/show-iluzie-si-realitate-de-la-the-truman-show-la-son-of-a-rich\/\" rel=\"bookmark\" title=\"Show, iluzie \u0219i realitate: de la The Truman Show la Son of a Rich\">Show, iluzie \u0219i realitate: de la The Truman Show la Son of a Rich<\/a><\/h3>\n<div class=\"td-module-meta-info\"><a href=\"https:\/\/r3media.ro\/category\/opinii\/\" class=\"td-post-category\">OPINII<\/a><span class=\"td-post-author-name\"><a href=\"https:\/\/r3media.ro\/author\/costi_balasoiu\/\">Constantin B\u0103l\u0103\u0219oiu<\/a><span>&#8211;<\/span><\/span><span class=\"td-post-date\"><time class=\"entry-date updated td-module-date\" datetime=\"2026-08-04T21:41:25+03:00\">04\/08\/2026<\/time><\/span><\/div>\n<\/div>\n<\/div>\n<\/div>\n<\/div>\n<div class=\"td-block-row\">\n<div class=\"td-block-span6\">\n<div class=\"td_module_8 td_module_wrap\">\n<div class=\"item-details\">\n<h3 class=\"entry-title td-module-title\"><a href=\"https:\/\/r3media.ro\/cand-incepe-scoala-in-2026-structura-an-nou-scolar\/\" rel=\"bookmark\" title=\"C\u00e2nd \u00eencepe \u0219coala \u00een 2026: Structura noului an \u0219colar, vacan\u021bele \u0219i zilele libere\">C\u00e2nd \u00eencepe \u0219coala \u00een 2026: Structura noului an \u0219colar, vacan\u021bele \u0219i zilele libere<\/a><\/h3>\n<div class=\"td-module-meta-info\"><a href=\"https:\/\/r3media.ro\/category\/actualitate\/\" class=\"td-post-category\">ACTUALITATE<\/a><span class=\"td-post-author-name\"><a href=\"https:\/\/r3media.ro\/author\/oana\/\">Oana Ivan<\/a><span>&#8211;<\/span><\/span><span class=\"td-post-date\"><time class=\"entry-date updated td-module-date\" datetime=\"2026-08-03T22:23:20+03:00\">03\/08\/2026<\/time><\/span><\/div>\n<\/div>\n<\/div>\n<\/div>\n<div class=\"td-block-span6\">\n<div class=\"td_module_8 td_module_wrap\">\n<div class=\"item-details\">\n<h3 class=\"entry-title td-module-title\"><a href=\"https:\/\/r3media.ro\/tara-europa-norvegia-masini-electrice-inmatriculate-cota-ridicata\/\" rel=\"bookmark\" title=\"\u021aara din Europa unde aproape toate ma\u0219inile \u00eenmatriculate sune electrice. Cota a ajuns la 97,6% \u00een iulie\">\u021aara din Europa unde aproape toate ma\u0219inile \u00eenmatriculate sune electrice. Cota a ajuns la&#8230;<\/a><\/h3>\n<div class=\"td-module-meta-info\"><a href=\"https:\/\/r3media.ro\/category\/actualitate\/\" class=\"td-post-category\">ACTUALITATE<\/a><span class=\"td-post-author-name\"><a href=\"https:\/\/r3media.ro\/author\/oana\/\">Oana Ivan<\/a><span>&#8211;<\/span><\/span><span class=\"td-post-date\"><time class=\"entry-date updated td-module-date\" datetime=\"2026-08-03T17:01:21+03:00\">03\/08\/2026<\/time><\/span><\/div>\n<\/div>\n<\/div>\n<\/div>\n<\/div>\n<div class=\"td-block-row\">\n<div class=\"td-block-span6\">\n<div class=\"td_module_8 td_module_wrap\">\n<div class=\"item-details\">\n<h3 class=\"entry-title td-module-title\"><a href=\"https:\/\/r3media.ro\/puterea-mitologica-instalata-a-romaniei\/\" rel=\"bookmark\" title=\"Puterea mitologic\u0103 instalat\u0103 a Rom\u00e2niei\">Puterea mitologic\u0103 instalat\u0103 a Rom\u00e2niei<\/a><\/h3>\n<div class=\"td-module-meta-info\"><a href=\"https:\/\/r3media.ro\/category\/opinii\/\" class=\"td-post-category\">OPINII<\/a><span class=\"td-post-author-name\"><a href=\"https:\/\/r3media.ro\/author\/tru\/\">TRU (Traian Ungureanu)<\/a><span>&#8211;<\/span><\/span><span class=\"td-post-date\"><time class=\"entry-date updated td-module-date\" datetime=\"2026-08-02T22:08:04+03:00\">02\/08\/2026<\/time><\/span><\/div>\n<\/div>\n<\/div>\n<\/div>\n<div class=\"td-block-span6\">\n<div class=\"td_module_8 td_module_wrap\">\n<div class=\"item-details\">\n<h3 class=\"entry-title td-module-title\"><a href=\"https:\/\/r3media.ro\/hyundai-recheama-service-masini-electrice-inster-risc-incendiu\/\" rel=\"bookmark\" title=\"Hyundai recheam\u0103 \u00een service zeci de mii de ma\u0219ini electrice din cauza riscului de incendiu\">Hyundai recheam\u0103 \u00een service zeci de mii de ma\u0219ini electrice din cauza riscului de&#8230;<\/a><\/h3>\n<div class=\"td-module-meta-info\"><a href=\"https:\/\/r3media.ro\/category\/actualitate\/\" class=\"td-post-category\">ACTUALITATE<\/a><span class=\"td-post-author-name\"><a href=\"https:\/\/r3media.ro\/author\/oana\/\">Oana Ivan<\/a><span>&#8211;<\/span><\/span><span class=\"td-post-date\"><time class=\"entry-date updated td-module-date\" datetime=\"2026-08-02T08:34:05+03:00\">02\/08\/2026<\/time><\/span><\/div>\n<\/div>\n<\/div>\n<\/div>\n<\/div>\n<div class=\"td-block-row\">\n<div class=\"td-block-span6\">\n<div class=\"td_module_8 td_module_wrap\">\n<div class=\"item-details\">\n<h3 class=\"entry-title td-module-title\"><a href=\"https:\/\/r3media.ro\/dragostea-care-transcende-epoci-descult-in-parc-1967\/\" rel=\"bookmark\" title=\"Dragostea care transcende epoci \u2014 Descul\u021b \u00een parc (1967)\">Dragostea care transcende epoci \u2014 Descul\u021b \u00een parc (1967)<\/a><\/h3>\n<div class=\"td-module-meta-info\"><a href=\"https:\/\/r3media.ro\/category\/opinii\/\" class=\"td-post-category\">OPINII<\/a><span class=\"td-post-author-name\"><a href=\"https:\/\/r3media.ro\/author\/costi_balasoiu\/\">Constantin B\u0103l\u0103\u0219oiu<\/a><span>&#8211;<\/span><\/span><span class=\"td-post-date\"><time class=\"entry-date updated td-module-date\" datetime=\"2026-08-01T13:45:14+03:00\">01\/08\/2026<\/time><\/span><\/div>\n<\/div>\n<\/div>\n<\/div>\n<div class=\"td-block-span6\">\n<div class=\"td_module_8 td_module_wrap\">\n<div class=\"item-details\">\n<h3 class=\"entry-title td-module-title\"><a href=\"https:\/\/r3media.ro\/masina-electrica-foc-turcia-incarcat-vehicul-explozie-pompieri-stingere-incendiu-video\/\" rel=\"bookmark\" title=\"VIDEO | O ma\u0219in\u0103 electric\u0103 a luat foc \u00een timp ce se afla la \u00eenc\u0103rcat. Vehiculul a explodat chiar c\u00e2nd pompierii \u00eencercau s\u0103 sting\u0103 incendiul folosind o p\u0103tur\u0103 ignifug\u0103\">VIDEO | O ma\u0219in\u0103 electric\u0103 a luat foc \u00een timp ce se afla la&#8230;<\/a><\/h3>\n<div class=\"td-module-meta-info\"><a href=\"https:\/\/r3media.ro\/category\/actualitate\/\" class=\"td-post-category\">ACTUALITATE<\/a><span class=\"td-post-author-name\"><a href=\"https:\/\/r3media.ro\/author\/oana\/\">Oana Ivan<\/a><span>&#8211;<\/span><\/span><span class=\"td-post-date\"><time class=\"entry-date updated td-module-date\" datetime=\"2026-07-31T13:33:48+03:00\">31\/07\/2026<\/time><\/span><\/div>\n<\/div>\n<\/div>\n<\/div>\n<\/div>\n<div class=\"td-block-row\">\n<div class=\"td-block-span6\">\n<div class=\"td_module_8 td_module_wrap\">\n<div class=\"item-details\">\n<h3 class=\"entry-title td-module-title\"><a href=\"https:\/\/r3media.ro\/spania-asediu-migranti-exclava-ceuta-africa-madrid-trupe-securitate-video\/\" rel=\"bookmark\" title=\"VIDEO | Spania se afl\u0103 sub asediu: Mii de migran\u021bi au luat cu asalt exclava Ceuta din Africa. Madridul a trimis trupe pentru a consolida securitatea\">VIDEO | Spania se afl\u0103 sub asediu: Mii de migran\u021bi au luat cu asalt&#8230;<\/a><\/h3>\n<div class=\"td-module-meta-info\"><a href=\"https:\/\/r3media.ro\/category\/actualitate\/\" class=\"td-post-category\">ACTUALITATE<\/a><span class=\"td-post-author-name\"><a href=\"https:\/\/r3media.ro\/author\/oana\/\">Oana Ivan<\/a><span>&#8211;<\/span><\/span><span class=\"td-post-date\"><time class=\"entry-date updated td-module-date\" datetime=\"2026-07-31T12:39:57+03:00\">31\/07\/2026<\/time><\/span><\/div>\n<\/div>\n<\/div>\n<\/div>\n<div class=\"td-block-span6\">\n<div class=\"td_module_8 td_module_wrap\">\n<div class=\"item-details\">\n<h3 class=\"entry-title td-module-title\"><a href=\"https:\/\/r3media.ro\/expert-ucraina-faliment-agricultura-romaneasca-tehnologii-ue\/\" rel=\"bookmark\" title=\"Un expert explic\u0103 felul \u00een care concuren\u021ba din Ucraina bag\u0103 \u00een faliment agricultura rom\u00e2neasc\u0103: Folosesc tehnologii interzise \u00een UE\">Un expert explic\u0103 felul \u00een care concuren\u021ba din Ucraina bag\u0103 \u00een faliment agricultura rom\u00e2neasc\u0103:&#8230;<\/a><\/h3>\n<div class=\"td-module-meta-info\"><a href=\"https:\/\/r3media.ro\/category\/actualitate\/\" class=\"td-post-category\">ACTUALITATE<\/a><span class=\"td-post-author-name\"><a href=\"https:\/\/r3media.ro\/author\/radu_ursan\/\">Radu Ursan<\/a><span>&#8211;<\/span><\/span><span class=\"td-post-date\"><time class=\"entry-date updated td-module-date\" datetime=\"2026-07-30T09:51:48+03:00\">30\/07\/2026<\/time><\/span><\/div>\n<\/div>\n<\/div>\n<\/div>\n<\/div>\n<div class=\"td-block-row\">\n<div class=\"td-block-span6\">\n<div class=\"td_module_8 td_module_wrap\">\n<div class=\"item-details\">\n<h3 class=\"entry-title td-module-title\"><a href=\"https:\/\/r3media.ro\/cornel-nistorescu-drone-razboi-ucraina\/\" rel=\"bookmark\" title=\"Cornel Nistorescu, dup\u0103 incidentele cu drone: Adie a aer de r\u0103zboi. De mirare c\u0103 dronele ucrainene nu au st\u00e2rnit at\u00e2ta t\u0103r\u0103boi\">Cornel Nistorescu, dup\u0103 incidentele cu drone: Adie a aer de r\u0103zboi. De mirare c\u0103&#8230;<\/a><\/h3>\n<div class=\"td-module-meta-info\"><a href=\"https:\/\/r3media.ro\/category\/actualitate\/\" class=\"td-post-category\">ACTUALITATE<\/a><span class=\"td-post-author-name\"><a href=\"https:\/\/r3media.ro\/author\/radu_ursan\/\">Radu Ursan<\/a><span>&#8211;<\/span><\/span><span class=\"td-post-date\"><time class=\"entry-date updated td-module-date\" datetime=\"2026-07-28T10:21:51+03:00\">28\/07\/2026<\/time><\/span><\/div>\n<\/div>\n<\/div>\n<\/div>\n<div class=\"td-block-span6\">\n<div class=\"td_module_8 td_module_wrap\">\n<div class=\"item-details\">\n<h3 class=\"entry-title td-module-title\"><a href=\"https:\/\/r3media.ro\/bnr-recomanda-romani-rezerve-de-cash-atacuri-cibernetice-numerar-relevant-criza\/\" rel=\"bookmark\" title=\"BNR le recomand\u0103 rom\u00e2nilor s\u0103 p\u0103streze rezerve de cash: Numerarul se poate dovedi relevant \u00een criz\u0103\">BNR le recomand\u0103 rom\u00e2nilor s\u0103 p\u0103streze rezerve de cash: Numerarul se poate dovedi relevant&#8230;<\/a><\/h3>\n<div class=\"td-module-meta-info\"><a href=\"https:\/\/r3media.ro\/category\/actualitate\/\" class=\"td-post-category\">ACTUALITATE<\/a><span class=\"td-post-author-name\"><a href=\"https:\/\/r3media.ro\/author\/oana\/\">Oana Ivan<\/a><span>&#8211;<\/span><\/span><span class=\"td-post-date\"><time class=\"entry-date updated td-module-date\" datetime=\"2026-07-27T13:11:47+03:00\">27\/07\/2026<\/time><\/span><\/div>\n<\/div>\n<\/div>\n<\/div>\n<\/div>\n<\/div>\n<div class=\"td-load-more-wrap td-load-more-infinite-wrap\" id=\"infinite-lm-tdi_20\"><a href=\"https:\/\/r3media.ro\/fani-stapanul-inelelor-surpriza-sezonul-3-sauron\/\" class=\"td_ajax_load_more td_ajax_load_more_js\" aria-label=\"\u00cenc\u0103rca\u021bi mai multe\" id=\"next-page-tdi_20\" data-td_block_id=\"tdi_20\">\u00cenc\u0103rca\u021bi mai multe<\/a><\/div>\n<\/div>\n<div class=\"td_block_wrap tdb_single_comments tdi_21 tdb-comm-layout2 td-pb-border-top td_block_template_1\" data-td-block-uid=\"tdi_21\">\n<div class=\"tdb-block-inner td-fix-index\">\n<div class=\"comments\" id=\"comments\">\n<div id=\"respond\" class=\"comment-respond\">\n<h3 id=\"reply-title\" class=\"comment-reply-title\">AI CEVA DE SPUS? <small><a rel=\"nofollow\" id=\"cancel-comment-reply-link\" href=\"https:\/\/r3media.ro\/fani-stapanul-inelelor-surpriza-sezonul-3-sauron\/#respond\">Renun\u021ba\u021bi la r\u0103spuns<\/a><\/small><\/h3>\n<div class=\"comment-form-input-wrap td-form-comment\">\n<div class=\"td-warning-comment\">V\u0103 rug\u0103m s\u0103 introduce\u021bi comentariul dvs.!<\/div>\n<\/div>\n<div class=\"comment-form-input-wrap td-form-author\">\n<div class=\"td-warning-author\">Introduce\u021bi aici numele dvs.<\/div>\n<\/div>\n<div class=\"comment-form-input-wrap td-form-email\">\n<div class=\"td-warning-email-error\">A\u021bi introdus o adres\u0103 de e-mail incorect\u0103!<\/div>\n<div class=\"td-warning-email\">V\u0103 rug\u0103m s\u0103 introduce\u021bi adresa dvs. de e-mail aici<\/div>\n<\/div>\n<\/div>\n<\/div>\n<\/div>\n<\/div>\n<\/div>\n<\/div>\n<div class=\"vc_column tdi_23  wpb_column vc_column_container tdc-column td-pb-span4 td-is-sticky\">\n<div class=\"wpb_wrapper\" data-sticky-enabled-on=\"W3RydWUsdHJ1ZSx0cnVlLHRydWVd\" data-sticky-offset=\"20\" data-sticky-is-width-auto=\"W2ZhbHNlLGZhbHNlLGZhbHNlLGZhbHNlXQ==\">\n<div class=\"wpb_wrapper td_block_wrap vc_widget_sidebar tdi_25 \">\n<div class=\"td_block_wrap td_block_7 td_block_widget tdi_26 td-pb-border-top td_block_template_1 td-column-1 td_block_padding\" data-td-block-uid=\"tdi_26\">\n<div class=\"td-block-title-wrap\">\n<h4 class=\"block-title td-block-title\"><span class=\"td-pulldown-size\">Articole RELA\u021aIONATE<\/span><\/h4>\n<\/div>\n<div id=\"tdi_26\" class=\"td_block_inner\">\n<div class=\"td-block-span12\">\n<div class=\"td_module_6 td_module_wrap td-animation-stack\">\n<div class=\"td-module-thumb\"><a href=\"https:\/\/r3media.ro\/calendarul-zilei-8-august-sf-ierarh-emilian-marturisitorul\/\" rel=\"bookmark\" class=\"td-image-wrap \" title=\"Calendarul zilei 8 august: Sf\u00e2ntul Preot Mucenic Alexandru din Basarabia. Sf. ierarh Emilian M\u0103rturisitorul\"><img loading=\"lazy\" decoding=\"async\" class=\"entry-thumb\" src=\"https:\/\/r3media.ro\/wp-content\/uploads\/2022\/08\/maxresdefault-2-100x70.jpg\" alt title=\"Calendarul zilei 8 august: Sf\u00e2ntul Preot Mucenic Alexandru din Basarabia. Sf. ierarh Emilian M\u0103rturisitorul\" width=\"100\" height=\"70\"><\/a><\/div>\n<div class=\"item-details\">\n<h3 class=\"entry-title td-module-title\"><a href=\"https:\/\/r3media.ro\/calendarul-zilei-8-august-sf-ierarh-emilian-marturisitorul\/\" rel=\"bookmark\" title=\"Calendarul zilei 8 august: Sf\u00e2ntul Preot Mucenic Alexandru din Basarabia. Sf. ierarh Emilian M\u0103rturisitorul\">Calendarul zilei 8 august: Sf\u00e2ntul Preot Mucenic Alexandru din Basarabia. Sf&#8230;.<\/a><\/h3>\n<div class=\"td-module-meta-info\"><span class=\"td-post-date\"><time class=\"entry-date updated td-module-date\" datetime=\"2026-08-07T22:03:35+03:00\">07\/08\/2026<\/time><\/span><\/div>\n<\/div>\n<\/div>\n<\/div>\n<div class=\"td-block-span12\">\n<div class=\"td_module_6 td_module_wrap td-animation-stack\">\n<div class=\"td-module-thumb\"><a href=\"https:\/\/r3media.ro\/calendarul-zilei-8-august-1917-incepe-marea-batalie-de-la-oituz-din-primul-razboi-mondial\/\" rel=\"bookmark\" class=\"td-image-wrap \" title=\"Calendarul zilei | 8 august 1917: \u00cencepe marea b\u0103t\u0103lie de la Oituz, din Primul R\u0103zboi Mondial\"><img loading=\"lazy\" decoding=\"async\" class=\"entry-thumb\" src=\"https:\/\/r3media.ro\/wp-content\/uploads\/2021\/08\/sddefault-2-100x70.jpg\" alt title=\"Calendarul zilei | 8 august 1917: \u00cencepe marea b\u0103t\u0103lie de la Oituz, din Primul R\u0103zboi Mondial\" width=\"100\" height=\"70\"><\/a><\/div>\n<div class=\"item-details\">\n<h3 class=\"entry-title td-module-title\"><a href=\"https:\/\/r3media.ro\/calendarul-zilei-8-august-1917-incepe-marea-batalie-de-la-oituz-din-primul-razboi-mondial\/\" rel=\"bookmark\" title=\"Calendarul zilei | 8 august 1917: \u00cencepe marea b\u0103t\u0103lie de la Oituz, din Primul R\u0103zboi Mondial\">Calendarul zilei | 8 august 1917: \u00cencepe marea b\u0103t\u0103lie de la&#8230;<\/a><\/h3>\n<div class=\"td-module-meta-info\"><span class=\"td-post-date\"><time class=\"entry-date updated td-module-date\" datetime=\"2026-08-07T22:00:04+03:00\">07\/08\/2026<\/time><\/span><\/div>\n<\/div>\n<\/div>\n<\/div>\n<div class=\"td-block-span12\">\n<div class=\"td_module_6 td_module_wrap td-animation-stack\">\n<div class=\"td-module-thumb\"><a href=\"https:\/\/r3media.ro\/david-popovici-fair-play-sportivi-rusi-competitii\/\" rel=\"bookmark\" class=\"td-image-wrap \" title=\"David Popovici, fair-play la revenirea sportivilor ru\u0219i \u00een competi\u021bii: Le urez succes, sper s\u0103 fiu mai bun dec\u00e2t ei\"><img loading=\"lazy\" decoding=\"async\" class=\"entry-thumb\" src=\"https:\/\/r3media.ro\/wp-content\/uploads\/2024\/08\/david-popovici-aur-olimpiada-100x70.jpg\" alt title=\"David Popovici, fair-play la revenirea sportivilor ru\u0219i \u00een competi\u021bii: Le urez succes, sper s\u0103 fiu mai bun dec\u00e2t ei\" width=\"100\" height=\"70\"><\/a><\/div>\n<div class=\"item-details\">\n<h3 class=\"entry-title td-module-title\"><a href=\"https:\/\/r3media.ro\/david-popovici-fair-play-sportivi-rusi-competitii\/\" rel=\"bookmark\" title=\"David Popovici, fair-play la revenirea sportivilor ru\u0219i \u00een competi\u021bii: Le urez succes, sper s\u0103 fiu mai bun dec\u00e2t ei\">David Popovici, fair-play la revenirea sportivilor ru\u0219i \u00een competi\u021bii: Le urez&#8230;<\/a><\/h3>\n<div class=\"td-module-meta-info\"><span class=\"td-post-date\"><time class=\"entry-date updated td-module-date\" datetime=\"2026-08-07T15:07:51+03:00\">07\/08\/2026<\/time><\/span><\/div>\n<\/div>\n<\/div>\n<\/div>\n<div class=\"td-block-span12\">\n<div class=\"td_module_6 td_module_wrap td-animation-stack\">\n<div class=\"td-module-thumb\"><a href=\"https:\/\/r3media.ro\/untold-sadghuru-new-age-schimbarea-la-fata\/\" rel=\"bookmark\" class=\"td-image-wrap \" title=\"VIDEO | UNTOLD a adus un guru new age pe scen\u0103, \u00een ziua Schimb\u0103rii la Fa\u021b\u0103. UNTOLD ofer\u0103 gratuit participan\u021bilor medita\u021biile yoghinului\"><img loading=\"lazy\" decoding=\"async\" class=\"entry-thumb\" src=\"https:\/\/r3media.ro\/wp-content\/uploads\/2026\/08\/sadghuru-untold-100x70.jpg\" alt title=\"VIDEO | UNTOLD a adus un guru new age pe scen\u0103, \u00een ziua Schimb\u0103rii la Fa\u021b\u0103. UNTOLD ofer\u0103 gratuit participan\u021bilor medita\u021biile yoghinului\" width=\"100\" height=\"70\"><\/a><\/div>\n<div class=\"item-details\">\n<h3 class=\"entry-title td-module-title\"><a href=\"https:\/\/r3media.ro\/untold-sadghuru-new-age-schimbarea-la-fata\/\" rel=\"bookmark\" title=\"VIDEO | UNTOLD a adus un guru new age pe scen\u0103, \u00een ziua Schimb\u0103rii la Fa\u021b\u0103. UNTOLD ofer\u0103 gratuit participan\u021bilor medita\u021biile yoghinului\">VIDEO | UNTOLD a adus un guru new age pe scen\u0103,&#8230;<\/a><\/h3>\n<div class=\"td-module-meta-info\"><span class=\"td-post-date\"><time class=\"entry-date updated td-module-date\" datetime=\"2026-08-07T12:51:06+03:00\">07\/08\/2026<\/time><\/span><\/div>\n<\/div>\n<\/div>\n<\/div>\n<div class=\"td-block-span12\">\n<div class=\"td_module_6 td_module_wrap td-animation-stack\">\n<div class=\"td-module-thumb\"><a href=\"https:\/\/r3media.ro\/asociatia-energie-inteligenta-romania-inchidere-capacitati-energetice\/\" rel=\"bookmark\" class=\"td-image-wrap \" title=\"Asocia\u021bia Energie Inteligent\u0103: Rom\u00e2nia a \u00eenchis capacit\u0103\u021bi energetice printr-un mecanism obligatoriu \u0219i a l\u0103sat \u00eenlocuirea lor \u00eentr-un mecanism financiar nesigur, \u00eent\u00e2rziat \u0219i subfinan\u021bat\"><img loading=\"lazy\" decoding=\"async\" class=\"entry-thumb\" src=\"https:\/\/r3media.ro\/wp-content\/uploads\/2026\/08\/termocentrala-turceni-100x70.jpg\" alt title=\"Asocia\u021bia Energie Inteligent\u0103: Rom\u00e2nia a \u00eenchis capacit\u0103\u021bi energetice printr-un mecanism obligatoriu \u0219i a l\u0103sat \u00eenlocuirea lor \u00eentr-un mecanism financiar nesigur, \u00eent\u00e2rziat \u0219i subfinan\u021bat\" width=\"100\" height=\"70\"><\/a><\/div>\n<div class=\"item-details\">\n<h3 class=\"entry-title td-module-title\"><a href=\"https:\/\/r3media.ro\/asociatia-energie-inteligenta-romania-inchidere-capacitati-energetice\/\" rel=\"bookmark\" title=\"Asocia\u021bia Energie Inteligent\u0103: Rom\u00e2nia a \u00eenchis capacit\u0103\u021bi energetice printr-un mecanism obligatoriu \u0219i a l\u0103sat \u00eenlocuirea lor \u00eentr-un mecanism financiar nesigur, \u00eent\u00e2rziat \u0219i subfinan\u021bat\">Asocia\u021bia Energie Inteligent\u0103: Rom\u00e2nia a \u00eenchis capacit\u0103\u021bi energetice printr-un mecanism obligatoriu&#8230;<\/a><\/h3>\n<div class=\"td-module-meta-info\"><span class=\"td-post-date\"><time class=\"entry-date updated td-module-date\" datetime=\"2026-08-07T11:40:00+03:00\">07\/08\/2026<\/time><\/span><\/div>\n<\/div>\n<\/div>\n<\/div>\n<div class=\"td-block-span12\">\n<div class=\"td_module_6 td_module_wrap td-animation-stack\">\n<div class=\"td-module-thumb\"><a href=\"https:\/\/r3media.ro\/foto-podul-constantin-cel-mare-nord-dunare-imperiu-roman\/\" rel=\"bookmark\" class=\"td-image-wrap \" title=\"FOTO | Podul lui Constantin cel Mare, construit pentru a lega nordul Dun\u0103rii cu Imperiul Roman, a ie\u0219it la iveal\u0103 din cauza nivelului sc\u0103zut al fluviului\"><img loading=\"lazy\" decoding=\"async\" class=\"entry-thumb\" src=\"https:\/\/r3media.ro\/wp-content\/uploads\/2026\/08\/pod-constantin-cel-mare-sucidava-100x70.jpg\" alt title=\"FOTO | Podul lui Constantin cel Mare, construit pentru a lega nordul Dun\u0103rii cu Imperiul Roman, a ie\u0219it la iveal\u0103 din cauza nivelului sc\u0103zut al fluviului\" width=\"100\" height=\"70\"><\/a><\/div>\n<div class=\"item-details\">\n<h3 class=\"entry-title td-module-title\"><a href=\"https:\/\/r3media.ro\/foto-podul-constantin-cel-mare-nord-dunare-imperiu-roman\/\" rel=\"bookmark\" title=\"FOTO | Podul lui Constantin cel Mare, construit pentru a lega nordul Dun\u0103rii cu Imperiul Roman, a ie\u0219it la iveal\u0103 din cauza nivelului sc\u0103zut al fluviului\">FOTO | Podul lui Constantin cel Mare, construit pentru a lega&#8230;<\/a><\/h3>\n<div class=\"td-module-meta-info\"><span class=\"td-post-date\"><time class=\"entry-date updated td-module-date\" datetime=\"2026-08-07T10:41:02+03:00\">07\/08\/2026<\/time><\/span><\/div>\n<\/div>\n<\/div>\n<\/div>\n<div class=\"td-block-span12\">\n<div class=\"td_module_6 td_module_wrap td-animation-stack\">\n<div class=\"td-module-thumb\"><a href=\"https:\/\/r3media.ro\/calendarul-zilei-7-august-sf-teodora-de-la-sihla\/\" rel=\"bookmark\" class=\"td-image-wrap \" title=\"Calendarul zilei 7 august: Sf. Teodora de la Sihla\"><img loading=\"lazy\" decoding=\"async\" class=\"entry-thumb\" src=\"https:\/\/r3media.ro\/wp-content\/uploads\/2021\/08\/Sfanta-Teodora-de-la-Sihla-100x70.jpg\" alt title=\"Calendarul zilei 7 august: Sf. Teodora de la Sihla\" width=\"100\" height=\"70\"><\/a><\/div>\n<div class=\"item-details\">\n<h3 class=\"entry-title td-module-title\"><a href=\"https:\/\/r3media.ro\/calendarul-zilei-7-august-sf-teodora-de-la-sihla\/\" rel=\"bookmark\" title=\"Calendarul zilei 7 august: Sf. Teodora de la Sihla\">Calendarul zilei 7 august: Sf. Teodora de la Sihla<\/a><\/h3>\n<div class=\"td-module-meta-info\"><span class=\"td-post-date\"><time class=\"entry-date updated td-module-date\" datetime=\"2026-08-06T22:30:30+03:00\">06\/08\/2026<\/time><\/span><\/div>\n<\/div>\n<\/div>\n<\/div>\n<\/div>\n<\/div>\n<aside class=\"td_block_template_1 widget widget_recent_comments\">\n<h4 class=\"block-title\"><span>INTR\u0102 \u00ceN DISCU\u021aIE!<\/span><\/h4>\n<ul id=\"recentcomments\">\n<li class=\"recentcomments\"><span class=\"comment-author-link\">Kostel<\/span> la <a href=\"https:\/\/r3media.ro\/david-popovici-fair-play-sportivi-rusi-competitii\/#comment-40355\">David Popovici, fair-play la revenirea sportivilor ru\u0219i \u00een competi\u021bii: Le urez succes, sper s\u0103 fiu mai bun dec\u00e2t ei<\/a><\/li>\n<li class=\"recentcomments\"><span class=\"comment-author-link\">IvanHose<\/span> la <a href=\"https:\/\/r3media.ro\/kia-recheama-service-prima-generatie-masini-electrice-e-niro-risc-incendiu\/#comment-40354\">Kia recheam\u0103 \u00een service prima genera\u021bie de ma\u0219ini electrice e-Niro din cauza riscului de incendiu<\/a><\/li>\n<li class=\"recentcomments\"><span class=\"comment-author-link\">Gelu<\/span> la <a href=\"https:\/\/r3media.ro\/un-tongalez-un-sud-african-si-un-australian-vor-evolua-pentru-nationala-de-rugby-a-romaniei\/#comment-40353\">Rugby: Un tongalez, un sud-african \u0219i un australian au depus jur\u0103m\u00e2ntul de credin\u021b\u0103 fa\u021b\u0103 de Rom\u00e2nia<\/a><\/li>\n<li class=\"recentcomments\"><span class=\"comment-author-link\">George<\/span> la <a href=\"https:\/\/r3media.ro\/mariuca-zaharia-fetita-12-ani-marasesti\/#comment-40352\">Calendarul zilei 6 august: M\u0103riuca Zaharia, feti\u021ba de 12 ani c\u0103zut\u0103 la M\u0103r\u0103\u0219e\u0219ti, care nu mai are loc \u00een manualele de istorie<\/a><\/li>\n<li class=\"recentcomments\"><span class=\"comment-author-link\">Nicu<\/span> la <a href=\"https:\/\/r3media.ro\/ucraina-scuze-grecia-drona-marina-insula-lefkada-expolozie-portul-constanta\/#comment-40351\">Ucraina i-a cerut scuze Greciei pentru c\u0103 o dron\u0103 marin\u0103 a ajuns l\u00e2ng\u0103 Insula Lefkada. Nicio vorb\u0103 despre drona care putea s\u0103 arunce \u00een aer Portul Constan\u021ba<\/a><\/li>\n<li class=\"recentcomments\"><span class=\"comment-author-link\">Nicu<\/span> la <a href=\"https:\/\/r3media.ro\/bulgaria-nivelul-scazut-al-apelor-dunarii-nu-afecteaza-centrala-nucleara-de-la-kozlodui\/#comment-40350\">Bulgaria: Nivelul sc\u0103zut al apelor Dun\u0103rii NU afecteaz\u0103 centrala nuclear\u0103 de la Kozlodui<\/a><\/li>\n<li class=\"recentcomments\"><span class=\"comment-author-link\">Cristian<\/span> la <a href=\"https:\/\/r3media.ro\/4-august-1919-armata-romana-budapesta\/#comment-40349\">Calendarul zilei: 4 august 1919, cucerirea Budapestei de c\u0103tre Armata Rom\u00e2n\u0103<\/a><\/li>\n<\/ul>\n<\/aside>\n<aside class=\"td_block_template_1 widget widget_search\">\n<h4 class=\"block-title\"><span>CAUT\u0102 \u0218I VEI G\u0102SI<\/span><\/h4>\n<\/aside>\n<\/div>\n<\/div>\n<\/div>\n<\/div>\n<\/div>\n<\/div>\n<\/div>\n<p><span class=\"td-page-meta\"><\/span><span class=\"td-page-meta\"><span class=\"td-page-meta\"><\/span><\/span><span class=\"td-page-meta\"><\/span><\/article>\n<\/p>\n<div class=\"td_block_wrap tdb_single_content tdi_18 td-pb-border-top td_block_template_1 td-post-content tagdiv-type\" data-td-block-uid=\"tdi_18\">\n<div class=\"tdb-block-inner td-fix-index\">\n<p><strong><em>St\u0103p\u00e2nul Inelelor: Inelele Puterii<\/em> a reinterpretat \u00eentr-o mare m\u0103sur\u0103 tradi\u021bia deja consacrat\u0103 a lumii create de J.R.R. Tolkien. Serialul de la Prime Video pare s\u0103-\u0219i fi acordat o libertate mult mai mare \u00een privin\u021ba trecutului personajelor \u0219i a decorului, mai ales c\u00e2nd vine vorba despre antagoni\u0219ti precum Sauron, potrivit <a href=\"https:\/\/guides.justwatch.com\/us\/rings-of-power-season-3-balrog-arc\" target=\"_blank\" rel=\"noopener\">Just Watch<\/a>.<\/strong><\/p>\n<p>St\u0103p\u00e2nul \u00centunericului din P\u0103m\u00e2ntul de Mijloc se preg\u0103te\u0219te s\u0103 aib\u0103 un rol uria\u0219 \u00een noul sezon. Trailerul dedicat celui de-al treilea sezon al serialului sugereaz\u0103 c\u0103 misiunea lui va fi <a href=\"https:\/\/r3media.ro\/stapanul-inelelor-ecrane-fani-faurire-inel-unic-sauron\/\" target=\"_blank\" rel=\"noopener\"><strong>crearea Inelului Unic<\/strong><\/a>. O parte a acestei c\u0103l\u0103torii \u00eel va implica, se pare, \u0219i Balrogul. E vorba de creatura demonic\u0103 ce s-a confruntat cu Gandalf \u00een <em>St\u0103p\u00e2nul Inelelor: Fr\u0103\u021bia Inelului (2001)<\/em>. Povestea va lua chiar o \u00eentors\u0103tur\u0103 pe care cei mai mul\u021bi fani ai lui Tolkien probabil nu o anticipau, deoarece contrazice una dintre regulile stabilite de autor pentru lumea sa.<\/p>\n<h2><strong>Balrogul va vorbi \u00een sezonul 3 din Rings of Power<\/strong><\/h2>\n<p>\u00a0<\/p>\n<p>Una dintre cele mai mari surprize ale panelului The Rings of Power de la San Diego Comic-Con 2026 a fost dezv\u0103luirea c\u0103 Balrogul va juca un rol important \u00een evenimentele sezonului al treilea. Celebra creatur\u0103 chiar va avea replici. Potrivit prezent\u0103rii, Sauron trebuie s\u0103 g\u0103seasc\u0103 Balrogul pentru a descifra misterele forj\u0103rii Inelului Unic. Av\u00e2nd \u00een vedere notorietatea acestei entit\u0103\u021bi \u00een materialul original, popularitatea ei \u00een r\u00e2ndul fanilor \u0219i rolul pe care l-a avut deja \u00een serial, faptul c\u0103 Balrogul va avea o prezen\u021b\u0103 mult mai important\u0103 reprezint\u0103 o evolu\u021bie deosebit de interesant\u0103.<\/p>\n<p>Un scurt teaser prezentat la Comic-Con \u00eel ar\u0103ta pe Sauron confrunt\u00e2ndu-se direct cu Balrogul. Totodat\u0103, Simon Pegg, cunoscut din Shaun of the Dead (2004) \u0219i Star Trek (2009), va interpreta creatura. Este o direc\u021bie surprinz\u0103toare \u0219i \u00eendr\u0103znea\u021b\u0103, care nu se aliniaz\u0103 \u00een totalitate canonului original al cronologiei lui Tolkien. Totu\u0219i, nu ar fi pentru prima dat\u0103 c\u00e2nd serialul \u00ee\u0219i urmeaz\u0103 propriul drum \u00een construirea pove\u0219tii.<\/p>\n<h2><strong>Vorbe\u0219te Balrogul \u00een pove\u0219tile originale ale lui Tolkien?<\/strong><\/h2>\n<p>\u00a0<\/p>\n<p>\u00cen P\u0103m\u00e2ntul de Mijloc, Balrogii se num\u0103r\u0103 printre cele mai periculoase fiin\u021be din lume. \u00cen Prima Er\u0103, prezentat\u0103 \u00een The Silmarillion, cu mult \u00eenaintea evenimentelor din <em>St\u0103p\u00e2nul Inelelor: Inelele Puterii<\/em>, monstruosul Morgoth a corupt Maiarii inferiori (specia angelic\u0103 din care face parte \u0219i Gandalf) \u0219i i-a transformat \u00een Balrogi. Imaginea Balrogului a evoluat de-a lungul scrierilor lui Tolkien. Ei s-au transformat din r\u0103zboinici ai lui Morgoth \u00eentr-una dintre cele mai malefice crea\u021bii ale acestuia.<\/p>\n<p>De\u0219i unele dintre primele texte ale lui Tolkien sugerau c\u0103 Balrogul putea scoate sunete vocale, precum g\u00e2f\u00e2ituri sau \u021bipete, el nu vorbe\u0219te niciodat\u0103 efectiv \u00een povestea original\u0103. Mai mult, dup\u0103 cum este explicat \u00een <em>Porturile Cenu\u0219ii<\/em>, Tolkien a precizat ulterior \u00een scrisorile sale c\u0103 Balrogul nu ar trebui s\u0103 vorbeasc\u0103 \u0219i nici m\u0103car s\u0103 emit\u0103 vreun sunet vocal. Din acest motiv, vestea c\u0103 va avea dialog al\u0103turi de Sauron reprezint\u0103 o surpriz\u0103 considerabil\u0103 pentru fanii <a href=\"https:\/\/r3media.ro\/tag\/stapanul-inelelor\/\" target=\"_blank\" rel=\"noopener\"><strong>St\u0103p\u00e2nul Inelelor<\/strong><\/a>.<\/p>\n<h2><strong>St\u0103p\u00e2nul Inelelor, opera lui Tolkien care a captivat milioane de oameni<\/strong><\/h2>\n<p>\u00a0<\/p>\n<p>J.R.R. Tolkien este recunoscut drept p\u0103rintele literaturii fantastice moderne, cre\u00e2nd prin opera sa un univers mitologic de o complexitate f\u0103r\u0103 precedent. Punctul culminant al acestei crea\u021bii monumentale este romanul St\u0103p\u00e2nul Inelelor, o capodoper\u0103 a literaturii secolului al XX-lea. De\u0219i adesea considerat o simpl\u0103 continuare a romanului Hobbitul, acest epic narativ dep\u0103\u0219e\u0219te grani\u021bele unei pove\u0219ti pentru copii. Povestea se transform\u0103 \u00eentr-o medita\u021bie profund\u0103 asupra puterii, corup\u021biei morale, prieteniei \u0219i sacrificiului \u00een fa\u021ba unui r\u0103u cople\u0219itor.<\/p>\n<p>Universul \u00een care se desf\u0103\u0219oar\u0103 ac\u021biunea, P\u0103m\u00e2ntul de Mijloc (Middle-earth), nu este doar un simplu fundal geografic, ci un t\u00e2r\u00e2m viu, completat de o geografie detaliat\u0103, istorii milenare \u0219i cosmologii complexe. Ceea ce face ca aceast\u0103 oper\u0103 s\u0103 fie unic\u0103 este faptul c\u0103 Tolkien a construit limbi complet func\u021bionale (cum ar fi quenya \u0219i sindarin, limbile elfice) cu mult \u00eenainte de a scrie pove\u0219tile pentru cei care le vorbesc. Aceast\u0103 abordare a dat na\u0219tere unui sentiment profund de autenticitate \u0219i profunzime istoric\u0103. P\u0103m\u00e2ntul de Mijloc a devenit astfel o lume real\u0103 care a existat c\u00e2ndva \u00een trecutul \u00eendep\u0103rtat al P\u0103m\u00e2ntului.<\/p>\n<p>Prin intermediul unor personaje memorabile precum Frodo Baggins, Gandalf sau Aragorn, St\u0103p\u00e2nul Inelelor exploreaz\u0103 lupta etern\u0103 dintre lumin\u0103 \u0219i \u00eentuneric. Povestea accentueaz\u0103 ideea c\u0103 cele mai mari schimb\u0103ri nu vin de la cei puternici, ci de la oamenii (sau hobbi\u021bii) simpli, prin gesturi cotidiene de curaj. Mo\u0219tenirea l\u0103sat\u0103 de Tolkien continu\u0103 s\u0103 inspire milioane de cititori din \u00eentreaga lume, men\u021bin\u00e2ndu-\u0219i relevan\u021ba cultural\u0103 \u0219i literar\u0103 la zeci de ani de la publicare \u0219i r\u0103m\u00e2n\u00e2nd etalonul absolut al literaturii fantasy.<\/p>\n<div class=\"crp_related     crp-masonry\">\n<h2>\u00ceN CONTEXT<\/h2>\n<ul>\n<li><a href=\"https:\/\/r3media.ro\/film-nou-stapanul-inelelor-corect-politic-regizor-andy-serkis-diversitate-tolkien-mitologie-nordica\/\" class=\"crp_link post-120471\"><span class=\"crp_title\">Noul film \u201eSt\u0103p\u00e2nul Inelelor\u201d nu va fi corect politic. Regizorul Andy Serkis: J.R.R. Tolkien\u2026<\/span><\/a><\/li>\n<li><a href=\"https:\/\/r3media.ro\/stapanul-inelelor-rasist-j-r-r-tolkien-acuzat-profesor-universitate-progresista-demonizare-persoane-de-culoare-orci\/\" class=\"crp_link post-113716\"><span class=\"crp_title\">St\u0103p\u00e2nul Inelelor e \u201erasist\u201c: J.R.R. Tolkien e acuzat de un profesor de la o universitate\u2026<\/span><\/a><\/li>\n<\/ul>\n<\/div>\n<\/div>\n<\/div>\n<p>[analyse_source url=&#8221;https:\/\/r3media.ro\/fani-stapanul-inelelor-surpriza-sezonul-3-sauron\/&#8221;]<\/p>\n","protected":false},"excerpt":{"rendered":"<p>[analyse_image type=&#8221;featured&#8221; src=&#8221;https:\/\/r3media.ro\/wp-content\/uploads\/2026\/08\/stapanul-inelelor-sauron.pnghttps:\/\/r3media.ro\/wp-content\/uploads\/2026\/08\/stapanul-inelelor-sauron.png&#8221;] FEATUREDFanii \u201eSt\u0103p\u00e2nul Inelelor\u201c ar putea avea o surpriz\u0103 \u00een sezonul 3 din&#8230; FEATURED\u0218TIRI Fanii \u201eSt\u0103p\u00e2nul Inelelor\u201c ar putea avea o surpriz\u0103 \u00een sezonul 3 din serialul \u201eInelele Puterii\u201c. Sauron se va confrunta cu o creatur\u0103 de temut Oana Ivan 08\/08\/2026 Surs\u0103 &#8211; PRIME video St\u0103p\u00e2nul Inelelor: Inelele Puterii a reinterpretat \u00eentr-o mare [&hellip;]<\/p>\n","protected":false},"author":1,"featured_media":0,"comment_status":"open","ping_status":"","sticky":false,"template":"","format":"standard","meta":{"footnotes":""},"categories":[89],"tags":[226,93],"class_list":["post-2083397","post","type-post","status-publish","format-standard","hentry","category-romania","tag-crawlmanager","tag-r3media-ro"],"_links":{"self":[{"href":"https:\/\/analyse.optim.biz\/index.php?rest_route=\/wp\/v2\/posts\/2083397","targetHints":{"allow":["GET"]}}],"collection":[{"href":"https:\/\/analyse.optim.biz\/index.php?rest_route=\/wp\/v2\/posts"}],"about":[{"href":"https:\/\/analyse.optim.biz\/index.php?rest_route=\/wp\/v2\/types\/post"}],"author":[{"embeddable":true,"href":"https:\/\/analyse.optim.biz\/index.php?rest_route=\/wp\/v2\/users\/1"}],"replies":[{"embeddable":true,"href":"https:\/\/analyse.optim.biz\/index.php?rest_route=%2Fwp%2Fv2%2Fcomments&post=2083397"}],"version-history":[{"count":0,"href":"https:\/\/analyse.optim.biz\/index.php?rest_route=\/wp\/v2\/posts\/2083397\/revisions"}],"wp:attachment":[{"href":"https:\/\/analyse.optim.biz\/index.php?rest_route=%2Fwp%2Fv2%2Fmedia&parent=2083397"}],"wp:term":[{"taxonomy":"category","embeddable":true,"href":"https:\/\/analyse.optim.biz\/index.php?rest_route=%2Fwp%2Fv2%2Fcategories&post=2083397"},{"taxonomy":"post_tag","embeddable":true,"href":"https:\/\/analyse.optim.biz\/index.php?rest_route=%2Fwp%2Fv2%2Ftags&post=2083397"}],"curies":[{"name":"wp","href":"https:\/\/api.w.org\/{rel}","templated":true}]}}