{"id":2083250,"date":"2026-08-03T21:39:36","date_gmt":"2026-08-03T18:39:36","guid":{"rendered":"https:\/\/analyse.optim.biz\/?p=2083250"},"modified":"2026-08-03T21:39:36","modified_gmt":"2026-08-03T18:39:36","slug":"accident-rutier-cu-cu-doua-victime-in-apropiere-de-balanacncea-jud-tulcea","status":"publish","type":"post","link":"https:\/\/analyse.optim.biz\/?p=2083250","title":{"rendered":"Accident rutier cu cu dou\u0103 victime \u00een apropiere de Balanacncea, jud. Tulcea"},"content":{"rendered":"<p>[analyse_image type=&#8221;featured&#8221; src=&#8221;https:\/\/infotulcea.ro\/wp-content\/uploads\/2026\/08\/accident-2.jpeghttps:\/\/infotulcea.ro\/wp-content\/uploads\/2026\/08\/accident-2.jpeg&#8221;]<\/p>\n<div id=\"content\" class=\"site-content container\">\n<div id=\"main-content-row\" class=\"tie-row main-content-row\">\n<div class=\"main-content tie-col-md-8 tie-col-xs-12\" role=\"main\">\n<article id=\"the-post\" class=\"container-wrapper post-content tie-standard\">\n<header class=\"entry-header-outer\">\n<nav id=\"breadcrumb\"><a href=\"https:\/\/infotulcea.ro\/\"> Home<\/a><em class=\"delimiter\">\/<\/em><a href=\"https:\/\/infotulcea.ro\/categorie\/stirea-zilei\/\">\u015etirea zilei<\/a><em class=\"delimiter\">\/<\/em><span class=\"current\">Accident rutier cu cu dou\u0103 victime \u00een apropiere de Balanacncea, jud. Tulcea<\/span><\/nav>\n<div class=\"entry-header\"><span class=\"post-cat-wrap\"><a class=\"post-cat tie-cat-29\" href=\"https:\/\/infotulcea.ro\/categorie\/stirea-zilei\/\">\u015etirea zilei<\/a><\/span><\/p>\n<h1 class=\"post-title entry-title\">\n\t\t\tAccident rutier cu cu dou\u0103 victime \u00een apropiere de Balanacncea, jud. Tulcea\t\t<\/h1>\n<div class=\"single-post-meta post-meta clearfix\"><span class=\"author-meta single-author no-avatars\"><span class=\"meta-item meta-author-wrapper meta-author-9\"><span class=\"meta-author\"><a href=\"https:\/\/infotulcea.ro\/author\/redactia-2\/\" class=\"author-name tie-icon\" title=\"Redactia\">Redactia<\/a><\/span><\/span><\/span><span class=\"date meta-item tie-icon\">3 august 2026<\/span><\/p>\n<div class=\"tie-alignright\"><span class=\"meta-comment tie-icon meta-item fa-before\">0<\/span><span class=\"meta-views meta-item \"> 701 <\/span><span class=\"meta-reading-time meta-item\"> Less than a minute<\/span><\/div>\n<\/div>\n<\/div>\n<\/header>\n<div class=\"entry-content entry clearfix\">\n<p><strong>Pompierii tulceni intervin \u00een aceste momente la un accident rutier produs \u00een apropiere de localitatea Balabancea din jud. Tulcea \u00een care a fost implicat un autoturism iar \u00een urma accidentului au rezultat dou\u0103 victime.<source sizes=\"(max-width: 473px) 100vw, 473px\" type=\"image\/webp\" data-srcset=\"https:\/\/infotulcea.ro\/wp-content\/uploads\/2026\/08\/accident-500x281.jpeg.webp 500w, https:\/\/infotulcea.ro\/wp-content\/uploads\/2026\/08\/accident-1024x576.jpeg.webp 1024w, https:\/\/infotulcea.ro\/wp-content\/uploads\/2026\/08\/accident-768x432.jpeg.webp 768w, https:\/\/infotulcea.ro\/wp-content\/uploads\/2026\/08\/accident-390x220.jpeg.webp 390w, https:\/\/infotulcea.ro\/wp-content\/uploads\/2026\/08\/accident.jpeg.webp 1080w\" \/><\/strong><\/p>\n<p><img loading=\"lazy\" decoding=\"async\" class=\" wp-image-40308 aligncenter\" src=\"https:\/\/infotulcea.ro\/wp-content\/uploads\/2026\/08\/accident-500x281.jpeg\" alt width=\"473\" height=\"266\"><\/p>\n<p>Pompierii tulceni au intervenit pentru extragerea \u0219oferului din autoturism, din p\u0103cate acesta avea semne incompatibile cu via\u021ba \u0219i a fost declarat decedat de c\u0103tre echipa medical\u0103 din cadrul Serviciului Jude\u021bean de Ambulan\u021b\u0103 Tulcea. A doua victim\u0103 un t\u00e2n\u0103r, a fost extras de c\u0103tre participan\u021bii la trafic p\u00e2n\u0103 la ajungerea echipajelor de ISU care, \u00een acest moment este transportat la o unitate spitaliceasc\u0103 de primiri urgen\u021be.<source sizes=\"(max-width: 500px) 100vw, 500px\" type=\"image\/webp\" data-srcset=\"https:\/\/infotulcea.ro\/wp-content\/uploads\/2026\/08\/accident-2-500x281.jpeg.webp 500w, https:\/\/infotulcea.ro\/wp-content\/uploads\/2026\/08\/accident-2-1024x576.jpeg.webp 1024w, https:\/\/infotulcea.ro\/wp-content\/uploads\/2026\/08\/accident-2-768x432.jpeg.webp 768w, https:\/\/infotulcea.ro\/wp-content\/uploads\/2026\/08\/accident-2-390x220.jpeg.webp 390w, https:\/\/infotulcea.ro\/wp-content\/uploads\/2026\/08\/accident-2.jpeg.webp 1080w\" \/><\/p>\n<p><img loading=\"lazy\" decoding=\"async\" class=\"size-medium wp-image-40309 aligncenter\" src=\"https:\/\/infotulcea.ro\/wp-content\/uploads\/2026\/08\/accident-2-500x281.jpeg\" alt width=\"500\" height=\"281\"><\/div>\n<div id=\"post-extra-info\">\n<div class=\"theiaStickySidebar\">\n<div class=\"single-post-meta post-meta clearfix\"><span class=\"author-meta single-author no-avatars\"><span class=\"meta-item meta-author-wrapper meta-author-9\"><span class=\"meta-author\"><a href=\"https:\/\/infotulcea.ro\/author\/redactia-2\/\" class=\"author-name tie-icon\" title=\"Redactia\">Redactia<\/a><\/span><\/span><\/span><span class=\"date meta-item tie-icon\">3 august 2026<\/span><\/p>\n<div class=\"tie-alignright\"><span class=\"meta-comment tie-icon meta-item fa-before\">0<\/span><span class=\"meta-views meta-item \"> 701 <\/span><span class=\"meta-reading-time meta-item\"> Less than a minute<\/span><\/div>\n<\/div>\n<\/div>\n<\/div>\n<div id=\"share-buttons-bottom\" class=\"share-buttons share-buttons-bottom\">\n<div class=\"share-links  icons-only\">\n<div class=\"share-title\"><span> Share<\/span><\/div>\n<p><a href=\"https:\/\/www.facebook.com\/sharer.php?u=https:\/\/infotulcea.ro\/accident-rutier-cu-cu-doua-victime-in-apropiere-de-balanacncea-jud-tulcea\/\" rel=\"external noopener nofollow\" title=\"Facebook\" target=\"_blank\" class=\"facebook-share-btn \" data-raw=\"https:\/\/www.facebook.com\/sharer.php?u={post_link}\"><span class=\"screen-reader-text\">Facebook<\/span><\/a><a href=\"https:\/\/twitter.com\/intent\/tweet?text=Accident%20rutier%20cu%20cu%20dou%C4%83%20victime%20%C3%AEn%20apropiere%20de%20Balanacncea%2C%20jud.%20Tulcea&amp;url=https:\/\/infotulcea.ro\/accident-rutier-cu-cu-doua-victime-in-apropiere-de-balanacncea-jud-tulcea\/\" rel=\"external noopener nofollow\" title=\"X\" target=\"_blank\" class=\"twitter-share-btn \" data-raw=\"https:\/\/twitter.com\/intent\/tweet?text={post_title}&amp;url={post_link}\"><span class=\"screen-reader-text\">X<\/span><\/a><a href=\"https:\/\/api.whatsapp.com\/send?text=Accident%20rutier%20cu%20cu%20dou%C4%83%20victime%20%C3%AEn%20apropiere%20de%20Balanacncea%2C%20jud.%20Tulcea%20https:\/\/infotulcea.ro\/accident-rutier-cu-cu-doua-victime-in-apropiere-de-balanacncea-jud-tulcea\/\" rel=\"external noopener nofollow\" title=\"WhatsApp\" target=\"_blank\" class=\"whatsapp-share-btn \" data-raw=\"https:\/\/api.whatsapp.com\/send?text={post_title}%20{post_link}\"><span class=\"screen-reader-text\">WhatsApp<\/span><\/a><a href=\"https:\/\/telegram.me\/share\/url?url=https:\/\/infotulcea.ro\/accident-rutier-cu-cu-doua-victime-in-apropiere-de-balanacncea-jud-tulcea\/&amp;text=Accident%20rutier%20cu%20cu%20dou%C4%83%20victime%20%C3%AEn%20apropiere%20de%20Balanacncea%2C%20jud.%20Tulcea\" rel=\"external noopener nofollow\" title=\"Telegram\" target=\"_blank\" class=\"telegram-share-btn \" data-raw=\"https:\/\/telegram.me\/share\/url?url={post_link}&amp;text={post_title}\"><span class=\"screen-reader-text\">Telegram<\/span><\/a><a href=\"mailto:?subject=Accident%20rutier%20cu%20cu%20dou%C4%83%20victime%20%C3%AEn%20apropiere%20de%20Balanacncea%2C%20jud.%20Tulcea&amp;body=https:\/\/infotulcea.ro\/accident-rutier-cu-cu-doua-victime-in-apropiere-de-balanacncea-jud-tulcea\/\" rel=\"external noopener nofollow\" title=\"Share via Email\" target=\"_blank\" class=\"email-share-btn \" data-raw=\"mailto:?subject={post_title}&amp;body={post_link}\"><span class=\"screen-reader-text\">Share via Email<\/span><\/a><a href=\"https:\/\/infotulcea.ro\/accident-rutier-cu-cu-doua-victime-in-apropiere-de-balanacncea-jud-tulcea\/\" rel=\"external noopener nofollow\" title=\"Print\" target=\"_blank\" class=\"print-share-btn \" data-raw=\"#\"><span class=\"screen-reader-text\">Print<\/span><\/a><\/div>\n<\/div>\n<\/article>\n<div class=\"post-components\">\n<div id=\"related-posts\" class=\"container-wrapper has-extra-post\">\n<div class=\"mag-box-title the-global-title\">\n<h3>Related Articles<\/h3>\n<\/div>\n<div class=\"related-posts-list\">\n<div class=\"related-item tie-standard\"><a aria-label=\"Sturioni vii salva\u021bi din plasele braconierilor!\" href=\"https:\/\/infotulcea.ro\/sturioni-vii-salvati-din-plasele-braconierilor\/\" class=\"post-thumb\"><source type=\"image\/webp\" data-srcset=\"https:\/\/infotulcea.ro\/wp-content\/uploads\/2023\/09\/sturioni-390x220.jpg.webp\" \/><img loading=\"lazy\" decoding=\"async\" width=\"390\" height=\"220\" src=\"https:\/\/infotulcea.ro\/wp-content\/uploads\/2023\/09\/sturioni-390x220.jpg\" class=\"attachment-jannah-image-large size-jannah-image-large wp-post-image\" alt><\/a><\/p>\n<h3 class=\"post-title\"><a href=\"https:\/\/infotulcea.ro\/sturioni-vii-salvati-din-plasele-braconierilor\/\">Sturioni vii salva\u021bi din plasele braconierilor!<\/a><\/h3>\n<div class=\"post-meta clearfix\"><span class=\"date meta-item tie-icon\">22 septembrie 2023<\/span><\/div>\n<\/div>\n<div class=\"related-item tie-standard\"><a aria-label=\"Tulcea a trecut de 6 la mie! De m\u00e2ine noapte se instituie m\u0103suri!\" href=\"https:\/\/infotulcea.ro\/tulcea-a-trecut-de-6-la-mie-de-maine-noapte-se-instituie-masuri\/\" class=\"post-thumb\"><img loading=\"lazy\" decoding=\"async\" width=\"390\" height=\"220\" src=\"https:\/\/infotulcea.ro\/wp-content\/uploads\/2020\/11\/covidu-390x220.jpg\" class=\"attachment-jannah-image-large size-jannah-image-large wp-post-image lazyload\" alt><img loading=\"lazy\" decoding=\"async\" width=\"390\" height=\"220\" src=\"https:\/\/infotulcea.ro\/wp-content\/uploads\/2020\/11\/covidu-390x220.jpg\" class=\"attachment-jannah-image-large size-jannah-image-large wp-post-image\" alt><\/a><\/p>\n<h3 class=\"post-title\"><a href=\"https:\/\/infotulcea.ro\/tulcea-a-trecut-de-6-la-mie-de-maine-noapte-se-instituie-masuri\/\">Tulcea a trecut de 6 la mie! De m\u00e2ine noapte se instituie m\u0103suri!<\/a><\/h3>\n<div class=\"post-meta clearfix\"><span class=\"date meta-item tie-icon\">8 octombrie 2021<\/span><\/div>\n<\/div>\n<div class=\"related-item tie-standard\"><a aria-label=\"Corp de nav\u0103 e\u015fuat la Partizani! Canalul Sulina a fost blocat mai pu\u0163in de o or\u0103\" href=\"https:\/\/infotulcea.ro\/corp-de-nava-esuat-la-partizani-canalul-sulina-a-fost-blocat-mai-putin-de-o-ora\/\" class=\"post-thumb\"><source type=\"image\/webp\" data-srcset=\"https:\/\/infotulcea.ro\/wp-content\/uploads\/2020\/08\/WhatsApp-Image-2020-08-03-at-14.14.16-390x220.jpeg.webp\" \/><img loading=\"lazy\" decoding=\"async\" width=\"390\" height=\"220\" src=\"https:\/\/infotulcea.ro\/wp-content\/uploads\/2020\/08\/WhatsApp-Image-2020-08-03-at-14.14.16-390x220.jpeg\" class=\"attachment-jannah-image-large size-jannah-image-large wp-post-image\" alt><\/a><\/p>\n<h3 class=\"post-title\"><a href=\"https:\/\/infotulcea.ro\/corp-de-nava-esuat-la-partizani-canalul-sulina-a-fost-blocat-mai-putin-de-o-ora\/\">Corp de nav\u0103 e\u015fuat la Partizani! Canalul Sulina a fost blocat mai pu\u0163in de o or\u0103<\/a><\/h3>\n<div class=\"post-meta clearfix\"><span class=\"date meta-item tie-icon\">3 august 2020<\/span><\/div>\n<\/div>\n<div class=\"related-item tie-standard\"><a aria-label=\"Serviciul Imigr\u0103ri Tulcea la bilan\u021b: Peste trei mii de str\u0103ini ,,manageria\u021bi\u201d de poli\u021bi\u0219tii tulceni\" href=\"https:\/\/infotulcea.ro\/serviciul-imigrari-tulcea-la-bilant-peste-trei-mii-de-straini-manageriati-de-politistii-tulceni\/\" class=\"post-thumb\"><img loading=\"lazy\" decoding=\"async\" width=\"390\" height=\"220\" src=\"https:\/\/infotulcea.ro\/wp-content\/uploads\/2022\/02\/foto-IMIGRARI-390x220.jpg\" class=\"attachment-jannah-image-large size-jannah-image-large wp-post-image lazyload\" alt><img loading=\"lazy\" decoding=\"async\" width=\"390\" height=\"220\" src=\"https:\/\/infotulcea.ro\/wp-content\/uploads\/2022\/02\/foto-IMIGRARI-390x220.jpg\" class=\"attachment-jannah-image-large size-jannah-image-large wp-post-image\" alt><\/a><\/p>\n<h3 class=\"post-title\"><a href=\"https:\/\/infotulcea.ro\/serviciul-imigrari-tulcea-la-bilant-peste-trei-mii-de-straini-manageriati-de-politistii-tulceni\/\">Serviciul Imigr\u0103ri Tulcea la bilan\u021b: Peste trei mii de str\u0103ini ,,manageria\u021bi\u201d de poli\u021bi\u0219tii tulceni<\/a><\/h3>\n<div class=\"post-meta clearfix\"><span class=\"date meta-item tie-icon\">7 februarie 2022<\/span><\/div>\n<\/div>\n<\/div>\n<\/div>\n<div id=\"comments\" class=\"comments-area\">\n<div id=\"add-comment-block\" class=\"container-wrapper\">\n<div id=\"respond\" class=\"comment-respond\">\n<h3 id=\"reply-title\" class=\"comment-reply-title the-global-title\">Las\u0103 un r\u0103spuns <small><a rel=\"nofollow\" id=\"cancel-comment-reply-link\" href=\"https:\/\/infotulcea.ro\/accident-rutier-cu-cu-doua-victime-in-apropiere-de-balanacncea-jud-tulcea\/#respond\">Anuleaz\u0103 r\u0103spunsul<\/a><\/small><\/h3>\n<p class=\"comment-notes\"><span id=\"email-notes\">Adresa ta de email nu va fi publicat\u0103.<\/span><span class=\"required-field-message\">C\u00e2mpurile obligatorii sunt marcate cu <span class=\"required\">*<\/span><\/span><\/p>\n<\/div>\n<\/div>\n<\/div>\n<\/div>\n<\/div>\n<div id=\"check-also-box\" class=\"container-wrapper check-also-right\">\n<div class=\"widget-title the-global-title\">\n<div class=\"the-subtitle\">Check Also<\/div>\n<p><a href=\"https:\/\/infotulcea.ro\/accident-rutier-cu-cu-doua-victime-in-apropiere-de-balanacncea-jud-tulcea\/\" id=\"check-also-close\" class=\"remove\"><span class=\"screen-reader-text\">Close<\/span><\/a><\/div>\n<div class=\"widget posts-list-big-first has-first-big-post\">\n<ul class=\"posts-list-items\">\n<li class=\"widget-single-post-item widget-post-list tie-standard\">\n<div class=\"post-widget-thumbnail\"><a aria-label=\"Pre\u015fedinte de asocia\u0163ie agricol\u0103 trimis \u00een judecat\u0103 de DNA!\" href=\"https:\/\/infotulcea.ro\/presedinte-de-asociatie-agricola-trimis-in-judecata-de-dna\/\" class=\"post-thumb\"><span class=\"post-cat-wrap\"><span class=\"post-cat tie-cat-29\">\u015etirea zilei<\/span><\/span><img loading=\"lazy\" decoding=\"async\" width=\"390\" height=\"220\" src=\"https:\/\/infotulcea.ro\/wp-content\/uploads\/2020\/12\/Stema-DNA-390x220.png\" class=\"attachment-jannah-image-large size-jannah-image-large wp-post-image lazyload\" alt><img loading=\"lazy\" decoding=\"async\" width=\"390\" height=\"220\" src=\"https:\/\/infotulcea.ro\/wp-content\/uploads\/2020\/12\/Stema-DNA-390x220.png\" class=\"attachment-jannah-image-large size-jannah-image-large wp-post-image\" alt><\/a><\/div>\n<div class=\"post-widget-body \"><a class=\"post-title the-subtitle\" href=\"https:\/\/infotulcea.ro\/presedinte-de-asociatie-agricola-trimis-in-judecata-de-dna\/\">Pre\u015fedinte de asocia\u0163ie agricol\u0103 trimis \u00een judecat\u0103 de DNA!<\/a><\/p>\n<div class=\"post-meta\"><span class=\"date meta-item tie-icon\">11 decembrie 2020<\/span><\/div>\n<\/div>\n<\/li>\n<\/ul>\n<\/div>\n<\/div>\n<aside class=\"sidebar tie-col-md-4 tie-col-xs-12 normal-side is-sticky\" aria-label=\"Primary Sidebar\">\n<div class=\"theiaStickySidebar\">\n<div id=\"media_image-19\" class=\"container-wrapper widget widget_media_image\"><a href=\"https:\/\/infotulcea.ro\/delta-dunarii-mai-accesibila-navrom-delta-creste-numarul-curselor-regulate-de-la-1-mai-2025\/\"><source sizes=\"(max-width: 500px) 100vw, 500px\" type=\"image\/webp\" data-srcset=\"https:\/\/infotulcea.ro\/wp-content\/uploads\/2025\/04\/navrom-delta-500x271.jpg.webp 500w, https:\/\/infotulcea.ro\/wp-content\/uploads\/2025\/04\/navrom-delta-1024x555.jpg.webp 1024w, https:\/\/infotulcea.ro\/wp-content\/uploads\/2025\/04\/navrom-delta-768x416.jpg.webp 768w, https:\/\/infotulcea.ro\/wp-content\/uploads\/2025\/04\/navrom-delta.jpg.webp 1080w\" \/><img loading=\"lazy\" decoding=\"async\" width=\"500\" height=\"271\" src=\"https:\/\/infotulcea.ro\/wp-content\/uploads\/2025\/04\/navrom-delta-500x271.jpg\" class=\"image wp-image-34487  attachment-medium size-medium\" alt><\/a><\/div>\n<div id=\"media_image-17\" class=\"container-wrapper widget widget_media_image\"><a href=\"https:\/\/www.facebook.com\/share\/p\/1DGAD1tLWN\/?mibextid=wwXIfr\" target=\"_blank\"><source sizes=\"(max-width: 500px) 100vw, 500px\" type=\"image\/webp\" data-srcset=\"https:\/\/infotulcea.ro\/wp-content\/uploads\/2026\/01\/IMG_1563-500x500.jpeg.webp 500w, https:\/\/infotulcea.ro\/wp-content\/uploads\/2026\/01\/IMG_1563-1024x1024.jpeg.webp 1024w, https:\/\/infotulcea.ro\/wp-content\/uploads\/2026\/01\/IMG_1563-250x250.jpeg.webp 250w, https:\/\/infotulcea.ro\/wp-content\/uploads\/2026\/01\/IMG_1563-768x768.jpeg.webp 768w, https:\/\/infotulcea.ro\/wp-content\/uploads\/2026\/01\/IMG_1563.jpeg.webp 1080w\" \/><img loading=\"lazy\" decoding=\"async\" width=\"500\" height=\"500\" src=\"https:\/\/infotulcea.ro\/wp-content\/uploads\/2026\/01\/IMG_1563-500x500.jpeg\" class=\"image wp-image-37932  attachment-medium size-medium\" alt title=\"Centrale pe lemne\"><\/a><\/div>\n<div id=\"media_image-18\" class=\"container-wrapper widget widget_media_image\"><a href=\"https:\/\/www.licitatia.ro\/site\/index-guest\"><img loading=\"lazy\" decoding=\"async\" width=\"500\" height=\"262\" src=\"https:\/\/infotulcea.ro\/wp-content\/uploads\/2025\/09\/licitatia-500x262.png\" class=\"image wp-image-36670  attachment-medium size-medium lazyload\" alt><img loading=\"lazy\" decoding=\"async\" width=\"500\" height=\"262\" src=\"https:\/\/infotulcea.ro\/wp-content\/uploads\/2025\/09\/licitatia-500x262.png\" class=\"image wp-image-36670  attachment-medium size-medium\" alt><\/a><\/div>\n<div id=\"media_image-27\" class=\"container-wrapper widget widget_media_image\"><a href=\"https:\/\/www.centrale-lemne-liepsnele.ro\/\"><img loading=\"lazy\" decoding=\"async\" width=\"500\" height=\"500\" src=\"https:\/\/infotulcea.ro\/wp-content\/uploads\/2025\/09\/Centrale-pe-Lemne-Liepsnele-500x500.png\" class=\"image wp-image-36541  attachment-medium size-medium lazyload\" alt=\"Centrala pe lemne\"><img loading=\"lazy\" decoding=\"async\" width=\"500\" height=\"500\" src=\"https:\/\/infotulcea.ro\/wp-content\/uploads\/2025\/09\/Centrale-pe-Lemne-Liepsnele-500x500.png\" class=\"image wp-image-36541  attachment-medium size-medium\" alt=\"Centrala pe lemne\"><\/a><\/div>\n<div id=\"media_image-28\" class=\"container-wrapper widget widget_media_image\"><a href=\"https:\/\/infotulcea.ro\/angajeaza-te-ro-platforma-ta-online-de-angajari-si-forta-de-munca\/\"><source sizes=\"(max-width: 500px) 100vw, 500px\" type=\"image\/webp\" data-srcset=\"https:\/\/infotulcea.ro\/wp-content\/uploads\/2025\/04\/banner-angajazate-1-500x305.jpg.webp 500w, https:\/\/infotulcea.ro\/wp-content\/uploads\/2025\/04\/banner-angajazate-1-1024x625.jpg.webp 1024w, https:\/\/infotulcea.ro\/wp-content\/uploads\/2025\/04\/banner-angajazate-1-768x469.jpg.webp 768w, https:\/\/infotulcea.ro\/wp-content\/uploads\/2025\/04\/banner-angajazate-1.jpg.webp 1080w\" \/><img loading=\"lazy\" decoding=\"async\" width=\"500\" height=\"305\" src=\"https:\/\/infotulcea.ro\/wp-content\/uploads\/2025\/04\/banner-angajazate-1-500x305.jpg\" class=\"image wp-image-34317  attachment-medium size-medium\" alt><\/a><\/div>\n<\/div>\n<\/aside>\n<\/div>\n<\/div>\n<div class=\"entry-content entry clearfix\">\n<p><strong>Pompierii tulceni intervin \u00een aceste momente la un accident rutier produs \u00een apropiere de localitatea Balabancea din jud. Tulcea \u00een care a fost implicat un autoturism iar \u00een urma accidentului au rezultat dou\u0103 victime.<source sizes=\"(max-width: 473px) 100vw, 473px\" type=\"image\/webp\" data-srcset=\"https:\/\/infotulcea.ro\/wp-content\/uploads\/2026\/08\/accident-500x281.jpeg.webp 500w, https:\/\/infotulcea.ro\/wp-content\/uploads\/2026\/08\/accident-1024x576.jpeg.webp 1024w, https:\/\/infotulcea.ro\/wp-content\/uploads\/2026\/08\/accident-768x432.jpeg.webp 768w, https:\/\/infotulcea.ro\/wp-content\/uploads\/2026\/08\/accident-390x220.jpeg.webp 390w, https:\/\/infotulcea.ro\/wp-content\/uploads\/2026\/08\/accident.jpeg.webp 1080w\" \/><\/strong><\/p>\n<p><img loading=\"lazy\" decoding=\"async\" class=\" wp-image-40308 aligncenter\" src=\"https:\/\/infotulcea.ro\/wp-content\/uploads\/2026\/08\/accident-500x281.jpeg\" alt width=\"473\" height=\"266\"><\/p>\n<p>Pompierii tulceni au intervenit pentru extragerea \u0219oferului din autoturism, din p\u0103cate acesta avea semne incompatibile cu via\u021ba \u0219i a fost declarat decedat de c\u0103tre echipa medical\u0103 din cadrul Serviciului Jude\u021bean de Ambulan\u021b\u0103 Tulcea. A doua victim\u0103 un t\u00e2n\u0103r, a fost extras de c\u0103tre participan\u021bii la trafic p\u00e2n\u0103 la ajungerea echipajelor de ISU care, \u00een acest moment este transportat la o unitate spitaliceasc\u0103 de primiri urgen\u021be.<source sizes=\"(max-width: 500px) 100vw, 500px\" type=\"image\/webp\" data-srcset=\"https:\/\/infotulcea.ro\/wp-content\/uploads\/2026\/08\/accident-2-500x281.jpeg.webp 500w, https:\/\/infotulcea.ro\/wp-content\/uploads\/2026\/08\/accident-2-1024x576.jpeg.webp 1024w, https:\/\/infotulcea.ro\/wp-content\/uploads\/2026\/08\/accident-2-768x432.jpeg.webp 768w, https:\/\/infotulcea.ro\/wp-content\/uploads\/2026\/08\/accident-2-390x220.jpeg.webp 390w, https:\/\/infotulcea.ro\/wp-content\/uploads\/2026\/08\/accident-2.jpeg.webp 1080w\" \/><\/p>\n<p><img loading=\"lazy\" decoding=\"async\" class=\"size-medium wp-image-40309 aligncenter\" src=\"https:\/\/infotulcea.ro\/wp-content\/uploads\/2026\/08\/accident-2-500x281.jpeg\" alt width=\"500\" height=\"281\"><\/div>\n<div class=\"articleBody\" data-key=\"articleBody\">Pompierii tulceni intervin \u00een aceste momente la un accident rutier produs \u00een apropiere de localitatea Balabancea din jud. Tulcea \u00een care a fost implicat un autoturism iar \u00een urma accidentului au rezultat dou\u0103 victime.<\/p>\n<p>Pompierii tulceni au intervenit pentru extragerea \u0219oferului din autoturism, din p\u0103cate acesta avea semne incompatibile cu via\u021ba \u0219i a fost declarat decedat de c\u0103tre echipa medical\u0103 din cadrul Serviciului Jude\u021bean de Ambulan\u021b\u0103 Tulcea. A doua victim\u0103 un t\u00e2n\u0103r, a fost extras de c\u0103tre participan\u021bii la trafic p\u00e2n\u0103 la ajungerea echipajelor de ISU care, \u00een acest moment este transportat la o unitate spitaliceasc\u0103 de primiri urgen\u021be.<\/p><\/div>\n<p>[analyse_source url=&#8221;https:\/\/infotulcea.ro\/accident-rutier-cu-cu-doua-victime-in-apropiere-de-balanacncea-jud-tulcea\/&#8221;]<\/p>\n","protected":false},"excerpt":{"rendered":"<p>[analyse_image type=&#8221;featured&#8221; src=&#8221;https:\/\/infotulcea.ro\/wp-content\/uploads\/2026\/08\/accident-2.jpeghttps:\/\/infotulcea.ro\/wp-content\/uploads\/2026\/08\/accident-2.jpeg&#8221;] Home\/\u015etirea zilei\/Accident rutier cu cu dou\u0103 victime \u00een apropiere de Balanacncea, jud. Tulcea \u015etirea zilei Accident rutier cu cu dou\u0103 victime \u00een apropiere de Balanacncea, jud. Tulcea Redactia3 august 2026 0 701 Less than a minute Pompierii tulceni intervin \u00een aceste momente la un accident rutier produs \u00een apropiere de localitatea Balabancea [&hellip;]<\/p>\n","protected":false},"author":1,"featured_media":0,"comment_status":"open","ping_status":"","sticky":false,"template":"","format":"standard","meta":{"footnotes":""},"categories":[89],"tags":[226,221],"class_list":["post-2083250","post","type-post","status-publish","format-standard","hentry","category-romania","tag-crawlmanager","tag-infotulcea-ro"],"_links":{"self":[{"href":"https:\/\/analyse.optim.biz\/index.php?rest_route=\/wp\/v2\/posts\/2083250","targetHints":{"allow":["GET"]}}],"collection":[{"href":"https:\/\/analyse.optim.biz\/index.php?rest_route=\/wp\/v2\/posts"}],"about":[{"href":"https:\/\/analyse.optim.biz\/index.php?rest_route=\/wp\/v2\/types\/post"}],"author":[{"embeddable":true,"href":"https:\/\/analyse.optim.biz\/index.php?rest_route=\/wp\/v2\/users\/1"}],"replies":[{"embeddable":true,"href":"https:\/\/analyse.optim.biz\/index.php?rest_route=%2Fwp%2Fv2%2Fcomments&post=2083250"}],"version-history":[{"count":0,"href":"https:\/\/analyse.optim.biz\/index.php?rest_route=\/wp\/v2\/posts\/2083250\/revisions"}],"wp:attachment":[{"href":"https:\/\/analyse.optim.biz\/index.php?rest_route=%2Fwp%2Fv2%2Fmedia&parent=2083250"}],"wp:term":[{"taxonomy":"category","embeddable":true,"href":"https:\/\/analyse.optim.biz\/index.php?rest_route=%2Fwp%2Fv2%2Fcategories&post=2083250"},{"taxonomy":"post_tag","embeddable":true,"href":"https:\/\/analyse.optim.biz\/index.php?rest_route=%2Fwp%2Fv2%2Ftags&post=2083250"}],"curies":[{"name":"wp","href":"https:\/\/api.w.org\/{rel}","templated":true}]}}