{"id":2083247,"date":"2026-07-29T15:45:59","date_gmt":"2026-07-29T12:45:59","guid":{"rendered":"https:\/\/analyse.optim.biz\/?p=2083247"},"modified":"2026-07-29T15:45:59","modified_gmt":"2026-07-29T12:45:59","slug":"tulcea-gazduieste-campionatul-european-de-baschet-u18-intrarea-este-gratuita","status":"publish","type":"post","link":"https:\/\/analyse.optim.biz\/?p=2083247","title":{"rendered":"Tulcea g\u0103zduie\u0219te Campionatul European de Baschet U18. Intrarea este gratuit\u0103"},"content":{"rendered":"<p>[analyse_image type=&#8221;featured&#8221; src=&#8221;https:\/\/infotulcea.ro\/wp-content\/uploads\/2021\/11\/bulina.png&#8221;]<\/p>\n<div id=\"content\" class=\"site-content container\">\n<div id=\"main-content-row\" class=\"tie-row main-content-row\">\n<div class=\"main-content tie-col-md-8 tie-col-xs-12\" role=\"main\">\n<article id=\"the-post\" class=\"container-wrapper post-content tie-standard\">\n<header class=\"entry-header-outer\">\n<nav id=\"breadcrumb\"><a href=\"https:\/\/infotulcea.ro\/\"> Home<\/a><em class=\"delimiter\">\/<\/em><a href=\"https:\/\/infotulcea.ro\/categorie\/cj\/\">Consiliul Jude\u0163ean<\/a><em class=\"delimiter\">\/<\/em><span class=\"current\">Tulcea g\u0103zduie\u0219te Campionatul European de Baschet U18. Intrarea este gratuit\u0103<\/span><\/nav>\n<div class=\"entry-header\"><span class=\"post-cat-wrap\"><a class=\"post-cat tie-cat-31\" href=\"https:\/\/infotulcea.ro\/categorie\/cj\/\">Consiliul Jude\u0163ean<\/a><a class=\"post-cat tie-cat-29\" href=\"https:\/\/infotulcea.ro\/categorie\/stirea-zilei\/\">\u015etirea zilei<\/a><\/span><\/p>\n<h1 class=\"post-title entry-title\">\n\t\t\tTulcea g\u0103zduie\u0219te Campionatul European de Baschet U18. Intrarea este gratuit\u0103\t\t<\/h1>\n<h2 class=\"entry-sub-title\">20 de na\u021bionale vin la FIBA U18 Women\u2019s EuroBasket 2026<\/h2>\n<div class=\"single-post-meta post-meta clearfix\"><span class=\"author-meta single-author no-avatars\"><span class=\"meta-item meta-author-wrapper meta-author-9\"><span class=\"meta-author\"><a href=\"https:\/\/infotulcea.ro\/author\/redactia-2\/\" class=\"author-name tie-icon\" title=\"Redactia\">Redactia<\/a><\/span><\/span><\/span><span class=\"date meta-item tie-icon\">29 iulie 2026<\/span><\/p>\n<div class=\"tie-alignright\"><span class=\"meta-comment tie-icon meta-item fa-before\">0<\/span><span class=\"meta-views meta-item \"> 655 <\/span><span class=\"meta-reading-time meta-item\"> 1 minute read<\/span><\/div>\n<\/div>\n<\/div>\n<\/header>\n<div class=\"entry-content entry clearfix\">\n<p>\u00a0<\/p>\n<h6><strong>Tulcea devine, \u00eencep\u00e2nd cu 31 iulie, gazda unuia dintre cele mai importante turnee europene de baschet juvenil feminin. Timp de zece zile, ora\u0219ul va primi 20 de echipe na\u021bionale, iar iubitorii sportului vor putea urm\u0103ri gratuit zeci de meciuri spectaculoase la Sala Polivalent\u0103.<\/strong><\/h6>\n<h6><strong>\u00cen perioada 31 iulie \u2013 9 august 2026, municipiul Tulcea g\u0103zduie\u0219te FIBA U18 Women\u2019s EuroBasket 2026 \u2013 Divizia B, competi\u021bie organizat\u0103 sub egida Federa\u021biei Interna\u021bionale de Baschet (FIBA), \u00een cadrul c\u0103reia cele 20 de reprezentative participante vor lupta pentru promovarea \u00een Divizia A.<source sizes=\"(max-width: 400px) 100vw, 400px\" type=\"image\/webp\" data-srcset=\"https:\/\/infotulcea.ro\/wp-content\/uploads\/2026\/07\/Basket-2026-07-28-at-19.06.59-1-400x500.jpeg.webp 400w, https:\/\/infotulcea.ro\/wp-content\/uploads\/2026\/07\/Basket-2026-07-28-at-19.06.59-1-819x1024.jpeg.webp 819w, https:\/\/infotulcea.ro\/wp-content\/uploads\/2026\/07\/Basket-2026-07-28-at-19.06.59-1-768x960.jpeg.webp 768w, https:\/\/infotulcea.ro\/wp-content\/uploads\/2026\/07\/Basket-2026-07-28-at-19.06.59-1.jpeg.webp 1024w\" \/><img loading=\"lazy\" decoding=\"async\" class=\"size-medium wp-image-40268 alignright\" src=\"https:\/\/infotulcea.ro\/wp-content\/uploads\/2026\/07\/Basket-2026-07-28-at-19.06.59-1-400x500.jpeg\" alt width=\"400\" height=\"500\"><\/strong><\/h6>\n<h6><strong>Rom\u00e2nia face parte din Grupa A, iar toate cele patru meciuri din faza grupelor vor avea loc la Tulcea, \u00een fa\u021ba propriilor suporteri.<\/strong><\/h6>\n<h6><strong>Programul Rom\u00e2niei<\/strong><\/h6>\n<h6><strong>\ud83c\udfc0 31 iulie, ora 18:30 \u2013 Rom\u00e2nia \u2013 Azerbaidjan<\/strong><\/h6>\n<h6><strong>\ud83c\udfc0 1 august, ora 18:30 \u2013 Islanda \u2013 Rom\u00e2nia<\/strong><\/h6>\n<h6><strong>\ud83c\udfc0 4 august, ora 18:30 \u2013 Rom\u00e2nia \u2013 Portugalia<\/strong><\/h6>\n<h6><strong>\ud83c\udfc0 5 august, ora 18:30 \u2013 \u021a\u0103rile de Jos \u2013 Rom\u00e2nia<\/strong><\/h6>\n<h6><strong>Primele zile de competi\u021bie<\/strong><\/h6>\n<h6><strong>31 iulie<\/strong><\/h6>\n<ul>\n<li>\n<h6><strong>13:30 \u2013 Lituania \u2013 Irlanda<\/strong><\/h6>\n<\/li>\n<li>\n<h6><strong>16:00 \u2013 Israel \u2013 Elve\u021bia<\/strong><\/h6>\n<\/li>\n<li>\n<h6><strong>18:30 \u2013 Rom\u00e2nia \u2013 Azerbaidjan<\/strong><\/h6>\n<\/li>\n<li>\n<h6><strong>21:00 \u2013 Grecia \u2013 Marea Britanie<source sizes=\"(max-width: 400px) 100vw, 400px\" type=\"image\/webp\" data-srcset=\"https:\/\/infotulcea.ro\/wp-content\/uploads\/2026\/07\/Basket-2026-07-28-at-19.06.59-400x500.jpeg.webp 400w, https:\/\/infotulcea.ro\/wp-content\/uploads\/2026\/07\/Basket-2026-07-28-at-19.06.59-819x1024.jpeg.webp 819w, https:\/\/infotulcea.ro\/wp-content\/uploads\/2026\/07\/Basket-2026-07-28-at-19.06.59-768x960.jpeg.webp 768w, https:\/\/infotulcea.ro\/wp-content\/uploads\/2026\/07\/Basket-2026-07-28-at-19.06.59.jpeg.webp 1024w\" \/><img loading=\"lazy\" decoding=\"async\" class=\"size-medium wp-image-40269 alignright\" src=\"https:\/\/infotulcea.ro\/wp-content\/uploads\/2026\/07\/Basket-2026-07-28-at-19.06.59-400x500.jpeg\" alt width=\"400\" height=\"500\"><\/strong><\/h6>\n<\/li>\n<\/ul>\n<h6><strong>1 august<\/strong><\/h6>\n<ul>\n<li>\n<h6><strong>13:30 \u2013 Luxemburg \u2013 Austria<\/strong><\/h6>\n<\/li>\n<li>\n<h6><strong>16:00 \u2013 Bulgaria \u2013 Ucraina<\/strong><\/h6>\n<\/li>\n<li>\n<h6><strong>18:30 \u2013 Islanda \u2013 Rom\u00e2nia<\/strong><\/h6>\n<\/li>\n<li>\n<h6><strong>21:00 \u2013 Slovacia \u2013 Danemarca<\/strong><\/h6>\n<\/li>\n<\/ul>\n<h6><strong>2 august<\/strong><\/h6>\n<ul>\n<li>\n<h6><strong>13:30 \u2013 Portugalia \u2013 Islanda<\/strong><\/h6>\n<\/li>\n<li>\n<h6><strong>16:00 \u2013 Irlanda \u2013 Estonia<\/strong><\/h6>\n<\/li>\n<li>\n<h6><strong>18:30 \u2013 Elve\u021bia \u2013 Norvegia<\/strong><\/h6>\n<\/li>\n<li>\n<h6><strong>21:00 \u2013 Lituania \u2013 Luxemburg<\/strong><\/h6>\n<\/li>\n<\/ul>\n<h6><strong>4 august<\/strong><\/h6>\n<ul>\n<li>\n<h6><strong>13:30 \u2013 Islanda \u2013 \u021a\u0103rile de Jos<\/strong><\/h6>\n<\/li>\n<li>\n<h6><strong>16:00 \u2013 Austria \u2013 Lituania<\/strong><\/h6>\n<\/li>\n<li>\n<h6><strong>18:30 \u2013 Rom\u00e2nia \u2013 Portugalia<\/strong><\/h6>\n<\/li>\n<li>\n<h6><strong>21:00 \u2013 Danemarca \u2013 Grecia<\/strong><\/h6>\n<\/li>\n<\/ul>\n<h6><strong>5 august<\/strong><\/h6>\n<ul>\n<li>\n<h6><strong>13:30 \u2013 Estonia \u2013 Luxemburg<\/strong><\/h6>\n<\/li>\n<li>\n<h6><strong>16:00 \u2013 Macedonia de Nord \u2013 Slovacia<\/strong><\/h6>\n<\/li>\n<li>\n<h6><strong>18:30 \u2013 \u021a\u0103rile de Jos \u2013 Rom\u00e2nia<\/strong><\/h6>\n<\/li>\n<li>\n<h6><strong>21:00 \u2013 Irlanda \u2013 Austria<\/strong><\/h6>\n<\/li>\n<\/ul>\n<h6><strong>Intrarea este gratuit\u0103<source sizes=\"(max-width: 400px) 100vw, 400px\" type=\"image\/webp\" data-srcset=\"https:\/\/infotulcea.ro\/wp-content\/uploads\/2026\/07\/Basket-2026-07-28--400x500.jpeg.webp 400w, https:\/\/infotulcea.ro\/wp-content\/uploads\/2026\/07\/Basket-2026-07-28--819x1024.jpeg.webp 819w, https:\/\/infotulcea.ro\/wp-content\/uploads\/2026\/07\/Basket-2026-07-28--768x960.jpeg.webp 768w, https:\/\/infotulcea.ro\/wp-content\/uploads\/2026\/07\/Basket-2026-07-28-.jpeg.webp 1024w\" \/><img loading=\"lazy\" decoding=\"async\" class=\"size-medium wp-image-40267 alignright\" src=\"https:\/\/infotulcea.ro\/wp-content\/uploads\/2026\/07\/Basket-2026-07-28--400x500.jpeg\" alt width=\"400\" height=\"500\"><\/strong><\/h6>\n<h6><strong>Organizatorii invit\u0103 to\u021bi iubitorii baschetului la Sala Polivalent\u0103 din Tulcea, unde accesul la toate partidele este liber. Publicul va avea ocazia s\u0103 sus\u021bin\u0103 echipa na\u021bional\u0103 a Rom\u00e2niei \u0219i s\u0103 urm\u0103reasc\u0103 la lucru unele dintre cele mai promi\u021b\u0103toare juc\u0103toare ale baschetului european.<\/strong><\/h6>\n<h6><strong>Prin organizarea acestui campionat continental, Tulcea \u00ee\u0219i consolideaz\u0103 statutul de gazd\u0103 a marilor competi\u021bii sportive interna\u021bionale, evenimentul urm\u00e2nd s\u0103 aduc\u0103 \u00een ora\u0219 sute de sportive, oficiali \u0219i suporteri din \u00eentreaga Europ\u0103.<\/strong><\/h6>\n<\/div>\n<div id=\"post-extra-info\">\n<div class=\"theiaStickySidebar\">\n<div class=\"single-post-meta post-meta clearfix\"><span class=\"author-meta single-author no-avatars\"><span class=\"meta-item meta-author-wrapper meta-author-9\"><span class=\"meta-author\"><a href=\"https:\/\/infotulcea.ro\/author\/redactia-2\/\" class=\"author-name tie-icon\" title=\"Redactia\">Redactia<\/a><\/span><\/span><\/span><span class=\"date meta-item tie-icon\">29 iulie 2026<\/span><\/p>\n<div class=\"tie-alignright\"><span class=\"meta-comment tie-icon meta-item fa-before\">0<\/span><span class=\"meta-views meta-item \"> 655 <\/span><span class=\"meta-reading-time meta-item\"> 1 minute read<\/span><\/div>\n<\/div>\n<\/div>\n<\/div>\n<div id=\"share-buttons-bottom\" class=\"share-buttons share-buttons-bottom\">\n<div class=\"share-links  icons-only\">\n<div class=\"share-title\"><span> Share<\/span><\/div>\n<p><a href=\"https:\/\/www.facebook.com\/sharer.php?u=https:\/\/infotulcea.ro\/tulcea-gazduieste-campionatul-european-de-baschet-u18-intrarea-este-gratuita\/\" rel=\"external noopener nofollow\" title=\"Facebook\" target=\"_blank\" class=\"facebook-share-btn \" data-raw=\"https:\/\/www.facebook.com\/sharer.php?u={post_link}\"><span class=\"screen-reader-text\">Facebook<\/span><\/a><a href=\"https:\/\/twitter.com\/intent\/tweet?text=Tulcea%20g%C4%83zduie%C8%99te%20Campionatul%20European%20de%20Baschet%20U18.%20Intrarea%20este%20gratuit%C4%83&amp;url=https:\/\/infotulcea.ro\/tulcea-gazduieste-campionatul-european-de-baschet-u18-intrarea-este-gratuita\/\" rel=\"external noopener nofollow\" title=\"X\" target=\"_blank\" class=\"twitter-share-btn \" data-raw=\"https:\/\/twitter.com\/intent\/tweet?text={post_title}&amp;url={post_link}\"><span class=\"screen-reader-text\">X<\/span><\/a><a href=\"https:\/\/api.whatsapp.com\/send?text=Tulcea%20g%C4%83zduie%C8%99te%20Campionatul%20European%20de%20Baschet%20U18.%20Intrarea%20este%20gratuit%C4%83%20https:\/\/infotulcea.ro\/tulcea-gazduieste-campionatul-european-de-baschet-u18-intrarea-este-gratuita\/\" rel=\"external noopener nofollow\" title=\"WhatsApp\" target=\"_blank\" class=\"whatsapp-share-btn \" data-raw=\"https:\/\/api.whatsapp.com\/send?text={post_title}%20{post_link}\"><span class=\"screen-reader-text\">WhatsApp<\/span><\/a><a href=\"https:\/\/telegram.me\/share\/url?url=https:\/\/infotulcea.ro\/tulcea-gazduieste-campionatul-european-de-baschet-u18-intrarea-este-gratuita\/&amp;text=Tulcea%20g%C4%83zduie%C8%99te%20Campionatul%20European%20de%20Baschet%20U18.%20Intrarea%20este%20gratuit%C4%83\" rel=\"external noopener nofollow\" title=\"Telegram\" target=\"_blank\" class=\"telegram-share-btn \" data-raw=\"https:\/\/telegram.me\/share\/url?url={post_link}&amp;text={post_title}\"><span class=\"screen-reader-text\">Telegram<\/span><\/a><a href=\"mailto:?subject=Tulcea%20g%C4%83zduie%C8%99te%20Campionatul%20European%20de%20Baschet%20U18.%20Intrarea%20este%20gratuit%C4%83&amp;body=https:\/\/infotulcea.ro\/tulcea-gazduieste-campionatul-european-de-baschet-u18-intrarea-este-gratuita\/\" rel=\"external noopener nofollow\" title=\"Share via Email\" target=\"_blank\" class=\"email-share-btn \" data-raw=\"mailto:?subject={post_title}&amp;body={post_link}\"><span class=\"screen-reader-text\">Share via Email<\/span><\/a><a href=\"https:\/\/infotulcea.ro\/tulcea-gazduieste-campionatul-european-de-baschet-u18-intrarea-este-gratuita\/\" rel=\"external noopener nofollow\" title=\"Print\" target=\"_blank\" class=\"print-share-btn \" data-raw=\"#\"><span class=\"screen-reader-text\">Print<\/span><\/a><\/div>\n<\/div>\n<\/article>\n<div class=\"post-components\">\n<div id=\"related-posts\" class=\"container-wrapper has-extra-post\">\n<div class=\"mag-box-title the-global-title\">\n<h3>Related Articles<\/h3>\n<\/div>\n<div class=\"related-posts-list\">\n<div class=\"related-item tie-standard\"><a aria-label=\"Al doilea om \u00een stat a fost la Tulcea! Nimic \u00een PLUS ci doar o vizit\u0103 de lucru anonim\u0103\u2026\" href=\"https:\/\/infotulcea.ro\/al-doilea-om-in-stat-a-fost-la-tulcea-nimic-in-plus-ci-doar-o-vizita-de-lucru-anonima\/\" class=\"post-thumb\"><img loading=\"lazy\" decoding=\"async\" width=\"390\" height=\"220\" src=\"https:\/\/infotulcea.ro\/wp-content\/uploads\/2021\/06\/IMG-20210613-WA0009-390x220.jpg\" class=\"attachment-jannah-image-large size-jannah-image-large wp-post-image lazyload\" alt><img loading=\"lazy\" decoding=\"async\" width=\"390\" height=\"220\" src=\"https:\/\/infotulcea.ro\/wp-content\/uploads\/2021\/06\/IMG-20210613-WA0009-390x220.jpg\" class=\"attachment-jannah-image-large size-jannah-image-large wp-post-image\" alt><\/a><\/p>\n<h3 class=\"post-title\"><a href=\"https:\/\/infotulcea.ro\/al-doilea-om-in-stat-a-fost-la-tulcea-nimic-in-plus-ci-doar-o-vizita-de-lucru-anonima\/\">Al doilea om \u00een stat a fost la Tulcea! Nimic \u00een PLUS ci doar o vizit\u0103 de lucru anonim\u0103\u2026<\/a><\/h3>\n<div class=\"post-meta clearfix\"><span class=\"date meta-item tie-icon\">13 iunie 2021<\/span><\/div>\n<\/div>\n<div class=\"related-item tie-standard\"><a aria-label=\"ATEN\u021aIE! Controale din partea Inspec\u021biei Muncii pentru protec\u021bia muncii pe canicul\u0103!\" href=\"https:\/\/infotulcea.ro\/atentie-controale-din-partea-inspectiei-muncii-pentru-protectia-muncii-pe-canicula\/\" class=\"post-thumb\"><source type=\"image\/webp\" data-srcset=\"https:\/\/infotulcea.ro\/wp-content\/uploads\/2024\/06\/canicula-inspectia-muncii-390x220.jpg.webp\" \/><img loading=\"lazy\" decoding=\"async\" width=\"390\" height=\"220\" src=\"https:\/\/infotulcea.ro\/wp-content\/uploads\/2024\/06\/canicula-inspectia-muncii-390x220.jpg\" class=\"attachment-jannah-image-large size-jannah-image-large wp-post-image\" alt><\/a><\/p>\n<h3 class=\"post-title\"><a href=\"https:\/\/infotulcea.ro\/atentie-controale-din-partea-inspectiei-muncii-pentru-protectia-muncii-pe-canicula\/\">ATEN\u021aIE! Controale din partea Inspec\u021biei Muncii pentru protec\u021bia muncii pe canicul\u0103!<\/a><\/h3>\n<div class=\"post-meta clearfix\"><span class=\"date meta-item tie-icon\">15 iulie 2024<\/span><\/div>\n<\/div>\n<div class=\"related-item tie-standard\"><a aria-label=\"Dou\u0103 cazuri de munc\u0103 nedeclarat\u0103 \u00een sectorul HoReCa, la Tulcea!\" href=\"https:\/\/infotulcea.ro\/doua-cazuri-de-munca-nedeclarata-in-sectorul-horeca-la-tulcea\/\" class=\"post-thumb\"><source type=\"image\/webp\" data-srcset=\"https:\/\/infotulcea.ro\/wp-content\/uploads\/2025\/08\/inspectia-muncii-390x220.jpg.webp\" \/><img loading=\"lazy\" decoding=\"async\" width=\"390\" height=\"220\" src=\"https:\/\/infotulcea.ro\/wp-content\/uploads\/2025\/08\/inspectia-muncii-390x220.jpg\" class=\"attachment-jannah-image-large size-jannah-image-large wp-post-image\" alt><\/a><\/p>\n<h3 class=\"post-title\"><a href=\"https:\/\/infotulcea.ro\/doua-cazuri-de-munca-nedeclarata-in-sectorul-horeca-la-tulcea\/\">Dou\u0103 cazuri de munc\u0103 nedeclarat\u0103 \u00een sectorul HoReCa, la Tulcea!<\/a><\/h3>\n<div class=\"post-meta clearfix\"><span class=\"date meta-item tie-icon\">2 august 2025<\/span><\/div>\n<\/div>\n<div class=\"related-item tie-standard\"><a aria-label=\"Pro Rom\u00e2nia Tulcea are vicepre\u0219edinte de Consiliu Jude\u021bean!\" href=\"https:\/\/infotulcea.ro\/pro-romania-tulcea-are-vicepresedinte-de-consiliu-judetean\/\" class=\"post-thumb\"><source type=\"image\/webp\" data-srcset=\"https:\/\/infotulcea.ro\/wp-content\/uploads\/2020\/08\/IMG-20200816-WA0008-390x220.jpg.webp\" \/><img loading=\"lazy\" decoding=\"async\" width=\"390\" height=\"220\" src=\"https:\/\/infotulcea.ro\/wp-content\/uploads\/2020\/08\/IMG-20200816-WA0008-390x220.jpg\" class=\"attachment-jannah-image-large size-jannah-image-large wp-post-image\" alt><\/a><\/p>\n<h3 class=\"post-title\"><a href=\"https:\/\/infotulcea.ro\/pro-romania-tulcea-are-vicepresedinte-de-consiliu-judetean\/\">Pro Rom\u00e2nia Tulcea are vicepre\u0219edinte de Consiliu Jude\u021bean!<\/a><\/h3>\n<div class=\"post-meta clearfix\"><span class=\"date meta-item tie-icon\">16 august 2020<\/span><\/div>\n<\/div>\n<\/div>\n<\/div>\n<div id=\"comments\" class=\"comments-area\">\n<div id=\"add-comment-block\" class=\"container-wrapper\">\n<div id=\"respond\" class=\"comment-respond\">\n<h3 id=\"reply-title\" class=\"comment-reply-title the-global-title\">Las\u0103 un r\u0103spuns <small><a rel=\"nofollow\" id=\"cancel-comment-reply-link\" href=\"https:\/\/infotulcea.ro\/tulcea-gazduieste-campionatul-european-de-baschet-u18-intrarea-este-gratuita\/#respond\">Anuleaz\u0103 r\u0103spunsul<\/a><\/small><\/h3>\n<p class=\"comment-notes\"><span id=\"email-notes\">Adresa ta de email nu va fi publicat\u0103.<\/span><span class=\"required-field-message\">C\u00e2mpurile obligatorii sunt marcate cu <span class=\"required\">*<\/span><\/span><\/p>\n<\/div>\n<\/div>\n<\/div>\n<\/div>\n<\/div>\n<div id=\"check-also-box\" class=\"container-wrapper check-also-right\">\n<div class=\"widget-title the-global-title\">\n<div class=\"the-subtitle\">Check Also<\/div>\n<p><a href=\"https:\/\/infotulcea.ro\/tulcea-gazduieste-campionatul-european-de-baschet-u18-intrarea-este-gratuita\/\" id=\"check-also-close\" class=\"remove\"><span class=\"screen-reader-text\">Close<\/span><\/a><\/div>\n<div class=\"widget posts-list-big-first has-first-big-post\">\n<ul class=\"posts-list-items\">\n<li class=\"widget-single-post-item widget-post-list tie-standard\">\n<div class=\"post-widget-thumbnail\"><a aria-label=\",,Atelier CRED \u2013 Bune practici \u00een educa\u021bie\u201d organizat de Casa Corpului Didactic\" href=\"https:\/\/infotulcea.ro\/atelier-cred-bune-practici-in-educatie-organizat-de-casa-corpului-didactic\/\" class=\"post-thumb\"><span class=\"post-cat-wrap\"><span class=\"post-cat tie-cat-29\">\u015etirea zilei<\/span><\/span><img loading=\"lazy\" decoding=\"async\" width=\"390\" height=\"220\" src=\"https:\/\/infotulcea.ro\/wp-content\/uploads\/2021\/06\/0-390x220.jpg\" class=\"attachment-jannah-image-large size-jannah-image-large wp-post-image lazyload\" alt><img loading=\"lazy\" decoding=\"async\" width=\"390\" height=\"220\" src=\"https:\/\/infotulcea.ro\/wp-content\/uploads\/2021\/06\/0-390x220.jpg\" class=\"attachment-jannah-image-large size-jannah-image-large wp-post-image\" alt><\/a><\/div>\n<div class=\"post-widget-body \"><a class=\"post-title the-subtitle\" href=\"https:\/\/infotulcea.ro\/atelier-cred-bune-practici-in-educatie-organizat-de-casa-corpului-didactic\/\">,,Atelier CRED \u2013 Bune practici \u00een educa\u021bie\u201d organizat de Casa Corpului Didactic<\/a><\/p>\n<div class=\"post-meta\"><span class=\"date meta-item tie-icon\">12 iunie 2021<\/span><\/div>\n<\/div>\n<\/li>\n<\/ul>\n<\/div>\n<\/div>\n<aside class=\"sidebar tie-col-md-4 tie-col-xs-12 normal-side is-sticky\" aria-label=\"Primary Sidebar\">\n<div class=\"theiaStickySidebar\">\n<div id=\"media_image-19\" class=\"container-wrapper widget widget_media_image\"><a href=\"https:\/\/infotulcea.ro\/delta-dunarii-mai-accesibila-navrom-delta-creste-numarul-curselor-regulate-de-la-1-mai-2025\/\"><source sizes=\"(max-width: 500px) 100vw, 500px\" type=\"image\/webp\" data-srcset=\"https:\/\/infotulcea.ro\/wp-content\/uploads\/2025\/04\/navrom-delta-500x271.jpg.webp 500w, https:\/\/infotulcea.ro\/wp-content\/uploads\/2025\/04\/navrom-delta-1024x555.jpg.webp 1024w, https:\/\/infotulcea.ro\/wp-content\/uploads\/2025\/04\/navrom-delta-768x416.jpg.webp 768w, https:\/\/infotulcea.ro\/wp-content\/uploads\/2025\/04\/navrom-delta.jpg.webp 1080w\" \/><img loading=\"lazy\" decoding=\"async\" width=\"500\" height=\"271\" src=\"https:\/\/infotulcea.ro\/wp-content\/uploads\/2025\/04\/navrom-delta-500x271.jpg\" class=\"image wp-image-34487  attachment-medium size-medium\" alt><\/a><\/div>\n<div id=\"media_image-17\" class=\"container-wrapper widget widget_media_image\"><a href=\"https:\/\/www.facebook.com\/share\/p\/1DGAD1tLWN\/?mibextid=wwXIfr\" target=\"_blank\"><source sizes=\"(max-width: 500px) 100vw, 500px\" type=\"image\/webp\" data-srcset=\"https:\/\/infotulcea.ro\/wp-content\/uploads\/2026\/01\/IMG_1563-500x500.jpeg.webp 500w, https:\/\/infotulcea.ro\/wp-content\/uploads\/2026\/01\/IMG_1563-1024x1024.jpeg.webp 1024w, https:\/\/infotulcea.ro\/wp-content\/uploads\/2026\/01\/IMG_1563-250x250.jpeg.webp 250w, https:\/\/infotulcea.ro\/wp-content\/uploads\/2026\/01\/IMG_1563-768x768.jpeg.webp 768w, https:\/\/infotulcea.ro\/wp-content\/uploads\/2026\/01\/IMG_1563.jpeg.webp 1080w\" \/><img loading=\"lazy\" decoding=\"async\" width=\"500\" height=\"500\" src=\"https:\/\/infotulcea.ro\/wp-content\/uploads\/2026\/01\/IMG_1563-500x500.jpeg\" class=\"image wp-image-37932  attachment-medium size-medium\" alt title=\"Centrale pe lemne\"><\/a><\/div>\n<div id=\"media_image-18\" class=\"container-wrapper widget widget_media_image\"><a href=\"https:\/\/www.licitatia.ro\/site\/index-guest\"><img loading=\"lazy\" decoding=\"async\" width=\"500\" height=\"262\" src=\"https:\/\/infotulcea.ro\/wp-content\/uploads\/2025\/09\/licitatia-500x262.png\" class=\"image wp-image-36670  attachment-medium size-medium lazyload\" alt><img loading=\"lazy\" decoding=\"async\" width=\"500\" height=\"262\" src=\"https:\/\/infotulcea.ro\/wp-content\/uploads\/2025\/09\/licitatia-500x262.png\" class=\"image wp-image-36670  attachment-medium size-medium\" alt><\/a><\/div>\n<div id=\"media_image-27\" class=\"container-wrapper widget widget_media_image\"><a href=\"https:\/\/www.centrale-lemne-liepsnele.ro\/\"><img loading=\"lazy\" decoding=\"async\" width=\"500\" height=\"500\" src=\"https:\/\/infotulcea.ro\/wp-content\/uploads\/2025\/09\/Centrale-pe-Lemne-Liepsnele-500x500.png\" class=\"image wp-image-36541  attachment-medium size-medium lazyload\" alt=\"Centrala pe lemne\"><img loading=\"lazy\" decoding=\"async\" width=\"500\" height=\"500\" src=\"https:\/\/infotulcea.ro\/wp-content\/uploads\/2025\/09\/Centrale-pe-Lemne-Liepsnele-500x500.png\" class=\"image wp-image-36541  attachment-medium size-medium\" alt=\"Centrala pe lemne\"><\/a><\/div>\n<div id=\"media_image-28\" class=\"container-wrapper widget widget_media_image\"><a href=\"https:\/\/infotulcea.ro\/angajeaza-te-ro-platforma-ta-online-de-angajari-si-forta-de-munca\/\"><source sizes=\"(max-width: 500px) 100vw, 500px\" type=\"image\/webp\" data-srcset=\"https:\/\/infotulcea.ro\/wp-content\/uploads\/2025\/04\/banner-angajazate-1-500x305.jpg.webp 500w, https:\/\/infotulcea.ro\/wp-content\/uploads\/2025\/04\/banner-angajazate-1-1024x625.jpg.webp 1024w, https:\/\/infotulcea.ro\/wp-content\/uploads\/2025\/04\/banner-angajazate-1-768x469.jpg.webp 768w, https:\/\/infotulcea.ro\/wp-content\/uploads\/2025\/04\/banner-angajazate-1.jpg.webp 1080w\" \/><img loading=\"lazy\" decoding=\"async\" width=\"500\" height=\"305\" src=\"https:\/\/infotulcea.ro\/wp-content\/uploads\/2025\/04\/banner-angajazate-1-500x305.jpg\" class=\"image wp-image-34317  attachment-medium size-medium\" alt><\/a><\/div>\n<\/div>\n<\/aside>\n<\/div>\n<\/div>\n<div class=\"entry-content entry clearfix\">\n<p>\u00a0<\/p>\n<h6><strong>Tulcea devine, \u00eencep\u00e2nd cu 31 iulie, gazda unuia dintre cele mai importante turnee europene de baschet juvenil feminin. Timp de zece zile, ora\u0219ul va primi 20 de echipe na\u021bionale, iar iubitorii sportului vor putea urm\u0103ri gratuit zeci de meciuri spectaculoase la Sala Polivalent\u0103.<\/strong><\/h6>\n<h6><strong>\u00cen perioada 31 iulie \u2013 9 august 2026, municipiul Tulcea g\u0103zduie\u0219te FIBA U18 Women\u2019s EuroBasket 2026 \u2013 Divizia B, competi\u021bie organizat\u0103 sub egida Federa\u021biei Interna\u021bionale de Baschet (FIBA), \u00een cadrul c\u0103reia cele 20 de reprezentative participante vor lupta pentru promovarea \u00een Divizia A.<source sizes=\"(max-width: 400px) 100vw, 400px\" type=\"image\/webp\" data-srcset=\"https:\/\/infotulcea.ro\/wp-content\/uploads\/2026\/07\/Basket-2026-07-28-at-19.06.59-1-400x500.jpeg.webp 400w, https:\/\/infotulcea.ro\/wp-content\/uploads\/2026\/07\/Basket-2026-07-28-at-19.06.59-1-819x1024.jpeg.webp 819w, https:\/\/infotulcea.ro\/wp-content\/uploads\/2026\/07\/Basket-2026-07-28-at-19.06.59-1-768x960.jpeg.webp 768w, https:\/\/infotulcea.ro\/wp-content\/uploads\/2026\/07\/Basket-2026-07-28-at-19.06.59-1.jpeg.webp 1024w\" \/><img loading=\"lazy\" decoding=\"async\" class=\"size-medium wp-image-40268 alignright\" src=\"https:\/\/infotulcea.ro\/wp-content\/uploads\/2026\/07\/Basket-2026-07-28-at-19.06.59-1-400x500.jpeg\" alt width=\"400\" height=\"500\"><\/strong><\/h6>\n<h6><strong>Rom\u00e2nia face parte din Grupa A, iar toate cele patru meciuri din faza grupelor vor avea loc la Tulcea, \u00een fa\u021ba propriilor suporteri.<\/strong><\/h6>\n<h6><strong>Programul Rom\u00e2niei<\/strong><\/h6>\n<h6><strong>\ud83c\udfc0 31 iulie, ora 18:30 \u2013 Rom\u00e2nia \u2013 Azerbaidjan<\/strong><\/h6>\n<h6><strong>\ud83c\udfc0 1 august, ora 18:30 \u2013 Islanda \u2013 Rom\u00e2nia<\/strong><\/h6>\n<h6><strong>\ud83c\udfc0 4 august, ora 18:30 \u2013 Rom\u00e2nia \u2013 Portugalia<\/strong><\/h6>\n<h6><strong>\ud83c\udfc0 5 august, ora 18:30 \u2013 \u021a\u0103rile de Jos \u2013 Rom\u00e2nia<\/strong><\/h6>\n<h6><strong>Primele zile de competi\u021bie<\/strong><\/h6>\n<h6><strong>31 iulie<\/strong><\/h6>\n<ul>\n<li>\n<h6><strong>13:30 \u2013 Lituania \u2013 Irlanda<\/strong><\/h6>\n<\/li>\n<li>\n<h6><strong>16:00 \u2013 Israel \u2013 Elve\u021bia<\/strong><\/h6>\n<\/li>\n<li>\n<h6><strong>18:30 \u2013 Rom\u00e2nia \u2013 Azerbaidjan<\/strong><\/h6>\n<\/li>\n<li>\n<h6><strong>21:00 \u2013 Grecia \u2013 Marea Britanie<source sizes=\"(max-width: 400px) 100vw, 400px\" type=\"image\/webp\" data-srcset=\"https:\/\/infotulcea.ro\/wp-content\/uploads\/2026\/07\/Basket-2026-07-28-at-19.06.59-400x500.jpeg.webp 400w, https:\/\/infotulcea.ro\/wp-content\/uploads\/2026\/07\/Basket-2026-07-28-at-19.06.59-819x1024.jpeg.webp 819w, https:\/\/infotulcea.ro\/wp-content\/uploads\/2026\/07\/Basket-2026-07-28-at-19.06.59-768x960.jpeg.webp 768w, https:\/\/infotulcea.ro\/wp-content\/uploads\/2026\/07\/Basket-2026-07-28-at-19.06.59.jpeg.webp 1024w\" \/><img loading=\"lazy\" decoding=\"async\" class=\"size-medium wp-image-40269 alignright\" src=\"https:\/\/infotulcea.ro\/wp-content\/uploads\/2026\/07\/Basket-2026-07-28-at-19.06.59-400x500.jpeg\" alt width=\"400\" height=\"500\"><\/strong><\/h6>\n<\/li>\n<\/ul>\n<h6><strong>1 august<\/strong><\/h6>\n<ul>\n<li>\n<h6><strong>13:30 \u2013 Luxemburg \u2013 Austria<\/strong><\/h6>\n<\/li>\n<li>\n<h6><strong>16:00 \u2013 Bulgaria \u2013 Ucraina<\/strong><\/h6>\n<\/li>\n<li>\n<h6><strong>18:30 \u2013 Islanda \u2013 Rom\u00e2nia<\/strong><\/h6>\n<\/li>\n<li>\n<h6><strong>21:00 \u2013 Slovacia \u2013 Danemarca<\/strong><\/h6>\n<\/li>\n<\/ul>\n<h6><strong>2 august<\/strong><\/h6>\n<ul>\n<li>\n<h6><strong>13:30 \u2013 Portugalia \u2013 Islanda<\/strong><\/h6>\n<\/li>\n<li>\n<h6><strong>16:00 \u2013 Irlanda \u2013 Estonia<\/strong><\/h6>\n<\/li>\n<li>\n<h6><strong>18:30 \u2013 Elve\u021bia \u2013 Norvegia<\/strong><\/h6>\n<\/li>\n<li>\n<h6><strong>21:00 \u2013 Lituania \u2013 Luxemburg<\/strong><\/h6>\n<\/li>\n<\/ul>\n<h6><strong>4 august<\/strong><\/h6>\n<ul>\n<li>\n<h6><strong>13:30 \u2013 Islanda \u2013 \u021a\u0103rile de Jos<\/strong><\/h6>\n<\/li>\n<li>\n<h6><strong>16:00 \u2013 Austria \u2013 Lituania<\/strong><\/h6>\n<\/li>\n<li>\n<h6><strong>18:30 \u2013 Rom\u00e2nia \u2013 Portugalia<\/strong><\/h6>\n<\/li>\n<li>\n<h6><strong>21:00 \u2013 Danemarca \u2013 Grecia<\/strong><\/h6>\n<\/li>\n<\/ul>\n<h6><strong>5 august<\/strong><\/h6>\n<ul>\n<li>\n<h6><strong>13:30 \u2013 Estonia \u2013 Luxemburg<\/strong><\/h6>\n<\/li>\n<li>\n<h6><strong>16:00 \u2013 Macedonia de Nord \u2013 Slovacia<\/strong><\/h6>\n<\/li>\n<li>\n<h6><strong>18:30 \u2013 \u021a\u0103rile de Jos \u2013 Rom\u00e2nia<\/strong><\/h6>\n<\/li>\n<li>\n<h6><strong>21:00 \u2013 Irlanda \u2013 Austria<\/strong><\/h6>\n<\/li>\n<\/ul>\n<h6><strong>Intrarea este gratuit\u0103<source sizes=\"(max-width: 400px) 100vw, 400px\" type=\"image\/webp\" data-srcset=\"https:\/\/infotulcea.ro\/wp-content\/uploads\/2026\/07\/Basket-2026-07-28--400x500.jpeg.webp 400w, https:\/\/infotulcea.ro\/wp-content\/uploads\/2026\/07\/Basket-2026-07-28--819x1024.jpeg.webp 819w, https:\/\/infotulcea.ro\/wp-content\/uploads\/2026\/07\/Basket-2026-07-28--768x960.jpeg.webp 768w, https:\/\/infotulcea.ro\/wp-content\/uploads\/2026\/07\/Basket-2026-07-28-.jpeg.webp 1024w\" \/><img loading=\"lazy\" decoding=\"async\" class=\"size-medium wp-image-40267 alignright\" src=\"https:\/\/infotulcea.ro\/wp-content\/uploads\/2026\/07\/Basket-2026-07-28--400x500.jpeg\" alt width=\"400\" height=\"500\"><\/strong><\/h6>\n<h6><strong>Organizatorii invit\u0103 to\u021bi iubitorii baschetului la Sala Polivalent\u0103 din Tulcea, unde accesul la toate partidele este liber. Publicul va avea ocazia s\u0103 sus\u021bin\u0103 echipa na\u021bional\u0103 a Rom\u00e2niei \u0219i s\u0103 urm\u0103reasc\u0103 la lucru unele dintre cele mai promi\u021b\u0103toare juc\u0103toare ale baschetului european.<\/strong><\/h6>\n<h6><strong>Prin organizarea acestui campionat continental, Tulcea \u00ee\u0219i consolideaz\u0103 statutul de gazd\u0103 a marilor competi\u021bii sportive interna\u021bionale, evenimentul urm\u00e2nd s\u0103 aduc\u0103 \u00een ora\u0219 sute de sportive, oficiali \u0219i suporteri din \u00eentreaga Europ\u0103.<\/strong><\/h6>\n<\/div>\n<div class=\"articleBody\" data-key=\"articleBody\">\u00a0<br \/>\nTulcea devine, \u00eencep\u00e2nd cu 31 iulie, gazda unuia dintre cele mai importante turnee europene de baschet juvenil feminin. Timp de zece zile, ora\u0219ul va primi 20 de echipe na\u021bionale, iar iubitorii sportului vor putea urm\u0103ri gratuit zeci de meciuri spectaculoase la Sala Polivalent\u0103.<br \/>\n\u00cen perioada 31 iulie \u2013 9 august 2026, municipiul Tulcea g\u0103zduie\u0219te FIBA U18 Women\u2019s EuroBasket 2026 \u2013 Divizia B, competi\u021bie organizat\u0103 sub egida Federa\u021biei Interna\u021bionale de Baschet (FIBA), \u00een cadrul c\u0103reia cele 20 de reprezentative participante vor lupta pentru promovarea \u00een Divizia A.<br \/>\nRom\u00e2nia face parte din Grupa A, iar toate cele patru meciuri din faza grupelor vor avea loc la Tulcea, \u00een fa\u021ba propriilor suporteri.<br \/>\nProgramul Rom\u00e2niei<br \/>\n\ud83c\udfc0 31 iulie, ora 18:30 \u2013 Rom\u00e2nia \u2013 Azerbaidjan<br \/>\n\ud83c\udfc0 1 august, ora 18:30 \u2013 Islanda \u2013 Rom\u00e2nia<br \/>\n\ud83c\udfc0 4 august, ora 18:30 \u2013 Rom\u00e2nia \u2013 Portugalia<br \/>\n\ud83c\udfc0 5 august, ora 18:30 \u2013 \u021a\u0103rile de Jos \u2013 Rom\u00e2nia<br \/>\nPrimele zile de competi\u021bie<br \/>\n31 iulie<\/p>\n<p>13:30 \u2013 Lituania \u2013 Irlanda<\/p>\n<p>16:00 \u2013 Israel \u2013 Elve\u021bia<\/p>\n<p>18:30 \u2013 Rom\u00e2nia \u2013 Azerbaidjan<\/p>\n<p>21:00 \u2013 Grecia \u2013 Marea Britanie<\/p>\n<p>1 august<\/p>\n<p>13:30 \u2013 Luxemburg \u2013 Austria<\/p>\n<p>16:00 \u2013 Bulgaria \u2013 Ucraina<\/p>\n<p>18:30 \u2013 Islanda \u2013 Rom\u00e2nia<\/p>\n<p>21:00 \u2013 Slovacia \u2013 Danemarca<\/p>\n<p>2 august<\/p>\n<p>13:30 \u2013 Portugalia \u2013 Islanda<\/p>\n<p>16:00 \u2013 Irlanda \u2013 Estonia<\/p>\n<p>18:30 \u2013 Elve\u021bia \u2013 Norvegia<\/p>\n<p>21:00 \u2013 Lituania \u2013 Luxemburg<\/p>\n<p>4 august<\/p>\n<p>13:30 \u2013 Islanda \u2013 \u021a\u0103rile de Jos<\/p>\n<p>16:00 \u2013 Austria \u2013 Lituania<\/p>\n<p>18:30 \u2013 Rom\u00e2nia \u2013 Portugalia<\/p>\n<p>21:00 \u2013 Danemarca \u2013 Grecia<\/p>\n<p>5 august<\/p>\n<p>13:30 \u2013 Estonia \u2013 Luxemburg<\/p>\n<p>16:00 \u2013 Macedonia de Nord \u2013 Slovacia<\/p>\n<p>18:30 \u2013 \u021a\u0103rile de Jos \u2013 Rom\u00e2nia<\/p>\n<p>21:00 \u2013 Irlanda \u2013 Austria<\/p>\n<p>Intrarea este gratuit\u0103<br \/>\nOrganizatorii invit\u0103 to\u021bi iubitorii baschetului la Sala Polivalent\u0103 din Tulcea, unde accesul la toate partidele este liber. Publicul va avea ocazia s\u0103 sus\u021bin\u0103 echipa na\u021bional\u0103 a Rom\u00e2niei \u0219i s\u0103 urm\u0103reasc\u0103 la lucru unele dintre cele mai promi\u021b\u0103toare juc\u0103toare ale baschetului european.<br \/>\nPrin organizarea acestui campionat continental, Tulcea \u00ee\u0219i consolideaz\u0103 statutul de gazd\u0103 a marilor competi\u021bii sportive interna\u021bionale, evenimentul urm\u00e2nd s\u0103 aduc\u0103 \u00een ora\u0219 sute de sportive, oficiali \u0219i suporteri din \u00eentreaga Europ\u0103.<\/p><\/div>\n<p>[analyse_source url=&#8221;https:\/\/infotulcea.ro\/tulcea-gazduieste-campionatul-european-de-baschet-u18-intrarea-este-gratuita\/&#8221;]<\/p>\n","protected":false},"excerpt":{"rendered":"<p>[analyse_image type=&#8221;featured&#8221; src=&#8221;https:\/\/infotulcea.ro\/wp-content\/uploads\/2021\/11\/bulina.png&#8221;] Home\/Consiliul Jude\u0163ean\/Tulcea g\u0103zduie\u0219te Campionatul European de Baschet U18. Intrarea este gratuit\u0103 Consiliul Jude\u0163ean\u015etirea zilei Tulcea g\u0103zduie\u0219te Campionatul European de Baschet U18. Intrarea este gratuit\u0103 20 de na\u021bionale vin la FIBA U18 Women\u2019s EuroBasket 2026 Redactia29 iulie 2026 0 655 1 minute read \u00a0 Tulcea devine, \u00eencep\u00e2nd cu 31 iulie, gazda unuia dintre [&hellip;]<\/p>\n","protected":false},"author":1,"featured_media":0,"comment_status":"open","ping_status":"","sticky":false,"template":"","format":"standard","meta":{"footnotes":""},"categories":[89],"tags":[226,221],"class_list":["post-2083247","post","type-post","status-publish","format-standard","hentry","category-romania","tag-crawlmanager","tag-infotulcea-ro"],"_links":{"self":[{"href":"https:\/\/analyse.optim.biz\/index.php?rest_route=\/wp\/v2\/posts\/2083247","targetHints":{"allow":["GET"]}}],"collection":[{"href":"https:\/\/analyse.optim.biz\/index.php?rest_route=\/wp\/v2\/posts"}],"about":[{"href":"https:\/\/analyse.optim.biz\/index.php?rest_route=\/wp\/v2\/types\/post"}],"author":[{"embeddable":true,"href":"https:\/\/analyse.optim.biz\/index.php?rest_route=\/wp\/v2\/users\/1"}],"replies":[{"embeddable":true,"href":"https:\/\/analyse.optim.biz\/index.php?rest_route=%2Fwp%2Fv2%2Fcomments&post=2083247"}],"version-history":[{"count":0,"href":"https:\/\/analyse.optim.biz\/index.php?rest_route=\/wp\/v2\/posts\/2083247\/revisions"}],"wp:attachment":[{"href":"https:\/\/analyse.optim.biz\/index.php?rest_route=%2Fwp%2Fv2%2Fmedia&parent=2083247"}],"wp:term":[{"taxonomy":"category","embeddable":true,"href":"https:\/\/analyse.optim.biz\/index.php?rest_route=%2Fwp%2Fv2%2Fcategories&post=2083247"},{"taxonomy":"post_tag","embeddable":true,"href":"https:\/\/analyse.optim.biz\/index.php?rest_route=%2Fwp%2Fv2%2Ftags&post=2083247"}],"curies":[{"name":"wp","href":"https:\/\/api.w.org\/{rel}","templated":true}]}}