{"id":2083243,"date":"2026-07-31T19:06:17","date_gmt":"2026-07-31T16:06:17","guid":{"rendered":"https:\/\/analyse.optim.biz\/?p=2083243"},"modified":"2026-07-31T19:06:17","modified_gmt":"2026-07-31T16:06:17","slug":"investitii-in-infrastructura-sportiva-sala-polivalenta-isi-deschide-portile","status":"publish","type":"post","link":"https:\/\/analyse.optim.biz\/?p=2083243","title":{"rendered":"INVESTI\u021aII \u00een INFRASTRUCTURA SPORTIV\u0102 Sala Polivalent\u0103 \u00ee\u0219i deschide por\u021bile"},"content":{"rendered":"<p>[analyse_image type=&#8221;featured&#8221; src=&#8221;https:\/\/infotulcea.ro\/wp-content\/uploads\/2026\/07\/images.jpghttps:\/\/infotulcea.ro\/wp-content\/uploads\/2026\/07\/images.jpg&#8221;]<\/p>\n<div id=\"content\" class=\"site-content container\">\n<div id=\"main-content-row\" class=\"tie-row main-content-row\">\n<div class=\"main-content tie-col-md-8 tie-col-xs-12\" role=\"main\">\n<article id=\"the-post\" class=\"container-wrapper post-content tie-standard\">\n<header class=\"entry-header-outer\">\n<nav id=\"breadcrumb\"><a href=\"https:\/\/infotulcea.ro\/\"> Home<\/a><em class=\"delimiter\">\/<\/em><a href=\"https:\/\/infotulcea.ro\/categorie\/stirea-zilei\/\">\u015etirea zilei<\/a><em class=\"delimiter\">\/<\/em><span class=\"current\">INVESTI\u021aII \u00een INFRASTRUCTURA SPORTIV\u0102 Sala Polivalent\u0103 \u00ee\u0219i deschide por\u021bile<\/span><\/nav>\n<div class=\"entry-header\"><span class=\"post-cat-wrap\"><a class=\"post-cat tie-cat-29\" href=\"https:\/\/infotulcea.ro\/categorie\/stirea-zilei\/\">\u015etirea zilei<\/a><\/span><\/p>\n<h1 class=\"post-title entry-title\">\n\t\t\tINVESTI\u021aII \u00een INFRASTRUCTURA SPORTIV\u0102 Sala Polivalent\u0103 \u00ee\u0219i deschide por\u021bile\t\t<\/h1>\n<div class=\"single-post-meta post-meta clearfix\"><span class=\"author-meta single-author no-avatars\"><span class=\"meta-item meta-author-wrapper meta-author-9\"><span class=\"meta-author\"><a href=\"https:\/\/infotulcea.ro\/author\/redactia-2\/\" class=\"author-name tie-icon\" title=\"Redactia\">Redactia<\/a><\/span><\/span><\/span><span class=\"date meta-item tie-icon\">31 iulie 2026<\/span><\/p>\n<div class=\"tie-alignright\"><span class=\"meta-comment tie-icon meta-item fa-before\">0<\/span><span class=\"meta-views meta-item \"> 434 <\/span><span class=\"meta-reading-time meta-item\"> 2 minutes read<\/span><\/div>\n<\/div>\n<\/div>\n<\/header>\n<div class=\"entry-content entry clearfix\">\n<p><strong>Vezi AICI Programul complet al meciurilor FIBA U18<\/strong><br \/><strong>Vineri, 31 iulie 2026, este prima zi \u00een care tulcenii au acces liber \u00een una dintre cele mai<\/strong><br \/><strong>importante investi\u021bii in infrastructura sportiv\u0103 din Rom\u00e2nia: Sala Polivalent\u0103 Tulcea,<\/strong><br \/><strong>care va purta denumirea \u201eDanubius Arena\u201c. \u00cen prima zi a FIBA U18 Women<\/strong><br \/><strong>EuroBasket 2026, e\u0219ti a\u0219teptat \u00een sal\u0103 \u00eencep\u00e2nd cu ora 13.30, atunci c\u00e2nd Lituania<img loading=\"lazy\" decoding=\"async\" class=\"wp-image-40292 alignright lazyload\" src=\"https:\/\/infotulcea.ro\/wp-content\/uploads\/2026\/07\/polivalenta-500x281.webp\" alt width=\"470\" height=\"264\"><\/strong><\/p>\n<p><img loading=\"lazy\" decoding=\"async\" class=\" wp-image-40292 alignright\" src=\"https:\/\/infotulcea.ro\/wp-content\/uploads\/2026\/07\/polivalenta-500x281.webp\" alt width=\"470\" height=\"264\"><br \/><strong>\u00eenfrunt\u0103 Irlanda.<\/strong><br \/>\nA fost finalizat\u0103 investi\u021bia privind construc\u021bia noii S\u0103li Polivalente, un proiect derulat de<br \/>\nCompania Na\u021bional\u0103 de Investi\u021bii, av\u00e2nd ca beneficiar Consiliul Jude\u021bean Tulcea.<br \/>\nSala Polivalent\u0103 \u201eDanubius Arena\u201c va fi inaugurat\u0103 oficial \u00een cadrul unui eveniment care va<br \/>\navea loc vineri, 31 iulie 2026, \u00een intervalul 17.45 -18.15, \u00eenainte de primul meci al Na\u021bionalei<br \/>\nRom\u00e2niei.<br \/>\n\u201eSala Polivalent\u0103 Tulcea, care va purta numele \u00abDanubius Arena\u00bb a fost unul dintre<br \/>\nproiectele mele de suflet, o investi\u021bie pe care am promis-o tulcenilor \u0219i care, iat\u0103, a devenit<br \/>\nrealitate. Iar realitatea, trebuie s\u0103 recunoa\u0219tem, ne-a dep\u0103\u0219it cu mult a\u0219tept\u0103rile. Este o<br \/>\nbijuterie de cl\u0103dire, de care sper din tot sufletul s\u0103 se poat\u0103 bucura c\u00e2t mai mul\u021bi tulceni (\u0219i<br \/>\nnu numai). Pentru c\u0103 este o investi\u021bie pentru comunitatea noastr\u0103, pentru Tulcea \u0219i pentru<br \/>\ntulceni, dar \u0219i pentru to\u021bi cei care ne vor c\u0103lca pragul \u0219i vor r\u0103m\u00e2ne impresiona\u021bi, sunt<br \/>\nconvins, de ceea ce vor vedea aici. Invit tulcenii s\u0103 vin\u0103 \u00een num\u0103r c\u00e2t mai mare la Sala<br \/>\nPolivalent\u0103 fie vineri, \u00een ziua inaugur\u0103rii \u0219i a primelor meciuri din Campionatul European<br \/>\nde Baschet, fie \u00een oricare din aceste zile \u00een care se desf\u0103\u0219oar\u0103 meciuri importante. Cred c\u0103<br \/>\naceast\u0103 investi\u021bie nu este un motiv de m\u00e2ndrie numai pentru Compania Na\u021bional\u0103 de<br \/>\nInvesti\u021bii, pentru Consiliul Jude\u021bean Tulcea sau pentru antreprenor, ci trebuie s\u0103 fie un<br \/>\nmotiv de m\u00e2ndrie pentru fiecare tulcean \u00een parte\u201c, a transmis pre\u0219edintele Consiliului<br \/>\nJude\u021bean Tulcea, Horia Teodorescu.<br \/>\nDETALII TEHNICE Cu o suprafa\u021b\u0103 construit\u0103 desf\u0103\u0219urat\u0103 de peste 15.000 metri p\u0103tra\u021bi \u0219i o<br \/>\ncapacitate de peste 4.000 de locuri, obiectivul dispune de facilit\u0103\u021bi moderne, precum parcare<br \/>\nsubteran\u0103 cu 78 de locuri, vestiare pentru echipe \u0219i oficiali, \u00eempreun\u0103 cu toate spa\u021biile<br \/>\nnecesare desf\u0103\u0219ur\u0103rii competi\u021biilor \u0219i activit\u0103\u021bilor curente, spa\u021bii dedicate reprezentan\u021bilor<br \/>\nmass-media, incluz\u00e2nd boxa presei, masa presei \u0219i sala pentru conferin\u021be de pres\u0103, sal\u0103 de<br \/>\nantrenament cu teren de dimensiuni regulamentare pentru handbal.<br \/>\nProgramul complet al Campionatului European de Baschet<br \/>\nVineri, 31 iulie 2026, \u00eencep\u00e2nd cu ora 13.30, se d\u0103 startul oficial al FIBA U18 Women&#039;s<br \/>\nEuroBasket 2026, competi\u021bie european\u0103 organizat\u0103 de Federa\u021bia Rom\u00e2n\u0103 de Baschet, cu<br \/>\nsprijinul Consiliului Jude\u021bean Tulcea.<br \/>\nIntrarea la toate meciurile este LIBER\u0102, iar iubitorii baschetului sunt invita\u021bi la Sala<br \/>\nPolivalent\u0103 din Tulcea pentru a sus\u021bine na\u021bionala Rom\u00e2niei \u0219i pentru a urm\u0103ri la lucru unele<br \/>\nStr. P\u0103cii, nr. 20 \u2013 tel. 0240-502208; fax: 0240-513071; e-mail: office@cjtulcea.ro; \u2013 COD FISCAL: 4321607<\/p>\n<p>dintre cele mai talentate tinere juc\u0103toare ale Europei.<br \/>\n31 iulie 2026<\/p>\n<p>13:30 \u2013 Lituania vs. Irlanda<br \/>\n16:00 \u2013 Israel vs. Elve\u021bia<br \/>\n18:30 \u2013 Rom\u00e2nia vs. Azerbaidjan<br \/>\n21:00 \u2013 Grecia vs. Marea Britanie<\/p>\n<p>1 august 2026<\/p>\n<p>13:30 \u2013 Luxemburg vs. Austria<br \/>\n16:00 \u2013 Bulgaria vs. Ucraina<br \/>\n18:30 \u2013 Islanda vs. Rom\u00e2nia<br \/>\n21:00 \u2013 Slovacia vs. Danemarca<\/p>\n<p>2 august 2026<\/p>\n<p>13:30 \u2013 Portugalia vs. Islanda<br \/>\n16:00 \u2013 Irlanda vs. Estonia<br \/>\n18:30 \u2013 Elve\u021bia vs. Norvegia<br \/>\n21:00 \u2013 Lituania vs. Luxemburg<\/p>\n<p>4 august 2026<\/p>\n<p>13:30 \u2013 Islanda vs. \u021a\u0103rile de Jos<br \/>\n16:00 \u2013 Austria vs. Lituania<br \/>\n18:30 \u2013 Rom\u00e2nia vs. Portugalia<br \/>\n21:00 \u2013 Danemarca vs. Grecia<\/p>\n<p>5 august 2026<\/p>\n<p>13:30 \u2013 Estonia vs. Luxemburg<br \/>\n16:00 \u2013 Macedonia de Nord vs. Slovacia<br \/>\n18:30 \u2013 \u021a\u0103rile de Jos vs. Rom\u00e2nia<br \/>\n21:00 \u2013 Irlanda vs. Austria<\/p>\n<\/div>\n<div id=\"post-extra-info\">\n<div class=\"theiaStickySidebar\">\n<div class=\"single-post-meta post-meta clearfix\"><span class=\"author-meta single-author no-avatars\"><span class=\"meta-item meta-author-wrapper meta-author-9\"><span class=\"meta-author\"><a href=\"https:\/\/infotulcea.ro\/author\/redactia-2\/\" class=\"author-name tie-icon\" title=\"Redactia\">Redactia<\/a><\/span><\/span><\/span><span class=\"date meta-item tie-icon\">31 iulie 2026<\/span><\/p>\n<div class=\"tie-alignright\"><span class=\"meta-comment tie-icon meta-item fa-before\">0<\/span><span class=\"meta-views meta-item \"> 434 <\/span><span class=\"meta-reading-time meta-item\"> 2 minutes read<\/span><\/div>\n<\/div>\n<\/div>\n<\/div>\n<div id=\"share-buttons-bottom\" class=\"share-buttons share-buttons-bottom\">\n<div class=\"share-links  icons-only\">\n<div class=\"share-title\"><span> Share<\/span><\/div>\n<p><a href=\"https:\/\/www.facebook.com\/sharer.php?u=https:\/\/infotulcea.ro\/investitii-in-infrastructura-sportiva-sala-polivalenta-isi-deschide-portile\/\" rel=\"external noopener nofollow\" title=\"Facebook\" target=\"_blank\" class=\"facebook-share-btn \" data-raw=\"https:\/\/www.facebook.com\/sharer.php?u={post_link}\"><span class=\"screen-reader-text\">Facebook<\/span><\/a><a href=\"https:\/\/twitter.com\/intent\/tweet?text=INVESTI%C8%9AII%20%C3%AEn%20INFRASTRUCTURA%20SPORTIV%C4%82%20Sala%20Polivalent%C4%83%20%C3%AE%C8%99i%20deschide%20por%C8%9Bile&amp;url=https:\/\/infotulcea.ro\/investitii-in-infrastructura-sportiva-sala-polivalenta-isi-deschide-portile\/\" rel=\"external noopener nofollow\" title=\"X\" target=\"_blank\" class=\"twitter-share-btn \" data-raw=\"https:\/\/twitter.com\/intent\/tweet?text={post_title}&amp;url={post_link}\"><span class=\"screen-reader-text\">X<\/span><\/a><a href=\"https:\/\/api.whatsapp.com\/send?text=INVESTI%C8%9AII%20%C3%AEn%20INFRASTRUCTURA%20SPORTIV%C4%82%20Sala%20Polivalent%C4%83%20%C3%AE%C8%99i%20deschide%20por%C8%9Bile%20https:\/\/infotulcea.ro\/investitii-in-infrastructura-sportiva-sala-polivalenta-isi-deschide-portile\/\" rel=\"external noopener nofollow\" title=\"WhatsApp\" target=\"_blank\" class=\"whatsapp-share-btn \" data-raw=\"https:\/\/api.whatsapp.com\/send?text={post_title}%20{post_link}\"><span class=\"screen-reader-text\">WhatsApp<\/span><\/a><a href=\"https:\/\/telegram.me\/share\/url?url=https:\/\/infotulcea.ro\/investitii-in-infrastructura-sportiva-sala-polivalenta-isi-deschide-portile\/&amp;text=INVESTI%C8%9AII%20%C3%AEn%20INFRASTRUCTURA%20SPORTIV%C4%82%20Sala%20Polivalent%C4%83%20%C3%AE%C8%99i%20deschide%20por%C8%9Bile\" rel=\"external noopener nofollow\" title=\"Telegram\" target=\"_blank\" class=\"telegram-share-btn \" data-raw=\"https:\/\/telegram.me\/share\/url?url={post_link}&amp;text={post_title}\"><span class=\"screen-reader-text\">Telegram<\/span><\/a><a href=\"mailto:?subject=INVESTI%C8%9AII%20%C3%AEn%20INFRASTRUCTURA%20SPORTIV%C4%82%20Sala%20Polivalent%C4%83%20%C3%AE%C8%99i%20deschide%20por%C8%9Bile&amp;body=https:\/\/infotulcea.ro\/investitii-in-infrastructura-sportiva-sala-polivalenta-isi-deschide-portile\/\" rel=\"external noopener nofollow\" title=\"Share via Email\" target=\"_blank\" class=\"email-share-btn \" data-raw=\"mailto:?subject={post_title}&amp;body={post_link}\"><span class=\"screen-reader-text\">Share via Email<\/span><\/a><a href=\"https:\/\/infotulcea.ro\/investitii-in-infrastructura-sportiva-sala-polivalenta-isi-deschide-portile\/\" rel=\"external noopener nofollow\" title=\"Print\" target=\"_blank\" class=\"print-share-btn \" data-raw=\"#\"><span class=\"screen-reader-text\">Print<\/span><\/a><\/div>\n<\/div>\n<\/article>\n<div class=\"post-components\">\n<div id=\"related-posts\" class=\"container-wrapper has-extra-post\">\n<div class=\"mag-box-title the-global-title\">\n<h3>Related Articles<\/h3>\n<\/div>\n<div class=\"related-posts-list\">\n<div class=\"related-item tie-standard\"><a aria-label=\"(VIDEO) \u0218tafeta Veteranilor Invictus a ajuns \u00een aceast\u0103 sear\u0103 la Tulcea!\" href=\"https:\/\/infotulcea.ro\/video-stafeta-veteranilor-invictus-a-ajuns-in-aceasta-seara-la-tulcea\/\" class=\"post-thumb\"><source type=\"image\/webp\" data-srcset=\"https:\/\/infotulcea.ro\/wp-content\/uploads\/2024\/10\/invictus-2024-390x220.jpg.webp\" \/><img loading=\"lazy\" decoding=\"async\" width=\"390\" height=\"220\" src=\"https:\/\/infotulcea.ro\/wp-content\/uploads\/2024\/10\/invictus-2024-390x220.jpg\" class=\"attachment-jannah-image-large size-jannah-image-large wp-post-image\" alt><\/a><\/p>\n<h3 class=\"post-title\"><a href=\"https:\/\/infotulcea.ro\/video-stafeta-veteranilor-invictus-a-ajuns-in-aceasta-seara-la-tulcea\/\">(VIDEO) \u0218tafeta Veteranilor Invictus a ajuns \u00een aceast\u0103 sear\u0103 la Tulcea!<\/a><\/h3>\n<div class=\"post-meta clearfix\"><span class=\"date meta-item tie-icon\">7 octombrie 2024<\/span><\/div>\n<\/div>\n<div class=\"related-item tie-standard\"><a aria-label=\"Ziua Limbii Rom\u00e2ne marcat\u0103 la Jurilovca!\" href=\"https:\/\/infotulcea.ro\/ziua-limbii-romane-marcata-la-jurilovca\/\" class=\"post-thumb\"><source type=\"image\/webp\" data-srcset=\"https:\/\/infotulcea.ro\/wp-content\/uploads\/2022\/09\/IMG-20220902-WA0030-390x220.jpg.webp\" \/><img loading=\"lazy\" decoding=\"async\" width=\"390\" height=\"220\" src=\"https:\/\/infotulcea.ro\/wp-content\/uploads\/2022\/09\/IMG-20220902-WA0030-390x220.jpg\" class=\"attachment-jannah-image-large size-jannah-image-large wp-post-image\" alt><\/a><\/p>\n<h3 class=\"post-title\"><a href=\"https:\/\/infotulcea.ro\/ziua-limbii-romane-marcata-la-jurilovca\/\">Ziua Limbii Rom\u00e2ne marcat\u0103 la Jurilovca!<\/a><\/h3>\n<div class=\"post-meta clearfix\"><span class=\"date meta-item tie-icon\">2 septembrie 2022<\/span><\/div>\n<\/div>\n<div class=\"related-item tie-standard\"><a aria-label=\"\u201eImpertinen\u0163a\u201d barcagiilor taxat\u0103 de conducerea ARBDD!\" href=\"https:\/\/infotulcea.ro\/impertinenta-barcagiilor-taxata-de-conducerea-arbdd\/\" class=\"post-thumb\"><img loading=\"lazy\" decoding=\"async\" width=\"390\" height=\"220\" src=\"https:\/\/infotulcea.ro\/wp-content\/uploads\/2020\/09\/11-1-390x220.jpg\" class=\"attachment-jannah-image-large size-jannah-image-large wp-post-image lazyload\" alt><img loading=\"lazy\" decoding=\"async\" width=\"390\" height=\"220\" src=\"https:\/\/infotulcea.ro\/wp-content\/uploads\/2020\/09\/11-1-390x220.jpg\" class=\"attachment-jannah-image-large size-jannah-image-large wp-post-image\" alt><\/a><\/p>\n<h3 class=\"post-title\"><a href=\"https:\/\/infotulcea.ro\/impertinenta-barcagiilor-taxata-de-conducerea-arbdd\/\">\u201eImpertinen\u0163a\u201d barcagiilor taxat\u0103 de conducerea ARBDD!<\/a><\/h3>\n<div class=\"post-meta clearfix\"><span class=\"date meta-item tie-icon\">8 septembrie 2020<\/span><\/div>\n<\/div>\n<div class=\"related-item tie-standard\"><a aria-label=\"Vinerea Verde \u2013 STOP! Azi masina sta pe loc!\" href=\"https:\/\/infotulcea.ro\/vinerea-verde-stop-azi-masina-sta-pe-loc\/\" class=\"post-thumb\"><img loading=\"lazy\" decoding=\"async\" width=\"390\" height=\"220\" src=\"https:\/\/infotulcea.ro\/wp-content\/uploads\/2021\/03\/Vinerea-Verde-STOP-Azi-masina-sta-pe-loc--390x220.jpg\" class=\"attachment-jannah-image-large size-jannah-image-large wp-post-image lazyload\" alt><img loading=\"lazy\" decoding=\"async\" width=\"390\" height=\"220\" src=\"https:\/\/infotulcea.ro\/wp-content\/uploads\/2021\/03\/Vinerea-Verde-STOP-Azi-masina-sta-pe-loc--390x220.jpg\" class=\"attachment-jannah-image-large size-jannah-image-large wp-post-image\" alt><\/a><\/p>\n<h3 class=\"post-title\"><a href=\"https:\/\/infotulcea.ro\/vinerea-verde-stop-azi-masina-sta-pe-loc\/\">Vinerea Verde \u2013 STOP! Azi masina sta pe loc!<\/a><\/h3>\n<div class=\"post-meta clearfix\"><span class=\"date meta-item tie-icon\">10 martie 2021<\/span><\/div>\n<\/div>\n<\/div>\n<\/div>\n<div id=\"comments\" class=\"comments-area\">\n<div id=\"add-comment-block\" class=\"container-wrapper\">\n<div id=\"respond\" class=\"comment-respond\">\n<h3 id=\"reply-title\" class=\"comment-reply-title the-global-title\">Las\u0103 un r\u0103spuns <small><a rel=\"nofollow\" id=\"cancel-comment-reply-link\" href=\"https:\/\/infotulcea.ro\/investitii-in-infrastructura-sportiva-sala-polivalenta-isi-deschide-portile\/#respond\">Anuleaz\u0103 r\u0103spunsul<\/a><\/small><\/h3>\n<p class=\"comment-notes\"><span id=\"email-notes\">Adresa ta de email nu va fi publicat\u0103.<\/span><span class=\"required-field-message\">C\u00e2mpurile obligatorii sunt marcate cu <span class=\"required\">*<\/span><\/span><\/p>\n<\/div>\n<\/div>\n<\/div>\n<\/div>\n<\/div>\n<div id=\"check-also-box\" class=\"container-wrapper check-also-right\">\n<div class=\"widget-title the-global-title\">\n<div class=\"the-subtitle\">Check Also<\/div>\n<p><a href=\"https:\/\/infotulcea.ro\/investitii-in-infrastructura-sportiva-sala-polivalenta-isi-deschide-portile\/\" id=\"check-also-close\" class=\"remove\"><span class=\"screen-reader-text\">Close<\/span><\/a><\/div>\n<div class=\"widget posts-list-big-first has-first-big-post\">\n<ul class=\"posts-list-items\">\n<li class=\"widget-single-post-item widget-post-list tie-standard\">\n<div class=\"post-widget-thumbnail\"><a aria-label=\"Contract de austeritate pentru Navrom Delta cu Ministerul Transporturilor!\" href=\"https:\/\/infotulcea.ro\/contract-de-austeritate-pentru-navrom-delta-cu-ministerul-transporturilor\/\" class=\"post-thumb\"><span class=\"post-cat-wrap\"><span class=\"post-cat tie-cat-29\">\u015etirea zilei<\/span><\/span><source sizes=\"(max-width: 339px) 100vw, 339px\" type=\"image\/webp\" data-srcset=\"https:\/\/infotulcea.ro\/wp-content\/uploads\/2020\/05\/navromu.jpg.webp 1080w, https:\/\/infotulcea.ro\/wp-content\/uploads\/2020\/05\/navromu-300x195.jpg.webp 300w, https:\/\/infotulcea.ro\/wp-content\/uploads\/2020\/05\/navromu-1024x664.jpg.webp 1024w, https:\/\/infotulcea.ro\/wp-content\/uploads\/2020\/05\/navromu-768x498.jpg.webp 768w, https:\/\/infotulcea.ro\/wp-content\/uploads\/2020\/05\/navromu-1536x996.jpg.webp 1536w, https:\/\/infotulcea.ro\/wp-content\/uploads\/2020\/05\/navromu-696x451.jpg.webp 696w, https:\/\/infotulcea.ro\/wp-content\/uploads\/2020\/05\/navromu-1068x693.jpg.webp 1068w, https:\/\/infotulcea.ro\/wp-content\/uploads\/2020\/05\/navromu-648x420.jpg.webp 648w\" \/><img loading=\"lazy\" decoding=\"async\" width=\"339\" height=\"220\" src=\"https:\/\/infotulcea.ro\/wp-content\/uploads\/2020\/05\/navromu.jpg\" class=\"attachment-jannah-image-large size-jannah-image-large wp-post-image\" alt><\/a><\/div>\n<div class=\"post-widget-body \"><a class=\"post-title the-subtitle\" href=\"https:\/\/infotulcea.ro\/contract-de-austeritate-pentru-navrom-delta-cu-ministerul-transporturilor\/\">Contract de austeritate pentru Navrom Delta cu Ministerul Transporturilor!<\/a><\/p>\n<div class=\"post-meta\"><span class=\"date meta-item tie-icon\">2 mai 2023<\/span><\/div>\n<\/div>\n<\/li>\n<\/ul>\n<\/div>\n<\/div>\n<aside class=\"sidebar tie-col-md-4 tie-col-xs-12 normal-side is-sticky\" aria-label=\"Primary Sidebar\">\n<div class=\"theiaStickySidebar\">\n<div id=\"media_image-19\" class=\"container-wrapper widget widget_media_image\"><a href=\"https:\/\/infotulcea.ro\/delta-dunarii-mai-accesibila-navrom-delta-creste-numarul-curselor-regulate-de-la-1-mai-2025\/\"><source sizes=\"(max-width: 500px) 100vw, 500px\" type=\"image\/webp\" data-srcset=\"https:\/\/infotulcea.ro\/wp-content\/uploads\/2025\/04\/navrom-delta-500x271.jpg.webp 500w, https:\/\/infotulcea.ro\/wp-content\/uploads\/2025\/04\/navrom-delta-1024x555.jpg.webp 1024w, https:\/\/infotulcea.ro\/wp-content\/uploads\/2025\/04\/navrom-delta-768x416.jpg.webp 768w, https:\/\/infotulcea.ro\/wp-content\/uploads\/2025\/04\/navrom-delta.jpg.webp 1080w\" \/><img loading=\"lazy\" decoding=\"async\" width=\"500\" height=\"271\" src=\"https:\/\/infotulcea.ro\/wp-content\/uploads\/2025\/04\/navrom-delta-500x271.jpg\" class=\"image wp-image-34487  attachment-medium size-medium\" alt><\/a><\/div>\n<div id=\"media_image-17\" class=\"container-wrapper widget widget_media_image\"><a href=\"https:\/\/www.facebook.com\/share\/p\/1DGAD1tLWN\/?mibextid=wwXIfr\" target=\"_blank\"><source sizes=\"(max-width: 500px) 100vw, 500px\" type=\"image\/webp\" data-srcset=\"https:\/\/infotulcea.ro\/wp-content\/uploads\/2026\/01\/IMG_1563-500x500.jpeg.webp 500w, https:\/\/infotulcea.ro\/wp-content\/uploads\/2026\/01\/IMG_1563-1024x1024.jpeg.webp 1024w, https:\/\/infotulcea.ro\/wp-content\/uploads\/2026\/01\/IMG_1563-250x250.jpeg.webp 250w, https:\/\/infotulcea.ro\/wp-content\/uploads\/2026\/01\/IMG_1563-768x768.jpeg.webp 768w, https:\/\/infotulcea.ro\/wp-content\/uploads\/2026\/01\/IMG_1563.jpeg.webp 1080w\" \/><img loading=\"lazy\" decoding=\"async\" width=\"500\" height=\"500\" src=\"https:\/\/infotulcea.ro\/wp-content\/uploads\/2026\/01\/IMG_1563-500x500.jpeg\" class=\"image wp-image-37932  attachment-medium size-medium\" alt title=\"Centrale pe lemne\"><\/a><\/div>\n<div id=\"media_image-18\" class=\"container-wrapper widget widget_media_image\"><a href=\"https:\/\/www.licitatia.ro\/site\/index-guest\"><img loading=\"lazy\" decoding=\"async\" width=\"500\" height=\"262\" src=\"https:\/\/infotulcea.ro\/wp-content\/uploads\/2025\/09\/licitatia-500x262.png\" class=\"image wp-image-36670  attachment-medium size-medium lazyload\" alt><img loading=\"lazy\" decoding=\"async\" width=\"500\" height=\"262\" src=\"https:\/\/infotulcea.ro\/wp-content\/uploads\/2025\/09\/licitatia-500x262.png\" class=\"image wp-image-36670  attachment-medium size-medium\" alt><\/a><\/div>\n<div id=\"media_image-27\" class=\"container-wrapper widget widget_media_image\"><a href=\"https:\/\/www.centrale-lemne-liepsnele.ro\/\"><img loading=\"lazy\" decoding=\"async\" width=\"500\" height=\"500\" src=\"https:\/\/infotulcea.ro\/wp-content\/uploads\/2025\/09\/Centrale-pe-Lemne-Liepsnele-500x500.png\" class=\"image wp-image-36541  attachment-medium size-medium lazyload\" alt=\"Centrala pe lemne\"><img loading=\"lazy\" decoding=\"async\" width=\"500\" height=\"500\" src=\"https:\/\/infotulcea.ro\/wp-content\/uploads\/2025\/09\/Centrale-pe-Lemne-Liepsnele-500x500.png\" class=\"image wp-image-36541  attachment-medium size-medium\" alt=\"Centrala pe lemne\"><\/a><\/div>\n<div id=\"media_image-28\" class=\"container-wrapper widget widget_media_image\"><a href=\"https:\/\/infotulcea.ro\/angajeaza-te-ro-platforma-ta-online-de-angajari-si-forta-de-munca\/\"><source sizes=\"(max-width: 500px) 100vw, 500px\" type=\"image\/webp\" data-srcset=\"https:\/\/infotulcea.ro\/wp-content\/uploads\/2025\/04\/banner-angajazate-1-500x305.jpg.webp 500w, https:\/\/infotulcea.ro\/wp-content\/uploads\/2025\/04\/banner-angajazate-1-1024x625.jpg.webp 1024w, https:\/\/infotulcea.ro\/wp-content\/uploads\/2025\/04\/banner-angajazate-1-768x469.jpg.webp 768w, https:\/\/infotulcea.ro\/wp-content\/uploads\/2025\/04\/banner-angajazate-1.jpg.webp 1080w\" \/><img loading=\"lazy\" decoding=\"async\" width=\"500\" height=\"305\" src=\"https:\/\/infotulcea.ro\/wp-content\/uploads\/2025\/04\/banner-angajazate-1-500x305.jpg\" class=\"image wp-image-34317  attachment-medium size-medium\" alt><\/a><\/div>\n<\/div>\n<\/aside>\n<\/div>\n<\/div>\n<div class=\"entry-content entry clearfix\">\n<p><strong>Vezi AICI Programul complet al meciurilor FIBA U18<\/strong><br \/><strong>Vineri, 31 iulie 2026, este prima zi \u00een care tulcenii au acces liber \u00een una dintre cele mai<\/strong><br \/><strong>importante investi\u021bii in infrastructura sportiv\u0103 din Rom\u00e2nia: Sala Polivalent\u0103 Tulcea,<\/strong><br \/><strong>care va purta denumirea \u201eDanubius Arena\u201c. \u00cen prima zi a FIBA U18 Women<\/strong><br \/><strong>EuroBasket 2026, e\u0219ti a\u0219teptat \u00een sal\u0103 \u00eencep\u00e2nd cu ora 13.30, atunci c\u00e2nd Lituania<img loading=\"lazy\" decoding=\"async\" class=\"wp-image-40292 alignright lazyload\" src=\"https:\/\/infotulcea.ro\/wp-content\/uploads\/2026\/07\/polivalenta-500x281.webp\" alt width=\"470\" height=\"264\"><\/strong><\/p>\n<p><img loading=\"lazy\" decoding=\"async\" class=\" wp-image-40292 alignright\" src=\"https:\/\/infotulcea.ro\/wp-content\/uploads\/2026\/07\/polivalenta-500x281.webp\" alt width=\"470\" height=\"264\"><br \/><strong>\u00eenfrunt\u0103 Irlanda.<\/strong><br \/>\nA fost finalizat\u0103 investi\u021bia privind construc\u021bia noii S\u0103li Polivalente, un proiect derulat de<br \/>\nCompania Na\u021bional\u0103 de Investi\u021bii, av\u00e2nd ca beneficiar Consiliul Jude\u021bean Tulcea.<br \/>\nSala Polivalent\u0103 \u201eDanubius Arena\u201c va fi inaugurat\u0103 oficial \u00een cadrul unui eveniment care va<br \/>\navea loc vineri, 31 iulie 2026, \u00een intervalul 17.45 -18.15, \u00eenainte de primul meci al Na\u021bionalei<br \/>\nRom\u00e2niei.<br \/>\n\u201eSala Polivalent\u0103 Tulcea, care va purta numele \u00abDanubius Arena\u00bb a fost unul dintre<br \/>\nproiectele mele de suflet, o investi\u021bie pe care am promis-o tulcenilor \u0219i care, iat\u0103, a devenit<br \/>\nrealitate. Iar realitatea, trebuie s\u0103 recunoa\u0219tem, ne-a dep\u0103\u0219it cu mult a\u0219tept\u0103rile. Este o<br \/>\nbijuterie de cl\u0103dire, de care sper din tot sufletul s\u0103 se poat\u0103 bucura c\u00e2t mai mul\u021bi tulceni (\u0219i<br \/>\nnu numai). Pentru c\u0103 este o investi\u021bie pentru comunitatea noastr\u0103, pentru Tulcea \u0219i pentru<br \/>\ntulceni, dar \u0219i pentru to\u021bi cei care ne vor c\u0103lca pragul \u0219i vor r\u0103m\u00e2ne impresiona\u021bi, sunt<br \/>\nconvins, de ceea ce vor vedea aici. Invit tulcenii s\u0103 vin\u0103 \u00een num\u0103r c\u00e2t mai mare la Sala<br \/>\nPolivalent\u0103 fie vineri, \u00een ziua inaugur\u0103rii \u0219i a primelor meciuri din Campionatul European<br \/>\nde Baschet, fie \u00een oricare din aceste zile \u00een care se desf\u0103\u0219oar\u0103 meciuri importante. Cred c\u0103<br \/>\naceast\u0103 investi\u021bie nu este un motiv de m\u00e2ndrie numai pentru Compania Na\u021bional\u0103 de<br \/>\nInvesti\u021bii, pentru Consiliul Jude\u021bean Tulcea sau pentru antreprenor, ci trebuie s\u0103 fie un<br \/>\nmotiv de m\u00e2ndrie pentru fiecare tulcean \u00een parte\u201c, a transmis pre\u0219edintele Consiliului<br \/>\nJude\u021bean Tulcea, Horia Teodorescu.<br \/>\nDETALII TEHNICE Cu o suprafa\u021b\u0103 construit\u0103 desf\u0103\u0219urat\u0103 de peste 15.000 metri p\u0103tra\u021bi \u0219i o<br \/>\ncapacitate de peste 4.000 de locuri, obiectivul dispune de facilit\u0103\u021bi moderne, precum parcare<br \/>\nsubteran\u0103 cu 78 de locuri, vestiare pentru echipe \u0219i oficiali, \u00eempreun\u0103 cu toate spa\u021biile<br \/>\nnecesare desf\u0103\u0219ur\u0103rii competi\u021biilor \u0219i activit\u0103\u021bilor curente, spa\u021bii dedicate reprezentan\u021bilor<br \/>\nmass-media, incluz\u00e2nd boxa presei, masa presei \u0219i sala pentru conferin\u021be de pres\u0103, sal\u0103 de<br \/>\nantrenament cu teren de dimensiuni regulamentare pentru handbal.<br \/>\nProgramul complet al Campionatului European de Baschet<br \/>\nVineri, 31 iulie 2026, \u00eencep\u00e2nd cu ora 13.30, se d\u0103 startul oficial al FIBA U18 Women&#039;s<br \/>\nEuroBasket 2026, competi\u021bie european\u0103 organizat\u0103 de Federa\u021bia Rom\u00e2n\u0103 de Baschet, cu<br \/>\nsprijinul Consiliului Jude\u021bean Tulcea.<br \/>\nIntrarea la toate meciurile este LIBER\u0102, iar iubitorii baschetului sunt invita\u021bi la Sala<br \/>\nPolivalent\u0103 din Tulcea pentru a sus\u021bine na\u021bionala Rom\u00e2niei \u0219i pentru a urm\u0103ri la lucru unele<br \/>\nStr. P\u0103cii, nr. 20 \u2013 tel. 0240-502208; fax: 0240-513071; e-mail: office@cjtulcea.ro; \u2013 COD FISCAL: 4321607<\/p>\n<p>dintre cele mai talentate tinere juc\u0103toare ale Europei.<br \/>\n31 iulie 2026<\/p>\n<p>13:30 \u2013 Lituania vs. Irlanda<br \/>\n16:00 \u2013 Israel vs. Elve\u021bia<br \/>\n18:30 \u2013 Rom\u00e2nia vs. Azerbaidjan<br \/>\n21:00 \u2013 Grecia vs. Marea Britanie<\/p>\n<p>1 august 2026<\/p>\n<p>13:30 \u2013 Luxemburg vs. Austria<br \/>\n16:00 \u2013 Bulgaria vs. Ucraina<br \/>\n18:30 \u2013 Islanda vs. Rom\u00e2nia<br \/>\n21:00 \u2013 Slovacia vs. Danemarca<\/p>\n<p>2 august 2026<\/p>\n<p>13:30 \u2013 Portugalia vs. Islanda<br \/>\n16:00 \u2013 Irlanda vs. Estonia<br \/>\n18:30 \u2013 Elve\u021bia vs. Norvegia<br \/>\n21:00 \u2013 Lituania vs. Luxemburg<\/p>\n<p>4 august 2026<\/p>\n<p>13:30 \u2013 Islanda vs. \u021a\u0103rile de Jos<br \/>\n16:00 \u2013 Austria vs. Lituania<br \/>\n18:30 \u2013 Rom\u00e2nia vs. Portugalia<br \/>\n21:00 \u2013 Danemarca vs. Grecia<\/p>\n<p>5 august 2026<\/p>\n<p>13:30 \u2013 Estonia vs. Luxemburg<br \/>\n16:00 \u2013 Macedonia de Nord vs. Slovacia<br \/>\n18:30 \u2013 \u021a\u0103rile de Jos vs. Rom\u00e2nia<br \/>\n21:00 \u2013 Irlanda vs. Austria<\/p>\n<\/div>\n<div class=\"articleBody\" data-key=\"articleBody\">Vezi AICI Programul complet al meciurilor FIBA U18<br \/>\nVineri, 31 iulie 2026, este prima zi \u00een care tulcenii au acces liber \u00een una dintre cele mai<br \/>\nimportante investi\u021bii in infrastructura sportiv\u0103 din Rom\u00e2nia: Sala Polivalent\u0103 Tulcea,<br \/>\ncare va purta denumirea \u201eDanubius Arena\u201c. \u00cen prima zi a FIBA U18 Women<br \/>\nEuroBasket 2026, e\u0219ti a\u0219teptat \u00een sal\u0103 \u00eencep\u00e2nd cu ora 13.30, atunci c\u00e2nd Lituania<br \/>\n\u00eenfrunt\u0103 Irlanda.<br \/>\nA fost finalizat\u0103 investi\u021bia privind construc\u021bia noii S\u0103li Polivalente, un proiect derulat de<br \/>\nCompania Na\u021bional\u0103 de Investi\u021bii, av\u00e2nd ca beneficiar Consiliul Jude\u021bean Tulcea.<br \/>\nSala Polivalent\u0103 \u201eDanubius Arena\u201c va fi inaugurat\u0103 oficial \u00een cadrul unui eveniment care va<br \/>\navea loc vineri, 31 iulie 2026, \u00een intervalul 17.45 -18.15, \u00eenainte de primul meci al Na\u021bionalei<br \/>\nRom\u00e2niei.<br \/>\n\u201eSala Polivalent\u0103 Tulcea, care va purta numele \u00abDanubius Arena\u00bb a fost unul dintre<br \/>\nproiectele mele de suflet, o investi\u021bie pe care am promis-o tulcenilor \u0219i care, iat\u0103, a devenit<br \/>\nrealitate. Iar realitatea, trebuie s\u0103 recunoa\u0219tem, ne-a dep\u0103\u0219it cu mult a\u0219tept\u0103rile. Este o<br \/>\nbijuterie de cl\u0103dire, de care sper din tot sufletul s\u0103 se poat\u0103 bucura c\u00e2t mai mul\u021bi tulceni (\u0219i<br \/>\nnu numai). Pentru c\u0103 este o investi\u021bie pentru comunitatea noastr\u0103, pentru Tulcea \u0219i pentru<br \/>\ntulceni, dar \u0219i pentru to\u021bi cei care ne vor c\u0103lca pragul \u0219i vor r\u0103m\u00e2ne impresiona\u021bi, sunt<br \/>\nconvins, de ceea ce vor vedea aici. Invit tulcenii s\u0103 vin\u0103 \u00een num\u0103r c\u00e2t mai mare la Sala<br \/>\nPolivalent\u0103 fie vineri, \u00een ziua inaugur\u0103rii \u0219i a primelor meciuri din Campionatul European<br \/>\nde Baschet, fie \u00een oricare din aceste zile \u00een care se desf\u0103\u0219oar\u0103 meciuri importante. Cred c\u0103<br \/>\naceast\u0103 investi\u021bie nu este un motiv de m\u00e2ndrie numai pentru Compania Na\u021bional\u0103 de<br \/>\nInvesti\u021bii, pentru Consiliul Jude\u021bean Tulcea sau pentru antreprenor, ci trebuie s\u0103 fie un<br \/>\nmotiv de m\u00e2ndrie pentru fiecare tulcean \u00een parte\u201c, a transmis pre\u0219edintele Consiliului<br \/>\nJude\u021bean Tulcea, Horia Teodorescu.<br \/>\nDETALII TEHNICE Cu o suprafa\u021b\u0103 construit\u0103 desf\u0103\u0219urat\u0103 de peste 15.000 metri p\u0103tra\u021bi \u0219i o<br \/>\ncapacitate de peste 4.000 de locuri, obiectivul dispune de facilit\u0103\u021bi moderne, precum parcare<br \/>\nsubteran\u0103 cu 78 de locuri, vestiare pentru echipe \u0219i oficiali, \u00eempreun\u0103 cu toate spa\u021biile<br \/>\nnecesare desf\u0103\u0219ur\u0103rii competi\u021biilor \u0219i activit\u0103\u021bilor curente, spa\u021bii dedicate reprezentan\u021bilor<br \/>\nmass-media, incluz\u00e2nd boxa presei, masa presei \u0219i sala pentru conferin\u021be de pres\u0103, sal\u0103 de<br \/>\nantrenament cu teren de dimensiuni regulamentare pentru handbal.<br \/>\nProgramul complet al Campionatului European de Baschet<br \/>\nVineri, 31 iulie 2026, \u00eencep\u00e2nd cu ora 13.30, se d\u0103 startul oficial al FIBA U18 Women&#039;s<br \/>\nEuroBasket 2026, competi\u021bie european\u0103 organizat\u0103 de Federa\u021bia Rom\u00e2n\u0103 de Baschet, cu<br \/>\nsprijinul Consiliului Jude\u021bean Tulcea.<br \/>\nIntrarea la toate meciurile este LIBER\u0102, iar iubitorii baschetului sunt invita\u021bi la Sala<br \/>\nPolivalent\u0103 din Tulcea pentru a sus\u021bine na\u021bionala Rom\u00e2niei \u0219i pentru a urm\u0103ri la lucru unele<br \/>\nStr. P\u0103cii, nr. 20 &#8211; tel. 0240-502208; fax: 0240-513071; e-mail: office@cjtulcea.ro; &#8211; COD FISCAL: 4321607<\/p>\n<p>dintre cele mai talentate tinere juc\u0103toare ale Europei.<br \/>\n31 iulie 2026<\/p>\n<p>13:30 \u2013 Lituania vs. Irlanda<br \/>\n16:00 \u2013 Israel vs. Elve\u021bia<br \/>\n18:30 \u2013 Rom\u00e2nia vs. Azerbaidjan<br \/>\n21:00 \u2013 Grecia vs. Marea Britanie<\/p>\n<p>1 august 2026<\/p>\n<p>13:30 \u2013 Luxemburg vs. Austria<br \/>\n16:00 \u2013 Bulgaria vs. Ucraina<br \/>\n18:30 \u2013 Islanda vs. Rom\u00e2nia<br \/>\n21:00 \u2013 Slovacia vs. Danemarca<\/p>\n<p>2 august 2026<\/p>\n<p>13:30 \u2013 Portugalia vs. Islanda<br \/>\n16:00 \u2013 Irlanda vs. Estonia<br \/>\n18:30 \u2013 Elve\u021bia vs. Norvegia<br \/>\n21:00 \u2013 Lituania vs. Luxemburg<\/p>\n<p>4 august 2026<\/p>\n<p>13:30 \u2013 Islanda vs. \u021a\u0103rile de Jos<br \/>\n16:00 \u2013 Austria vs. Lituania<br \/>\n18:30 \u2013 Rom\u00e2nia vs. Portugalia<br \/>\n21:00 \u2013 Danemarca vs. Grecia<\/p>\n<p>5 august 2026<\/p>\n<p>13:30 \u2013 Estonia vs. Luxemburg<br \/>\n16:00 \u2013 Macedonia de Nord vs. Slovacia<br \/>\n18:30 \u2013 \u021a\u0103rile de Jos vs. Rom\u00e2nia<br \/>\n21:00 \u2013 Irlanda vs. Austria<\/p><\/div>\n<p>[analyse_source url=&#8221;https:\/\/infotulcea.ro\/investitii-in-infrastructura-sportiva-sala-polivalenta-isi-deschide-portile\/&#8221;]<\/p>\n","protected":false},"excerpt":{"rendered":"<p>[analyse_image type=&#8221;featured&#8221; src=&#8221;https:\/\/infotulcea.ro\/wp-content\/uploads\/2026\/07\/images.jpghttps:\/\/infotulcea.ro\/wp-content\/uploads\/2026\/07\/images.jpg&#8221;] Home\/\u015etirea zilei\/INVESTI\u021aII \u00een INFRASTRUCTURA SPORTIV\u0102 Sala Polivalent\u0103 \u00ee\u0219i deschide por\u021bile \u015etirea zilei INVESTI\u021aII \u00een INFRASTRUCTURA SPORTIV\u0102 Sala Polivalent\u0103 \u00ee\u0219i deschide por\u021bile Redactia31 iulie 2026 0 434 2 minutes read Vezi AICI Programul complet al meciurilor FIBA U18Vineri, 31 iulie 2026, este prima zi \u00een care tulcenii au acces liber \u00een una dintre [&hellip;]<\/p>\n","protected":false},"author":1,"featured_media":0,"comment_status":"open","ping_status":"","sticky":false,"template":"","format":"standard","meta":{"footnotes":""},"categories":[89],"tags":[226,221],"class_list":["post-2083243","post","type-post","status-publish","format-standard","hentry","category-romania","tag-crawlmanager","tag-infotulcea-ro"],"_links":{"self":[{"href":"https:\/\/analyse.optim.biz\/index.php?rest_route=\/wp\/v2\/posts\/2083243","targetHints":{"allow":["GET"]}}],"collection":[{"href":"https:\/\/analyse.optim.biz\/index.php?rest_route=\/wp\/v2\/posts"}],"about":[{"href":"https:\/\/analyse.optim.biz\/index.php?rest_route=\/wp\/v2\/types\/post"}],"author":[{"embeddable":true,"href":"https:\/\/analyse.optim.biz\/index.php?rest_route=\/wp\/v2\/users\/1"}],"replies":[{"embeddable":true,"href":"https:\/\/analyse.optim.biz\/index.php?rest_route=%2Fwp%2Fv2%2Fcomments&post=2083243"}],"version-history":[{"count":0,"href":"https:\/\/analyse.optim.biz\/index.php?rest_route=\/wp\/v2\/posts\/2083243\/revisions"}],"wp:attachment":[{"href":"https:\/\/analyse.optim.biz\/index.php?rest_route=%2Fwp%2Fv2%2Fmedia&parent=2083243"}],"wp:term":[{"taxonomy":"category","embeddable":true,"href":"https:\/\/analyse.optim.biz\/index.php?rest_route=%2Fwp%2Fv2%2Fcategories&post=2083243"},{"taxonomy":"post_tag","embeddable":true,"href":"https:\/\/analyse.optim.biz\/index.php?rest_route=%2Fwp%2Fv2%2Ftags&post=2083243"}],"curies":[{"name":"wp","href":"https:\/\/api.w.org\/{rel}","templated":true}]}}