{"id":2083182,"date":"2026-08-06T13:34:45","date_gmt":"2026-08-06T10:34:45","guid":{"rendered":"https:\/\/analyse.optim.biz\/?p=2083182"},"modified":"2026-08-06T13:34:45","modified_gmt":"2026-08-06T10:34:45","slug":"asfaltarea-dj-178a-dintre-costina-si-scheia-a-inceput-lucrarile-ar-urma-sa-fie-gata-in-cel-mult-doua-saptamini","status":"publish","type":"post","link":"https:\/\/analyse.optim.biz\/?p=2083182","title":{"rendered":"Asfaltarea DJ 178A dintre Cost\u00eena \u0219i \u0218cheia a \u00eenceput. Lucr\u0103rile ar urma s\u0103 fie gata \u00een cel mult dou\u0103 s\u0103pt\u0103m\u00eeni"},"content":{"rendered":"<p>[analyse_image type=&#8221;featured&#8221; src=&#8221;https:\/\/www.radiotop.ro\/img\/media\/2026\/08\/763786878_948030268310696_8966120304986501609_n.jpg&#8221;]<\/p>\n<div class=\"entry-content no-share\">\n<div class=\"content-inner \">\n<div class=\"jeg_preview_slider gallery_1\" data-selector=\"gallery_1\">\n<div class=\"jeg_preview_holder\">\n<div class=\"jeg_preview_media\">\n<div class=\"jeg_preview_media_holder\">\n<h3>\u00a0<\/h3>\n<div class=\"jeg_preview_control\">\n<div class=\"left_control\">\n<div class=\"counter\"><span class=\"current\">1<\/span> of  3<\/div>\n<\/div>\n<div class=\"zoom\"><span class=\"reduce\">&#8211;<\/span><span class=\"increase\">+<\/span><\/div>\n<\/div>\n<\/div>\n<\/div>\n<div class=\"jeg_preview_bottom_slider\"><a data-id=\"0\" data-title data-image=\"https:\/\/www.radiotop.ro\/img\/media\/2026\/08\/764340075_2441659332996152_2428612565022977670_n.jpg\" href=\"https:\/\/www.radiotop.ro\/img\/media\/2026\/08\/764340075_2441659332996152_2428612565022977670_n.jpg\" class=\"jeg_preview_item active\"><\/p>\n<div class=\"jeg_preview_item_thumbnail\"><img loading=\"lazy\" decoding=\"async\" width=\"120\" height=\"86\" src=\"https:\/\/www.radiotop.ro\/img\/media\/2026\/08\/764340075_2441659332996152_2428612565022977670_n-120x86.jpg\" class=\"attachment-jnews-120x86 size-jnews-120x86\" alt><\/div>\n<p><\/a><a data-id=\"1\" data-title data-image=\"https:\/\/www.radiotop.ro\/img\/media\/2026\/08\/763786878_948030268310696_8966120304986501609_n.jpg\" href=\"https:\/\/www.radiotop.ro\/img\/media\/2026\/08\/763786878_948030268310696_8966120304986501609_n.jpg\" class=\"jeg_preview_item \"><\/p>\n<div class=\"jeg_preview_item_thumbnail\"><img loading=\"lazy\" decoding=\"async\" width=\"120\" height=\"86\" src=\"https:\/\/www.radiotop.ro\/img\/media\/2026\/08\/763786878_948030268310696_8966120304986501609_n-120x86.jpg\" class=\"attachment-jnews-120x86 size-jnews-120x86\" alt><\/div>\n<p><\/a><a data-id=\"2\" data-title data-image=\"https:\/\/www.radiotop.ro\/img\/media\/2026\/08\/762868473_1348318190285548_4287258676536502235_n.jpg\" href=\"https:\/\/www.radiotop.ro\/img\/media\/2026\/08\/762868473_1348318190285548_4287258676536502235_n.jpg\" class=\"jeg_preview_item \"><\/p>\n<div class=\"jeg_preview_item_thumbnail\"><img loading=\"lazy\" decoding=\"async\" width=\"120\" height=\"86\" src=\"https:\/\/www.radiotop.ro\/img\/media\/2026\/08\/762868473_1348318190285548_4287258676536502235_n-120x86.jpg\" class=\"attachment-jnews-120x86 size-jnews-120x86\" alt><\/div>\n<p><\/a><\/div>\n<\/div>\n<\/div>\n<p>Au \u00eenceput lucr\u0103rile de asfaltare pe drumul jude\u021bean 178A, pe tronsonul de aproximativ 11 kilometri dintre Cost\u00eena \u0219i \u0218cheia. Potrivit pre\u0219edintelui Consiliului Jude\u021bean Suceava, Gheorghe \u0218oldan, este vorba despre un drum care nu a mai fost asfaltat de mai bine de 10 ani.<\/p>\n<p>\u00cenainte de turnarea noului covor asfaltic au fost executate repara\u021bii, au fost tratate zonele degradate \u0219i au fost aduse la profil acostamentele. Lucr\u0103rile au \u00eenceput dinspre Cost\u00eena \u0219i avanseaz\u0103 c\u0103tre \u0218cheia.<\/p>\n<p>Pre\u0219edintele Consiliului Jude\u021bean a declarat: \u201dDac\u0103 ritmul de lucru se va men\u021bine, asfaltarea va fi finalizat\u0103 \u00een cel mult dou\u0103 s\u0103pt\u0103m\u00eeni.\u201d<\/p>\n<p>Gheorghe \u0218oldan a mai ar\u0103tat c\u0103 \u201dDJ 178A traverseaz\u0103 una dintre cele mai frumoase zone \u00eemp\u0103durite din apropierea municipiului Suceava \u0219i este un drum important pentru locuitorii din Cost\u00eena, Mihoveni \u0219i \u0218cheia, dar \u0219i pentru numero\u0219ii \u0219oferi care circul\u0103 zilnic pe acest traseu\u201d, ad\u0103ug\u00eend c\u0103, dup\u0103 mai bine de un deceniu, drumul va oferi din nou condi\u021bii bune \u0219i sigure de circula\u021bie.<\/p>\n<\/div>\n<\/div>\n<div class=\"content-inner \">\n<div class=\"jeg_preview_slider gallery_1\" data-selector=\"gallery_1\">\n<div class=\"jeg_preview_holder\">\n<div class=\"jeg_preview_media\">\n<div class=\"jeg_preview_media_holder\">\n<h3>\u00a0<\/h3>\n<div class=\"jeg_preview_control\">\n<div class=\"left_control\">\n<div class=\"counter\"><span class=\"current\">1<\/span> of  3<\/div>\n<\/div>\n<div class=\"zoom\"><span class=\"reduce\">&#8211;<\/span><span class=\"increase\">+<\/span><\/div>\n<\/div>\n<\/div>\n<\/div>\n<div class=\"jeg_preview_bottom_slider\"><a data-id=\"0\" data-title data-image=\"https:\/\/www.radiotop.ro\/img\/media\/2026\/08\/764340075_2441659332996152_2428612565022977670_n.jpg\" href=\"https:\/\/www.radiotop.ro\/img\/media\/2026\/08\/764340075_2441659332996152_2428612565022977670_n.jpg\" class=\"jeg_preview_item active\"><\/p>\n<div class=\"jeg_preview_item_thumbnail\"><img loading=\"lazy\" decoding=\"async\" width=\"120\" height=\"86\" src=\"https:\/\/www.radiotop.ro\/img\/media\/2026\/08\/764340075_2441659332996152_2428612565022977670_n-120x86.jpg\" class=\"attachment-jnews-120x86 size-jnews-120x86\" alt><\/div>\n<p><\/a><a data-id=\"1\" data-title data-image=\"https:\/\/www.radiotop.ro\/img\/media\/2026\/08\/763786878_948030268310696_8966120304986501609_n.jpg\" href=\"https:\/\/www.radiotop.ro\/img\/media\/2026\/08\/763786878_948030268310696_8966120304986501609_n.jpg\" class=\"jeg_preview_item \"><\/p>\n<div class=\"jeg_preview_item_thumbnail\"><img loading=\"lazy\" decoding=\"async\" width=\"120\" height=\"86\" src=\"https:\/\/www.radiotop.ro\/img\/media\/2026\/08\/763786878_948030268310696_8966120304986501609_n-120x86.jpg\" class=\"attachment-jnews-120x86 size-jnews-120x86\" alt><\/div>\n<p><\/a><a data-id=\"2\" data-title data-image=\"https:\/\/www.radiotop.ro\/img\/media\/2026\/08\/762868473_1348318190285548_4287258676536502235_n.jpg\" href=\"https:\/\/www.radiotop.ro\/img\/media\/2026\/08\/762868473_1348318190285548_4287258676536502235_n.jpg\" class=\"jeg_preview_item \"><\/p>\n<div class=\"jeg_preview_item_thumbnail\"><img loading=\"lazy\" decoding=\"async\" width=\"120\" height=\"86\" src=\"https:\/\/www.radiotop.ro\/img\/media\/2026\/08\/762868473_1348318190285548_4287258676536502235_n-120x86.jpg\" class=\"attachment-jnews-120x86 size-jnews-120x86\" alt><\/div>\n<p><\/a><\/div>\n<\/div>\n<\/div>\n<p>Au \u00eenceput lucr\u0103rile de asfaltare pe drumul jude\u021bean 178A, pe tronsonul de aproximativ 11 kilometri dintre Cost\u00eena \u0219i \u0218cheia. Potrivit pre\u0219edintelui Consiliului Jude\u021bean Suceava, Gheorghe \u0218oldan, este vorba despre un drum care nu a mai fost asfaltat de mai bine de 10 ani.<\/p>\n<p>\u00cenainte de turnarea noului covor asfaltic au fost executate repara\u021bii, au fost tratate zonele degradate \u0219i au fost aduse la profil acostamentele. Lucr\u0103rile au \u00eenceput dinspre Cost\u00eena \u0219i avanseaz\u0103 c\u0103tre \u0218cheia.<\/p>\n<p>Pre\u0219edintele Consiliului Jude\u021bean a declarat: \u201dDac\u0103 ritmul de lucru se va men\u021bine, asfaltarea va fi finalizat\u0103 \u00een cel mult dou\u0103 s\u0103pt\u0103m\u00eeni.\u201d<\/p>\n<p>Gheorghe \u0218oldan a mai ar\u0103tat c\u0103 \u201dDJ 178A traverseaz\u0103 una dintre cele mai frumoase zone \u00eemp\u0103durite din apropierea municipiului Suceava \u0219i este un drum important pentru locuitorii din Cost\u00eena, Mihoveni \u0219i \u0218cheia, dar \u0219i pentru numero\u0219ii \u0219oferi care circul\u0103 zilnic pe acest traseu\u201d, ad\u0103ug\u00eend c\u0103, dup\u0103 mai bine de un deceniu, drumul va oferi din nou condi\u021bii bune \u0219i sigure de circula\u021bie.<\/p>\n<\/div>\n<p>[analyse_source url=&#8221;https:\/\/www.radiotop.ro\/administratie\/asfaltarea-dj-178a-dintre-costina-si-scheia-a-inceput-lucrarile-ar-urma-sa-fie-gata-in-cel-mult-doua-saptamini.html&#8221;]<\/p>\n","protected":false},"excerpt":{"rendered":"<p>[analyse_image type=&#8221;featured&#8221; src=&#8221;https:\/\/www.radiotop.ro\/img\/media\/2026\/08\/763786878_948030268310696_8966120304986501609_n.jpg&#8221;] \u00a0 1 of 3 &#8211;+ Au \u00eenceput lucr\u0103rile de asfaltare pe drumul jude\u021bean 178A, pe tronsonul de aproximativ 11 kilometri dintre Cost\u00eena \u0219i \u0218cheia. Potrivit pre\u0219edintelui Consiliului Jude\u021bean Suceava, Gheorghe \u0218oldan, este vorba despre un drum care nu a mai fost asfaltat de mai bine de 10 ani. \u00cenainte de turnarea noului [&hellip;]<\/p>\n","protected":false},"author":1,"featured_media":0,"comment_status":"open","ping_status":"","sticky":false,"template":"","format":"standard","meta":{"footnotes":""},"categories":[89],"tags":[226,163],"class_list":["post-2083182","post","type-post","status-publish","format-standard","hentry","category-romania","tag-crawlmanager","tag-radiotop-ro"],"_links":{"self":[{"href":"https:\/\/analyse.optim.biz\/index.php?rest_route=\/wp\/v2\/posts\/2083182","targetHints":{"allow":["GET"]}}],"collection":[{"href":"https:\/\/analyse.optim.biz\/index.php?rest_route=\/wp\/v2\/posts"}],"about":[{"href":"https:\/\/analyse.optim.biz\/index.php?rest_route=\/wp\/v2\/types\/post"}],"author":[{"embeddable":true,"href":"https:\/\/analyse.optim.biz\/index.php?rest_route=\/wp\/v2\/users\/1"}],"replies":[{"embeddable":true,"href":"https:\/\/analyse.optim.biz\/index.php?rest_route=%2Fwp%2Fv2%2Fcomments&post=2083182"}],"version-history":[{"count":0,"href":"https:\/\/analyse.optim.biz\/index.php?rest_route=\/wp\/v2\/posts\/2083182\/revisions"}],"wp:attachment":[{"href":"https:\/\/analyse.optim.biz\/index.php?rest_route=%2Fwp%2Fv2%2Fmedia&parent=2083182"}],"wp:term":[{"taxonomy":"category","embeddable":true,"href":"https:\/\/analyse.optim.biz\/index.php?rest_route=%2Fwp%2Fv2%2Fcategories&post=2083182"},{"taxonomy":"post_tag","embeddable":true,"href":"https:\/\/analyse.optim.biz\/index.php?rest_route=%2Fwp%2Fv2%2Ftags&post=2083182"}],"curies":[{"name":"wp","href":"https:\/\/api.w.org\/{rel}","templated":true}]}}