{"id":2083177,"date":"2026-08-06T06:44:58","date_gmt":"2026-08-06T03:44:58","guid":{"rendered":"https:\/\/analyse.optim.biz\/?p=2083177"},"modified":"2026-08-06T06:44:58","modified_gmt":"2026-08-06T03:44:58","slug":"abonamentele-de-parcare-ajung-in-zona-luceafarului-1-cererile-se-depun-exclusiv-online","status":"publish","type":"post","link":"https:\/\/analyse.optim.biz\/?p=2083177","title":{"rendered":"Abonamentele de parcare ajung \u00een zona Luceaf\u0103rului 1. Cererile se depun exclusiv online"},"content":{"rendered":"<p>[analyse_image type=&#8221;featured&#8221; src=&#8221;https:\/\/www.radiotop.ro\/img\/media\/2024\/07\/parcare-marcaj-e1785998689199.jpeg&#8221;]<\/p>\n<div class=\"entry-content no-share\">\n<div class=\"content-inner \">\n<p>Prim\u0103ria Suceava anun\u021b\u0103 c\u0103, \u00eencep\u00eend de mar\u021bi, 11 august, vor putea fi solicitate abonamentele de parcare pentru Zona Luceaf\u0103rului 1, care include blocurile E36, T62, T64, E60, E61, E81 \u0219i E84.<\/p>\n<p>Cererile vor putea fi depuse de la ora 14.00, exclusiv pe platforma parcari.primariasv.ro, iar locurile vor fi atribuite \u00een ordinea \u00eenregistr\u0103rii solicit\u0103rilor.<\/p>\n<p>Pentru ob\u021binerea abonamentului, solicitan\u021bii trebuie s\u0103 \u00eencarce cartea de identitate, din care s\u0103 rezulte domiciliul sau re\u0219edin\u021ba \u00een apropierea parcajului, precum \u0219i certificatul de \u00eenmatriculare al autoturismului, care s\u0103 ateste calitatea de proprietar sau utilizator al vehiculului.<\/p>\n<p>Prim\u0103ria precizeaz\u0103 c\u0103 solicitan\u021bii trebuie s\u0103 aib\u0103 achitate toate taxele \u0219i impozitele locale, verificarea urm\u00e2nd s\u0103 fie f\u0103cut\u0103 ulterior depunerii cererii.<\/p>\n<p>Este o nou\u0103 etap\u0103 a programului de atribuire a locurilor de parcare de re\u0219edin\u021b\u0103 din municipiul Suceava, derulat \u00een baza hot\u0103r\u00eerii Consiliului Local adoptate \u00een acest an. Prim\u0103ria a reluat, la sf\u00eer\u0219itul lunii iunie, emiterea abonamentelor pentru noi zone exclusiv prin intermediul platformei online, dup\u0103 ce, la etapele anterioare, depunerea fizic\u0103 a cererilor a dus la formarea unor cozi foarte mari.<\/p>\n<\/div>\n<\/div>\n<div class=\"content-inner \">\n<p>Prim\u0103ria Suceava anun\u021b\u0103 c\u0103, \u00eencep\u00eend de mar\u021bi, 11 august, vor putea fi solicitate abonamentele de parcare pentru Zona Luceaf\u0103rului 1, care include blocurile E36, T62, T64, E60, E61, E81 \u0219i E84.<\/p>\n<p>Cererile vor putea fi depuse de la ora 14.00, exclusiv pe platforma parcari.primariasv.ro, iar locurile vor fi atribuite \u00een ordinea \u00eenregistr\u0103rii solicit\u0103rilor.<\/p>\n<p>Pentru ob\u021binerea abonamentului, solicitan\u021bii trebuie s\u0103 \u00eencarce cartea de identitate, din care s\u0103 rezulte domiciliul sau re\u0219edin\u021ba \u00een apropierea parcajului, precum \u0219i certificatul de \u00eenmatriculare al autoturismului, care s\u0103 ateste calitatea de proprietar sau utilizator al vehiculului.<\/p>\n<p>Prim\u0103ria precizeaz\u0103 c\u0103 solicitan\u021bii trebuie s\u0103 aib\u0103 achitate toate taxele \u0219i impozitele locale, verificarea urm\u00e2nd s\u0103 fie f\u0103cut\u0103 ulterior depunerii cererii.<\/p>\n<p>Este o nou\u0103 etap\u0103 a programului de atribuire a locurilor de parcare de re\u0219edin\u021b\u0103 din municipiul Suceava, derulat \u00een baza hot\u0103r\u00eerii Consiliului Local adoptate \u00een acest an. Prim\u0103ria a reluat, la sf\u00eer\u0219itul lunii iunie, emiterea abonamentelor pentru noi zone exclusiv prin intermediul platformei online, dup\u0103 ce, la etapele anterioare, depunerea fizic\u0103 a cererilor a dus la formarea unor cozi foarte mari.<\/p>\n<\/div>\n<p>[analyse_source url=&#8221;https:\/\/www.radiotop.ro\/administratie\/abonamentele-de-parcare-ajung-in-zona-luceafarului-1-cererile-se-depun-exclusiv-online.html&#8221;]<\/p>\n","protected":false},"excerpt":{"rendered":"<p>[analyse_image type=&#8221;featured&#8221; src=&#8221;https:\/\/www.radiotop.ro\/img\/media\/2024\/07\/parcare-marcaj-e1785998689199.jpeg&#8221;] Prim\u0103ria Suceava anun\u021b\u0103 c\u0103, \u00eencep\u00eend de mar\u021bi, 11 august, vor putea fi solicitate abonamentele de parcare pentru Zona Luceaf\u0103rului 1, care include blocurile E36, T62, T64, E60, E61, E81 \u0219i E84. Cererile vor putea fi depuse de la ora 14.00, exclusiv pe platforma parcari.primariasv.ro, iar locurile vor fi atribuite \u00een ordinea \u00eenregistr\u0103rii [&hellip;]<\/p>\n","protected":false},"author":1,"featured_media":0,"comment_status":"open","ping_status":"","sticky":false,"template":"","format":"standard","meta":{"footnotes":""},"categories":[89],"tags":[226,163],"class_list":["post-2083177","post","type-post","status-publish","format-standard","hentry","category-romania","tag-crawlmanager","tag-radiotop-ro"],"_links":{"self":[{"href":"https:\/\/analyse.optim.biz\/index.php?rest_route=\/wp\/v2\/posts\/2083177","targetHints":{"allow":["GET"]}}],"collection":[{"href":"https:\/\/analyse.optim.biz\/index.php?rest_route=\/wp\/v2\/posts"}],"about":[{"href":"https:\/\/analyse.optim.biz\/index.php?rest_route=\/wp\/v2\/types\/post"}],"author":[{"embeddable":true,"href":"https:\/\/analyse.optim.biz\/index.php?rest_route=\/wp\/v2\/users\/1"}],"replies":[{"embeddable":true,"href":"https:\/\/analyse.optim.biz\/index.php?rest_route=%2Fwp%2Fv2%2Fcomments&post=2083177"}],"version-history":[{"count":0,"href":"https:\/\/analyse.optim.biz\/index.php?rest_route=\/wp\/v2\/posts\/2083177\/revisions"}],"wp:attachment":[{"href":"https:\/\/analyse.optim.biz\/index.php?rest_route=%2Fwp%2Fv2%2Fmedia&parent=2083177"}],"wp:term":[{"taxonomy":"category","embeddable":true,"href":"https:\/\/analyse.optim.biz\/index.php?rest_route=%2Fwp%2Fv2%2Fcategories&post=2083177"},{"taxonomy":"post_tag","embeddable":true,"href":"https:\/\/analyse.optim.biz\/index.php?rest_route=%2Fwp%2Fv2%2Ftags&post=2083177"}],"curies":[{"name":"wp","href":"https:\/\/api.w.org\/{rel}","templated":true}]}}