{"id":2083173,"date":"2026-08-06T05:57:02","date_gmt":"2026-08-06T02:57:02","guid":{"rendered":"https:\/\/analyse.optim.biz\/?p=2083173"},"modified":"2026-08-06T05:57:02","modified_gmt":"2026-08-06T02:57:02","slug":"primaria-suceava-masuri-pentru-diminuarea-consumului-de-energie-electrica-una-dintre-ele-iluminatul-stradal-va-functiona-la-intensitate-redusa-75-in-intervalul-orar-2100-0000","status":"publish","type":"post","link":"https:\/\/analyse.optim.biz\/?p=2083173","title":{"rendered":"Prim\u0103ria Suceava, m\u0103suri pentru diminuarea consumului de energie electric\u0103. Una dintre ele, iluminatul stradal va func\u021biona la intensitate redus\u0103 (75%) \u00een intervalul orar 21:00 \u2013 00:00"},"content":{"rendered":"<p>[analyse_image type=&#8221;featured&#8221; src=&#8221;https:\/\/www.radiotop.ro\/img\/media\/2015\/05\/14-iluminat-stradal.jpg&#8221;]<\/p>\n<div class=\"entry-content no-share\">\n<div class=\"content-inner \">\n<p>Prim\u0103ria Municipiului Suceava anun\u021b\u0103 implementarea unor m\u0103suri pentru reducerea consumului de energie electric\u0103, \u00een contextul deficitului energetic la nivel na\u021bional \u0219i al necesit\u0103\u021bii protej\u0103rii Sistemului Energetic Na\u021bional.<\/p>\n<p>\u00centr-un comunicat al municipalit\u0103\u021bii se arat\u0103 c\u0103 \u201d\u00een vederea optimiz\u0103rii consumului de energie \u0219i a eficientiz\u0103rii sistemelor publice, vor fi aplicate urm\u0103toarele m\u0103suri: la sediul Prim\u0103riei Suceava, iluminatul ornamental al cl\u0103dirii va fi oprit pe timpul nop\u021bii; \u00eenc\u0103rcarea ma\u0219inilor electrice va fi evitat\u0103 \u00een intervalul de consum ridicat, respectiv \u00eentre orele 19:00 \u0219i 23:00; iluminatul ambiental din zona de agrement a r\u00e2ului Suceava va fi oprit dup\u0103 ora 00:00; luminile din Parcul T\u0103t\u0103ra\u0219i vor fi stinse dup\u0103 ora 00:00; iluminatul stradal va func\u021biona la intensitate redus\u0103 (75%) \u00een intervalul orar 21:00 \u2013 00:00; \u00een intervalul orar 00:00 \u2013 05:00, iluminatul public are deja intensitatea redus\u0103 cu 50%, prin sistemul de telegestiune implementat \u00eenc\u0103 din anul 2019, pentru cele peste 7.000 de corpuri de iluminat LED\u201d. Alte m\u0103suri se refer\u0103 la \u201dreducerea consumului de energie \u00een cl\u0103dirile publice prin limitarea iluminatului interior \u00een afara programului de lucru; oprirea echipamentelor electrice neesen\u021biale \u00een perioadele de v\u00e2rf de consum; \u00a0monitorizarea permanent\u0103 a consumurilor energetice \u0219i adaptarea m\u0103surilor \u00een func\u021bie de evolu\u021bia situa\u021biei la nivel na\u021bional\u201d.<\/p>\n<\/div>\n<\/div>\n<div class=\"content-inner \">\n<p>Prim\u0103ria Municipiului Suceava anun\u021b\u0103 implementarea unor m\u0103suri pentru reducerea consumului de energie electric\u0103, \u00een contextul deficitului energetic la nivel na\u021bional \u0219i al necesit\u0103\u021bii protej\u0103rii Sistemului Energetic Na\u021bional.<\/p>\n<p>\u00centr-un comunicat al municipalit\u0103\u021bii se arat\u0103 c\u0103 \u201d\u00een vederea optimiz\u0103rii consumului de energie \u0219i a eficientiz\u0103rii sistemelor publice, vor fi aplicate urm\u0103toarele m\u0103suri: la sediul Prim\u0103riei Suceava, iluminatul ornamental al cl\u0103dirii va fi oprit pe timpul nop\u021bii; \u00eenc\u0103rcarea ma\u0219inilor electrice va fi evitat\u0103 \u00een intervalul de consum ridicat, respectiv \u00eentre orele 19:00 \u0219i 23:00; iluminatul ambiental din zona de agrement a r\u00e2ului Suceava va fi oprit dup\u0103 ora 00:00; luminile din Parcul T\u0103t\u0103ra\u0219i vor fi stinse dup\u0103 ora 00:00; iluminatul stradal va func\u021biona la intensitate redus\u0103 (75%) \u00een intervalul orar 21:00 \u2013 00:00; \u00een intervalul orar 00:00 \u2013 05:00, iluminatul public are deja intensitatea redus\u0103 cu 50%, prin sistemul de telegestiune implementat \u00eenc\u0103 din anul 2019, pentru cele peste 7.000 de corpuri de iluminat LED\u201d. Alte m\u0103suri se refer\u0103 la \u201dreducerea consumului de energie \u00een cl\u0103dirile publice prin limitarea iluminatului interior \u00een afara programului de lucru; oprirea echipamentelor electrice neesen\u021biale \u00een perioadele de v\u00e2rf de consum; \u00a0monitorizarea permanent\u0103 a consumurilor energetice \u0219i adaptarea m\u0103surilor \u00een func\u021bie de evolu\u021bia situa\u021biei la nivel na\u021bional\u201d.<\/p>\n<\/div>\n<p>[analyse_source url=&#8221;https:\/\/www.radiotop.ro\/administratie\/primaria-suceava-masuri-pentru-diminuarea-consumului-de-eenergie-electrica-una-dintre-ele-iluminatul-stradal-va-functiona-la-intensitate-redusa-75-in-intervalul-orar-2100-0000.html&#8221;]<\/p>\n","protected":false},"excerpt":{"rendered":"<p>[analyse_image type=&#8221;featured&#8221; src=&#8221;https:\/\/www.radiotop.ro\/img\/media\/2015\/05\/14-iluminat-stradal.jpg&#8221;] Prim\u0103ria Municipiului Suceava anun\u021b\u0103 implementarea unor m\u0103suri pentru reducerea consumului de energie electric\u0103, \u00een contextul deficitului energetic la nivel na\u021bional \u0219i al necesit\u0103\u021bii protej\u0103rii Sistemului Energetic Na\u021bional. \u00centr-un comunicat al municipalit\u0103\u021bii se arat\u0103 c\u0103 \u201d\u00een vederea optimiz\u0103rii consumului de energie \u0219i a eficientiz\u0103rii sistemelor publice, vor fi aplicate urm\u0103toarele m\u0103suri: la sediul [&hellip;]<\/p>\n","protected":false},"author":1,"featured_media":0,"comment_status":"open","ping_status":"","sticky":false,"template":"","format":"standard","meta":{"footnotes":""},"categories":[89],"tags":[226,163],"class_list":["post-2083173","post","type-post","status-publish","format-standard","hentry","category-romania","tag-crawlmanager","tag-radiotop-ro"],"_links":{"self":[{"href":"https:\/\/analyse.optim.biz\/index.php?rest_route=\/wp\/v2\/posts\/2083173","targetHints":{"allow":["GET"]}}],"collection":[{"href":"https:\/\/analyse.optim.biz\/index.php?rest_route=\/wp\/v2\/posts"}],"about":[{"href":"https:\/\/analyse.optim.biz\/index.php?rest_route=\/wp\/v2\/types\/post"}],"author":[{"embeddable":true,"href":"https:\/\/analyse.optim.biz\/index.php?rest_route=\/wp\/v2\/users\/1"}],"replies":[{"embeddable":true,"href":"https:\/\/analyse.optim.biz\/index.php?rest_route=%2Fwp%2Fv2%2Fcomments&post=2083173"}],"version-history":[{"count":0,"href":"https:\/\/analyse.optim.biz\/index.php?rest_route=\/wp\/v2\/posts\/2083173\/revisions"}],"wp:attachment":[{"href":"https:\/\/analyse.optim.biz\/index.php?rest_route=%2Fwp%2Fv2%2Fmedia&parent=2083173"}],"wp:term":[{"taxonomy":"category","embeddable":true,"href":"https:\/\/analyse.optim.biz\/index.php?rest_route=%2Fwp%2Fv2%2Fcategories&post=2083173"},{"taxonomy":"post_tag","embeddable":true,"href":"https:\/\/analyse.optim.biz\/index.php?rest_route=%2Fwp%2Fv2%2Ftags&post=2083173"}],"curies":[{"name":"wp","href":"https:\/\/api.w.org\/{rel}","templated":true}]}}