{"id":2083168,"date":"2026-08-05T11:14:38","date_gmt":"2026-08-05T08:14:38","guid":{"rendered":"https:\/\/analyse.optim.biz\/?p=2083168"},"modified":"2026-08-05T11:14:38","modified_gmt":"2026-08-05T08:14:38","slug":"au-inceput-lucrarile-pentru-montarea-celor-100-de-insule-ecologice-digitalizate-din-suceava","status":"publish","type":"post","link":"https:\/\/analyse.optim.biz\/?p=2083168","title":{"rendered":"Au \u00eenceput lucr\u0103rile pentru montarea celor 100 de insule ecologice digitalizate din Suceava"},"content":{"rendered":"<p>[analyse_image type=&#8221;featured&#8221; src=&#8221;https:\/\/www.radiotop.ro\/img\/media\/2026\/08\/762765479_122332442924031410_6336534138513997834_n-e1785928455903.jpg&#8221;]<\/p>\n<div class=\"entry-content no-share\">\n<div class=\"content-inner \">\n<div class=\"jeg_preview_slider gallery_1\" data-selector=\"gallery_1\">\n<div class=\"jeg_preview_holder\">\n<div class=\"jeg_preview_media\">\n<div class=\"jeg_preview_media_holder\">\n<h3>\u00a0<\/h3>\n<div class=\"jeg_preview_control\">\n<div class=\"left_control\">\n<div class=\"counter\"><span class=\"current\">1<\/span> of  3<\/div>\n<\/div>\n<div class=\"zoom\"><span class=\"reduce\">&#8211;<\/span><span class=\"increase\">+<\/span><\/div>\n<\/div>\n<\/div>\n<\/div>\n<div class=\"jeg_preview_bottom_slider\"><a data-id=\"0\" data-title data-image=\"https:\/\/www.radiotop.ro\/img\/media\/2026\/08\/765059753_122332442912031410_578545294127633824_n.jpg\" href=\"https:\/\/www.radiotop.ro\/img\/media\/2026\/08\/765059753_122332442912031410_578545294127633824_n.jpg\" class=\"jeg_preview_item active\"><\/p>\n<div class=\"jeg_preview_item_thumbnail\"><img loading=\"lazy\" decoding=\"async\" width=\"120\" height=\"86\" src=\"https:\/\/www.radiotop.ro\/img\/media\/2026\/08\/765059753_122332442912031410_578545294127633824_n-120x86.jpg\" class=\"attachment-jnews-120x86 size-jnews-120x86\" alt><\/div>\n<p><\/a><a data-id=\"1\" data-title data-image=\"https:\/\/www.radiotop.ro\/img\/media\/2026\/08\/764976392_122332442918031410_4556649141383151338_n.jpg\" href=\"https:\/\/www.radiotop.ro\/img\/media\/2026\/08\/764976392_122332442918031410_4556649141383151338_n.jpg\" class=\"jeg_preview_item \"><\/p>\n<div class=\"jeg_preview_item_thumbnail\"><img loading=\"lazy\" decoding=\"async\" width=\"120\" height=\"86\" src=\"https:\/\/www.radiotop.ro\/img\/media\/2026\/08\/764976392_122332442918031410_4556649141383151338_n-120x86.jpg\" class=\"attachment-jnews-120x86 size-jnews-120x86\" alt><\/div>\n<p><\/a><a data-id=\"2\" data-title data-image=\"https:\/\/www.radiotop.ro\/img\/media\/2026\/08\/762765479_122332442924031410_6336534138513997834_n-e1785928455903.jpg\" href=\"https:\/\/www.radiotop.ro\/img\/media\/2026\/08\/762765479_122332442924031410_6336534138513997834_n-e1785928455903.jpg\" class=\"jeg_preview_item \"><\/p>\n<div class=\"jeg_preview_item_thumbnail\"><img loading=\"lazy\" decoding=\"async\" width=\"120\" height=\"86\" src=\"https:\/\/www.radiotop.ro\/img\/media\/2026\/08\/762765479_122332442924031410_6336534138513997834_n-e1785928455903-120x86.jpg\" class=\"attachment-jnews-120x86 size-jnews-120x86\" alt><\/div>\n<p><\/a><\/div>\n<\/div>\n<\/div>\n<p>Primarul Sucevei, Vasile R\u00eembu, anun\u021b\u0103 c\u0103 au \u00eenceput lucr\u0103rile pentru amplasarea celor 100 de insule ecologice digitalizate care vor fi instalate \u00een municipiu. \u00cen prezent, se execut\u0103 platformele din beton pe care vor fi montate noile puncte de colectare a de\u0219eurilor.<\/p>\n<p>Potrivit primarului, primul lot de insule ecologice a ajuns deja \u00een Suceava, iar investi\u021bia este finan\u021bat\u0103 cu aproape 10 milioane de lei din Fondul pentru Mediu.<\/p>\n<p>A transmis primarul R\u00eembu: \u201dProiectul &lt;Construirea de insule ecologice digitalizate \u00een municipiul Suceava&gt; a ajuns \u00een faza concret\u0103 a primului pas. Am \u0219i \u00eenceput betonarea noilor amplasamente. Concret, vom instala 100 de insule ecologice digitalizate pentru colectarea gunoiului\u201d.<\/p>\n<p>Valoarea finan\u021b\u0103rii nerambursabile este de 9.970.596 de lei, iar, potrivit primarului, noile insule ecologice vor contribui la modernizarea sistemului de colectare selectiv\u0103 a de\u0219eurilor din municipiu.<\/p>\n<\/div>\n<\/div>\n<div class=\"content-inner \">\n<div class=\"jeg_preview_slider gallery_1\" data-selector=\"gallery_1\">\n<div class=\"jeg_preview_holder\">\n<div class=\"jeg_preview_media\">\n<div class=\"jeg_preview_media_holder\">\n<h3>\u00a0<\/h3>\n<div class=\"jeg_preview_control\">\n<div class=\"left_control\">\n<div class=\"counter\"><span class=\"current\">1<\/span> of  3<\/div>\n<\/div>\n<div class=\"zoom\"><span class=\"reduce\">&#8211;<\/span><span class=\"increase\">+<\/span><\/div>\n<\/div>\n<\/div>\n<\/div>\n<div class=\"jeg_preview_bottom_slider\"><a data-id=\"0\" data-title data-image=\"https:\/\/www.radiotop.ro\/img\/media\/2026\/08\/765059753_122332442912031410_578545294127633824_n.jpg\" href=\"https:\/\/www.radiotop.ro\/img\/media\/2026\/08\/765059753_122332442912031410_578545294127633824_n.jpg\" class=\"jeg_preview_item active\"><\/p>\n<div class=\"jeg_preview_item_thumbnail\"><img loading=\"lazy\" decoding=\"async\" width=\"120\" height=\"86\" src=\"https:\/\/www.radiotop.ro\/img\/media\/2026\/08\/765059753_122332442912031410_578545294127633824_n-120x86.jpg\" class=\"attachment-jnews-120x86 size-jnews-120x86\" alt><\/div>\n<p><\/a><a data-id=\"1\" data-title data-image=\"https:\/\/www.radiotop.ro\/img\/media\/2026\/08\/764976392_122332442918031410_4556649141383151338_n.jpg\" href=\"https:\/\/www.radiotop.ro\/img\/media\/2026\/08\/764976392_122332442918031410_4556649141383151338_n.jpg\" class=\"jeg_preview_item \"><\/p>\n<div class=\"jeg_preview_item_thumbnail\"><img loading=\"lazy\" decoding=\"async\" width=\"120\" height=\"86\" src=\"https:\/\/www.radiotop.ro\/img\/media\/2026\/08\/764976392_122332442918031410_4556649141383151338_n-120x86.jpg\" class=\"attachment-jnews-120x86 size-jnews-120x86\" alt><\/div>\n<p><\/a><a data-id=\"2\" data-title data-image=\"https:\/\/www.radiotop.ro\/img\/media\/2026\/08\/762765479_122332442924031410_6336534138513997834_n-e1785928455903.jpg\" href=\"https:\/\/www.radiotop.ro\/img\/media\/2026\/08\/762765479_122332442924031410_6336534138513997834_n-e1785928455903.jpg\" class=\"jeg_preview_item \"><\/p>\n<div class=\"jeg_preview_item_thumbnail\"><img loading=\"lazy\" decoding=\"async\" width=\"120\" height=\"86\" src=\"https:\/\/www.radiotop.ro\/img\/media\/2026\/08\/762765479_122332442924031410_6336534138513997834_n-e1785928455903-120x86.jpg\" class=\"attachment-jnews-120x86 size-jnews-120x86\" alt><\/div>\n<p><\/a><\/div>\n<\/div>\n<\/div>\n<p>Primarul Sucevei, Vasile R\u00eembu, anun\u021b\u0103 c\u0103 au \u00eenceput lucr\u0103rile pentru amplasarea celor 100 de insule ecologice digitalizate care vor fi instalate \u00een municipiu. \u00cen prezent, se execut\u0103 platformele din beton pe care vor fi montate noile puncte de colectare a de\u0219eurilor.<\/p>\n<p>Potrivit primarului, primul lot de insule ecologice a ajuns deja \u00een Suceava, iar investi\u021bia este finan\u021bat\u0103 cu aproape 10 milioane de lei din Fondul pentru Mediu.<\/p>\n<p>A transmis primarul R\u00eembu: \u201dProiectul &lt;Construirea de insule ecologice digitalizate \u00een municipiul Suceava&gt; a ajuns \u00een faza concret\u0103 a primului pas. Am \u0219i \u00eenceput betonarea noilor amplasamente. Concret, vom instala 100 de insule ecologice digitalizate pentru colectarea gunoiului\u201d.<\/p>\n<p>Valoarea finan\u021b\u0103rii nerambursabile este de 9.970.596 de lei, iar, potrivit primarului, noile insule ecologice vor contribui la modernizarea sistemului de colectare selectiv\u0103 a de\u0219eurilor din municipiu.<\/p>\n<\/div>\n<p>[analyse_source url=&#8221;https:\/\/www.radiotop.ro\/administratie\/au-inceput-lucrarile-pentru-montarea-celor-100-de-insule-ecologice-digitalizate-din-suceava.html&#8221;]<\/p>\n","protected":false},"excerpt":{"rendered":"<p>[analyse_image type=&#8221;featured&#8221; src=&#8221;https:\/\/www.radiotop.ro\/img\/media\/2026\/08\/762765479_122332442924031410_6336534138513997834_n-e1785928455903.jpg&#8221;] \u00a0 1 of 3 &#8211;+ Primarul Sucevei, Vasile R\u00eembu, anun\u021b\u0103 c\u0103 au \u00eenceput lucr\u0103rile pentru amplasarea celor 100 de insule ecologice digitalizate care vor fi instalate \u00een municipiu. \u00cen prezent, se execut\u0103 platformele din beton pe care vor fi montate noile puncte de colectare a de\u0219eurilor. Potrivit primarului, primul lot de insule [&hellip;]<\/p>\n","protected":false},"author":1,"featured_media":0,"comment_status":"open","ping_status":"","sticky":false,"template":"","format":"standard","meta":{"footnotes":""},"categories":[89],"tags":[226,163],"class_list":["post-2083168","post","type-post","status-publish","format-standard","hentry","category-romania","tag-crawlmanager","tag-radiotop-ro"],"_links":{"self":[{"href":"https:\/\/analyse.optim.biz\/index.php?rest_route=\/wp\/v2\/posts\/2083168","targetHints":{"allow":["GET"]}}],"collection":[{"href":"https:\/\/analyse.optim.biz\/index.php?rest_route=\/wp\/v2\/posts"}],"about":[{"href":"https:\/\/analyse.optim.biz\/index.php?rest_route=\/wp\/v2\/types\/post"}],"author":[{"embeddable":true,"href":"https:\/\/analyse.optim.biz\/index.php?rest_route=\/wp\/v2\/users\/1"}],"replies":[{"embeddable":true,"href":"https:\/\/analyse.optim.biz\/index.php?rest_route=%2Fwp%2Fv2%2Fcomments&post=2083168"}],"version-history":[{"count":0,"href":"https:\/\/analyse.optim.biz\/index.php?rest_route=\/wp\/v2\/posts\/2083168\/revisions"}],"wp:attachment":[{"href":"https:\/\/analyse.optim.biz\/index.php?rest_route=%2Fwp%2Fv2%2Fmedia&parent=2083168"}],"wp:term":[{"taxonomy":"category","embeddable":true,"href":"https:\/\/analyse.optim.biz\/index.php?rest_route=%2Fwp%2Fv2%2Fcategories&post=2083168"},{"taxonomy":"post_tag","embeddable":true,"href":"https:\/\/analyse.optim.biz\/index.php?rest_route=%2Fwp%2Fv2%2Ftags&post=2083168"}],"curies":[{"name":"wp","href":"https:\/\/api.w.org\/{rel}","templated":true}]}}