{"id":2083164,"date":"2026-08-05T09:36:40","date_gmt":"2026-08-05T06:36:40","guid":{"rendered":"https:\/\/analyse.optim.biz\/?p=2083164"},"modified":"2026-08-05T09:36:40","modified_gmt":"2026-08-05T06:36:40","slug":"s-a-incheiat-reabilitarea-energetica-a-trei-blocuri-din-centrul-sucevei-printr-un-proiect-de-peste-14-milioane-de-lei","status":"publish","type":"post","link":"https:\/\/analyse.optim.biz\/?p=2083164","title":{"rendered":"S-a \u00eencheiat reabilitarea energetic\u0103 a trei blocuri din centrul Sucevei, printr-un proiect de peste 14 milioane de lei"},"content":{"rendered":"<p>[analyse_image type=&#8221;featured&#8221; src=&#8221;https:\/\/www.radiotop.ro\/img\/media\/2026\/08\/765849307_1364432792559624_2420478050256102563_n.jpg&#8221;]<\/p>\n<div class=\"entry-content no-share\">\n<div class=\"content-inner \">\n<div class=\"jeg_preview_slider gallery_1\" data-selector=\"gallery_1\">\n<div class=\"jeg_preview_holder\">\n<div class=\"jeg_preview_media\">\n<div class=\"jeg_preview_media_holder\">\n<h3>\u00a0<\/h3>\n<div class=\"jeg_preview_control\">\n<div class=\"left_control\">\n<div class=\"counter\"><span class=\"current\">1<\/span> of  6<\/div>\n<\/div>\n<div class=\"zoom\"><span class=\"reduce\">&#8211;<\/span><span class=\"increase\">+<\/span><\/div>\n<\/div>\n<\/div>\n<\/div>\n<div class=\"jeg_preview_bottom_slider\"><a data-id=\"0\" data-title data-image=\"https:\/\/www.radiotop.ro\/img\/media\/2026\/08\/764845134_1364432952559608_8061200519007642945_n.jpg\" href=\"https:\/\/www.radiotop.ro\/img\/media\/2026\/08\/764845134_1364432952559608_8061200519007642945_n.jpg\" class=\"jeg_preview_item active\"><\/p>\n<div class=\"jeg_preview_item_thumbnail\"><img loading=\"lazy\" decoding=\"async\" width=\"120\" height=\"86\" src=\"https:\/\/www.radiotop.ro\/img\/media\/2026\/08\/764845134_1364432952559608_8061200519007642945_n-120x86.jpg\" class=\"attachment-jnews-120x86 size-jnews-120x86\" alt><\/div>\n<p><\/a><a data-id=\"1\" data-title data-image=\"https:\/\/www.radiotop.ro\/img\/media\/2026\/08\/765872366_1364432812559622_3568325940902999115_n-1.jpg\" href=\"https:\/\/www.radiotop.ro\/img\/media\/2026\/08\/765872366_1364432812559622_3568325940902999115_n-1.jpg\" class=\"jeg_preview_item \"><\/p>\n<div class=\"jeg_preview_item_thumbnail\"><img loading=\"lazy\" decoding=\"async\" width=\"120\" height=\"86\" src=\"https:\/\/www.radiotop.ro\/img\/media\/2026\/08\/765872366_1364432812559622_3568325940902999115_n-1-120x86.jpg\" class=\"attachment-jnews-120x86 size-jnews-120x86\" alt><\/div>\n<p><\/a><a data-id=\"2\" data-title data-image=\"https:\/\/www.radiotop.ro\/img\/media\/2026\/08\/765958756_1364432872559616_3763019154660850447_n.jpg\" href=\"https:\/\/www.radiotop.ro\/img\/media\/2026\/08\/765958756_1364432872559616_3763019154660850447_n.jpg\" class=\"jeg_preview_item \"><\/p>\n<div class=\"jeg_preview_item_thumbnail\"><img loading=\"lazy\" decoding=\"async\" width=\"120\" height=\"86\" src=\"https:\/\/www.radiotop.ro\/img\/media\/2026\/08\/765958756_1364432872559616_3763019154660850447_n-120x86.jpg\" class=\"attachment-jnews-120x86 size-jnews-120x86\" alt><\/div>\n<p><\/a><a data-id=\"3\" data-title data-image=\"https:\/\/www.radiotop.ro\/img\/media\/2026\/08\/763847573_1364432889226281_1489361105548131318_n.jpg\" href=\"https:\/\/www.radiotop.ro\/img\/media\/2026\/08\/763847573_1364432889226281_1489361105548131318_n.jpg\" class=\"jeg_preview_item \"><\/p>\n<div class=\"jeg_preview_item_thumbnail\"><img loading=\"lazy\" decoding=\"async\" width=\"120\" height=\"86\" src=\"https:\/\/www.radiotop.ro\/img\/media\/2026\/08\/763847573_1364432889226281_1489361105548131318_n-120x86.jpg\" class=\"attachment-jnews-120x86 size-jnews-120x86\" alt><\/div>\n<p><\/a><a data-id=\"4\" data-title data-image=\"https:\/\/www.radiotop.ro\/img\/media\/2026\/08\/764845109_1364432912559612_1965671261117841572_n.jpg\" href=\"https:\/\/www.radiotop.ro\/img\/media\/2026\/08\/764845109_1364432912559612_1965671261117841572_n.jpg\" class=\"jeg_preview_item \"><\/p>\n<div class=\"jeg_preview_item_thumbnail\"><img loading=\"lazy\" decoding=\"async\" width=\"120\" height=\"86\" src=\"https:\/\/www.radiotop.ro\/img\/media\/2026\/08\/764845109_1364432912559612_1965671261117841572_n-120x86.jpg\" class=\"attachment-jnews-120x86 size-jnews-120x86\" alt><\/div>\n<p><\/a><a data-id=\"5\" data-title data-image=\"https:\/\/www.radiotop.ro\/img\/media\/2026\/08\/765849307_1364432792559624_2420478050256102563_n.jpg\" href=\"https:\/\/www.radiotop.ro\/img\/media\/2026\/08\/765849307_1364432792559624_2420478050256102563_n.jpg\" class=\"jeg_preview_item \"><\/p>\n<div class=\"jeg_preview_item_thumbnail\"><img loading=\"lazy\" decoding=\"async\" width=\"120\" height=\"86\" src=\"https:\/\/www.radiotop.ro\/img\/media\/2026\/08\/765849307_1364432792559624_2420478050256102563_n-120x86.jpg\" class=\"attachment-jnews-120x86 size-jnews-120x86\" alt><\/div>\n<p><\/a><\/div>\n<\/div>\n<\/div>\n<p>Prim\u0103ria Suceava a anun\u021bat finalizarea proiectului de renovare energetic\u0103 a trei blocuri din zona central\u0103 a municipiului, investi\u021bie finan\u021bat\u0103 prin Planul Na\u021bional de Redresare \u0219i Rezilien\u021b\u0103. Valoarea total\u0103 a proiectului este de peste 14,3 milioane de lei.<\/p>\n<p>Lucr\u0103rile au vizat imobile din cadrul Asocia\u021biei de Proprietari nr. 3, situate pe str\u0103zile \u0218tefan cel Mare \u0219i Vasile Alecsandri, cu o suprafa\u021b\u0103 total\u0103 renovat\u0103 de peste 11.500 de metri p\u0103tra\u021bi.<\/p>\n<p>Interven\u021biile au inclus izolarea termic\u0103 a cl\u0103dirilor, \u00eenlocuirea t\u00eempl\u0103riei exterioare, modernizarea acoperi\u0219urilor, refacerea finisajelor interioare \u0219i exterioare, reabilitarea instala\u021biilor de \u00eenc\u0103lzire \u0219i iluminat, precum \u0219i montarea unui sistem de panouri fotovoltaice cu o putere de 12 kW pentru alimentarea spa\u021biilor comune.<\/p>\n<p>Potrivit Prim\u0103riei, proiectul, \u00een valoare de 14.351.800 de lei, va contribui la reducerea consumului de energie \u0219i a emisiilor de dioxid de carbon, la \u00eembun\u0103t\u0103\u021birea confortului termic \u0219i acustic al locatarilor \u0219i la modernizarea aspectului urbanistic al zonei centrale a municipiului.<\/p>\n<p>Reabilit\u0103rile energetice finan\u021bate prin PNRR \u00een municipiul Suceava au fost demarate \u00een mandatul fostului primar Ion Lungu, contractele de finan\u021bare pentru aceste investi\u021bii fiind preg\u0103tite \u0219i semnate \u00een perioada 2022-2024.<\/p>\n<p>Lucr\u0103rile la acest proiect s-au desf\u0103\u0219urat \u00een perioada martie 2025 \u2013 august 2026 \u0219i au fost finalizate conform graficului stabilit.<\/p>\n<\/div>\n<\/div>\n<div class=\"content-inner \">\n<div class=\"jeg_preview_slider gallery_1\" data-selector=\"gallery_1\">\n<div class=\"jeg_preview_holder\">\n<div class=\"jeg_preview_media\">\n<div class=\"jeg_preview_media_holder\">\n<h3>\u00a0<\/h3>\n<div class=\"jeg_preview_control\">\n<div class=\"left_control\">\n<div class=\"counter\"><span class=\"current\">1<\/span> of  6<\/div>\n<\/div>\n<div class=\"zoom\"><span class=\"reduce\">&#8211;<\/span><span class=\"increase\">+<\/span><\/div>\n<\/div>\n<\/div>\n<\/div>\n<div class=\"jeg_preview_bottom_slider\"><a data-id=\"0\" data-title data-image=\"https:\/\/www.radiotop.ro\/img\/media\/2026\/08\/764845134_1364432952559608_8061200519007642945_n.jpg\" href=\"https:\/\/www.radiotop.ro\/img\/media\/2026\/08\/764845134_1364432952559608_8061200519007642945_n.jpg\" class=\"jeg_preview_item active\"><\/p>\n<div class=\"jeg_preview_item_thumbnail\"><img loading=\"lazy\" decoding=\"async\" width=\"120\" height=\"86\" src=\"https:\/\/www.radiotop.ro\/img\/media\/2026\/08\/764845134_1364432952559608_8061200519007642945_n-120x86.jpg\" class=\"attachment-jnews-120x86 size-jnews-120x86\" alt><\/div>\n<p><\/a><a data-id=\"1\" data-title data-image=\"https:\/\/www.radiotop.ro\/img\/media\/2026\/08\/765872366_1364432812559622_3568325940902999115_n-1.jpg\" href=\"https:\/\/www.radiotop.ro\/img\/media\/2026\/08\/765872366_1364432812559622_3568325940902999115_n-1.jpg\" class=\"jeg_preview_item \"><\/p>\n<div class=\"jeg_preview_item_thumbnail\"><img loading=\"lazy\" decoding=\"async\" width=\"120\" height=\"86\" src=\"https:\/\/www.radiotop.ro\/img\/media\/2026\/08\/765872366_1364432812559622_3568325940902999115_n-1-120x86.jpg\" class=\"attachment-jnews-120x86 size-jnews-120x86\" alt><\/div>\n<p><\/a><a data-id=\"2\" data-title data-image=\"https:\/\/www.radiotop.ro\/img\/media\/2026\/08\/765958756_1364432872559616_3763019154660850447_n.jpg\" href=\"https:\/\/www.radiotop.ro\/img\/media\/2026\/08\/765958756_1364432872559616_3763019154660850447_n.jpg\" class=\"jeg_preview_item \"><\/p>\n<div class=\"jeg_preview_item_thumbnail\"><img loading=\"lazy\" decoding=\"async\" width=\"120\" height=\"86\" src=\"https:\/\/www.radiotop.ro\/img\/media\/2026\/08\/765958756_1364432872559616_3763019154660850447_n-120x86.jpg\" class=\"attachment-jnews-120x86 size-jnews-120x86\" alt><\/div>\n<p><\/a><a data-id=\"3\" data-title data-image=\"https:\/\/www.radiotop.ro\/img\/media\/2026\/08\/763847573_1364432889226281_1489361105548131318_n.jpg\" href=\"https:\/\/www.radiotop.ro\/img\/media\/2026\/08\/763847573_1364432889226281_1489361105548131318_n.jpg\" class=\"jeg_preview_item \"><\/p>\n<div class=\"jeg_preview_item_thumbnail\"><img loading=\"lazy\" decoding=\"async\" width=\"120\" height=\"86\" src=\"https:\/\/www.radiotop.ro\/img\/media\/2026\/08\/763847573_1364432889226281_1489361105548131318_n-120x86.jpg\" class=\"attachment-jnews-120x86 size-jnews-120x86\" alt><\/div>\n<p><\/a><a data-id=\"4\" data-title data-image=\"https:\/\/www.radiotop.ro\/img\/media\/2026\/08\/764845109_1364432912559612_1965671261117841572_n.jpg\" href=\"https:\/\/www.radiotop.ro\/img\/media\/2026\/08\/764845109_1364432912559612_1965671261117841572_n.jpg\" class=\"jeg_preview_item \"><\/p>\n<div class=\"jeg_preview_item_thumbnail\"><img loading=\"lazy\" decoding=\"async\" width=\"120\" height=\"86\" src=\"https:\/\/www.radiotop.ro\/img\/media\/2026\/08\/764845109_1364432912559612_1965671261117841572_n-120x86.jpg\" class=\"attachment-jnews-120x86 size-jnews-120x86\" alt><\/div>\n<p><\/a><a data-id=\"5\" data-title data-image=\"https:\/\/www.radiotop.ro\/img\/media\/2026\/08\/765849307_1364432792559624_2420478050256102563_n.jpg\" href=\"https:\/\/www.radiotop.ro\/img\/media\/2026\/08\/765849307_1364432792559624_2420478050256102563_n.jpg\" class=\"jeg_preview_item \"><\/p>\n<div class=\"jeg_preview_item_thumbnail\"><img loading=\"lazy\" decoding=\"async\" width=\"120\" height=\"86\" src=\"https:\/\/www.radiotop.ro\/img\/media\/2026\/08\/765849307_1364432792559624_2420478050256102563_n-120x86.jpg\" class=\"attachment-jnews-120x86 size-jnews-120x86\" alt><\/div>\n<p><\/a><\/div>\n<\/div>\n<\/div>\n<p>Prim\u0103ria Suceava a anun\u021bat finalizarea proiectului de renovare energetic\u0103 a trei blocuri din zona central\u0103 a municipiului, investi\u021bie finan\u021bat\u0103 prin Planul Na\u021bional de Redresare \u0219i Rezilien\u021b\u0103. Valoarea total\u0103 a proiectului este de peste 14,3 milioane de lei.<\/p>\n<p>Lucr\u0103rile au vizat imobile din cadrul Asocia\u021biei de Proprietari nr. 3, situate pe str\u0103zile \u0218tefan cel Mare \u0219i Vasile Alecsandri, cu o suprafa\u021b\u0103 total\u0103 renovat\u0103 de peste 11.500 de metri p\u0103tra\u021bi.<\/p>\n<p>Interven\u021biile au inclus izolarea termic\u0103 a cl\u0103dirilor, \u00eenlocuirea t\u00eempl\u0103riei exterioare, modernizarea acoperi\u0219urilor, refacerea finisajelor interioare \u0219i exterioare, reabilitarea instala\u021biilor de \u00eenc\u0103lzire \u0219i iluminat, precum \u0219i montarea unui sistem de panouri fotovoltaice cu o putere de 12 kW pentru alimentarea spa\u021biilor comune.<\/p>\n<p>Potrivit Prim\u0103riei, proiectul, \u00een valoare de 14.351.800 de lei, va contribui la reducerea consumului de energie \u0219i a emisiilor de dioxid de carbon, la \u00eembun\u0103t\u0103\u021birea confortului termic \u0219i acustic al locatarilor \u0219i la modernizarea aspectului urbanistic al zonei centrale a municipiului.<\/p>\n<p>Reabilit\u0103rile energetice finan\u021bate prin PNRR \u00een municipiul Suceava au fost demarate \u00een mandatul fostului primar Ion Lungu, contractele de finan\u021bare pentru aceste investi\u021bii fiind preg\u0103tite \u0219i semnate \u00een perioada 2022-2024.<\/p>\n<p>Lucr\u0103rile la acest proiect s-au desf\u0103\u0219urat \u00een perioada martie 2025 \u2013 august 2026 \u0219i au fost finalizate conform graficului stabilit.<\/p>\n<\/div>\n<p>[analyse_source url=&#8221;https:\/\/www.radiotop.ro\/administratie\/s-a-incheiat-reabilitarea-energetica-a-trei-blocuri-din-centrul-sucevei-printr-un-proiect-de-peste-14-milioane-de-lei.html&#8221;]<\/p>\n","protected":false},"excerpt":{"rendered":"<p>[analyse_image type=&#8221;featured&#8221; src=&#8221;https:\/\/www.radiotop.ro\/img\/media\/2026\/08\/765849307_1364432792559624_2420478050256102563_n.jpg&#8221;] \u00a0 1 of 6 &#8211;+ Prim\u0103ria Suceava a anun\u021bat finalizarea proiectului de renovare energetic\u0103 a trei blocuri din zona central\u0103 a municipiului, investi\u021bie finan\u021bat\u0103 prin Planul Na\u021bional de Redresare \u0219i Rezilien\u021b\u0103. Valoarea total\u0103 a proiectului este de peste 14,3 milioane de lei. Lucr\u0103rile au vizat imobile din cadrul Asocia\u021biei de Proprietari nr. [&hellip;]<\/p>\n","protected":false},"author":1,"featured_media":0,"comment_status":"open","ping_status":"","sticky":false,"template":"","format":"standard","meta":{"footnotes":""},"categories":[89],"tags":[226,163],"class_list":["post-2083164","post","type-post","status-publish","format-standard","hentry","category-romania","tag-crawlmanager","tag-radiotop-ro"],"_links":{"self":[{"href":"https:\/\/analyse.optim.biz\/index.php?rest_route=\/wp\/v2\/posts\/2083164","targetHints":{"allow":["GET"]}}],"collection":[{"href":"https:\/\/analyse.optim.biz\/index.php?rest_route=\/wp\/v2\/posts"}],"about":[{"href":"https:\/\/analyse.optim.biz\/index.php?rest_route=\/wp\/v2\/types\/post"}],"author":[{"embeddable":true,"href":"https:\/\/analyse.optim.biz\/index.php?rest_route=\/wp\/v2\/users\/1"}],"replies":[{"embeddable":true,"href":"https:\/\/analyse.optim.biz\/index.php?rest_route=%2Fwp%2Fv2%2Fcomments&post=2083164"}],"version-history":[{"count":0,"href":"https:\/\/analyse.optim.biz\/index.php?rest_route=\/wp\/v2\/posts\/2083164\/revisions"}],"wp:attachment":[{"href":"https:\/\/analyse.optim.biz\/index.php?rest_route=%2Fwp%2Fv2%2Fmedia&parent=2083164"}],"wp:term":[{"taxonomy":"category","embeddable":true,"href":"https:\/\/analyse.optim.biz\/index.php?rest_route=%2Fwp%2Fv2%2Fcategories&post=2083164"},{"taxonomy":"post_tag","embeddable":true,"href":"https:\/\/analyse.optim.biz\/index.php?rest_route=%2Fwp%2Fv2%2Ftags&post=2083164"}],"curies":[{"name":"wp","href":"https:\/\/api.w.org\/{rel}","templated":true}]}}