{"id":2083161,"date":"2026-08-07T06:12:47","date_gmt":"2026-08-07T03:12:47","guid":{"rendered":"https:\/\/analyse.optim.biz\/?p=2083161"},"modified":"2026-08-07T06:12:47","modified_gmt":"2026-08-07T03:12:47","slug":"doua-statii-de-autobuz-din-suceava-modernizate-cu-bani-privati-gara-burdujeni-si-confectia-intra-in-transformare","status":"publish","type":"post","link":"https:\/\/analyse.optim.biz\/?p=2083161","title":{"rendered":"Dou\u0103 sta\u021bii de autobuz din Suceava, modernizate cu bani priva\u021bi. Gara Burdujeni \u0219i \u201dConfec\u021bia\u201d intr\u0103 \u00een transformare"},"content":{"rendered":"<p>[analyse_image type=&#8221;featured&#8221; src=&#8221;https:\/\/www.radiotop.ro\/img\/media\/2026\/08\/767268884_122332683164031410_4878635497143337527_n.jpg&#8221;]<\/p>\n<div class=\"entry-content no-share\">\n<div class=\"content-inner \">\n<div class=\"jeg_preview_slider gallery_1\" data-selector=\"gallery_1\">\n<div class=\"jeg_preview_holder\">\n<div class=\"jeg_preview_media\">\n<div class=\"jeg_preview_media_holder\">\n<h3>\u00a0<\/h3>\n<div class=\"jeg_preview_control\">\n<div class=\"left_control\">\n<div class=\"counter\"><span class=\"current\">1<\/span> of  3<\/div>\n<\/div>\n<div class=\"zoom\"><span class=\"reduce\">&#8211;<\/span><span class=\"increase\">+<\/span><\/div>\n<\/div>\n<\/div>\n<\/div>\n<div class=\"jeg_preview_bottom_slider\"><a data-id=\"0\" data-title data-image=\"https:\/\/www.radiotop.ro\/img\/media\/2026\/08\/765059753_122332683170031410_7248715702696230982_n.jpg\" href=\"https:\/\/www.radiotop.ro\/img\/media\/2026\/08\/765059753_122332683170031410_7248715702696230982_n.jpg\" class=\"jeg_preview_item active\"><\/p>\n<div class=\"jeg_preview_item_thumbnail\"><img loading=\"lazy\" decoding=\"async\" width=\"120\" height=\"86\" src=\"https:\/\/www.radiotop.ro\/img\/media\/2026\/08\/765059753_122332683170031410_7248715702696230982_n-120x86.jpg\" class=\"attachment-jnews-120x86 size-jnews-120x86\" alt><\/div>\n<p><\/a><a data-id=\"1\" data-title data-image=\"https:\/\/www.radiotop.ro\/img\/media\/2026\/08\/767300948_122332683248031410_3923582847842871344_n.jpg\" href=\"https:\/\/www.radiotop.ro\/img\/media\/2026\/08\/767300948_122332683248031410_3923582847842871344_n.jpg\" class=\"jeg_preview_item \"><\/p>\n<div class=\"jeg_preview_item_thumbnail\"><img loading=\"lazy\" decoding=\"async\" width=\"120\" height=\"86\" src=\"https:\/\/www.radiotop.ro\/img\/media\/2026\/08\/767300948_122332683248031410_3923582847842871344_n-120x86.jpg\" class=\"attachment-jnews-120x86 size-jnews-120x86\" alt><\/div>\n<p><\/a><a data-id=\"2\" data-title data-image=\"https:\/\/www.radiotop.ro\/img\/media\/2026\/08\/767268884_122332683164031410_4878635497143337527_n.jpg\" href=\"https:\/\/www.radiotop.ro\/img\/media\/2026\/08\/767268884_122332683164031410_4878635497143337527_n.jpg\" class=\"jeg_preview_item \"><\/p>\n<div class=\"jeg_preview_item_thumbnail\"><img loading=\"lazy\" decoding=\"async\" width=\"120\" height=\"86\" src=\"https:\/\/www.radiotop.ro\/img\/media\/2026\/08\/767268884_122332683164031410_4878635497143337527_n-120x86.jpg\" class=\"attachment-jnews-120x86 size-jnews-120x86\" alt><\/div>\n<p><\/a><\/div>\n<\/div>\n<\/div>\n<p>Dou\u0103 sta\u021bii de autobuz din municipiul Suceava, cea de la Gara Burdujeni \u0219i cea de la \u201dConfec\u021bia\u201d, vor fi modernizate \u00eencep\u00eend de s\u0103pt\u0103m\u00eena viitoare, printr-un parteneriat \u00eentre Prim\u0103rie \u0219i dou\u0103 firme private, care suport\u0103 costurile lucr\u0103rilor.<\/p>\n<p>Sta\u021bia de la \u201dConfec\u021bia\u201d va fi modernizat\u0103 de Just Seven SRL, iar cea de la Gara Burdujeni de Safesteel SRL. Prim\u0103ria Suceava pune la dispozi\u021bie amplasamentele. Asocierea cu cele dou\u0103 firme a fost aprobat\u0103 de Consiliul Local la sf\u00eer\u0219itul lunii iulie, \u00een baza unui proiect ini\u021biat de primarul Vasile R\u00eembu.<\/p>\n<p>Primarul spune c\u0103 transformarea sta\u021biilor de autobuz este necesar\u0103 dup\u0103 ani \u00een care unele dintre acestea au ajuns \u201daproape ad\u0103posturi \u00een paragin\u0103\u201d. Domnul R\u00eembu afirm\u0103 c\u0103 municipalitatea vrea s\u0103 ofere condi\u021bii mai bune \u0219i mai sigure pentru c\u0103l\u0103tori, dar \u0219i s\u0103 schimbe aspectul infrastructurii de transport din ora\u0219.<\/p>\n<p>A transmis Vasile R\u00eembu, prin intermediul unui mesaj postat pe pagina sa de Facebook: \u201dContinu\u0103m, cu pa\u0219i fermi, spre o infrastructur\u0103 de transport \u00eengrijit\u0103\u201d.<\/p>\n<\/div>\n<\/div>\n<div class=\"content-inner \">\n<div class=\"jeg_preview_slider gallery_1\" data-selector=\"gallery_1\">\n<div class=\"jeg_preview_holder\">\n<div class=\"jeg_preview_media\">\n<div class=\"jeg_preview_media_holder\">\n<h3>\u00a0<\/h3>\n<div class=\"jeg_preview_control\">\n<div class=\"left_control\">\n<div class=\"counter\"><span class=\"current\">1<\/span> of  3<\/div>\n<\/div>\n<div class=\"zoom\"><span class=\"reduce\">&#8211;<\/span><span class=\"increase\">+<\/span><\/div>\n<\/div>\n<\/div>\n<\/div>\n<div class=\"jeg_preview_bottom_slider\"><a data-id=\"0\" data-title data-image=\"https:\/\/www.radiotop.ro\/img\/media\/2026\/08\/765059753_122332683170031410_7248715702696230982_n.jpg\" href=\"https:\/\/www.radiotop.ro\/img\/media\/2026\/08\/765059753_122332683170031410_7248715702696230982_n.jpg\" class=\"jeg_preview_item active\"><\/p>\n<div class=\"jeg_preview_item_thumbnail\"><img loading=\"lazy\" decoding=\"async\" width=\"120\" height=\"86\" src=\"https:\/\/www.radiotop.ro\/img\/media\/2026\/08\/765059753_122332683170031410_7248715702696230982_n-120x86.jpg\" class=\"attachment-jnews-120x86 size-jnews-120x86\" alt><\/div>\n<p><\/a><a data-id=\"1\" data-title data-image=\"https:\/\/www.radiotop.ro\/img\/media\/2026\/08\/767300948_122332683248031410_3923582847842871344_n.jpg\" href=\"https:\/\/www.radiotop.ro\/img\/media\/2026\/08\/767300948_122332683248031410_3923582847842871344_n.jpg\" class=\"jeg_preview_item \"><\/p>\n<div class=\"jeg_preview_item_thumbnail\"><img loading=\"lazy\" decoding=\"async\" width=\"120\" height=\"86\" src=\"https:\/\/www.radiotop.ro\/img\/media\/2026\/08\/767300948_122332683248031410_3923582847842871344_n-120x86.jpg\" class=\"attachment-jnews-120x86 size-jnews-120x86\" alt><\/div>\n<p><\/a><a data-id=\"2\" data-title data-image=\"https:\/\/www.radiotop.ro\/img\/media\/2026\/08\/767268884_122332683164031410_4878635497143337527_n.jpg\" href=\"https:\/\/www.radiotop.ro\/img\/media\/2026\/08\/767268884_122332683164031410_4878635497143337527_n.jpg\" class=\"jeg_preview_item \"><\/p>\n<div class=\"jeg_preview_item_thumbnail\"><img loading=\"lazy\" decoding=\"async\" width=\"120\" height=\"86\" src=\"https:\/\/www.radiotop.ro\/img\/media\/2026\/08\/767268884_122332683164031410_4878635497143337527_n-120x86.jpg\" class=\"attachment-jnews-120x86 size-jnews-120x86\" alt><\/div>\n<p><\/a><\/div>\n<\/div>\n<\/div>\n<p>Dou\u0103 sta\u021bii de autobuz din municipiul Suceava, cea de la Gara Burdujeni \u0219i cea de la \u201dConfec\u021bia\u201d, vor fi modernizate \u00eencep\u00eend de s\u0103pt\u0103m\u00eena viitoare, printr-un parteneriat \u00eentre Prim\u0103rie \u0219i dou\u0103 firme private, care suport\u0103 costurile lucr\u0103rilor.<\/p>\n<p>Sta\u021bia de la \u201dConfec\u021bia\u201d va fi modernizat\u0103 de Just Seven SRL, iar cea de la Gara Burdujeni de Safesteel SRL. Prim\u0103ria Suceava pune la dispozi\u021bie amplasamentele. Asocierea cu cele dou\u0103 firme a fost aprobat\u0103 de Consiliul Local la sf\u00eer\u0219itul lunii iulie, \u00een baza unui proiect ini\u021biat de primarul Vasile R\u00eembu.<\/p>\n<p>Primarul spune c\u0103 transformarea sta\u021biilor de autobuz este necesar\u0103 dup\u0103 ani \u00een care unele dintre acestea au ajuns \u201daproape ad\u0103posturi \u00een paragin\u0103\u201d. Domnul R\u00eembu afirm\u0103 c\u0103 municipalitatea vrea s\u0103 ofere condi\u021bii mai bune \u0219i mai sigure pentru c\u0103l\u0103tori, dar \u0219i s\u0103 schimbe aspectul infrastructurii de transport din ora\u0219.<\/p>\n<p>A transmis Vasile R\u00eembu, prin intermediul unui mesaj postat pe pagina sa de Facebook: \u201dContinu\u0103m, cu pa\u0219i fermi, spre o infrastructur\u0103 de transport \u00eengrijit\u0103\u201d.<\/p>\n<\/div>\n<p>[analyse_source url=&#8221;https:\/\/www.radiotop.ro\/administratie\/doua-statii-de-autobuz-din-suceava-modernizate-cu-bani-privati-gara-burdujeni-si-confectia-intra-in-transformare.html&#8221;]<\/p>\n","protected":false},"excerpt":{"rendered":"<p>[analyse_image type=&#8221;featured&#8221; src=&#8221;https:\/\/www.radiotop.ro\/img\/media\/2026\/08\/767268884_122332683164031410_4878635497143337527_n.jpg&#8221;] \u00a0 1 of 3 &#8211;+ Dou\u0103 sta\u021bii de autobuz din municipiul Suceava, cea de la Gara Burdujeni \u0219i cea de la \u201dConfec\u021bia\u201d, vor fi modernizate \u00eencep\u00eend de s\u0103pt\u0103m\u00eena viitoare, printr-un parteneriat \u00eentre Prim\u0103rie \u0219i dou\u0103 firme private, care suport\u0103 costurile lucr\u0103rilor. Sta\u021bia de la \u201dConfec\u021bia\u201d va fi modernizat\u0103 de Just Seven SRL, [&hellip;]<\/p>\n","protected":false},"author":1,"featured_media":0,"comment_status":"open","ping_status":"","sticky":false,"template":"","format":"standard","meta":{"footnotes":""},"categories":[89],"tags":[226,163],"class_list":["post-2083161","post","type-post","status-publish","format-standard","hentry","category-romania","tag-crawlmanager","tag-radiotop-ro"],"_links":{"self":[{"href":"https:\/\/analyse.optim.biz\/index.php?rest_route=\/wp\/v2\/posts\/2083161","targetHints":{"allow":["GET"]}}],"collection":[{"href":"https:\/\/analyse.optim.biz\/index.php?rest_route=\/wp\/v2\/posts"}],"about":[{"href":"https:\/\/analyse.optim.biz\/index.php?rest_route=\/wp\/v2\/types\/post"}],"author":[{"embeddable":true,"href":"https:\/\/analyse.optim.biz\/index.php?rest_route=\/wp\/v2\/users\/1"}],"replies":[{"embeddable":true,"href":"https:\/\/analyse.optim.biz\/index.php?rest_route=%2Fwp%2Fv2%2Fcomments&post=2083161"}],"version-history":[{"count":0,"href":"https:\/\/analyse.optim.biz\/index.php?rest_route=\/wp\/v2\/posts\/2083161\/revisions"}],"wp:attachment":[{"href":"https:\/\/analyse.optim.biz\/index.php?rest_route=%2Fwp%2Fv2%2Fmedia&parent=2083161"}],"wp:term":[{"taxonomy":"category","embeddable":true,"href":"https:\/\/analyse.optim.biz\/index.php?rest_route=%2Fwp%2Fv2%2Fcategories&post=2083161"},{"taxonomy":"post_tag","embeddable":true,"href":"https:\/\/analyse.optim.biz\/index.php?rest_route=%2Fwp%2Fv2%2Ftags&post=2083161"}],"curies":[{"name":"wp","href":"https:\/\/api.w.org\/{rel}","templated":true}]}}