{"id":2083022,"date":"2026-08-06T14:29:59","date_gmt":"2026-08-06T11:29:59","guid":{"rendered":"https:\/\/analyse.optim.biz\/?p=2083022"},"modified":"2026-08-06T14:29:59","modified_gmt":"2026-08-06T11:29:59","slug":"informare-privind-situatia-incendiilor-de-vegetatie-de-amploare","status":"publish","type":"post","link":"https:\/\/analyse.optim.biz\/?p=2083022","title":{"rendered":"Informare privind situa\u021bia incendiilor de vegeta\u021bie de amploare"},"content":{"rendered":"<p>[analyse_image type=&#8221;featured&#8221; src=&#8221;https:\/\/infotulcea.ro\/wp-content\/uploads\/2021\/11\/bulina.png&#8221;]<\/p>\n<div id=\"content\" class=\"site-content container\">\n<div id=\"main-content-row\" class=\"tie-row main-content-row\">\n<div class=\"main-content tie-col-md-8 tie-col-xs-12\" role=\"main\">\n<article id=\"the-post\" class=\"container-wrapper post-content tie-standard\">\n<header class=\"entry-header-outer\">\n<nav id=\"breadcrumb\"><a href=\"https:\/\/infotulcea.ro\/\"> Home<\/a><em class=\"delimiter\">\/<\/em><a href=\"https:\/\/infotulcea.ro\/categorie\/utile\/\">Utile<\/a><em class=\"delimiter\">\/<\/em><span class=\"current\">Informare privind situa\u021bia incendiilor de vegeta\u021bie de amploare<\/span><\/nav>\n<div class=\"entry-header\"><span class=\"post-cat-wrap\"><a class=\"post-cat tie-cat-52\" href=\"https:\/\/infotulcea.ro\/categorie\/utile\/\">Utile<\/a><\/span><\/p>\n<h1 class=\"post-title entry-title\">\n\t\t\tInformare privind situa\u021bia incendiilor de vegeta\u021bie de amploare\t\t<\/h1>\n<div class=\"single-post-meta post-meta clearfix\"><span class=\"author-meta single-author no-avatars\"><span class=\"meta-item meta-author-wrapper meta-author-9\"><span class=\"meta-author\"><a href=\"https:\/\/infotulcea.ro\/author\/redactia-2\/\" class=\"author-name tie-icon\" title=\"Redactia\">Redactia<\/a><\/span><\/span><\/span><span class=\"date meta-item tie-icon\">6 august 2026<\/span><\/p>\n<div class=\"tie-alignright\"><span class=\"meta-comment tie-icon meta-item fa-before\">0<\/span><span class=\"meta-views meta-item \"> 362 <\/span><span class=\"meta-reading-time meta-item\"> 1 minute read<\/span><\/div>\n<\/div>\n<\/div>\n<\/header>\n<div class=\"entry-content entry clearfix\">\n<p><strong>Eforturile sus\u021binute ale colegilor no\u0219tri continu\u0103 pentru lichidarea a dou\u0103 incendii de vegeta\u021bie \u0219i fond forestier \u00eenregistrate \u00een jude\u021bul Cara\u0219-Severin, interven\u021biile desf\u0103\u0219ur\u00e2ndu-se \u00een zone montane greu accesibile.<\/strong><\/p>\n<p>1. Localitatea Valea Bolva\u0219ni\u021ba<br \/>\nLa acest moment, incendiul este localizat, fiind afectate aproximativ 35 de hectare de vegeta\u021bie uscat\u0103 \u0219i fond forestier. Focul a izbucnit mar\u021bi, iar \u00eenc\u0103 de la debutul interven\u021biei au ac\u021bionat pompieri din cadrul ISU Cara\u0219-Severin, lucr\u0103tori de la Ocolul Silvic, precum \u0219i reprezentan\u021bi ai Serviciului Voluntar pentru Situa\u021bii de Urgen\u021b\u0103 (SVSU).<\/p>\n<p>Pentru sprijinirea echipelor din teren, dispozitivul de interven\u021bie a fost suplimentat ieri cu un elicopter Black Hawk al Inspectoratului General de Avia\u021bie al MAI, dotat cu sistem Bambi Bucket. Astfel, au fost efectuate 40 de arunc\u0103ri, reprezent\u00e2nd echivalentul a 100 de tone de ap\u0103 deversate asupra zonelor afectate. Ac\u021biunile coordonate din teren \u0219i din aer au fost reluate \u00een prezent \u00een vederea lichid\u0103rii complete \u0219i a prevenirii oric\u0103ror riscuri, ac\u021bion\u00e2nd pompieri, lucr\u0103tori ai Ocolului Silvic \u0219i elicopterul Black Hawk.<\/p>\n<p>2. Localitatea Lindenfeld<br \/>\nUn al doilea incendiu de amploare se manifest\u0103 \u00een localitatea Lindenfeld, viz\u00e2nd o suprafa\u021b\u0103 de 35ha de vegeta\u021bie uscat\u0103 \u0219i fond forestier. Incendiul a izbucnit tot mar\u021bi, ac\u021bion\u00e2ndu-se constant pentru stingerea acestuia. Ieri au fost realizate 5 arunc\u0103ri cu sistemul Bambi Bucket al unui al doilea elicopter Black Hawk. \u00cen urma eforturilor, ieri dup\u0103-amiaz\u0103 a fost lichidat. \u00cen aceast\u0103 diminea\u021b\u0103, \u00een urma unei recunoa\u0219teri aeriene, s-a constatat c\u0103 focul s-a reaprins, iar pentru c\u0103 arderea se manifest\u0103 \u00eentr-o zon\u0103 greu accesibil\u0103, pompierii au fost \u00een zona focarului cu ajutorul elicopterului Black Hawk, modalitate utilizat\u0103 \u0219i \u00een cursul zilei de ieri.<\/p>\n<p>\ud835\udc08\u0302\ud835\udc27 \ud835\udc29\ud835\udc1e\ud835\udc2b\ud835\udc22\ud835\udc28\ud835\udc1a\ud835\udc1d\ud835\udc1e\ud835\udc25\ud835\udc1e \ud835\udc1c\ud835\udc1a\ud835\udc27\ud835\udc22\ud835\udc1c\ud835\udc2e\ud835\udc25\ud835\udc1a\ud835\udc2b\ud835\udc1e \ud835\udc1c\ud835\udc2b\ud835\udc1e\ud835\udc2c\u0326\ud835\udc2d\ud835\udc1e \ud835\udc2b\ud835\udc22\ud835\udc2c\ud835\udc1c\ud835\udc2e\ud835\udc25 \ud835\udc1d\ud835\udc1e \ud835\udc22\ud835\udc27\ud835\udc1c\ud835\udc1e\ud835\udc27\ud835\udc1d\ud835\udc22\ud835\udc2e \ud835\udc1d\ud835\udc22\ud835\udc27 \ud835\udc1c\ud835\udc1a\ud835\udc2e\ud835\udc33\ud835\udc1a \ud835\udc2e\ud835\udc2c\ud835\udc1c\ud835\udc1a\u0306\ud835\udc1c\ud835\udc22\ud835\udc2e\ud835\udc27\ud835\udc22\ud835\udc22 \ud835\udc2c\u0326\ud835\udc22 \ud835\udc1a \ud835\udc2d\ud835\udc1e\ud835\udc26\ud835\udc29\ud835\udc1e\ud835\udc2b\ud835\udc1a\ud835\udc2d\ud835\udc2e\ud835\udc2b\ud835\udc22\ud835\udc25\ud835\udc28\ud835\udc2b \ud835\udc2b\ud835\udc22\ud835\udc1d\ud835\udc22\ud835\udc1c\ud835\udc1a\ud835\udc2d\ud835\udc1e. \ud835\udc05\ud835\udc1a\ud835\udc1c\ud835\udc1e\ud835\udc26 \ud835\udc1a\ud835\udc29\ud835\udc1e\ud835\udc25 \ud835\udc25\ud835\udc1a \ud835\udc1c\ud835\udc1e\ud835\udc2d\ud835\udc1a\u0306\ud835\udc2d\u0326\ud835\udc1e\ud835\udc27\ud835\udc22:<br \/>\n\ud83d\udd25 S\u0103 nu utilizeze focul deschis \u00een locuri cu pericol de incendiu \u0219i pe timp de v\u00e2nt;<br \/>\n\ud83d\udeac S\u0103 nu arunce la \u00eent\u00e2mplare resturile de \u021big\u0103ri;<br \/>\n\u26d4\ufe0f S\u0103 nu lase \u00een interiorul autoturismelor expuse la soare recipiente sub presiune (brichete, tuburi de deodorant etc.).<\/p>\n<\/div>\n<div id=\"post-extra-info\">\n<div class=\"theiaStickySidebar\">\n<div class=\"single-post-meta post-meta clearfix\"><span class=\"author-meta single-author no-avatars\"><span class=\"meta-item meta-author-wrapper meta-author-9\"><span class=\"meta-author\"><a href=\"https:\/\/infotulcea.ro\/author\/redactia-2\/\" class=\"author-name tie-icon\" title=\"Redactia\">Redactia<\/a><\/span><\/span><\/span><span class=\"date meta-item tie-icon\">6 august 2026<\/span><\/p>\n<div class=\"tie-alignright\"><span class=\"meta-comment tie-icon meta-item fa-before\">0<\/span><span class=\"meta-views meta-item \"> 362 <\/span><span class=\"meta-reading-time meta-item\"> 1 minute read<\/span><\/div>\n<\/div>\n<\/div>\n<\/div>\n<div id=\"share-buttons-bottom\" class=\"share-buttons share-buttons-bottom\">\n<div class=\"share-links  icons-only\">\n<div class=\"share-title\"><span> Share<\/span><\/div>\n<p><a href=\"https:\/\/www.facebook.com\/sharer.php?u=https:\/\/infotulcea.ro\/informare-privind-situatia-incendiilor-de-vegetatie-de-amploare\/\" rel=\"external noopener nofollow\" title=\"Facebook\" target=\"_blank\" class=\"facebook-share-btn \" data-raw=\"https:\/\/www.facebook.com\/sharer.php?u={post_link}\"><span class=\"screen-reader-text\">Facebook<\/span><\/a><a href=\"https:\/\/twitter.com\/intent\/tweet?text=Informare%20privind%20situa%C8%9Bia%20incendiilor%20de%20vegeta%C8%9Bie%20de%20amploare&amp;url=https:\/\/infotulcea.ro\/informare-privind-situatia-incendiilor-de-vegetatie-de-amploare\/\" rel=\"external noopener nofollow\" title=\"X\" target=\"_blank\" class=\"twitter-share-btn \" data-raw=\"https:\/\/twitter.com\/intent\/tweet?text={post_title}&amp;url={post_link}\"><span class=\"screen-reader-text\">X<\/span><\/a><a href=\"https:\/\/api.whatsapp.com\/send?text=Informare%20privind%20situa%C8%9Bia%20incendiilor%20de%20vegeta%C8%9Bie%20de%20amploare%20https:\/\/infotulcea.ro\/informare-privind-situatia-incendiilor-de-vegetatie-de-amploare\/\" rel=\"external noopener nofollow\" title=\"WhatsApp\" target=\"_blank\" class=\"whatsapp-share-btn \" data-raw=\"https:\/\/api.whatsapp.com\/send?text={post_title}%20{post_link}\"><span class=\"screen-reader-text\">WhatsApp<\/span><\/a><a href=\"https:\/\/telegram.me\/share\/url?url=https:\/\/infotulcea.ro\/informare-privind-situatia-incendiilor-de-vegetatie-de-amploare\/&amp;text=Informare%20privind%20situa%C8%9Bia%20incendiilor%20de%20vegeta%C8%9Bie%20de%20amploare\" rel=\"external noopener nofollow\" title=\"Telegram\" target=\"_blank\" class=\"telegram-share-btn \" data-raw=\"https:\/\/telegram.me\/share\/url?url={post_link}&amp;text={post_title}\"><span class=\"screen-reader-text\">Telegram<\/span><\/a><a href=\"mailto:?subject=Informare%20privind%20situa%C8%9Bia%20incendiilor%20de%20vegeta%C8%9Bie%20de%20amploare&amp;body=https:\/\/infotulcea.ro\/informare-privind-situatia-incendiilor-de-vegetatie-de-amploare\/\" rel=\"external noopener nofollow\" title=\"Share via Email\" target=\"_blank\" class=\"email-share-btn \" data-raw=\"mailto:?subject={post_title}&amp;body={post_link}\"><span class=\"screen-reader-text\">Share via Email<\/span><\/a><a href=\"https:\/\/infotulcea.ro\/informare-privind-situatia-incendiilor-de-vegetatie-de-amploare\/\" rel=\"external noopener nofollow\" title=\"Print\" target=\"_blank\" class=\"print-share-btn \" data-raw=\"#\"><span class=\"screen-reader-text\">Print<\/span><\/a><\/div>\n<\/div>\n<\/article>\n<div class=\"post-components\">\n<div id=\"related-posts\" class=\"container-wrapper has-extra-post\">\n<div class=\"mag-box-title the-global-title\">\n<h3>Related Articles<\/h3>\n<\/div>\n<div class=\"related-posts-list\">\n<div class=\"related-item tie-standard\"><a aria-label=\"D&amp;C \u2013 Bucate Divine v\u0103 prezint\u0103 Meniul zilei 28.03.2025\" href=\"https:\/\/infotulcea.ro\/dc-bucate-divine-va-prezinta-meniul-zilei-28-03-2025\/\" class=\"post-thumb\"><source type=\"image\/webp\" data-srcset=\"https:\/\/infotulcea.ro\/wp-content\/uploads\/2025\/03\/divine-cuisine-390x220.jpg.webp\" \/><\/a><\/p>\n<h3 class=\"post-title\"><a href=\"https:\/\/infotulcea.ro\/dc-bucate-divine-va-prezinta-meniul-zilei-28-03-2025\/\">D&amp;C \u2013 Bucate Divine v\u0103 prezint\u0103 Meniul zilei 28.03.2025<\/a><\/h3>\n<div class=\"post-meta clearfix\"><span class=\"date meta-item tie-icon\">25 martie 2025<\/span><\/div>\n<\/div>\n<div class=\"related-item tie-standard\"><a aria-label=\"DMA VetLand: Grij\u0103 \u0219i iubire pentru prietenii no\u0219tri necuv\u00e2nt\u0103tori\" href=\"https:\/\/infotulcea.ro\/dma-vetland-grija-si-iubire-pentru-prietenii-nostri-necuvantatori\/\" class=\"post-thumb\"><source type=\"image\/webp\" data-srcset=\"https:\/\/infotulcea.ro\/wp-content\/uploads\/2025\/01\/cover-390x220.jpg.webp\" \/><img loading=\"lazy\" decoding=\"async\" width=\"390\" height=\"220\" src=\"https:\/\/infotulcea.ro\/wp-content\/uploads\/2025\/01\/cover-390x220.jpg\" class=\"attachment-jannah-image-large size-jannah-image-large wp-post-image\" alt><\/a><\/p>\n<h3 class=\"post-title\"><a href=\"https:\/\/infotulcea.ro\/dma-vetland-grija-si-iubire-pentru-prietenii-nostri-necuvantatori\/\">DMA VetLand: Grij\u0103 \u0219i iubire pentru prietenii no\u0219tri necuv\u00e2nt\u0103tori<\/a><\/h3>\n<div class=\"post-meta clearfix\"><span class=\"date meta-item tie-icon\">13 ianuarie 2025<\/span><\/div>\n<\/div>\n<div class=\"related-item tie-standard\"><a aria-label=\"Programul \u0219i pre\u021burile curselor regulate ale Navrom Delta \u00een sezonul de var\u0103\" href=\"https:\/\/infotulcea.ro\/programul-si-preturile-curselor-regulate-ale-navrom-delta-in-sezonul-de-vara\/\" class=\"post-thumb\"><source sizes=\"(max-width: 339px) 100vw, 339px\" type=\"image\/webp\" data-srcset=\"https:\/\/infotulcea.ro\/wp-content\/uploads\/2020\/05\/navromu.jpg.webp 1080w, https:\/\/infotulcea.ro\/wp-content\/uploads\/2020\/05\/navromu-300x195.jpg.webp 300w, https:\/\/infotulcea.ro\/wp-content\/uploads\/2020\/05\/navromu-1024x664.jpg.webp 1024w, https:\/\/infotulcea.ro\/wp-content\/uploads\/2020\/05\/navromu-768x498.jpg.webp 768w, https:\/\/infotulcea.ro\/wp-content\/uploads\/2020\/05\/navromu-1536x996.jpg.webp 1536w, https:\/\/infotulcea.ro\/wp-content\/uploads\/2020\/05\/navromu-696x451.jpg.webp 696w, https:\/\/infotulcea.ro\/wp-content\/uploads\/2020\/05\/navromu-1068x693.jpg.webp 1068w, https:\/\/infotulcea.ro\/wp-content\/uploads\/2020\/05\/navromu-648x420.jpg.webp 648w\" \/><img loading=\"lazy\" decoding=\"async\" width=\"339\" height=\"220\" src=\"https:\/\/infotulcea.ro\/wp-content\/uploads\/2020\/05\/navromu.jpg\" class=\"attachment-jannah-image-large size-jannah-image-large wp-post-image\" alt><\/a><\/p>\n<h3 class=\"post-title\"><a href=\"https:\/\/infotulcea.ro\/programul-si-preturile-curselor-regulate-ale-navrom-delta-in-sezonul-de-vara\/\">Programul \u0219i pre\u021burile curselor regulate ale Navrom Delta \u00een sezonul de var\u0103<\/a><\/h3>\n<div class=\"post-meta clearfix\"><span class=\"date meta-item tie-icon\">5 august 2024<\/span><\/div>\n<\/div>\n<div class=\"related-item tie-standard\"><a aria-label=\"Sfaturi pentru conducerea scuterelor electrice \u00een mod corect\" href=\"https:\/\/infotulcea.ro\/sfaturi-pentru-conducerea-scuterelor-electrice-in-mod-corect\/\" class=\"post-thumb\"><img loading=\"lazy\" decoding=\"async\" width=\"390\" height=\"220\" src=\"https:\/\/infotulcea.ro\/wp-content\/uploads\/2022\/03\/IMG-20220328-WA0005-390x220.jpg\" class=\"attachment-jannah-image-large size-jannah-image-large wp-post-image lazyload\" alt><img loading=\"lazy\" decoding=\"async\" width=\"390\" height=\"220\" src=\"https:\/\/infotulcea.ro\/wp-content\/uploads\/2022\/03\/IMG-20220328-WA0005-390x220.jpg\" class=\"attachment-jannah-image-large size-jannah-image-large wp-post-image\" alt><\/a><\/p>\n<h3 class=\"post-title\"><a href=\"https:\/\/infotulcea.ro\/sfaturi-pentru-conducerea-scuterelor-electrice-in-mod-corect\/\">Sfaturi pentru conducerea scuterelor electrice \u00een mod corect<\/a><\/h3>\n<div class=\"post-meta clearfix\"><span class=\"date meta-item tie-icon\">28 martie 2022<\/span><\/div>\n<\/div>\n<\/div>\n<\/div>\n<div id=\"comments\" class=\"comments-area\">\n<div id=\"add-comment-block\" class=\"container-wrapper\">\n<div id=\"respond\" class=\"comment-respond\">\n<h3 id=\"reply-title\" class=\"comment-reply-title the-global-title\">Las\u0103 un r\u0103spuns <small><a rel=\"nofollow\" id=\"cancel-comment-reply-link\" href=\"https:\/\/infotulcea.ro\/informare-privind-situatia-incendiilor-de-vegetatie-de-amploare\/#respond\">Anuleaz\u0103 r\u0103spunsul<\/a><\/small><\/h3>\n<p class=\"comment-notes\"><span id=\"email-notes\">Adresa ta de email nu va fi publicat\u0103.<\/span><span class=\"required-field-message\">C\u00e2mpurile obligatorii sunt marcate cu <span class=\"required\">*<\/span><\/span><\/p>\n<\/div>\n<\/div>\n<\/div>\n<\/div>\n<\/div>\n<div id=\"check-also-box\" class=\"container-wrapper check-also-right\">\n<div class=\"widget-title the-global-title\">\n<div class=\"the-subtitle\">Check Also<\/div>\n<p><a href=\"https:\/\/infotulcea.ro\/informare-privind-situatia-incendiilor-de-vegetatie-de-amploare\/\" id=\"check-also-close\" class=\"remove\"><span class=\"screen-reader-text\">Close<\/span><\/a><\/div>\n<div class=\"widget posts-list-big-first has-first-big-post\">\n<ul class=\"posts-list-items\">\n<li class=\"widget-single-post-item widget-post-list tie-standard\">\n<div class=\"post-widget-thumbnail\"><a aria-label=\"Ac\u021biuni de control privind siguran\u021ba naviga\u021biei \u00een domeniul agrementului nautic \u00een perioada 1\u201321 iunie 2026\" href=\"https:\/\/infotulcea.ro\/actiuni-de-control-privind-siguranta-navigatiei-in-domeniul-agrementului-nautic-in-perioada-1-21-iunie-2026\/\" class=\"post-thumb\"><span class=\"post-cat-wrap\"><span class=\"post-cat tie-cat-52\">Utile<\/span><\/span><source type=\"image\/webp\" data-srcset=\"https:\/\/infotulcea.ro\/wp-content\/uploads\/2026\/06\/barca-2-390x220.jpeg.webp\" \/><img loading=\"lazy\" decoding=\"async\" width=\"390\" height=\"220\" src=\"https:\/\/infotulcea.ro\/wp-content\/uploads\/2026\/06\/barca-2-390x220.jpeg\" class=\"attachment-jannah-image-large size-jannah-image-large wp-post-image\" alt><\/a><\/div>\n<div class=\"post-widget-body \"><a class=\"post-title the-subtitle\" href=\"https:\/\/infotulcea.ro\/actiuni-de-control-privind-siguranta-navigatiei-in-domeniul-agrementului-nautic-in-perioada-1-21-iunie-2026\/\">Ac\u021biuni de control privind siguran\u021ba naviga\u021biei \u00een domeniul agrementului nautic \u00een perioada 1\u201321 iunie 2026<\/a><\/p>\n<div class=\"post-meta\"><span class=\"date meta-item tie-icon\">23 iunie 2026<\/span><\/div>\n<\/div>\n<\/li>\n<\/ul>\n<\/div>\n<\/div>\n<aside class=\"sidebar tie-col-md-4 tie-col-xs-12 normal-side is-sticky\" aria-label=\"Primary Sidebar\">\n<div class=\"theiaStickySidebar\">\n<div id=\"media_image-19\" class=\"container-wrapper widget widget_media_image\"><a href=\"https:\/\/infotulcea.ro\/delta-dunarii-mai-accesibila-navrom-delta-creste-numarul-curselor-regulate-de-la-1-mai-2025\/\"><source sizes=\"(max-width: 500px) 100vw, 500px\" type=\"image\/webp\" data-srcset=\"https:\/\/infotulcea.ro\/wp-content\/uploads\/2025\/04\/navrom-delta-500x271.jpg.webp 500w, https:\/\/infotulcea.ro\/wp-content\/uploads\/2025\/04\/navrom-delta-1024x555.jpg.webp 1024w, https:\/\/infotulcea.ro\/wp-content\/uploads\/2025\/04\/navrom-delta-768x416.jpg.webp 768w, https:\/\/infotulcea.ro\/wp-content\/uploads\/2025\/04\/navrom-delta.jpg.webp 1080w\" \/><img loading=\"lazy\" decoding=\"async\" width=\"500\" height=\"271\" src=\"https:\/\/infotulcea.ro\/wp-content\/uploads\/2025\/04\/navrom-delta-500x271.jpg\" class=\"image wp-image-34487  attachment-medium size-medium\" alt><\/a><\/div>\n<div id=\"media_image-17\" class=\"container-wrapper widget widget_media_image\"><a href=\"https:\/\/www.facebook.com\/share\/p\/1DGAD1tLWN\/?mibextid=wwXIfr\" target=\"_blank\"><source sizes=\"(max-width: 500px) 100vw, 500px\" type=\"image\/webp\" data-srcset=\"https:\/\/infotulcea.ro\/wp-content\/uploads\/2026\/01\/IMG_1563-500x500.jpeg.webp 500w, https:\/\/infotulcea.ro\/wp-content\/uploads\/2026\/01\/IMG_1563-1024x1024.jpeg.webp 1024w, https:\/\/infotulcea.ro\/wp-content\/uploads\/2026\/01\/IMG_1563-250x250.jpeg.webp 250w, https:\/\/infotulcea.ro\/wp-content\/uploads\/2026\/01\/IMG_1563-768x768.jpeg.webp 768w, https:\/\/infotulcea.ro\/wp-content\/uploads\/2026\/01\/IMG_1563.jpeg.webp 1080w\" \/><img loading=\"lazy\" decoding=\"async\" width=\"500\" height=\"500\" src=\"https:\/\/infotulcea.ro\/wp-content\/uploads\/2026\/01\/IMG_1563-500x500.jpeg\" class=\"image wp-image-37932  attachment-medium size-medium\" alt title=\"Centrale pe lemne\"><\/a><\/div>\n<div id=\"media_image-18\" class=\"container-wrapper widget widget_media_image\"><a href=\"https:\/\/www.licitatia.ro\/site\/index-guest\"><img loading=\"lazy\" decoding=\"async\" width=\"500\" height=\"262\" src=\"https:\/\/infotulcea.ro\/wp-content\/uploads\/2025\/09\/licitatia-500x262.png\" class=\"image wp-image-36670  attachment-medium size-medium lazyload\" alt><img loading=\"lazy\" decoding=\"async\" width=\"500\" height=\"262\" src=\"https:\/\/infotulcea.ro\/wp-content\/uploads\/2025\/09\/licitatia-500x262.png\" class=\"image wp-image-36670  attachment-medium size-medium\" alt><\/a><\/div>\n<div id=\"media_image-27\" class=\"container-wrapper widget widget_media_image\"><a href=\"https:\/\/www.centrale-lemne-liepsnele.ro\/\"><img loading=\"lazy\" decoding=\"async\" width=\"500\" height=\"500\" src=\"https:\/\/infotulcea.ro\/wp-content\/uploads\/2025\/09\/Centrale-pe-Lemne-Liepsnele-500x500.png\" class=\"image wp-image-36541  attachment-medium size-medium lazyload\" alt=\"Centrala pe lemne\"><img loading=\"lazy\" decoding=\"async\" width=\"500\" height=\"500\" src=\"https:\/\/infotulcea.ro\/wp-content\/uploads\/2025\/09\/Centrale-pe-Lemne-Liepsnele-500x500.png\" class=\"image wp-image-36541  attachment-medium size-medium\" alt=\"Centrala pe lemne\"><\/a><\/div>\n<div id=\"media_image-28\" class=\"container-wrapper widget widget_media_image\"><a href=\"https:\/\/infotulcea.ro\/angajeaza-te-ro-platforma-ta-online-de-angajari-si-forta-de-munca\/\"><source sizes=\"(max-width: 500px) 100vw, 500px\" type=\"image\/webp\" data-srcset=\"https:\/\/infotulcea.ro\/wp-content\/uploads\/2025\/04\/banner-angajazate-1-500x305.jpg.webp 500w, https:\/\/infotulcea.ro\/wp-content\/uploads\/2025\/04\/banner-angajazate-1-1024x625.jpg.webp 1024w, https:\/\/infotulcea.ro\/wp-content\/uploads\/2025\/04\/banner-angajazate-1-768x469.jpg.webp 768w, https:\/\/infotulcea.ro\/wp-content\/uploads\/2025\/04\/banner-angajazate-1.jpg.webp 1080w\" \/><img loading=\"lazy\" decoding=\"async\" width=\"500\" height=\"305\" src=\"https:\/\/infotulcea.ro\/wp-content\/uploads\/2025\/04\/banner-angajazate-1-500x305.jpg\" class=\"image wp-image-34317  attachment-medium size-medium\" alt><\/a><\/div>\n<\/div>\n<\/aside>\n<\/div>\n<\/div>\n<div class=\"entry-content entry clearfix\">\n<p><strong>Eforturile sus\u021binute ale colegilor no\u0219tri continu\u0103 pentru lichidarea a dou\u0103 incendii de vegeta\u021bie \u0219i fond forestier \u00eenregistrate \u00een jude\u021bul Cara\u0219-Severin, interven\u021biile desf\u0103\u0219ur\u00e2ndu-se \u00een zone montane greu accesibile.<\/strong><\/p>\n<p>1. Localitatea Valea Bolva\u0219ni\u021ba<br \/>\nLa acest moment, incendiul este localizat, fiind afectate aproximativ 35 de hectare de vegeta\u021bie uscat\u0103 \u0219i fond forestier. Focul a izbucnit mar\u021bi, iar \u00eenc\u0103 de la debutul interven\u021biei au ac\u021bionat pompieri din cadrul ISU Cara\u0219-Severin, lucr\u0103tori de la Ocolul Silvic, precum \u0219i reprezentan\u021bi ai Serviciului Voluntar pentru Situa\u021bii de Urgen\u021b\u0103 (SVSU).<\/p>\n<p>Pentru sprijinirea echipelor din teren, dispozitivul de interven\u021bie a fost suplimentat ieri cu un elicopter Black Hawk al Inspectoratului General de Avia\u021bie al MAI, dotat cu sistem Bambi Bucket. Astfel, au fost efectuate 40 de arunc\u0103ri, reprezent\u00e2nd echivalentul a 100 de tone de ap\u0103 deversate asupra zonelor afectate. Ac\u021biunile coordonate din teren \u0219i din aer au fost reluate \u00een prezent \u00een vederea lichid\u0103rii complete \u0219i a prevenirii oric\u0103ror riscuri, ac\u021bion\u00e2nd pompieri, lucr\u0103tori ai Ocolului Silvic \u0219i elicopterul Black Hawk.<\/p>\n<p>2. Localitatea Lindenfeld<br \/>\nUn al doilea incendiu de amploare se manifest\u0103 \u00een localitatea Lindenfeld, viz\u00e2nd o suprafa\u021b\u0103 de 35ha de vegeta\u021bie uscat\u0103 \u0219i fond forestier. Incendiul a izbucnit tot mar\u021bi, ac\u021bion\u00e2ndu-se constant pentru stingerea acestuia. Ieri au fost realizate 5 arunc\u0103ri cu sistemul Bambi Bucket al unui al doilea elicopter Black Hawk. \u00cen urma eforturilor, ieri dup\u0103-amiaz\u0103 a fost lichidat. \u00cen aceast\u0103 diminea\u021b\u0103, \u00een urma unei recunoa\u0219teri aeriene, s-a constatat c\u0103 focul s-a reaprins, iar pentru c\u0103 arderea se manifest\u0103 \u00eentr-o zon\u0103 greu accesibil\u0103, pompierii au fost \u00een zona focarului cu ajutorul elicopterului Black Hawk, modalitate utilizat\u0103 \u0219i \u00een cursul zilei de ieri.<\/p>\n<p>\ud835\udc08\u0302\ud835\udc27 \ud835\udc29\ud835\udc1e\ud835\udc2b\ud835\udc22\ud835\udc28\ud835\udc1a\ud835\udc1d\ud835\udc1e\ud835\udc25\ud835\udc1e \ud835\udc1c\ud835\udc1a\ud835\udc27\ud835\udc22\ud835\udc1c\ud835\udc2e\ud835\udc25\ud835\udc1a\ud835\udc2b\ud835\udc1e \ud835\udc1c\ud835\udc2b\ud835\udc1e\ud835\udc2c\u0326\ud835\udc2d\ud835\udc1e \ud835\udc2b\ud835\udc22\ud835\udc2c\ud835\udc1c\ud835\udc2e\ud835\udc25 \ud835\udc1d\ud835\udc1e \ud835\udc22\ud835\udc27\ud835\udc1c\ud835\udc1e\ud835\udc27\ud835\udc1d\ud835\udc22\ud835\udc2e \ud835\udc1d\ud835\udc22\ud835\udc27 \ud835\udc1c\ud835\udc1a\ud835\udc2e\ud835\udc33\ud835\udc1a \ud835\udc2e\ud835\udc2c\ud835\udc1c\ud835\udc1a\u0306\ud835\udc1c\ud835\udc22\ud835\udc2e\ud835\udc27\ud835\udc22\ud835\udc22 \ud835\udc2c\u0326\ud835\udc22 \ud835\udc1a \ud835\udc2d\ud835\udc1e\ud835\udc26\ud835\udc29\ud835\udc1e\ud835\udc2b\ud835\udc1a\ud835\udc2d\ud835\udc2e\ud835\udc2b\ud835\udc22\ud835\udc25\ud835\udc28\ud835\udc2b \ud835\udc2b\ud835\udc22\ud835\udc1d\ud835\udc22\ud835\udc1c\ud835\udc1a\ud835\udc2d\ud835\udc1e. \ud835\udc05\ud835\udc1a\ud835\udc1c\ud835\udc1e\ud835\udc26 \ud835\udc1a\ud835\udc29\ud835\udc1e\ud835\udc25 \ud835\udc25\ud835\udc1a \ud835\udc1c\ud835\udc1e\ud835\udc2d\ud835\udc1a\u0306\ud835\udc2d\u0326\ud835\udc1e\ud835\udc27\ud835\udc22:<br \/>\n\ud83d\udd25 S\u0103 nu utilizeze focul deschis \u00een locuri cu pericol de incendiu \u0219i pe timp de v\u00e2nt;<br \/>\n\ud83d\udeac S\u0103 nu arunce la \u00eent\u00e2mplare resturile de \u021big\u0103ri;<br \/>\n\u26d4\ufe0f S\u0103 nu lase \u00een interiorul autoturismelor expuse la soare recipiente sub presiune (brichete, tuburi de deodorant etc.).<\/p>\n<\/div>\n<div class=\"articleBody\" data-key=\"articleBody\">Eforturile sus\u021binute ale colegilor no\u0219tri continu\u0103 pentru lichidarea a dou\u0103 incendii de vegeta\u021bie \u0219i fond forestier \u00eenregistrate \u00een jude\u021bul Cara\u0219-Severin, interven\u021biile desf\u0103\u0219ur\u00e2ndu-se \u00een zone montane greu accesibile.<\/p>\n<p>1. Localitatea Valea Bolva\u0219ni\u021ba<br \/>\nLa acest moment, incendiul este localizat, fiind afectate aproximativ 35 de hectare de vegeta\u021bie uscat\u0103 \u0219i fond forestier. Focul a izbucnit mar\u021bi, iar \u00eenc\u0103 de la debutul interven\u021biei au ac\u021bionat pompieri din cadrul ISU Cara\u0219-Severin, lucr\u0103tori de la Ocolul Silvic, precum \u0219i reprezentan\u021bi ai Serviciului Voluntar pentru Situa\u021bii de Urgen\u021b\u0103 (SVSU).<\/p>\n<p>Pentru sprijinirea echipelor din teren, dispozitivul de interven\u021bie a fost suplimentat ieri cu un elicopter Black Hawk al Inspectoratului General de Avia\u021bie al MAI, dotat cu sistem Bambi Bucket. Astfel, au fost efectuate 40 de arunc\u0103ri, reprezent\u00e2nd echivalentul a 100 de tone de ap\u0103 deversate asupra zonelor afectate. Ac\u021biunile coordonate din teren \u0219i din aer au fost reluate \u00een prezent \u00een vederea lichid\u0103rii complete \u0219i a prevenirii oric\u0103ror riscuri, ac\u021bion\u00e2nd pompieri, lucr\u0103tori ai Ocolului Silvic \u0219i elicopterul Black Hawk.<\/p>\n<p>2. Localitatea Lindenfeld<br \/>\nUn al doilea incendiu de amploare se manifest\u0103 \u00een localitatea Lindenfeld, viz\u00e2nd o suprafa\u021b\u0103 de 35ha de vegeta\u021bie uscat\u0103 \u0219i fond forestier. Incendiul a izbucnit tot mar\u021bi, ac\u021bion\u00e2ndu-se constant pentru stingerea acestuia. Ieri au fost realizate 5 arunc\u0103ri cu sistemul Bambi Bucket al unui al doilea elicopter Black Hawk. \u00cen urma eforturilor, ieri dup\u0103-amiaz\u0103 a fost lichidat. \u00cen aceast\u0103 diminea\u021b\u0103, \u00een urma unei recunoa\u0219teri aeriene, s-a constatat c\u0103 focul s-a reaprins, iar pentru c\u0103 arderea se manifest\u0103 \u00eentr-o zon\u0103 greu accesibil\u0103, pompierii au fost \u00een zona focarului cu ajutorul elicopterului Black Hawk, modalitate utilizat\u0103 \u0219i \u00een cursul zilei de ieri.<\/p>\n<p>\ud835\udc08\u0302\ud835\udc27 \ud835\udc29\ud835\udc1e\ud835\udc2b\ud835\udc22\ud835\udc28\ud835\udc1a\ud835\udc1d\ud835\udc1e\ud835\udc25\ud835\udc1e \ud835\udc1c\ud835\udc1a\ud835\udc27\ud835\udc22\ud835\udc1c\ud835\udc2e\ud835\udc25\ud835\udc1a\ud835\udc2b\ud835\udc1e \ud835\udc1c\ud835\udc2b\ud835\udc1e\ud835\udc2c\u0326\ud835\udc2d\ud835\udc1e \ud835\udc2b\ud835\udc22\ud835\udc2c\ud835\udc1c\ud835\udc2e\ud835\udc25 \ud835\udc1d\ud835\udc1e \ud835\udc22\ud835\udc27\ud835\udc1c\ud835\udc1e\ud835\udc27\ud835\udc1d\ud835\udc22\ud835\udc2e \ud835\udc1d\ud835\udc22\ud835\udc27 \ud835\udc1c\ud835\udc1a\ud835\udc2e\ud835\udc33\ud835\udc1a \ud835\udc2e\ud835\udc2c\ud835\udc1c\ud835\udc1a\u0306\ud835\udc1c\ud835\udc22\ud835\udc2e\ud835\udc27\ud835\udc22\ud835\udc22 \ud835\udc2c\u0326\ud835\udc22 \ud835\udc1a \ud835\udc2d\ud835\udc1e\ud835\udc26\ud835\udc29\ud835\udc1e\ud835\udc2b\ud835\udc1a\ud835\udc2d\ud835\udc2e\ud835\udc2b\ud835\udc22\ud835\udc25\ud835\udc28\ud835\udc2b \ud835\udc2b\ud835\udc22\ud835\udc1d\ud835\udc22\ud835\udc1c\ud835\udc1a\ud835\udc2d\ud835\udc1e. \ud835\udc05\ud835\udc1a\ud835\udc1c\ud835\udc1e\ud835\udc26 \ud835\udc1a\ud835\udc29\ud835\udc1e\ud835\udc25 \ud835\udc25\ud835\udc1a \ud835\udc1c\ud835\udc1e\ud835\udc2d\ud835\udc1a\u0306\ud835\udc2d\u0326\ud835\udc1e\ud835\udc27\ud835\udc22:<br \/>\n\ud83d\udd25 S\u0103 nu utilizeze focul deschis \u00een locuri cu pericol de incendiu \u0219i pe timp de v\u00e2nt;<br \/>\n\ud83d\udeac S\u0103 nu arunce la \u00eent\u00e2mplare resturile de \u021big\u0103ri;<br \/>\n\u26d4\ufe0f S\u0103 nu lase \u00een interiorul autoturismelor expuse la soare recipiente sub presiune (brichete, tuburi de deodorant etc.).<\/p><\/div>\n<p>[analyse_source url=&#8221;https:\/\/infotulcea.ro\/informare-privind-situatia-incendiilor-de-vegetatie-de-amploare\/&#8221;]<\/p>\n","protected":false},"excerpt":{"rendered":"<p>[analyse_image type=&#8221;featured&#8221; src=&#8221;https:\/\/infotulcea.ro\/wp-content\/uploads\/2021\/11\/bulina.png&#8221;] Home\/Utile\/Informare privind situa\u021bia incendiilor de vegeta\u021bie de amploare Utile Informare privind situa\u021bia incendiilor de vegeta\u021bie de amploare Redactia6 august 2026 0 362 1 minute read Eforturile sus\u021binute ale colegilor no\u0219tri continu\u0103 pentru lichidarea a dou\u0103 incendii de vegeta\u021bie \u0219i fond forestier \u00eenregistrate \u00een jude\u021bul Cara\u0219-Severin, interven\u021biile desf\u0103\u0219ur\u00e2ndu-se \u00een zone montane greu accesibile. [&hellip;]<\/p>\n","protected":false},"author":1,"featured_media":0,"comment_status":"open","ping_status":"","sticky":false,"template":"","format":"standard","meta":{"footnotes":""},"categories":[89],"tags":[226,221],"class_list":["post-2083022","post","type-post","status-publish","format-standard","hentry","category-romania","tag-crawlmanager","tag-infotulcea-ro"],"_links":{"self":[{"href":"https:\/\/analyse.optim.biz\/index.php?rest_route=\/wp\/v2\/posts\/2083022","targetHints":{"allow":["GET"]}}],"collection":[{"href":"https:\/\/analyse.optim.biz\/index.php?rest_route=\/wp\/v2\/posts"}],"about":[{"href":"https:\/\/analyse.optim.biz\/index.php?rest_route=\/wp\/v2\/types\/post"}],"author":[{"embeddable":true,"href":"https:\/\/analyse.optim.biz\/index.php?rest_route=\/wp\/v2\/users\/1"}],"replies":[{"embeddable":true,"href":"https:\/\/analyse.optim.biz\/index.php?rest_route=%2Fwp%2Fv2%2Fcomments&post=2083022"}],"version-history":[{"count":0,"href":"https:\/\/analyse.optim.biz\/index.php?rest_route=\/wp\/v2\/posts\/2083022\/revisions"}],"wp:attachment":[{"href":"https:\/\/analyse.optim.biz\/index.php?rest_route=%2Fwp%2Fv2%2Fmedia&parent=2083022"}],"wp:term":[{"taxonomy":"category","embeddable":true,"href":"https:\/\/analyse.optim.biz\/index.php?rest_route=%2Fwp%2Fv2%2Fcategories&post=2083022"},{"taxonomy":"post_tag","embeddable":true,"href":"https:\/\/analyse.optim.biz\/index.php?rest_route=%2Fwp%2Fv2%2Ftags&post=2083022"}],"curies":[{"name":"wp","href":"https:\/\/api.w.org\/{rel}","templated":true}]}}