{"id":2082973,"date":"2026-08-06T13:36:00","date_gmt":"2026-08-06T10:36:00","guid":{"rendered":"https:\/\/analyse.optim.biz\/?p=2082973"},"modified":"2026-08-06T13:36:00","modified_gmt":"2026-08-06T10:36:00","slug":"trei-transporturi-ilegale-de-lemn-depistate-miercuri-de-politistii-suceveni","status":"publish","type":"post","link":"https:\/\/analyse.optim.biz\/?p=2082973","title":{"rendered":"Trei transporturi ilegale de lemn depistate, miercuri, de poli\u021bi\u0219tii suceveni"},"content":{"rendered":"<p>[analyse_image type=&#8221;featured&#8221; src=&#8221;https:\/\/blogger.googleusercontent.com\/img\/b\/R29vZ2xl\/AVvXsEgel90UkQ5niTT4CP9oL6W1xxq0lZjamzh-otvx9MbrdWnxMfcYJRvzFeafhD3veJAQRiHADKi95j8nLgBvA45KJngCGn5rrtCVFSz1ptRz5FvUJkg-A83l1Rl3VaeAw-PLZWHlX3KnDZG31zhVHXMggo60_zQpWsgcVhlSEy3vPiBFP_UGfTG06rsT\/w1600\/camioneta-lemn-foc.jpg&#8221;]<\/p>\n<div class=\"post-body entry-content\" id=\"post-body\">\n<div class=\"separator\"><a href=\"https:\/\/blogger.googleusercontent.com\/img\/b\/R29vZ2xl\/AVvXsEgel90UkQ5niTT4CP9oL6W1xxq0lZjamzh-otvx9MbrdWnxMfcYJRvzFeafhD3veJAQRiHADKi95j8nLgBvA45KJngCGn5rrtCVFSz1ptRz5FvUJkg-A83l1Rl3VaeAw-PLZWHlX3KnDZG31zhVHXMggo60_zQpWsgcVhlSEy3vPiBFP_UGfTG06rsT\/s1200\/camioneta-lemn-foc.jpg\"><img decoding=\"async\" alt=\"Trei transporturi ilegale de lemn depistate, miercuri, de poli\u021bi\u0219tii suceveni\" border=\"0\" height=\"335\" loading=\"lazy\" src=\"https:\/\/blogger.googleusercontent.com\/img\/b\/R29vZ2xl\/AVvXsEgel90UkQ5niTT4CP9oL6W1xxq0lZjamzh-otvx9MbrdWnxMfcYJRvzFeafhD3veJAQRiHADKi95j8nLgBvA45KJngCGn5rrtCVFSz1ptRz5FvUJkg-A83l1Rl3VaeAw-PLZWHlX3KnDZG31zhVHXMggo60_zQpWsgcVhlSEy3vPiBFP_UGfTG06rsT\/w640-h335-rw\/camioneta-lemn-foc.jpg\" title=\"Trei transporturi ilegale de lemn depistate, miercuri, de poli\u021bi\u0219tii suceveni\" width=\"640\"><\/a><\/div>\n<p><strong>Poli\u021bi\u0219tii suceveni au desf\u0103\u0219urat miercuri, 5 august 2026, o serie de ac\u021biuni fulger pe linia prevenirii \u0219i combaterii faptelor la regimul silvic. Bilan\u021bul zilei arat\u0103 c\u0103 neregulile \u00een trafic sunt la ordinea zilei: trei conduc\u0103tori de autoutilitare marca Iveco au fost tra\u0219i pe dreapta \u0219i sanc\u021biona\u021bi aspru pentru transporturi ilegale de lemn.<\/strong><\/p>\n<h2>F\u0103r\u0103 acte \u00een Dumbr\u0103veni: Peste 3 metri cubi de r\u0103\u0219inoase, confisca\u021bi la prima or\u0103 a dimine\u021bii<\/h2>\n<p>Seria controalelor a \u00eenceput la ora 08:05, c\u00e2nd o patrul\u0103 din cadrul Poli\u021biei ora\u0219ului Salcea a oprit pentru verific\u0103ri o autoutilitar\u0103 marca Iveco pe strada Eternit\u0103\u021bii din localitatea Dumbr\u0103veni. La volan se afla Petric\u0103 \u021a., domiciliat \u00een comuna F\u00e2nt\u00e2nele.<\/p>\n<p>\u00cen urma controlului, agen\u021bii au constatat c\u0103 acesta transporta cantitatea de 3,24 metri cubi de lemn din categoria r\u0103\u0219inoase, f\u0103r\u0103 a de\u021bine absolut niciun document de \u00eenso\u021bire valabil conform legisla\u021biei. B\u0103rbatul a fost sanc\u021bionat contraven\u021bional conform Legii 171\/2010, iar \u00eentreaga cantitate de material lemnos a fost ridicat\u0103 \u00een vederea confisc\u0103rii \u0219i predat\u0103 \u00een custodia Ocolului Silvic Ad\u00e2ncata.<\/p>\n<h2>Control \u00een Brodina: Dub\u0103 plin\u0103 cu lemne \u0219i nicio \u00eenregistrare \u00een aplica\u021bia SUMAL 2.0<\/h2>\n<p>C\u00e2teva zeci de minute mai t\u00e2rziu, \u00een jurul orei 09:00, poli\u021bi\u0219tii din cadrul Poli\u021biei ora\u0219ului Vicovu de Sus s-au sesizat din oficiu cu privire la o alt\u0103 autoutilitar\u0103 Iveco ce se deplasa pe DJ 209G, \u00een comuna Brodina. Vehiculul era condus de Alin C., din comuna Straja.<\/p>\n<p>La solicitarea poli\u021bi\u0219tilor, \u0219oferul a prezentat documentele personale \u0219i pe cele ale ma\u0219inii, dar a recunoscut verbal c\u0103 nu de\u021bine aviz pentru marf\u0103. Verificarea imediat\u0103 \u00een aplica\u021bia SUMAL 2.0 a confirmat suspiciunile: pentru vehiculul respectiv nu fusese emis niciun aviz de \u00eenso\u021bire. Duba a fost escortat\u0103 la Ocolul Silvic <a href=\"https:\/\/stirisuceava.net\/search\/label\/Falc%C4%83u\">Falc\u0103u<\/a>, unde organele silvice au inventariat cantitatea de 2,16 metri cubi de material lemnos. Lemnul a fost confiscat, iar conduc\u0103torul auto a fost amendat.<\/p>\n<h2>Schema volumului declarat la Vadu Moldovei: Lemn ascuns dincolo de cifrele de pe aviz<\/h2>\n<p>Ac\u021biunile au continuat \u0219i dup\u0103-amiaz\u0103. La ora 15:18, un echipaj al Sec\u021biei de Poli\u021bie Rural\u0103 1 Vadu Moldovei a interceptat o a treia autoutilitar\u0103 Iveco, condus\u0103 de Valeriu B., din localitatea <a href=\"https:\/\/stirisuceava.net\/search\/label\/Bogata\">Bogata<\/a>, comuna Baia.<\/p>\n<p>Spre deosebire de ceilal\u021bi \u0219oferi, acesta a prezentat un aviz de \u00eenso\u021bire pentru cantitatea de 2,505800 metri cubi de lemn de foc (fag). Totu\u0219i, \u00een urma verific\u0103rilor am\u0103nun\u021bite prin aplica\u021bia sumal.control, poli\u021bi\u0219tii au avut suspiciuni cu privire la volumul real transportat. Au fost chema\u021bi \u00een sprijin reprezentan\u021bii Ocolului Silvic Dolhasca, care au inventariat la milimetru \u00eenc\u0103rc\u0103tura.<\/p>\n<p>Rezultatul a confirmat b\u0103nuielile: \u00een ma\u0219in\u0103 se aflau, de fapt, 4,0158 metri cubi de lemn. Pentru diferen\u021ba de 1,51 metri cubi neacoperit\u0103 de acte, \u0219oferul a primit o amend\u0103 de 2.000 de lei, iar surplusul de lemn a fost confiscat fizic \u0219i l\u0103sat \u00een custodia Prim\u0103riei Comunei Vadu Moldovei.<\/p>\n<\/div>\n<div class=\"post-body entry-content\" id=\"post-body\">\n<div class=\"separator\"><a href=\"https:\/\/blogger.googleusercontent.com\/img\/b\/R29vZ2xl\/AVvXsEgel90UkQ5niTT4CP9oL6W1xxq0lZjamzh-otvx9MbrdWnxMfcYJRvzFeafhD3veJAQRiHADKi95j8nLgBvA45KJngCGn5rrtCVFSz1ptRz5FvUJkg-A83l1Rl3VaeAw-PLZWHlX3KnDZG31zhVHXMggo60_zQpWsgcVhlSEy3vPiBFP_UGfTG06rsT\/s1200\/camioneta-lemn-foc.jpg\"><img decoding=\"async\" alt=\"Trei transporturi ilegale de lemn depistate, miercuri, de poli\u021bi\u0219tii suceveni\" border=\"0\" height=\"335\" loading=\"lazy\" src=\"https:\/\/blogger.googleusercontent.com\/img\/b\/R29vZ2xl\/AVvXsEgel90UkQ5niTT4CP9oL6W1xxq0lZjamzh-otvx9MbrdWnxMfcYJRvzFeafhD3veJAQRiHADKi95j8nLgBvA45KJngCGn5rrtCVFSz1ptRz5FvUJkg-A83l1Rl3VaeAw-PLZWHlX3KnDZG31zhVHXMggo60_zQpWsgcVhlSEy3vPiBFP_UGfTG06rsT\/w640-h335-rw\/camioneta-lemn-foc.jpg\" title=\"Trei transporturi ilegale de lemn depistate, miercuri, de poli\u021bi\u0219tii suceveni\" width=\"640\"><\/a><\/div>\n<p><strong>Poli\u021bi\u0219tii suceveni au desf\u0103\u0219urat miercuri, 5 august 2026, o serie de ac\u021biuni fulger pe linia prevenirii \u0219i combaterii faptelor la regimul silvic. Bilan\u021bul zilei arat\u0103 c\u0103 neregulile \u00een trafic sunt la ordinea zilei: trei conduc\u0103tori de autoutilitare marca Iveco au fost tra\u0219i pe dreapta \u0219i sanc\u021biona\u021bi aspru pentru transporturi ilegale de lemn.<\/strong><\/p>\n<h2>F\u0103r\u0103 acte \u00een Dumbr\u0103veni: Peste 3 metri cubi de r\u0103\u0219inoase, confisca\u021bi la prima or\u0103 a dimine\u021bii<\/h2>\n<p>Seria controalelor a \u00eenceput la ora 08:05, c\u00e2nd o patrul\u0103 din cadrul Poli\u021biei ora\u0219ului Salcea a oprit pentru verific\u0103ri o autoutilitar\u0103 marca Iveco pe strada Eternit\u0103\u021bii din localitatea Dumbr\u0103veni. La volan se afla Petric\u0103 \u021a., domiciliat \u00een comuna F\u00e2nt\u00e2nele.<\/p>\n<p>\u00cen urma controlului, agen\u021bii au constatat c\u0103 acesta transporta cantitatea de 3,24 metri cubi de lemn din categoria r\u0103\u0219inoase, f\u0103r\u0103 a de\u021bine absolut niciun document de \u00eenso\u021bire valabil conform legisla\u021biei. B\u0103rbatul a fost sanc\u021bionat contraven\u021bional conform Legii 171\/2010, iar \u00eentreaga cantitate de material lemnos a fost ridicat\u0103 \u00een vederea confisc\u0103rii \u0219i predat\u0103 \u00een custodia Ocolului Silvic Ad\u00e2ncata.<\/p>\n<h2>Control \u00een Brodina: Dub\u0103 plin\u0103 cu lemne \u0219i nicio \u00eenregistrare \u00een aplica\u021bia SUMAL 2.0<\/h2>\n<p>C\u00e2teva zeci de minute mai t\u00e2rziu, \u00een jurul orei 09:00, poli\u021bi\u0219tii din cadrul Poli\u021biei ora\u0219ului Vicovu de Sus s-au sesizat din oficiu cu privire la o alt\u0103 autoutilitar\u0103 Iveco ce se deplasa pe DJ 209G, \u00een comuna Brodina. Vehiculul era condus de Alin C., din comuna Straja.<\/p>\n<p>La solicitarea poli\u021bi\u0219tilor, \u0219oferul a prezentat documentele personale \u0219i pe cele ale ma\u0219inii, dar a recunoscut verbal c\u0103 nu de\u021bine aviz pentru marf\u0103. Verificarea imediat\u0103 \u00een aplica\u021bia SUMAL 2.0 a confirmat suspiciunile: pentru vehiculul respectiv nu fusese emis niciun aviz de \u00eenso\u021bire. Duba a fost escortat\u0103 la Ocolul Silvic <a href=\"https:\/\/stirisuceava.net\/search\/label\/Falc%C4%83u\">Falc\u0103u<\/a>, unde organele silvice au inventariat cantitatea de 2,16 metri cubi de material lemnos. Lemnul a fost confiscat, iar conduc\u0103torul auto a fost amendat.<\/p>\n<h2>Schema volumului declarat la Vadu Moldovei: Lemn ascuns dincolo de cifrele de pe aviz<\/h2>\n<p>Ac\u021biunile au continuat \u0219i dup\u0103-amiaz\u0103. La ora 15:18, un echipaj al Sec\u021biei de Poli\u021bie Rural\u0103 1 Vadu Moldovei a interceptat o a treia autoutilitar\u0103 Iveco, condus\u0103 de Valeriu B., din localitatea <a href=\"https:\/\/stirisuceava.net\/search\/label\/Bogata\">Bogata<\/a>, comuna Baia.<\/p>\n<p>Spre deosebire de ceilal\u021bi \u0219oferi, acesta a prezentat un aviz de \u00eenso\u021bire pentru cantitatea de 2,505800 metri cubi de lemn de foc (fag). Totu\u0219i, \u00een urma verific\u0103rilor am\u0103nun\u021bite prin aplica\u021bia sumal.control, poli\u021bi\u0219tii au avut suspiciuni cu privire la volumul real transportat. Au fost chema\u021bi \u00een sprijin reprezentan\u021bii Ocolului Silvic Dolhasca, care au inventariat la milimetru \u00eenc\u0103rc\u0103tura.<\/p>\n<p>Rezultatul a confirmat b\u0103nuielile: \u00een ma\u0219in\u0103 se aflau, de fapt, 4,0158 metri cubi de lemn. Pentru diferen\u021ba de 1,51 metri cubi neacoperit\u0103 de acte, \u0219oferul a primit o amend\u0103 de 2.000 de lei, iar surplusul de lemn a fost confiscat fizic \u0219i l\u0103sat \u00een custodia Prim\u0103riei Comunei Vadu Moldovei.<\/p>\n<\/div>\n<p>[analyse_source url=&#8221;https:\/\/www.stirisuceava.net\/2026\/08\/trei-transporturi-ilegale-de-lemn.html&#8221;]<\/p>\n","protected":false},"excerpt":{"rendered":"<p>[analyse_image type=&#8221;featured&#8221; src=&#8221;https:\/\/blogger.googleusercontent.com\/img\/b\/R29vZ2xl\/AVvXsEgel90UkQ5niTT4CP9oL6W1xxq0lZjamzh-otvx9MbrdWnxMfcYJRvzFeafhD3veJAQRiHADKi95j8nLgBvA45KJngCGn5rrtCVFSz1ptRz5FvUJkg-A83l1Rl3VaeAw-PLZWHlX3KnDZG31zhVHXMggo60_zQpWsgcVhlSEy3vPiBFP_UGfTG06rsT\/w1600\/camioneta-lemn-foc.jpg&#8221;] Poli\u021bi\u0219tii suceveni au desf\u0103\u0219urat miercuri, 5 august 2026, o serie de ac\u021biuni fulger pe linia prevenirii \u0219i combaterii faptelor la regimul silvic. Bilan\u021bul zilei arat\u0103 c\u0103 neregulile \u00een trafic sunt la ordinea zilei: trei conduc\u0103tori de autoutilitare marca Iveco au fost tra\u0219i pe dreapta \u0219i sanc\u021biona\u021bi aspru pentru transporturi ilegale de lemn. [&hellip;]<\/p>\n","protected":false},"author":1,"featured_media":0,"comment_status":"open","ping_status":"","sticky":false,"template":"","format":"standard","meta":{"footnotes":""},"categories":[89],"tags":[226,172],"class_list":["post-2082973","post","type-post","status-publish","format-standard","hentry","category-romania","tag-crawlmanager","tag-stirisuceava-net"],"_links":{"self":[{"href":"https:\/\/analyse.optim.biz\/index.php?rest_route=\/wp\/v2\/posts\/2082973","targetHints":{"allow":["GET"]}}],"collection":[{"href":"https:\/\/analyse.optim.biz\/index.php?rest_route=\/wp\/v2\/posts"}],"about":[{"href":"https:\/\/analyse.optim.biz\/index.php?rest_route=\/wp\/v2\/types\/post"}],"author":[{"embeddable":true,"href":"https:\/\/analyse.optim.biz\/index.php?rest_route=\/wp\/v2\/users\/1"}],"replies":[{"embeddable":true,"href":"https:\/\/analyse.optim.biz\/index.php?rest_route=%2Fwp%2Fv2%2Fcomments&post=2082973"}],"version-history":[{"count":0,"href":"https:\/\/analyse.optim.biz\/index.php?rest_route=\/wp\/v2\/posts\/2082973\/revisions"}],"wp:attachment":[{"href":"https:\/\/analyse.optim.biz\/index.php?rest_route=%2Fwp%2Fv2%2Fmedia&parent=2082973"}],"wp:term":[{"taxonomy":"category","embeddable":true,"href":"https:\/\/analyse.optim.biz\/index.php?rest_route=%2Fwp%2Fv2%2Fcategories&post=2082973"},{"taxonomy":"post_tag","embeddable":true,"href":"https:\/\/analyse.optim.biz\/index.php?rest_route=%2Fwp%2Fv2%2Ftags&post=2082973"}],"curies":[{"name":"wp","href":"https:\/\/api.w.org\/{rel}","templated":true}]}}