{"id":2082969,"date":"2026-08-05T08:31:06","date_gmt":"2026-08-05T05:31:06","guid":{"rendered":"https:\/\/analyse.optim.biz\/?p=2082969"},"modified":"2026-08-05T08:31:06","modified_gmt":"2026-08-05T05:31:06","slug":"fotografiile-personalizate-ale-cuplurilor-de-aur-pot-fi-ridicate-de-la-primaria-suceava-sau-vor-fi-duse-la-domiciliu","status":"publish","type":"post","link":"https:\/\/analyse.optim.biz\/?p=2082969","title":{"rendered":"Fotografiile personalizate ale \u201dcuplurilor de aur\u201d pot fi ridicate de la Prim\u0103ria Suceava sau vor fi duse la domiciliu"},"content":{"rendered":"<p>[analyse_image type=&#8221;featured&#8221; src=&#8221;https:\/\/www.radiotop.ro\/img\/media\/2026\/08\/Web_Photo_Editor-e1785918649559.jpg&#8221;]<\/p>\n<div class=\"entry-content no-share\">\n<div class=\"content-inner \">\n<p>Primarul Sucevei, Vasile R\u00eembu, anun\u021b\u0103 c\u0103 fotografiile personalizate realizate \u00een cadrul evenimentului dedicat \u201dcuplurilor de aur\u201d au fost preg\u0103tite \u0219i pot fi ridicate de la Prim\u0103rie. Pentru persoanele care nu se pot deplasa, municipalitatea le va duce la domiciliu.<\/p>\n<p>A transmis primarul: \u201dAm primit cople\u0219itor de multe mesaje \u00een leg\u0103tur\u0103 cu acel memorabil weekend \u00een care &lt;cuplurile de aur&gt; au s\u0103rb\u0103torit 50+ de ani de c\u0103s\u0103torie \u00eempreun\u0103 cu noi. V\u0103 mul\u021bumesc \u0219i v\u0103 anun\u021b c\u0103 avem c\u00eete o fotografie personalizat\u0103 pentru fiecare. Dac\u0103 nu v\u0103 pute\u021bi deplasa p\u00een\u0103 la prim\u0103rie dup\u0103 ea, venim noi la dumneavoastr\u0103 s\u0103 v-o aducem. Dorim, astfel, ca acel eveniment s\u0103 v\u0103 fie &lt;\u00eenr\u0103mat&gt; \u0219i aproape de suflet, la propriu \u0219i la figurat\u201d.<\/p>\n<p>La sf\u00eer\u0219itul lunii iulie, \u00een cadrul unui eveniment organizat la Arhiepiscopia Sucevei \u0219i R\u0103d\u0103u\u021bilor dou\u0103 zile la r\u00eend, primarul Vasile R\u00eembu a felicitat 200 de familii care, \u00eencep\u00eend din 2024 \u00eencoace, au \u00eemplinit 50 de ani de c\u0103s\u0103torie.<\/p>\n<\/div>\n<\/div>\n<div class=\"content-inner \">\n<p>Primarul Sucevei, Vasile R\u00eembu, anun\u021b\u0103 c\u0103 fotografiile personalizate realizate \u00een cadrul evenimentului dedicat \u201dcuplurilor de aur\u201d au fost preg\u0103tite \u0219i pot fi ridicate de la Prim\u0103rie. Pentru persoanele care nu se pot deplasa, municipalitatea le va duce la domiciliu.<\/p>\n<p>A transmis primarul: \u201dAm primit cople\u0219itor de multe mesaje \u00een leg\u0103tur\u0103 cu acel memorabil weekend \u00een care &lt;cuplurile de aur&gt; au s\u0103rb\u0103torit 50+ de ani de c\u0103s\u0103torie \u00eempreun\u0103 cu noi. V\u0103 mul\u021bumesc \u0219i v\u0103 anun\u021b c\u0103 avem c\u00eete o fotografie personalizat\u0103 pentru fiecare. Dac\u0103 nu v\u0103 pute\u021bi deplasa p\u00een\u0103 la prim\u0103rie dup\u0103 ea, venim noi la dumneavoastr\u0103 s\u0103 v-o aducem. Dorim, astfel, ca acel eveniment s\u0103 v\u0103 fie &lt;\u00eenr\u0103mat&gt; \u0219i aproape de suflet, la propriu \u0219i la figurat\u201d.<\/p>\n<p>La sf\u00eer\u0219itul lunii iulie, \u00een cadrul unui eveniment organizat la Arhiepiscopia Sucevei \u0219i R\u0103d\u0103u\u021bilor dou\u0103 zile la r\u00eend, primarul Vasile R\u00eembu a felicitat 200 de familii care, \u00eencep\u00eend din 2024 \u00eencoace, au \u00eemplinit 50 de ani de c\u0103s\u0103torie.<\/p>\n<\/div>\n<p>[analyse_source url=&#8221;https:\/\/www.radiotop.ro\/actualitate\/fotografiile-personalizate-ale-cuplurilor-de-aur-pot-fi-ridicate-de-la-primaria-suceava-sau-vor-fi-duse-la-domiciliu.html&#8221;]<\/p>\n","protected":false},"excerpt":{"rendered":"<p>[analyse_image type=&#8221;featured&#8221; src=&#8221;https:\/\/www.radiotop.ro\/img\/media\/2026\/08\/Web_Photo_Editor-e1785918649559.jpg&#8221;] Primarul Sucevei, Vasile R\u00eembu, anun\u021b\u0103 c\u0103 fotografiile personalizate realizate \u00een cadrul evenimentului dedicat \u201dcuplurilor de aur\u201d au fost preg\u0103tite \u0219i pot fi ridicate de la Prim\u0103rie. Pentru persoanele care nu se pot deplasa, municipalitatea le va duce la domiciliu. A transmis primarul: \u201dAm primit cople\u0219itor de multe mesaje \u00een leg\u0103tur\u0103 cu acel [&hellip;]<\/p>\n","protected":false},"author":1,"featured_media":0,"comment_status":"open","ping_status":"","sticky":false,"template":"","format":"standard","meta":{"footnotes":""},"categories":[89],"tags":[226,163],"class_list":["post-2082969","post","type-post","status-publish","format-standard","hentry","category-romania","tag-crawlmanager","tag-radiotop-ro"],"_links":{"self":[{"href":"https:\/\/analyse.optim.biz\/index.php?rest_route=\/wp\/v2\/posts\/2082969","targetHints":{"allow":["GET"]}}],"collection":[{"href":"https:\/\/analyse.optim.biz\/index.php?rest_route=\/wp\/v2\/posts"}],"about":[{"href":"https:\/\/analyse.optim.biz\/index.php?rest_route=\/wp\/v2\/types\/post"}],"author":[{"embeddable":true,"href":"https:\/\/analyse.optim.biz\/index.php?rest_route=\/wp\/v2\/users\/1"}],"replies":[{"embeddable":true,"href":"https:\/\/analyse.optim.biz\/index.php?rest_route=%2Fwp%2Fv2%2Fcomments&post=2082969"}],"version-history":[{"count":0,"href":"https:\/\/analyse.optim.biz\/index.php?rest_route=\/wp\/v2\/posts\/2082969\/revisions"}],"wp:attachment":[{"href":"https:\/\/analyse.optim.biz\/index.php?rest_route=%2Fwp%2Fv2%2Fmedia&parent=2082969"}],"wp:term":[{"taxonomy":"category","embeddable":true,"href":"https:\/\/analyse.optim.biz\/index.php?rest_route=%2Fwp%2Fv2%2Fcategories&post=2082969"},{"taxonomy":"post_tag","embeddable":true,"href":"https:\/\/analyse.optim.biz\/index.php?rest_route=%2Fwp%2Fv2%2Ftags&post=2082969"}],"curies":[{"name":"wp","href":"https:\/\/api.w.org\/{rel}","templated":true}]}}