{"id":2082965,"date":"2026-08-07T17:31:16","date_gmt":"2026-08-07T14:31:16","guid":{"rendered":"https:\/\/analyse.optim.biz\/?p=2082965"},"modified":"2026-08-07T17:31:16","modified_gmt":"2026-08-07T14:31:16","slug":"protestul-transportatorilor-cu-500-de-camioane-respins-de-primaria-suceava","status":"publish","type":"post","link":"https:\/\/analyse.optim.biz\/?p=2082965","title":{"rendered":"Protestul transportatorilor cu 500 de camioane, respins de Prim\u0103ria Suceava"},"content":{"rendered":"<p>[analyse_image type=&#8221;featured&#8221; src=&#8221;https:\/\/www.radiotop.ro\/img\/media\/2026\/08\/camioane-e1786123837802.jpg&#8221;]<\/p>\n<div class=\"entry-content no-share\">\n<div class=\"content-inner \">\n<p>Protestul transportatorilor programat pe 12 august, la Suceava, nu a primit aviz favorabil din partea Prim\u0103riei. Federa\u021bia Operatorilor Rom\u00e2ni de Transport \u2013 Filiala FORT Suceava solicitase organizarea unui mar\u0219 la care urmau s\u0103 participe aproximativ 500 de autocamioane.<\/p>\n<p>Potrivit Prim\u0103riei, traseul ar fi urmat s\u0103 traverseze principalele artere ale municipiului, de la intrarea dinspre zona centurii, pe Bulevardul 1 Decembrie 1918, Bulevardul 1 Mai, strada \u0218tefan cel Mare, Ana Ip\u0103tescu \u0219i Mitropoliei, cu ie\u0219ire spre Ipote\u0219ti.<\/p>\n<p>Comisia de avizare a considerat c\u0103 un astfel de protest ar afecta grav circula\u021bia \u0219i func\u021bionarea ora\u0219ului, cu posibile blocaje \u00een trafic, perturbarea transportului public \u0219i a interven\u021biilor de urgen\u021b\u0103, precum \u0219i riscuri pentru siguran\u021ba rutier\u0103.<\/p>\n<p>Prim\u0103ria Suceava mai transmite: \u201dSus\u021binem dreptul la liber\u0103 exprimare, \u00eens\u0103 acesta trebuie exercitat \u00een condi\u021bii care s\u0103 nu afecteze grav func\u021bionarea ora\u0219ului \u0219i via\u021ba de zi cu zi a cet\u0103\u021benilor\u201d.<\/p>\n<\/div>\n<\/div>\n<div class=\"content-inner \">\n<p>Protestul transportatorilor programat pe 12 august, la Suceava, nu a primit aviz favorabil din partea Prim\u0103riei. Federa\u021bia Operatorilor Rom\u00e2ni de Transport \u2013 Filiala FORT Suceava solicitase organizarea unui mar\u0219 la care urmau s\u0103 participe aproximativ 500 de autocamioane.<\/p>\n<p>Potrivit Prim\u0103riei, traseul ar fi urmat s\u0103 traverseze principalele artere ale municipiului, de la intrarea dinspre zona centurii, pe Bulevardul 1 Decembrie 1918, Bulevardul 1 Mai, strada \u0218tefan cel Mare, Ana Ip\u0103tescu \u0219i Mitropoliei, cu ie\u0219ire spre Ipote\u0219ti.<\/p>\n<p>Comisia de avizare a considerat c\u0103 un astfel de protest ar afecta grav circula\u021bia \u0219i func\u021bionarea ora\u0219ului, cu posibile blocaje \u00een trafic, perturbarea transportului public \u0219i a interven\u021biilor de urgen\u021b\u0103, precum \u0219i riscuri pentru siguran\u021ba rutier\u0103.<\/p>\n<p>Prim\u0103ria Suceava mai transmite: \u201dSus\u021binem dreptul la liber\u0103 exprimare, \u00eens\u0103 acesta trebuie exercitat \u00een condi\u021bii care s\u0103 nu afecteze grav func\u021bionarea ora\u0219ului \u0219i via\u021ba de zi cu zi a cet\u0103\u021benilor\u201d.<\/p>\n<\/div>\n<p>[analyse_source url=&#8221;https:\/\/www.radiotop.ro\/actualitate\/protestul-transportatorilor-cu-500-de-camioane-respins-de-primaria-suceava.html&#8221;]<\/p>\n","protected":false},"excerpt":{"rendered":"<p>[analyse_image type=&#8221;featured&#8221; src=&#8221;https:\/\/www.radiotop.ro\/img\/media\/2026\/08\/camioane-e1786123837802.jpg&#8221;] Protestul transportatorilor programat pe 12 august, la Suceava, nu a primit aviz favorabil din partea Prim\u0103riei. Federa\u021bia Operatorilor Rom\u00e2ni de Transport \u2013 Filiala FORT Suceava solicitase organizarea unui mar\u0219 la care urmau s\u0103 participe aproximativ 500 de autocamioane. Potrivit Prim\u0103riei, traseul ar fi urmat s\u0103 traverseze principalele artere ale municipiului, de la [&hellip;]<\/p>\n","protected":false},"author":1,"featured_media":0,"comment_status":"open","ping_status":"","sticky":false,"template":"","format":"standard","meta":{"footnotes":""},"categories":[89],"tags":[226,163],"class_list":["post-2082965","post","type-post","status-publish","format-standard","hentry","category-romania","tag-crawlmanager","tag-radiotop-ro"],"_links":{"self":[{"href":"https:\/\/analyse.optim.biz\/index.php?rest_route=\/wp\/v2\/posts\/2082965","targetHints":{"allow":["GET"]}}],"collection":[{"href":"https:\/\/analyse.optim.biz\/index.php?rest_route=\/wp\/v2\/posts"}],"about":[{"href":"https:\/\/analyse.optim.biz\/index.php?rest_route=\/wp\/v2\/types\/post"}],"author":[{"embeddable":true,"href":"https:\/\/analyse.optim.biz\/index.php?rest_route=\/wp\/v2\/users\/1"}],"replies":[{"embeddable":true,"href":"https:\/\/analyse.optim.biz\/index.php?rest_route=%2Fwp%2Fv2%2Fcomments&post=2082965"}],"version-history":[{"count":0,"href":"https:\/\/analyse.optim.biz\/index.php?rest_route=\/wp\/v2\/posts\/2082965\/revisions"}],"wp:attachment":[{"href":"https:\/\/analyse.optim.biz\/index.php?rest_route=%2Fwp%2Fv2%2Fmedia&parent=2082965"}],"wp:term":[{"taxonomy":"category","embeddable":true,"href":"https:\/\/analyse.optim.biz\/index.php?rest_route=%2Fwp%2Fv2%2Fcategories&post=2082965"},{"taxonomy":"post_tag","embeddable":true,"href":"https:\/\/analyse.optim.biz\/index.php?rest_route=%2Fwp%2Fv2%2Ftags&post=2082965"}],"curies":[{"name":"wp","href":"https:\/\/api.w.org\/{rel}","templated":true}]}}