{"id":208285,"date":"2014-04-05T10:43:35","date_gmt":"2014-04-05T07:43:35","guid":{"rendered":"https:\/\/analyse.optim.biz\/?p=208285"},"modified":"2014-04-05T10:43:35","modified_gmt":"2014-04-05T07:43:35","slug":"intalnire-la-varf-in-psd-liviu-dragnea-il-vede-pe-victor-ponta-la-cotroceni","status":"publish","type":"post","link":"https:\/\/analyse.optim.biz\/?p=208285","title":{"rendered":"\u00cent\u00e2lnire la v\u00e2rf \u00een PSD. Liviu Dragnea \u00eel vede pe Victor Ponta la Cotroceni"},"content":{"rendered":"<div class=\"entry data-app-meta data-app-meta-article\" data-embed-base-url-canonical=\"https:\/\/www.digi24.ro\/embed\/stiri\/actualitate\/politica\/intalnire-la-varf-in-psd-liviu-dragnea-il-vede-pe-victor-ponta-la-cotroceni-224958\">\n<p data-index=\"1\">\u201e<span>Vreau s\u0103 va transmit un mesaj \u015fi de la premierul Victor Ponta de \u00eencurajare. <strong>\u0218i dumnealui sper\u0103, \u0219i noi sper\u0103m c\u0103 dumneavoastr\u0103 a\u0163i \u00een\u0163eles exact mesajul postat pe Facebook.<\/strong> \u00cen ceea ce prive\u0219te compentariile gre\u015fite care s-au f\u0103cut de unele institu\u021bii de pres\u0103, nu se retrage din via\u0163a politc\u0103. <strong>Eu am citit altfel mesajul de pe Facebook, \u00een sensul c\u0103 se retrage din disput\u0103 politic\u0103 \u015fi poate se g\u00e2nde\u015fte s\u0103 se retrag\u0103 la Cotroceni dup\u0103 alegerile preziden\u0163iale\u201d<\/strong>, a spus Liviu Dragnea, la Bra\u0219ov.\u00a0<\/span><\/p>\n<p data-index=\"2\">Pre\u015fedintele executiv al PSD, Liviu Dragnea, se \u00eent\u00e2lne\u015fte ast\u0103zi la Bra\u015fov cu \u015fefii de organiza\u0163ii jude\u0163ene ai PSD \u015fi cu cei care coordoneaz\u0103 campania electoral\u0103 pentru europarlamentare.<\/p>\n<p data-index=\"3\">\u00cent\u00e2lnirea care are loc \u00een contextul \u00een care liderul PSD, Victor Ponta, a l\u0103sat s\u0103 se \u00een\u0163eleag\u0103 c\u0103 <a href=\"https:\/\/www.digi24.ro\/Stiri\/Digi24\/Actualitate\/Politica\/Victor+Ponta+retragere+politica+Politicieni+Basescu+Antonescu\" target=\"_blank\" data-skip-linkfix=\"1\" rel=\"noopener\"><strong>se va retrage<\/strong><\/a> din politic\u0103 dup\u0103 alegerile preziden\u0163iale din noiembrie.<\/p>\n<p data-index=\"4\">Reuniunea vine \u0219i pe fondul tensiunilor generate de faptul c\u0103 tot mai mul\u021bi pre\u0219edin\u021bi de consilii jude\u021bene au intrat \u00een vizorul DNA.<\/p>\n<p data-index=\"5\">S\u0103 conduci un consiliu jude\u0163ean este o meserie periculoas\u0103, crede premierul Victor Ponta. Liderul PSD sus\u0163ine c\u0103 \u015fefii consiliilor sunt ancheta\u0163i de procurori pentru c\u0103 sunt populari \u015fi str\u00e2ng multe voturi.<\/p>\n<p data-index=\"6\">\u201e<span>Sunt absolut convins c\u0103, a\u015fa cum \u00een Rom\u00e2nia pre\u015fedin\u0163ii de consilii jude\u0163ene sunt oamenii cei mai vota\u0163i \u015fi \u00een care rom\u00e2nii au cea mai mare \u00eencredere &#8211; chiar dac\u0103 sunt \u015fi \u0163int\u0103 pentru procurori, asta vine odat\u0103 cu popularitatea \u015fi cu faptul c\u0103 sunt vota\u0163i \u015fi, atunci, e \u015fi o meserie periculoas\u0103\u201d,<strong><a href=\"https:\/\/www.digi24.ro\/Stiri\/Digi24\/Actualitate\/Politica\/Victor+Ponta+ii+apara+pe+liderii+locali+ai+PSD+Sunt+anchetati+de\" target=\"_blank\" data-skip-linkfix=\"1\" rel=\"noopener\"> a declarat, recent, premierul Victor Ponta.<\/a><\/strong><\/span><\/p>\n<p data-index=\"7\">\u201e<span>\u00cencepem s\u0103 ne punem \u00eentrebarea c\u00e2\u0163i mai r\u0103m\u00e2n \u00een picioare p\u00e2n\u0103 la sf\u00e2r\u015fitul anului, asta e, de fapt, singura \u00eentrebare pe care ne-o punem \u015fi ne-o punem cu foarte mult respect, nu cu alte sentimente\u201d, a spus Liviu Dragnea, pre\u0219edintele executiv al PSD.<\/span><\/p>\n<\/div>\n<p> Source URL: https:\/\/www.digi24.ro\/stiri\/actualitate\/politica\/intalnire-la-varf-in-psd-liviu-dragnea-il-vede-pe-victor-ponta-la-cotroceni-224958<\/p>\n","protected":false},"excerpt":{"rendered":"<p>\u201eVreau s\u0103 va transmit un mesaj \u015fi de la premierul Victor Ponta de \u00eencurajare. \u0218i dumnealui sper\u0103, \u0219i noi sper\u0103m c\u0103 dumneavoastr\u0103 a\u0163i \u00een\u0163eles exact mesajul postat pe Facebook. \u00cen ceea ce prive\u0219te compentariile gre\u015fite care s-au f\u0103cut de unele institu\u021bii de pres\u0103, nu se retrage din via\u0163a politc\u0103. Eu am citit altfel mesajul de [&hellip;]<\/p>\n","protected":false},"author":1,"featured_media":208286,"comment_status":"open","ping_status":"","sticky":false,"template":"","format":"standard","meta":{"footnotes":""},"categories":[2],"tags":[11],"class_list":["post-208285","post","type-post","status-publish","format-standard","has-post-thumbnail","hentry","category-politics","tag-digi24"],"_links":{"self":[{"href":"https:\/\/analyse.optim.biz\/index.php?rest_route=\/wp\/v2\/posts\/208285","targetHints":{"allow":["GET"]}}],"collection":[{"href":"https:\/\/analyse.optim.biz\/index.php?rest_route=\/wp\/v2\/posts"}],"about":[{"href":"https:\/\/analyse.optim.biz\/index.php?rest_route=\/wp\/v2\/types\/post"}],"author":[{"embeddable":true,"href":"https:\/\/analyse.optim.biz\/index.php?rest_route=\/wp\/v2\/users\/1"}],"replies":[{"embeddable":true,"href":"https:\/\/analyse.optim.biz\/index.php?rest_route=%2Fwp%2Fv2%2Fcomments&post=208285"}],"version-history":[{"count":0,"href":"https:\/\/analyse.optim.biz\/index.php?rest_route=\/wp\/v2\/posts\/208285\/revisions"}],"wp:featuredmedia":[{"embeddable":true,"href":"https:\/\/analyse.optim.biz\/index.php?rest_route=\/wp\/v2\/media\/208286"}],"wp:attachment":[{"href":"https:\/\/analyse.optim.biz\/index.php?rest_route=%2Fwp%2Fv2%2Fmedia&parent=208285"}],"wp:term":[{"taxonomy":"category","embeddable":true,"href":"https:\/\/analyse.optim.biz\/index.php?rest_route=%2Fwp%2Fv2%2Fcategories&post=208285"},{"taxonomy":"post_tag","embeddable":true,"href":"https:\/\/analyse.optim.biz\/index.php?rest_route=%2Fwp%2Fv2%2Ftags&post=208285"}],"curies":[{"name":"wp","href":"https:\/\/api.w.org\/{rel}","templated":true}]}}