{"id":2082760,"date":"2026-08-06T16:50:29","date_gmt":"2026-08-06T13:50:29","guid":{"rendered":"https:\/\/analyse.optim.biz\/?p=2082760"},"modified":"2026-08-06T16:50:29","modified_gmt":"2026-08-06T13:50:29","slug":"renovarea-energetica-a-blocului-lama-din-areni-incheiata-lucian-harsovschi-ironie-la-adresa-actualilor-conducatori-ai-primariei-suceava-noi-am-facut-partea-grea-ei-au-inlaturat","status":"publish","type":"post","link":"https:\/\/analyse.optim.biz\/?p=2082760","title":{"rendered":"Renovarea energetic\u0103 a blocului lam\u0103 din \u201dAreni\u201d, \u00eencheiat\u0103. Lucian Har\u0219ovschi, ironie la adresa actualilor conduc\u0103tori ai Prim\u0103riei Suceava: Noi am f\u0103cut partea grea, ei au \u00eenl\u0103turat pl\u0103cu\u021ba cu \u201dAten\u021bie, cade tencuiala!\u201d"},"content":{"rendered":"<p>[analyse_image type=&#8221;featured&#8221; src=&#8221;https:\/\/www.radiotop.ro\/img\/media\/2026\/08\/areni-bloc-turn.jpg&#8221;]<\/p>\n<div class=\"entry-content no-share\">\n<div class=\"content-inner \">\n<p>Fostul viceprimar PNL al Sucevei, Lucian Har\u0219ovschi, ast\u0103zi consilier local PNL, anun\u021b\u0103 \u00eencheierea renov\u0103rii energetice a blocului lam\u0103 din \u201dAreni\u201d. \u00centr-o postare intitulat\u0103 \u201dAten\u021bie NU mai cade tencuiala!\u201d, acesta spune c\u0103 \u201dsucevenii care locuiesc \u00een blocul P de pe Bulevardul 1 Mai nr. 2, blocul situat vizavi de Prim\u0103rie (cunoscut \u0219i ca &lt;blocul lam\u0103&gt;), beneficiaz\u0103 ast\u0103zi de renovarea energetic\u0103 a imobilului, f\u0103r\u0103 niciun cost pentru proprietari\u201d.<\/p>\n<p>Mesajul lui Lucian Har\u0219ovschi \u00eencepe cu o ironie la adresa actualei administra\u021bii: \u201dAdministra\u021bia \u00eenseamn\u0103 mai mult dec\u00e2t dou\u0103 linii trase pe asfalt, abonamente de parcare \u0219i taxe sau impozite m\u0103rite. \u00censeamn\u0103 s\u0103 atragi proiecte europene cu finan\u021bare nerambursabil\u0103, s\u0103 investe\u0219ti \u00een dezvoltarea ora\u0219ului \u0219i s\u0103 cre\u0219ti calitatea vie\u021bii oamenilor\u201d.<\/p>\n<p>\u00cen mesajul fostul viceprimar se mai spune: \u201dAcest proiect a fost preg\u0103tit \u0219i contractat \u00een mandatul administra\u021biei din care am f\u0103cut parte, fiind finan\u021bat prin Planul Na\u021bional de Redresare \u0219i Rezilien\u021b\u0103 (PNRR) \u2013 Componenta C5 &lt;Valul Renov\u0103rii&gt;. Contractul de finan\u021bare l-am semnat \u00een martie 2023, valoarea eligibil\u0103 a proiectului fiind de 5.607.172,89 lei. Ulterior, la 28 februarie 2024, a fost semnat contractul de execu\u021bie, firma c\u00e2\u0219tig\u0103toare fiind Comtransport SRL din Suceava. Noi am f\u0103cut partea grea: proiectare, finan\u021bare european\u0103 \u0219i execu\u021bie. Actuala administra\u021bie contribuie \u0219i ea: cu \u00eenl\u01ceturarea pl\u01cecu\u021bei pe care scrie &lt;Aten\u021bie, cade tencuiala!&gt;\u201d.<\/p>\n<p>Mesajul se \u00eencheie astfel: \u201dUn exemplu perfect de &lt;colaborare&gt; \u00eentre vechea \u0219i actuala administra\u021bie\u201d.<\/p>\n<p>Cu o zi mai devreme, Prim\u0103ria Suceava a anun\u021bat finalizarea proiectului de renovare energetic\u0103 a trei blocuri din zona central\u0103 a municipiului, investi\u021bie finan\u021bat\u0103 prin Planul Na\u021bional de Redresare \u0219i Rezilien\u021b\u0103, \u00eens\u0103 f\u0103r\u0103 s\u0103 sufle o vorb\u0103 despre faptul c\u0103 renovarea a \u00eenceput \u00een mandatul fostei administra\u021bii, din care a f\u0103cut parte \u0219i Lucian Har\u0219ovschi.<\/p>\n<\/div>\n<\/div>\n<div class=\"content-inner \">\n<p>Fostul viceprimar PNL al Sucevei, Lucian Har\u0219ovschi, ast\u0103zi consilier local PNL, anun\u021b\u0103 \u00eencheierea renov\u0103rii energetice a blocului lam\u0103 din \u201dAreni\u201d. \u00centr-o postare intitulat\u0103 \u201dAten\u021bie NU mai cade tencuiala!\u201d, acesta spune c\u0103 \u201dsucevenii care locuiesc \u00een blocul P de pe Bulevardul 1 Mai nr. 2, blocul situat vizavi de Prim\u0103rie (cunoscut \u0219i ca &lt;blocul lam\u0103&gt;), beneficiaz\u0103 ast\u0103zi de renovarea energetic\u0103 a imobilului, f\u0103r\u0103 niciun cost pentru proprietari\u201d.<\/p>\n<p>Mesajul lui Lucian Har\u0219ovschi \u00eencepe cu o ironie la adresa actualei administra\u021bii: \u201dAdministra\u021bia \u00eenseamn\u0103 mai mult dec\u00e2t dou\u0103 linii trase pe asfalt, abonamente de parcare \u0219i taxe sau impozite m\u0103rite. \u00censeamn\u0103 s\u0103 atragi proiecte europene cu finan\u021bare nerambursabil\u0103, s\u0103 investe\u0219ti \u00een dezvoltarea ora\u0219ului \u0219i s\u0103 cre\u0219ti calitatea vie\u021bii oamenilor\u201d.<\/p>\n<p>\u00cen mesajul fostul viceprimar se mai spune: \u201dAcest proiect a fost preg\u0103tit \u0219i contractat \u00een mandatul administra\u021biei din care am f\u0103cut parte, fiind finan\u021bat prin Planul Na\u021bional de Redresare \u0219i Rezilien\u021b\u0103 (PNRR) \u2013 Componenta C5 &lt;Valul Renov\u0103rii&gt;. Contractul de finan\u021bare l-am semnat \u00een martie 2023, valoarea eligibil\u0103 a proiectului fiind de 5.607.172,89 lei. Ulterior, la 28 februarie 2024, a fost semnat contractul de execu\u021bie, firma c\u00e2\u0219tig\u0103toare fiind Comtransport SRL din Suceava. Noi am f\u0103cut partea grea: proiectare, finan\u021bare european\u0103 \u0219i execu\u021bie. Actuala administra\u021bie contribuie \u0219i ea: cu \u00eenl\u01ceturarea pl\u01cecu\u021bei pe care scrie &lt;Aten\u021bie, cade tencuiala!&gt;\u201d.<\/p>\n<p>Mesajul se \u00eencheie astfel: \u201dUn exemplu perfect de &lt;colaborare&gt; \u00eentre vechea \u0219i actuala administra\u021bie\u201d.<\/p>\n<p>Cu o zi mai devreme, Prim\u0103ria Suceava a anun\u021bat finalizarea proiectului de renovare energetic\u0103 a trei blocuri din zona central\u0103 a municipiului, investi\u021bie finan\u021bat\u0103 prin Planul Na\u021bional de Redresare \u0219i Rezilien\u021b\u0103, \u00eens\u0103 f\u0103r\u0103 s\u0103 sufle o vorb\u0103 despre faptul c\u0103 renovarea a \u00eenceput \u00een mandatul fostei administra\u021bii, din care a f\u0103cut parte \u0219i Lucian Har\u0219ovschi.<\/p>\n<\/div>\n<p>[analyse_source url=&#8221;https:\/\/www.radiotop.ro\/actualitate\/renovarea-energetica-a-blocului-lama-din-areni-incheiata-lucian-harsovschi-ironie-la-adresa-actualilor-conducatori-ai-primariei-suceava-noi-am-facut-partea-grea-ei-au-inlaturat.html&#8221;]<\/p>\n","protected":false},"excerpt":{"rendered":"<p>[analyse_image type=&#8221;featured&#8221; src=&#8221;https:\/\/www.radiotop.ro\/img\/media\/2026\/08\/areni-bloc-turn.jpg&#8221;] Fostul viceprimar PNL al Sucevei, Lucian Har\u0219ovschi, ast\u0103zi consilier local PNL, anun\u021b\u0103 \u00eencheierea renov\u0103rii energetice a blocului lam\u0103 din \u201dAreni\u201d. \u00centr-o postare intitulat\u0103 \u201dAten\u021bie NU mai cade tencuiala!\u201d, acesta spune c\u0103 \u201dsucevenii care locuiesc \u00een blocul P de pe Bulevardul 1 Mai nr. 2, blocul situat vizavi de Prim\u0103rie (cunoscut \u0219i ca [&hellip;]<\/p>\n","protected":false},"author":1,"featured_media":0,"comment_status":"open","ping_status":"","sticky":false,"template":"","format":"standard","meta":{"footnotes":""},"categories":[89],"tags":[226,163],"class_list":["post-2082760","post","type-post","status-publish","format-standard","hentry","category-romania","tag-crawlmanager","tag-radiotop-ro"],"_links":{"self":[{"href":"https:\/\/analyse.optim.biz\/index.php?rest_route=\/wp\/v2\/posts\/2082760","targetHints":{"allow":["GET"]}}],"collection":[{"href":"https:\/\/analyse.optim.biz\/index.php?rest_route=\/wp\/v2\/posts"}],"about":[{"href":"https:\/\/analyse.optim.biz\/index.php?rest_route=\/wp\/v2\/types\/post"}],"author":[{"embeddable":true,"href":"https:\/\/analyse.optim.biz\/index.php?rest_route=\/wp\/v2\/users\/1"}],"replies":[{"embeddable":true,"href":"https:\/\/analyse.optim.biz\/index.php?rest_route=%2Fwp%2Fv2%2Fcomments&post=2082760"}],"version-history":[{"count":0,"href":"https:\/\/analyse.optim.biz\/index.php?rest_route=\/wp\/v2\/posts\/2082760\/revisions"}],"wp:attachment":[{"href":"https:\/\/analyse.optim.biz\/index.php?rest_route=%2Fwp%2Fv2%2Fmedia&parent=2082760"}],"wp:term":[{"taxonomy":"category","embeddable":true,"href":"https:\/\/analyse.optim.biz\/index.php?rest_route=%2Fwp%2Fv2%2Fcategories&post=2082760"},{"taxonomy":"post_tag","embeddable":true,"href":"https:\/\/analyse.optim.biz\/index.php?rest_route=%2Fwp%2Fv2%2Ftags&post=2082760"}],"curies":[{"name":"wp","href":"https:\/\/api.w.org\/{rel}","templated":true}]}}