{"id":2082757,"date":"2026-08-06T13:27:20","date_gmt":"2026-08-06T10:27:20","guid":{"rendered":"https:\/\/analyse.optim.biz\/?p=2082757"},"modified":"2026-08-06T13:27:20","modified_gmt":"2026-08-06T10:27:20","slug":"medic-veterinar-din-berchisesti-retinut-intr-un-dosar-privind-uciderea-fara-drept-a-unor-ciini-dintr-un-adapost-privat","status":"publish","type":"post","link":"https:\/\/analyse.optim.biz\/?p=2082757","title":{"rendered":"Medic veterinar din Berchi\u0219e\u0219ti, re\u021binut \u00eentr-un dosar privind uciderea f\u0103r\u0103 drept a unor c\u00eeini dintr-un ad\u0103post privat"},"content":{"rendered":"<p>[analyse_image type=&#8221;featured&#8221; src=&#8221;https:\/\/www.radiotop.ro\/img\/media\/2025\/11\/politia-masina-sirene.jpg&#8221;]<\/p>\n<div class=\"entry-content no-share\">\n<div class=\"content-inner \">\n<p>Un medic veterinar \u00een v\u00eerst\u0103 de 29 de ani, din comuna Berchi\u0219e\u0219ti, a fost re\u021binut pentru 24 de ore de poli\u021bi\u0219tii Biroului pentru Protec\u021bia Animalelor din cadrul IPJ Suceava, \u00eentr-un dosar penal privind infrac\u021biunea de ucidere a animalelor cu inten\u021bie, f\u0103r\u0103 drept, precum \u0219i alte fapte asociate. Gheorghi\u021b\u0103 C\u0103t\u0103lin \u021a\u0103ran are 29 de ani \u0219i este angajatul Direc\u021biei Sanitar Veterinare Suceava. Totodat\u0103, acesta este fiul prim\u0103ri\u021bei de la Berchi\u0219e\u0219ti, Violeta Zenovia \u021a\u0103ran.<\/p>\n<p>Ancheta a \u00eenceput \u00een decembrie 2025, dup\u0103 ce poli\u021bi\u0219tii s-au sesizat din oficiu cu privire la faptul c\u0103, \u00eentr-un ad\u0103post privat apar\u021bin\u00eend unei asocia\u021bii din Berchi\u0219e\u0219ti, mai multe exemplare canine ar fi fost eutanasiate \u00een cursul anului 2025, invoc\u00eendu-se aparent motive medicale sau agresivitatea animalelor, \u00eens\u0103 cu \u00eenc\u0103lcarea prevederilor legale.<\/p>\n<p>Dosarul a fost preluat, \u00een aprilie 2026, de Parchetul de pe l\u00eeng\u0103 Tribunalul Suceava. Tot atunci au fost efectuate dou\u0103 perchezi\u021bii, la sediul ad\u0103postului \u0219i la locuin\u021ba medicului veterinar, fiind ridicate sisteme informatice \u0219i documente considerate relevante pentru anchet\u0103.<\/p>\n<p>Potrivit IPJ Suceava, joi, 6 august, dup\u0103 completarea probatoriului \u0219i audierea b\u0103rbatului, poli\u021bi\u0219tii au dispus m\u0103sura re\u021binerii pentru 24 de ore, acesta fiind \u00eencarcerat \u00een Centrul de Re\u021binere \u0219i Arestare Preventiv\u0103 al Inspectoratului.<\/p>\n<p>Cercet\u0103rile continu\u0103 sub coordonarea procurorului de caz, urm\u00eend s\u0103 fie dispuse m\u0103surile procedurale care se impun.<\/p>\n<\/div>\n<\/div>\n<div class=\"content-inner \">\n<p>Un medic veterinar \u00een v\u00eerst\u0103 de 29 de ani, din comuna Berchi\u0219e\u0219ti, a fost re\u021binut pentru 24 de ore de poli\u021bi\u0219tii Biroului pentru Protec\u021bia Animalelor din cadrul IPJ Suceava, \u00eentr-un dosar penal privind infrac\u021biunea de ucidere a animalelor cu inten\u021bie, f\u0103r\u0103 drept, precum \u0219i alte fapte asociate. Gheorghi\u021b\u0103 C\u0103t\u0103lin \u021a\u0103ran are 29 de ani \u0219i este angajatul Direc\u021biei Sanitar Veterinare Suceava. Totodat\u0103, acesta este fiul prim\u0103ri\u021bei de la Berchi\u0219e\u0219ti, Violeta Zenovia \u021a\u0103ran.<\/p>\n<p>Ancheta a \u00eenceput \u00een decembrie 2025, dup\u0103 ce poli\u021bi\u0219tii s-au sesizat din oficiu cu privire la faptul c\u0103, \u00eentr-un ad\u0103post privat apar\u021bin\u00eend unei asocia\u021bii din Berchi\u0219e\u0219ti, mai multe exemplare canine ar fi fost eutanasiate \u00een cursul anului 2025, invoc\u00eendu-se aparent motive medicale sau agresivitatea animalelor, \u00eens\u0103 cu \u00eenc\u0103lcarea prevederilor legale.<\/p>\n<p>Dosarul a fost preluat, \u00een aprilie 2026, de Parchetul de pe l\u00eeng\u0103 Tribunalul Suceava. Tot atunci au fost efectuate dou\u0103 perchezi\u021bii, la sediul ad\u0103postului \u0219i la locuin\u021ba medicului veterinar, fiind ridicate sisteme informatice \u0219i documente considerate relevante pentru anchet\u0103.<\/p>\n<p>Potrivit IPJ Suceava, joi, 6 august, dup\u0103 completarea probatoriului \u0219i audierea b\u0103rbatului, poli\u021bi\u0219tii au dispus m\u0103sura re\u021binerii pentru 24 de ore, acesta fiind \u00eencarcerat \u00een Centrul de Re\u021binere \u0219i Arestare Preventiv\u0103 al Inspectoratului.<\/p>\n<p>Cercet\u0103rile continu\u0103 sub coordonarea procurorului de caz, urm\u00eend s\u0103 fie dispuse m\u0103surile procedurale care se impun.<\/p>\n<\/div>\n<p>[analyse_source url=&#8221;https:\/\/www.radiotop.ro\/actualitate\/medic-veterinar-din-berchisesti-retinut-intr-un-dosar-privind-uciderea-fara-drept-a-unor-ciini-dintr-un-adapost-privat.html&#8221;]<\/p>\n","protected":false},"excerpt":{"rendered":"<p>[analyse_image type=&#8221;featured&#8221; src=&#8221;https:\/\/www.radiotop.ro\/img\/media\/2025\/11\/politia-masina-sirene.jpg&#8221;] Un medic veterinar \u00een v\u00eerst\u0103 de 29 de ani, din comuna Berchi\u0219e\u0219ti, a fost re\u021binut pentru 24 de ore de poli\u021bi\u0219tii Biroului pentru Protec\u021bia Animalelor din cadrul IPJ Suceava, \u00eentr-un dosar penal privind infrac\u021biunea de ucidere a animalelor cu inten\u021bie, f\u0103r\u0103 drept, precum \u0219i alte fapte asociate. Gheorghi\u021b\u0103 C\u0103t\u0103lin \u021a\u0103ran are 29 [&hellip;]<\/p>\n","protected":false},"author":1,"featured_media":0,"comment_status":"open","ping_status":"","sticky":false,"template":"","format":"standard","meta":{"footnotes":""},"categories":[89],"tags":[226,163],"class_list":["post-2082757","post","type-post","status-publish","format-standard","hentry","category-romania","tag-crawlmanager","tag-radiotop-ro"],"_links":{"self":[{"href":"https:\/\/analyse.optim.biz\/index.php?rest_route=\/wp\/v2\/posts\/2082757","targetHints":{"allow":["GET"]}}],"collection":[{"href":"https:\/\/analyse.optim.biz\/index.php?rest_route=\/wp\/v2\/posts"}],"about":[{"href":"https:\/\/analyse.optim.biz\/index.php?rest_route=\/wp\/v2\/types\/post"}],"author":[{"embeddable":true,"href":"https:\/\/analyse.optim.biz\/index.php?rest_route=\/wp\/v2\/users\/1"}],"replies":[{"embeddable":true,"href":"https:\/\/analyse.optim.biz\/index.php?rest_route=%2Fwp%2Fv2%2Fcomments&post=2082757"}],"version-history":[{"count":0,"href":"https:\/\/analyse.optim.biz\/index.php?rest_route=\/wp\/v2\/posts\/2082757\/revisions"}],"wp:attachment":[{"href":"https:\/\/analyse.optim.biz\/index.php?rest_route=%2Fwp%2Fv2%2Fmedia&parent=2082757"}],"wp:term":[{"taxonomy":"category","embeddable":true,"href":"https:\/\/analyse.optim.biz\/index.php?rest_route=%2Fwp%2Fv2%2Fcategories&post=2082757"},{"taxonomy":"post_tag","embeddable":true,"href":"https:\/\/analyse.optim.biz\/index.php?rest_route=%2Fwp%2Fv2%2Ftags&post=2082757"}],"curies":[{"name":"wp","href":"https:\/\/api.w.org\/{rel}","templated":true}]}}