{"id":2082754,"date":"2026-08-06T10:55:32","date_gmt":"2026-08-06T07:55:32","guid":{"rendered":"https:\/\/analyse.optim.biz\/?p=2082754"},"modified":"2026-08-06T10:55:32","modified_gmt":"2026-08-06T07:55:32","slug":"numerosi-credinciosi-la-hramul-manastirii-slatina-prima-ctitorie-a-lui-alexandru-lapusneanu-la-slatina-au-loc-si-zilele-comunei","status":"publish","type":"post","link":"https:\/\/analyse.optim.biz\/?p=2082754","title":{"rendered":"Numero\u0219i credincio\u0219i, la hramul M\u0103n\u0103stirii Slatina, prima ctitorie a lui Alexandru L\u0103pu\u0219neanu. La Slatina au loc \u0219i Zilele Comunei"},"content":{"rendered":"<p>[analyse_image type=&#8221;featured&#8221; src=&#8221;https:\/\/www.radiotop.ro\/img\/media\/2026\/08\/manastirea-slatina-credinciosi-1.jpg&#8221;]<\/p>\n<div class=\"entry-content no-share\">\n<div class=\"content-inner \">\n<div class=\"jeg_preview_slider gallery_1\" data-selector=\"gallery_1\">\n<div class=\"jeg_preview_holder\">\n<div class=\"jeg_preview_media\">\n<div class=\"jeg_preview_media_holder\">\n<h3>\u00a0<\/h3>\n<div class=\"jeg_preview_control\">\n<div class=\"left_control\">\n<div class=\"counter\"><span class=\"current\">1<\/span> of  7<\/div>\n<\/div>\n<div class=\"zoom\"><span class=\"reduce\">&#8211;<\/span><span class=\"increase\">+<\/span><\/div>\n<\/div>\n<\/div>\n<\/div>\n<div class=\"jeg_preview_bottom_slider\"><a data-id=\"0\" data-title data-image=\"https:\/\/www.radiotop.ro\/img\/media\/2026\/08\/manastirea-slatina.jpg\" href=\"https:\/\/www.radiotop.ro\/img\/media\/2026\/08\/manastirea-slatina.jpg\" class=\"jeg_preview_item active\"><\/p>\n<div class=\"jeg_preview_item_thumbnail\"><img loading=\"lazy\" decoding=\"async\" width=\"120\" height=\"86\" src=\"https:\/\/www.radiotop.ro\/img\/media\/2026\/08\/manastirea-slatina-120x86.jpg\" class=\"attachment-jnews-120x86 size-jnews-120x86\" alt><\/div>\n<p><\/a><a data-id=\"1\" data-title data-image=\"https:\/\/www.radiotop.ro\/img\/media\/2026\/08\/manastirea-slatina-bilci.jpg\" href=\"https:\/\/www.radiotop.ro\/img\/media\/2026\/08\/manastirea-slatina-bilci.jpg\" class=\"jeg_preview_item \"><\/p>\n<div class=\"jeg_preview_item_thumbnail\"><img loading=\"lazy\" decoding=\"async\" width=\"120\" height=\"86\" src=\"https:\/\/www.radiotop.ro\/img\/media\/2026\/08\/manastirea-slatina-bilci-120x86.jpg\" class=\"attachment-jnews-120x86 size-jnews-120x86\" alt><\/div>\n<p><\/a><a data-id=\"2\" data-title data-image=\"https:\/\/www.radiotop.ro\/img\/media\/2026\/08\/manastirea-slatina-credinciosi-2.jpg\" href=\"https:\/\/www.radiotop.ro\/img\/media\/2026\/08\/manastirea-slatina-credinciosi-2.jpg\" class=\"jeg_preview_item \"><\/p>\n<div class=\"jeg_preview_item_thumbnail\"><img loading=\"lazy\" decoding=\"async\" width=\"120\" height=\"86\" src=\"https:\/\/www.radiotop.ro\/img\/media\/2026\/08\/manastirea-slatina-credinciosi-2-120x86.jpg\" class=\"attachment-jnews-120x86 size-jnews-120x86\" alt><\/div>\n<p><\/a><a data-id=\"3\" data-title data-image=\"https:\/\/www.radiotop.ro\/img\/media\/2026\/08\/manastirea-slatina-credinciosi-3.jpg\" href=\"https:\/\/www.radiotop.ro\/img\/media\/2026\/08\/manastirea-slatina-credinciosi-3.jpg\" class=\"jeg_preview_item \"><\/p>\n<div class=\"jeg_preview_item_thumbnail\"><img loading=\"lazy\" decoding=\"async\" width=\"120\" height=\"86\" src=\"https:\/\/www.radiotop.ro\/img\/media\/2026\/08\/manastirea-slatina-credinciosi-3-120x86.jpg\" class=\"attachment-jnews-120x86 size-jnews-120x86\" alt><\/div>\n<p><\/a><a data-id=\"4\" data-title data-image=\"https:\/\/www.radiotop.ro\/img\/media\/2026\/08\/manastirea-slatina-credinciosi.jpg\" href=\"https:\/\/www.radiotop.ro\/img\/media\/2026\/08\/manastirea-slatina-credinciosi.jpg\" class=\"jeg_preview_item \"><\/p>\n<div class=\"jeg_preview_item_thumbnail\"><img loading=\"lazy\" decoding=\"async\" width=\"120\" height=\"86\" src=\"https:\/\/www.radiotop.ro\/img\/media\/2026\/08\/manastirea-slatina-credinciosi-120x86.jpg\" class=\"attachment-jnews-120x86 size-jnews-120x86\" alt><\/div>\n<p><\/a><a data-id=\"5\" data-title data-image=\"https:\/\/www.radiotop.ro\/img\/media\/2026\/08\/manastirea-slatina-preoti.jpg\" href=\"https:\/\/www.radiotop.ro\/img\/media\/2026\/08\/manastirea-slatina-preoti.jpg\" class=\"jeg_preview_item \"><\/p>\n<div class=\"jeg_preview_item_thumbnail\"><img loading=\"lazy\" decoding=\"async\" width=\"120\" height=\"86\" src=\"https:\/\/www.radiotop.ro\/img\/media\/2026\/08\/manastirea-slatina-preoti-120x86.jpg\" class=\"attachment-jnews-120x86 size-jnews-120x86\" alt><\/div>\n<p><\/a><a data-id=\"6\" data-title data-image=\"https:\/\/www.radiotop.ro\/img\/media\/2026\/08\/manastirea-slatina-robu-simerea.jpg\" href=\"https:\/\/www.radiotop.ro\/img\/media\/2026\/08\/manastirea-slatina-robu-simerea.jpg\" class=\"jeg_preview_item \"><\/p>\n<div class=\"jeg_preview_item_thumbnail\"><img loading=\"lazy\" decoding=\"async\" width=\"120\" height=\"86\" src=\"https:\/\/www.radiotop.ro\/img\/media\/2026\/08\/manastirea-slatina-robu-simerea-120x86.jpg\" class=\"attachment-jnews-120x86 size-jnews-120x86\" alt><\/div>\n<p><\/a><\/div>\n<\/div>\n<\/div>\n<p>\u00cen aceast\u0103 diminea\u021b\u0103, vicepre\u0219edin\u021bii Consiliului Jude\u021bean Suceava, Nicolae Robu \u0219i Stelian Simeria, au participat la hramul M\u0103n\u0103stirii Slatina, \u00eenchinat\u0103 Schimb\u0103rii la Fa\u021b\u0103 a Domnului. Ulterior, cei doi au luat parte la deschiderea Zilelor Comunei Slatina.<\/p>\n<p>Conform unui comunicat al Consiliului Jude\u021bean, Sf\u00eenta \u0219i Dumnezeiasca Liturghie a fost s\u0103v\u00eer\u0219it\u0103 de PreaSfin\u021bitul Macarie Dr\u0103goi, Episcopul Europei de Nord, \u00een prezen\u021ba a numero\u0219i credincio\u0219i de toate v\u00eerstele veni\u021bi la prima ctitorie a voievodului Alexandru L\u0103pu\u0219neanu.<\/p>\n<p>Al\u0103turi de vicepre\u0219edin\u021bii administra\u021biei jude\u021bene s-au aflat primarul comunei Slatina, Vl\u0103du\u021b Gherman, senatorul Ioan Stan, precum \u0219i al\u021bi reprezentan\u021bi ai administra\u021biei publice locale \u0219i jude\u021bene.<\/p>\n<p>Domnul Simerea de declarat: \u201eAici, la poalele Mun\u021bilor St\u00e2ni\u0219oarei, pe valea p\u00eer\u00eeului Suha Mic\u0103, este una dintre cele mai frumoase m\u0103n\u0103stiri ale Bucovinei \u0219i vin cu bucurie \u00een suflet de fiecare dat\u0103 c\u00e2nd am ocazia. Am \u021binut s\u0103 fim prezen\u021bi \u00een aceast\u0103 zi de mare \u00eensemn\u0103tate pentru comunitatea local\u0103. Dup\u0103 momentele de rug\u0103ciune de la m\u0103n\u0103stire, ne-am bucurat s\u0103 fim al\u0103turi de localnici \u0219i la deschiderea Zilelor Comunei Slatina, o s\u0103rb\u0103toare care aduce comunitatea \u00eempreun\u0103. Le transmit tuturor locuitorilor mult\u0103 s\u0103n\u0103tate, bucurie \u0219i puterea de a p\u0103stra frumuse\u021bea, tradi\u021biile \u0219i spiritul acestei comune\u201d.<\/p>\n<p>La r\u00eendul s\u0103u, Nicolae Robu a spus: \u201eSchimbarea la Fa\u021b\u0103 a Domnului este o s\u0103rb\u0103toare care ne vorbe\u0219te despre credin\u021b\u0103, speran\u021b\u0103 \u0219i \u00eennoire sufleteasc\u0103. La ceas de hram, \u00eei doresc ob\u0219tii M\u0103n\u0103stirii Slatina ani binecuv\u00eenta\u021bi, iar locuitorilor comunei \u0219i tuturor pelerinilor, g\u00eenduri bune, s\u0103n\u0103tate \u0219i pace sufleteasc\u0103. M\u0103 bucur c\u0103 am putut fi prezent \u0219i la deschiderea Zilelor Comunei, al\u0103turi de o comunitate unit\u0103 \u0219i primitoare\u201d.<\/p>\n<\/div>\n<\/div>\n<div class=\"content-inner \">\n<div class=\"jeg_preview_slider gallery_1\" data-selector=\"gallery_1\">\n<div class=\"jeg_preview_holder\">\n<div class=\"jeg_preview_media\">\n<div class=\"jeg_preview_media_holder\">\n<h3>\u00a0<\/h3>\n<div class=\"jeg_preview_control\">\n<div class=\"left_control\">\n<div class=\"counter\"><span class=\"current\">1<\/span> of  7<\/div>\n<\/div>\n<div class=\"zoom\"><span class=\"reduce\">&#8211;<\/span><span class=\"increase\">+<\/span><\/div>\n<\/div>\n<\/div>\n<\/div>\n<div class=\"jeg_preview_bottom_slider\"><a data-id=\"0\" data-title data-image=\"https:\/\/www.radiotop.ro\/img\/media\/2026\/08\/manastirea-slatina.jpg\" href=\"https:\/\/www.radiotop.ro\/img\/media\/2026\/08\/manastirea-slatina.jpg\" class=\"jeg_preview_item active\"><\/p>\n<div class=\"jeg_preview_item_thumbnail\"><img loading=\"lazy\" decoding=\"async\" width=\"120\" height=\"86\" src=\"https:\/\/www.radiotop.ro\/img\/media\/2026\/08\/manastirea-slatina-120x86.jpg\" class=\"attachment-jnews-120x86 size-jnews-120x86\" alt><\/div>\n<p><\/a><a data-id=\"1\" data-title data-image=\"https:\/\/www.radiotop.ro\/img\/media\/2026\/08\/manastirea-slatina-bilci.jpg\" href=\"https:\/\/www.radiotop.ro\/img\/media\/2026\/08\/manastirea-slatina-bilci.jpg\" class=\"jeg_preview_item \"><\/p>\n<div class=\"jeg_preview_item_thumbnail\"><img loading=\"lazy\" decoding=\"async\" width=\"120\" height=\"86\" src=\"https:\/\/www.radiotop.ro\/img\/media\/2026\/08\/manastirea-slatina-bilci-120x86.jpg\" class=\"attachment-jnews-120x86 size-jnews-120x86\" alt><\/div>\n<p><\/a><a data-id=\"2\" data-title data-image=\"https:\/\/www.radiotop.ro\/img\/media\/2026\/08\/manastirea-slatina-credinciosi-2.jpg\" href=\"https:\/\/www.radiotop.ro\/img\/media\/2026\/08\/manastirea-slatina-credinciosi-2.jpg\" class=\"jeg_preview_item \"><\/p>\n<div class=\"jeg_preview_item_thumbnail\"><img loading=\"lazy\" decoding=\"async\" width=\"120\" height=\"86\" src=\"https:\/\/www.radiotop.ro\/img\/media\/2026\/08\/manastirea-slatina-credinciosi-2-120x86.jpg\" class=\"attachment-jnews-120x86 size-jnews-120x86\" alt><\/div>\n<p><\/a><a data-id=\"3\" data-title data-image=\"https:\/\/www.radiotop.ro\/img\/media\/2026\/08\/manastirea-slatina-credinciosi-3.jpg\" href=\"https:\/\/www.radiotop.ro\/img\/media\/2026\/08\/manastirea-slatina-credinciosi-3.jpg\" class=\"jeg_preview_item \"><\/p>\n<div class=\"jeg_preview_item_thumbnail\"><img loading=\"lazy\" decoding=\"async\" width=\"120\" height=\"86\" src=\"https:\/\/www.radiotop.ro\/img\/media\/2026\/08\/manastirea-slatina-credinciosi-3-120x86.jpg\" class=\"attachment-jnews-120x86 size-jnews-120x86\" alt><\/div>\n<p><\/a><a data-id=\"4\" data-title data-image=\"https:\/\/www.radiotop.ro\/img\/media\/2026\/08\/manastirea-slatina-credinciosi.jpg\" href=\"https:\/\/www.radiotop.ro\/img\/media\/2026\/08\/manastirea-slatina-credinciosi.jpg\" class=\"jeg_preview_item \"><\/p>\n<div class=\"jeg_preview_item_thumbnail\"><img loading=\"lazy\" decoding=\"async\" width=\"120\" height=\"86\" src=\"https:\/\/www.radiotop.ro\/img\/media\/2026\/08\/manastirea-slatina-credinciosi-120x86.jpg\" class=\"attachment-jnews-120x86 size-jnews-120x86\" alt><\/div>\n<p><\/a><a data-id=\"5\" data-title data-image=\"https:\/\/www.radiotop.ro\/img\/media\/2026\/08\/manastirea-slatina-preoti.jpg\" href=\"https:\/\/www.radiotop.ro\/img\/media\/2026\/08\/manastirea-slatina-preoti.jpg\" class=\"jeg_preview_item \"><\/p>\n<div class=\"jeg_preview_item_thumbnail\"><img loading=\"lazy\" decoding=\"async\" width=\"120\" height=\"86\" src=\"https:\/\/www.radiotop.ro\/img\/media\/2026\/08\/manastirea-slatina-preoti-120x86.jpg\" class=\"attachment-jnews-120x86 size-jnews-120x86\" alt><\/div>\n<p><\/a><a data-id=\"6\" data-title data-image=\"https:\/\/www.radiotop.ro\/img\/media\/2026\/08\/manastirea-slatina-robu-simerea.jpg\" href=\"https:\/\/www.radiotop.ro\/img\/media\/2026\/08\/manastirea-slatina-robu-simerea.jpg\" class=\"jeg_preview_item \"><\/p>\n<div class=\"jeg_preview_item_thumbnail\"><img loading=\"lazy\" decoding=\"async\" width=\"120\" height=\"86\" src=\"https:\/\/www.radiotop.ro\/img\/media\/2026\/08\/manastirea-slatina-robu-simerea-120x86.jpg\" class=\"attachment-jnews-120x86 size-jnews-120x86\" alt><\/div>\n<p><\/a><\/div>\n<\/div>\n<\/div>\n<p>\u00cen aceast\u0103 diminea\u021b\u0103, vicepre\u0219edin\u021bii Consiliului Jude\u021bean Suceava, Nicolae Robu \u0219i Stelian Simeria, au participat la hramul M\u0103n\u0103stirii Slatina, \u00eenchinat\u0103 Schimb\u0103rii la Fa\u021b\u0103 a Domnului. Ulterior, cei doi au luat parte la deschiderea Zilelor Comunei Slatina.<\/p>\n<p>Conform unui comunicat al Consiliului Jude\u021bean, Sf\u00eenta \u0219i Dumnezeiasca Liturghie a fost s\u0103v\u00eer\u0219it\u0103 de PreaSfin\u021bitul Macarie Dr\u0103goi, Episcopul Europei de Nord, \u00een prezen\u021ba a numero\u0219i credincio\u0219i de toate v\u00eerstele veni\u021bi la prima ctitorie a voievodului Alexandru L\u0103pu\u0219neanu.<\/p>\n<p>Al\u0103turi de vicepre\u0219edin\u021bii administra\u021biei jude\u021bene s-au aflat primarul comunei Slatina, Vl\u0103du\u021b Gherman, senatorul Ioan Stan, precum \u0219i al\u021bi reprezentan\u021bi ai administra\u021biei publice locale \u0219i jude\u021bene.<\/p>\n<p>Domnul Simerea de declarat: \u201eAici, la poalele Mun\u021bilor St\u00e2ni\u0219oarei, pe valea p\u00eer\u00eeului Suha Mic\u0103, este una dintre cele mai frumoase m\u0103n\u0103stiri ale Bucovinei \u0219i vin cu bucurie \u00een suflet de fiecare dat\u0103 c\u00e2nd am ocazia. Am \u021binut s\u0103 fim prezen\u021bi \u00een aceast\u0103 zi de mare \u00eensemn\u0103tate pentru comunitatea local\u0103. Dup\u0103 momentele de rug\u0103ciune de la m\u0103n\u0103stire, ne-am bucurat s\u0103 fim al\u0103turi de localnici \u0219i la deschiderea Zilelor Comunei Slatina, o s\u0103rb\u0103toare care aduce comunitatea \u00eempreun\u0103. Le transmit tuturor locuitorilor mult\u0103 s\u0103n\u0103tate, bucurie \u0219i puterea de a p\u0103stra frumuse\u021bea, tradi\u021biile \u0219i spiritul acestei comune\u201d.<\/p>\n<p>La r\u00eendul s\u0103u, Nicolae Robu a spus: \u201eSchimbarea la Fa\u021b\u0103 a Domnului este o s\u0103rb\u0103toare care ne vorbe\u0219te despre credin\u021b\u0103, speran\u021b\u0103 \u0219i \u00eennoire sufleteasc\u0103. La ceas de hram, \u00eei doresc ob\u0219tii M\u0103n\u0103stirii Slatina ani binecuv\u00eenta\u021bi, iar locuitorilor comunei \u0219i tuturor pelerinilor, g\u00eenduri bune, s\u0103n\u0103tate \u0219i pace sufleteasc\u0103. M\u0103 bucur c\u0103 am putut fi prezent \u0219i la deschiderea Zilelor Comunei, al\u0103turi de o comunitate unit\u0103 \u0219i primitoare\u201d.<\/p>\n<\/div>\n<p>[analyse_source url=&#8221;https:\/\/www.radiotop.ro\/actualitate\/numerosi-credinciosi-la-hramul-manastirii-slatina-prima-ctitorie-a-lui-alexandru-lapusneanu-la-slatina-au-loc-si-zilele-comunei.html&#8221;]<\/p>\n","protected":false},"excerpt":{"rendered":"<p>[analyse_image type=&#8221;featured&#8221; src=&#8221;https:\/\/www.radiotop.ro\/img\/media\/2026\/08\/manastirea-slatina-credinciosi-1.jpg&#8221;] \u00a0 1 of 7 &#8211;+ \u00cen aceast\u0103 diminea\u021b\u0103, vicepre\u0219edin\u021bii Consiliului Jude\u021bean Suceava, Nicolae Robu \u0219i Stelian Simeria, au participat la hramul M\u0103n\u0103stirii Slatina, \u00eenchinat\u0103 Schimb\u0103rii la Fa\u021b\u0103 a Domnului. Ulterior, cei doi au luat parte la deschiderea Zilelor Comunei Slatina. Conform unui comunicat al Consiliului Jude\u021bean, Sf\u00eenta \u0219i Dumnezeiasca Liturghie a fost [&hellip;]<\/p>\n","protected":false},"author":1,"featured_media":0,"comment_status":"open","ping_status":"","sticky":false,"template":"","format":"standard","meta":{"footnotes":""},"categories":[89],"tags":[226,163],"class_list":["post-2082754","post","type-post","status-publish","format-standard","hentry","category-romania","tag-crawlmanager","tag-radiotop-ro"],"_links":{"self":[{"href":"https:\/\/analyse.optim.biz\/index.php?rest_route=\/wp\/v2\/posts\/2082754","targetHints":{"allow":["GET"]}}],"collection":[{"href":"https:\/\/analyse.optim.biz\/index.php?rest_route=\/wp\/v2\/posts"}],"about":[{"href":"https:\/\/analyse.optim.biz\/index.php?rest_route=\/wp\/v2\/types\/post"}],"author":[{"embeddable":true,"href":"https:\/\/analyse.optim.biz\/index.php?rest_route=\/wp\/v2\/users\/1"}],"replies":[{"embeddable":true,"href":"https:\/\/analyse.optim.biz\/index.php?rest_route=%2Fwp%2Fv2%2Fcomments&post=2082754"}],"version-history":[{"count":0,"href":"https:\/\/analyse.optim.biz\/index.php?rest_route=\/wp\/v2\/posts\/2082754\/revisions"}],"wp:attachment":[{"href":"https:\/\/analyse.optim.biz\/index.php?rest_route=%2Fwp%2Fv2%2Fmedia&parent=2082754"}],"wp:term":[{"taxonomy":"category","embeddable":true,"href":"https:\/\/analyse.optim.biz\/index.php?rest_route=%2Fwp%2Fv2%2Fcategories&post=2082754"},{"taxonomy":"post_tag","embeddable":true,"href":"https:\/\/analyse.optim.biz\/index.php?rest_route=%2Fwp%2Fv2%2Ftags&post=2082754"}],"curies":[{"name":"wp","href":"https:\/\/api.w.org\/{rel}","templated":true}]}}