{"id":2082751,"date":"2026-08-06T10:26:15","date_gmt":"2026-08-06T07:26:15","guid":{"rendered":"https:\/\/analyse.optim.biz\/?p=2082751"},"modified":"2026-08-06T10:26:15","modified_gmt":"2026-08-06T07:26:15","slug":"trupa-bucovina-va-deschide-festivalul-medieval-cu-un-concert-la-cetatea-de-scaun-a-sucevei-o-intilnire-intre-istorie-si-metal-acolo-unde-ecoul-veacurilor-se-impleteste-cu-energia-prezentulu","status":"publish","type":"post","link":"https:\/\/analyse.optim.biz\/?p=2082751","title":{"rendered":"Trupa Bucovina va deschide Festivalul Medieval cu un concert la Cetatea de Scaun a Sucevei: \u201dO \u00eent\u00eelnire \u00eentre istorie \u0219i metal, acolo unde ecoul veacurilor se \u00eemplete\u0219te cu energia prezentului\u201d"},"content":{"rendered":"<p>[analyse_image type=&#8221;featured&#8221; src=&#8221;https:\/\/www.radiotop.ro\/img\/media\/2026\/08\/764693675_1043000915152388_5139975767846456689_n.jpg&#8221;]<\/p>\n<div class=\"entry-content no-share\">\n<div class=\"content-inner \">\n<p>Trupa Bucovina va sus\u021bine un concert la Cetatea de Scaun a Sucevei, pe 13 august, de la ora 20.30, \u00een deschiderea Festivalului Medieval \u201d\u0218tefan cel Mare\u201d. Concertul va avea loc \u00een timp ce, \u00een ora\u0219, se va desf\u0103\u0219ura tradi\u021bionala parad\u0103 a trupelor participante la festival.<\/p>\n<p>Organizatorii anun\u021b\u0103 o \u00eent\u00eelnire \u00eentre istorie \u0219i muzica rock, preciz\u00eend: \u201dBucovina urc\u0103 pe zidurile Cet\u0103\u021bii de Scaun. Un concert exploziv. O atmosfer\u0103 electrizant\u0103. O \u00eent\u00eelnire \u00eentre istorie \u0219i metal, acolo unde ecoul veacurilor se \u00eemplete\u0219te cu energia prezentului\u201d.<\/p>\n<p>Festivalul va avea \u0219i elemente noi, dup\u0103 cum a anun\u021bat recent la Radio Top Suceava Emil Ursu, directorul Muzeului Na\u021bional al Bucovinei. Astfel, la Suceava va veni o trup\u0103 din Danemarca, iar videomapping-ul va fi reluat dup\u0103 o pauz\u0103 de trei ani, cauzat\u0103 de lucr\u0103rile \u0219i schelele de la Cetatea de Scaun.<\/p>\n<p>Accesul la concert se va face pe baza biletului de vizitare a Cet\u0103\u021bii de Scaun: 20 de lei pentru adul\u021bi, 10 lei pentru pensionari \u0219i 5 lei pentru elevi \u0219i studen\u021bi.<\/p>\n<p>Organizatorul Festivalului de Art\u0103 Medieval\u0103 \u201d\u0218tefan cel Mare\u201d de la Suceava este Muzeul Na\u021bional al Bucovinei, al\u0103turi de Consiliul Jude\u021bean Suceava, cu sprijinul unor asocia\u021bii partenere.<\/p>\n<\/div>\n<\/div>\n<div class=\"content-inner \">\n<p>Trupa Bucovina va sus\u021bine un concert la Cetatea de Scaun a Sucevei, pe 13 august, de la ora 20.30, \u00een deschiderea Festivalului Medieval \u201d\u0218tefan cel Mare\u201d. Concertul va avea loc \u00een timp ce, \u00een ora\u0219, se va desf\u0103\u0219ura tradi\u021bionala parad\u0103 a trupelor participante la festival.<\/p>\n<p>Organizatorii anun\u021b\u0103 o \u00eent\u00eelnire \u00eentre istorie \u0219i muzica rock, preciz\u00eend: \u201dBucovina urc\u0103 pe zidurile Cet\u0103\u021bii de Scaun. Un concert exploziv. O atmosfer\u0103 electrizant\u0103. O \u00eent\u00eelnire \u00eentre istorie \u0219i metal, acolo unde ecoul veacurilor se \u00eemplete\u0219te cu energia prezentului\u201d.<\/p>\n<p>Festivalul va avea \u0219i elemente noi, dup\u0103 cum a anun\u021bat recent la Radio Top Suceava Emil Ursu, directorul Muzeului Na\u021bional al Bucovinei. Astfel, la Suceava va veni o trup\u0103 din Danemarca, iar videomapping-ul va fi reluat dup\u0103 o pauz\u0103 de trei ani, cauzat\u0103 de lucr\u0103rile \u0219i schelele de la Cetatea de Scaun.<\/p>\n<p>Accesul la concert se va face pe baza biletului de vizitare a Cet\u0103\u021bii de Scaun: 20 de lei pentru adul\u021bi, 10 lei pentru pensionari \u0219i 5 lei pentru elevi \u0219i studen\u021bi.<\/p>\n<p>Organizatorul Festivalului de Art\u0103 Medieval\u0103 \u201d\u0218tefan cel Mare\u201d de la Suceava este Muzeul Na\u021bional al Bucovinei, al\u0103turi de Consiliul Jude\u021bean Suceava, cu sprijinul unor asocia\u021bii partenere.<\/p>\n<\/div>\n<p>[analyse_source url=&#8221;https:\/\/www.radiotop.ro\/actualitate\/trupa-bucovina-va-deschide-festivalul-medieval-cu-un-concert-la-cetatea-de-scaun-a-sucevei-o-intilnire-intre-istorie-si-metal-acolo-unde-ecoul-veacurilor-se-impleteste-cu-energia-prezentulu.html&#8221;]<\/p>\n","protected":false},"excerpt":{"rendered":"<p>[analyse_image type=&#8221;featured&#8221; src=&#8221;https:\/\/www.radiotop.ro\/img\/media\/2026\/08\/764693675_1043000915152388_5139975767846456689_n.jpg&#8221;] Trupa Bucovina va sus\u021bine un concert la Cetatea de Scaun a Sucevei, pe 13 august, de la ora 20.30, \u00een deschiderea Festivalului Medieval \u201d\u0218tefan cel Mare\u201d. Concertul va avea loc \u00een timp ce, \u00een ora\u0219, se va desf\u0103\u0219ura tradi\u021bionala parad\u0103 a trupelor participante la festival. Organizatorii anun\u021b\u0103 o \u00eent\u00eelnire \u00eentre istorie \u0219i [&hellip;]<\/p>\n","protected":false},"author":1,"featured_media":0,"comment_status":"open","ping_status":"","sticky":false,"template":"","format":"standard","meta":{"footnotes":""},"categories":[89],"tags":[226,163],"class_list":["post-2082751","post","type-post","status-publish","format-standard","hentry","category-romania","tag-crawlmanager","tag-radiotop-ro"],"_links":{"self":[{"href":"https:\/\/analyse.optim.biz\/index.php?rest_route=\/wp\/v2\/posts\/2082751","targetHints":{"allow":["GET"]}}],"collection":[{"href":"https:\/\/analyse.optim.biz\/index.php?rest_route=\/wp\/v2\/posts"}],"about":[{"href":"https:\/\/analyse.optim.biz\/index.php?rest_route=\/wp\/v2\/types\/post"}],"author":[{"embeddable":true,"href":"https:\/\/analyse.optim.biz\/index.php?rest_route=\/wp\/v2\/users\/1"}],"replies":[{"embeddable":true,"href":"https:\/\/analyse.optim.biz\/index.php?rest_route=%2Fwp%2Fv2%2Fcomments&post=2082751"}],"version-history":[{"count":0,"href":"https:\/\/analyse.optim.biz\/index.php?rest_route=\/wp\/v2\/posts\/2082751\/revisions"}],"wp:attachment":[{"href":"https:\/\/analyse.optim.biz\/index.php?rest_route=%2Fwp%2Fv2%2Fmedia&parent=2082751"}],"wp:term":[{"taxonomy":"category","embeddable":true,"href":"https:\/\/analyse.optim.biz\/index.php?rest_route=%2Fwp%2Fv2%2Fcategories&post=2082751"},{"taxonomy":"post_tag","embeddable":true,"href":"https:\/\/analyse.optim.biz\/index.php?rest_route=%2Fwp%2Fv2%2Ftags&post=2082751"}],"curies":[{"name":"wp","href":"https:\/\/api.w.org\/{rel}","templated":true}]}}