{"id":2082748,"date":"2026-08-06T09:14:14","date_gmt":"2026-08-06T06:14:14","guid":{"rendered":"https:\/\/analyse.optim.biz\/?p=2082748"},"modified":"2026-08-06T09:14:14","modified_gmt":"2026-08-06T06:14:14","slug":"maestrul-mihai-pinzaru-pim-dupa-expozitia-de-la-sectia-de-boli-infectioase-dincolo-de-masca-am-descoperit-devotiune-si-respect-pentru-oameni","status":"publish","type":"post","link":"https:\/\/analyse.optim.biz\/?p=2082748","title":{"rendered":"Maestrul Mihai P\u00eenzaru \u2013 PIM, dup\u0103 expozi\u021bia de la Sec\u021bia de Boli Infec\u021bioase: \u201dDincolo de masc\u0103\u201d am descoperit devo\u021biune \u0219i respect pentru oameni"},"content":{"rendered":"<p>[analyse_image type=&#8221;featured&#8221; src=&#8221;https:\/\/www.radiotop.ro\/img\/media\/2026\/08\/762893154_1082597107674152_3823696810479833302_n.jpg&#8221;]<\/p>\n<div class=\"entry-content no-share\">\n<div class=\"content-inner \">\n<div class=\"jeg_preview_slider gallery_1\" data-selector=\"gallery_1\">\n<div class=\"jeg_preview_holder\">\n<div class=\"jeg_preview_media\">\n<div class=\"jeg_preview_media_holder\">\n<h3>\u00a0<\/h3>\n<div class=\"jeg_preview_control\">\n<div class=\"left_control\">\n<div class=\"counter\"><span class=\"current\">1<\/span> of  3<\/div>\n<\/div>\n<div class=\"zoom\"><span class=\"reduce\">&#8211;<\/span><span class=\"increase\">+<\/span><\/div>\n<\/div>\n<\/div>\n<\/div>\n<div class=\"jeg_preview_bottom_slider\"><a data-id=\"0\" data-title data-image=\"https:\/\/www.radiotop.ro\/img\/media\/2026\/08\/763758155_809237022215044_2287314022174127719_n.jpg\" href=\"https:\/\/www.radiotop.ro\/img\/media\/2026\/08\/763758155_809237022215044_2287314022174127719_n.jpg\" class=\"jeg_preview_item active\"><\/p>\n<div class=\"jeg_preview_item_thumbnail\"><img loading=\"lazy\" decoding=\"async\" width=\"120\" height=\"86\" src=\"https:\/\/www.radiotop.ro\/img\/media\/2026\/08\/763758155_809237022215044_2287314022174127719_n-120x86.jpg\" class=\"attachment-jnews-120x86 size-jnews-120x86\" alt><\/div>\n<p><\/a><a data-id=\"1\" data-title data-image=\"https:\/\/www.radiotop.ro\/img\/media\/2026\/08\/765917411_824474333989632_8881326899353812342_n.jpg\" href=\"https:\/\/www.radiotop.ro\/img\/media\/2026\/08\/765917411_824474333989632_8881326899353812342_n.jpg\" class=\"jeg_preview_item \"><\/p>\n<div class=\"jeg_preview_item_thumbnail\"><img loading=\"lazy\" decoding=\"async\" width=\"120\" height=\"86\" src=\"https:\/\/www.radiotop.ro\/img\/media\/2026\/08\/765917411_824474333989632_8881326899353812342_n-120x86.jpg\" class=\"attachment-jnews-120x86 size-jnews-120x86\" alt><\/div>\n<p><\/a><a data-id=\"2\" data-title data-image=\"https:\/\/www.radiotop.ro\/img\/media\/2026\/08\/762893154_1082597107674152_3823696810479833302_n.jpg\" href=\"https:\/\/www.radiotop.ro\/img\/media\/2026\/08\/762893154_1082597107674152_3823696810479833302_n.jpg\" class=\"jeg_preview_item \"><\/p>\n<div class=\"jeg_preview_item_thumbnail\"><img loading=\"lazy\" decoding=\"async\" width=\"120\" height=\"86\" src=\"https:\/\/www.radiotop.ro\/img\/media\/2026\/08\/762893154_1082597107674152_3823696810479833302_n-120x86.jpg\" class=\"attachment-jnews-120x86 size-jnews-120x86\" alt><\/div>\n<p><\/a><\/div>\n<\/div>\n<\/div>\n<p>Artistul plastic Mihai P\u00eenzaru \u2013 PIM spune c\u0103 expozi\u021bia \u201dDincolo de masc\u0103\u201d, vernisat\u0103 mar\u021bi, 4 august, la Sec\u021bia de Boli Infec\u021bioase a Spitalului Clinic Jude\u021bean Suceava, \u0219i-a atins scopul: acela de a-i face pe oameni s\u0103 priveasc\u0103 altfel personalul medical.<\/p>\n<p>\u00centr-o interven\u021bie telefonic\u0103 la Radio Top, maestrul a declarat c\u0103 ideea expozi\u021biei a ap\u0103rut dup\u0103 cele aproape trei s\u0103pt\u0103m\u00eeni \u00een care a fost internat \u00een sec\u021bie \u0219i a fost \u00eengrijit de echipa coordonat\u0103 de medicul Monica Terteliu.<\/p>\n<p>A spus Mihai P\u00eenzaru \u2013 PIM: \u201dEu fiind internat, c\u0103 de aici a plecat totul, am fost foarte bine tratat. Din stare de legum\u0103, nu glumesc, am devenit iar\u0103\u0219i un om pe picioarele mele, datorit\u0103 \u0219tiin\u021bei \u0219i colectivului condus de doamna dr. Monica Terteliu. (\u2026) De ce am spus &lt;Dincolo de masc\u0103&gt;? La Sec\u021bia de Boli Infec\u021bioase, absolut to\u021bi, de la infirmier\u0103 p\u00een\u0103 la \u0219efa de sec\u021bie, poart\u0103 permanent masc\u0103. Eu n-am cunoscut oamenii dec\u00eet dup\u0103 ochii lor\u201d.<\/p>\n<p>\u00centrebat ce a descoperit \u00een privirea medicilor \u0219i asisten\u021bilor pe care i-a desenat, artistul a r\u0103spuns: \u201dO devo\u021biune, o disciplin\u0103, un respect extraordinar pentru rostul sec\u021biei, dar \u0219i pentru un respect de sine al fiec\u0103rui om. Drept pentru care am zis: &lt;Domnule, vreau \u0219i eu s\u0103 r\u0103spl\u0103tesc cumva&gt;. Prima r\u0103splat\u0103 adev\u0103rat\u0103 este respectul, recuno\u0219tin\u021ba, pre\u021buirea extraordinar\u0103 pe care le merit\u0103 orice medic\u201d.<\/p>\n<p>Maestrul PIM a mai spus c\u0103 \u00ee\u0219i dore\u0219te s\u0103 realizeze portretele tuturor celor 62 de angaja\u021bi ai Sec\u021biei de Boli Infec\u021bioase. P\u00een\u0103 acum a desenat 25 \u0219i \u00eei a\u0219teapt\u0103 \u0219i pe ceilal\u021bi s\u0103 \u00eei trimit\u0103 fotografii. \u00cen ceea ce prive\u0219te expozi\u021bia de fotografie realizat\u0103 de fiica \u0219i ginerele s\u0103u, aceasta r\u0103m\u00eene expus\u0103 permanent pe holurile sec\u021biei. Potrivit artistului, medicul Monica Terteliu i-a spus c\u0103 imaginile cu Istanbulul \u201daltfel\u201d \u201dau schimbat cumva atmosfera pe holuri \u0219i \u00een saloane, fiind un \u00eendemn la c\u0103l\u0103torie \u0219i la speran\u021b\u0103\u201d.<\/p>\n<p>Expozi\u021bia \u201dCapitol nerostit\u201d a fost organizat\u0103 de Asocia\u021bia Institutul Bucovina, \u00een colaborare cu Sec\u021bia de Boli Infec\u021bioase a Spitalului Clinic Jude\u021bean Suceava, cu prilejul Zilei Mondiale de Lupt\u0103 \u00cempotriva Hepatitei. Evenimentul a reunit expozi\u021bia de grafic\u0103 \u201dDincolo de masc\u0103\u201d, semnat\u0103 de Mihai P\u00eenzaru \u2013 PIM, cu portrete ale medicilor \u0219i asisten\u021bilor din sec\u021bie, precum \u0219i o expozi\u021bie de fotografie realizat\u0103 de Casandra Burz-P\u00eenzaru-Da\u011fli \u0219i Ilker Sam Da\u011fli, fata \u0219i ginerele maestrului PIM, expozi\u021bie care surprinde un Istanbul mai pu\u021bin cunoscut turi\u0219tilor. Expozi\u021bia de fotografie r\u0103m\u00eene expus\u0103 permanent pe holurile Sec\u021biei de Boli Infec\u021bioase.<\/p>\n<\/div>\n<\/div>\n<div class=\"content-inner \">\n<div class=\"jeg_preview_slider gallery_1\" data-selector=\"gallery_1\">\n<div class=\"jeg_preview_holder\">\n<div class=\"jeg_preview_media\">\n<div class=\"jeg_preview_media_holder\">\n<h3>\u00a0<\/h3>\n<div class=\"jeg_preview_control\">\n<div class=\"left_control\">\n<div class=\"counter\"><span class=\"current\">1<\/span> of  3<\/div>\n<\/div>\n<div class=\"zoom\"><span class=\"reduce\">&#8211;<\/span><span class=\"increase\">+<\/span><\/div>\n<\/div>\n<\/div>\n<\/div>\n<div class=\"jeg_preview_bottom_slider\"><a data-id=\"0\" data-title data-image=\"https:\/\/www.radiotop.ro\/img\/media\/2026\/08\/763758155_809237022215044_2287314022174127719_n.jpg\" href=\"https:\/\/www.radiotop.ro\/img\/media\/2026\/08\/763758155_809237022215044_2287314022174127719_n.jpg\" class=\"jeg_preview_item active\"><\/p>\n<div class=\"jeg_preview_item_thumbnail\"><img loading=\"lazy\" decoding=\"async\" width=\"120\" height=\"86\" src=\"https:\/\/www.radiotop.ro\/img\/media\/2026\/08\/763758155_809237022215044_2287314022174127719_n-120x86.jpg\" class=\"attachment-jnews-120x86 size-jnews-120x86\" alt><\/div>\n<p><\/a><a data-id=\"1\" data-title data-image=\"https:\/\/www.radiotop.ro\/img\/media\/2026\/08\/765917411_824474333989632_8881326899353812342_n.jpg\" href=\"https:\/\/www.radiotop.ro\/img\/media\/2026\/08\/765917411_824474333989632_8881326899353812342_n.jpg\" class=\"jeg_preview_item \"><\/p>\n<div class=\"jeg_preview_item_thumbnail\"><img loading=\"lazy\" decoding=\"async\" width=\"120\" height=\"86\" src=\"https:\/\/www.radiotop.ro\/img\/media\/2026\/08\/765917411_824474333989632_8881326899353812342_n-120x86.jpg\" class=\"attachment-jnews-120x86 size-jnews-120x86\" alt><\/div>\n<p><\/a><a data-id=\"2\" data-title data-image=\"https:\/\/www.radiotop.ro\/img\/media\/2026\/08\/762893154_1082597107674152_3823696810479833302_n.jpg\" href=\"https:\/\/www.radiotop.ro\/img\/media\/2026\/08\/762893154_1082597107674152_3823696810479833302_n.jpg\" class=\"jeg_preview_item \"><\/p>\n<div class=\"jeg_preview_item_thumbnail\"><img loading=\"lazy\" decoding=\"async\" width=\"120\" height=\"86\" src=\"https:\/\/www.radiotop.ro\/img\/media\/2026\/08\/762893154_1082597107674152_3823696810479833302_n-120x86.jpg\" class=\"attachment-jnews-120x86 size-jnews-120x86\" alt><\/div>\n<p><\/a><\/div>\n<\/div>\n<\/div>\n<p>Artistul plastic Mihai P\u00eenzaru \u2013 PIM spune c\u0103 expozi\u021bia \u201dDincolo de masc\u0103\u201d, vernisat\u0103 mar\u021bi, 4 august, la Sec\u021bia de Boli Infec\u021bioase a Spitalului Clinic Jude\u021bean Suceava, \u0219i-a atins scopul: acela de a-i face pe oameni s\u0103 priveasc\u0103 altfel personalul medical.<\/p>\n<p>\u00centr-o interven\u021bie telefonic\u0103 la Radio Top, maestrul a declarat c\u0103 ideea expozi\u021biei a ap\u0103rut dup\u0103 cele aproape trei s\u0103pt\u0103m\u00eeni \u00een care a fost internat \u00een sec\u021bie \u0219i a fost \u00eengrijit de echipa coordonat\u0103 de medicul Monica Terteliu.<\/p>\n<p>A spus Mihai P\u00eenzaru \u2013 PIM: \u201dEu fiind internat, c\u0103 de aici a plecat totul, am fost foarte bine tratat. Din stare de legum\u0103, nu glumesc, am devenit iar\u0103\u0219i un om pe picioarele mele, datorit\u0103 \u0219tiin\u021bei \u0219i colectivului condus de doamna dr. Monica Terteliu. (\u2026) De ce am spus &lt;Dincolo de masc\u0103&gt;? La Sec\u021bia de Boli Infec\u021bioase, absolut to\u021bi, de la infirmier\u0103 p\u00een\u0103 la \u0219efa de sec\u021bie, poart\u0103 permanent masc\u0103. Eu n-am cunoscut oamenii dec\u00eet dup\u0103 ochii lor\u201d.<\/p>\n<p>\u00centrebat ce a descoperit \u00een privirea medicilor \u0219i asisten\u021bilor pe care i-a desenat, artistul a r\u0103spuns: \u201dO devo\u021biune, o disciplin\u0103, un respect extraordinar pentru rostul sec\u021biei, dar \u0219i pentru un respect de sine al fiec\u0103rui om. Drept pentru care am zis: &lt;Domnule, vreau \u0219i eu s\u0103 r\u0103spl\u0103tesc cumva&gt;. Prima r\u0103splat\u0103 adev\u0103rat\u0103 este respectul, recuno\u0219tin\u021ba, pre\u021buirea extraordinar\u0103 pe care le merit\u0103 orice medic\u201d.<\/p>\n<p>Maestrul PIM a mai spus c\u0103 \u00ee\u0219i dore\u0219te s\u0103 realizeze portretele tuturor celor 62 de angaja\u021bi ai Sec\u021biei de Boli Infec\u021bioase. P\u00een\u0103 acum a desenat 25 \u0219i \u00eei a\u0219teapt\u0103 \u0219i pe ceilal\u021bi s\u0103 \u00eei trimit\u0103 fotografii. \u00cen ceea ce prive\u0219te expozi\u021bia de fotografie realizat\u0103 de fiica \u0219i ginerele s\u0103u, aceasta r\u0103m\u00eene expus\u0103 permanent pe holurile sec\u021biei. Potrivit artistului, medicul Monica Terteliu i-a spus c\u0103 imaginile cu Istanbulul \u201daltfel\u201d \u201dau schimbat cumva atmosfera pe holuri \u0219i \u00een saloane, fiind un \u00eendemn la c\u0103l\u0103torie \u0219i la speran\u021b\u0103\u201d.<\/p>\n<p>Expozi\u021bia \u201dCapitol nerostit\u201d a fost organizat\u0103 de Asocia\u021bia Institutul Bucovina, \u00een colaborare cu Sec\u021bia de Boli Infec\u021bioase a Spitalului Clinic Jude\u021bean Suceava, cu prilejul Zilei Mondiale de Lupt\u0103 \u00cempotriva Hepatitei. Evenimentul a reunit expozi\u021bia de grafic\u0103 \u201dDincolo de masc\u0103\u201d, semnat\u0103 de Mihai P\u00eenzaru \u2013 PIM, cu portrete ale medicilor \u0219i asisten\u021bilor din sec\u021bie, precum \u0219i o expozi\u021bie de fotografie realizat\u0103 de Casandra Burz-P\u00eenzaru-Da\u011fli \u0219i Ilker Sam Da\u011fli, fata \u0219i ginerele maestrului PIM, expozi\u021bie care surprinde un Istanbul mai pu\u021bin cunoscut turi\u0219tilor. Expozi\u021bia de fotografie r\u0103m\u00eene expus\u0103 permanent pe holurile Sec\u021biei de Boli Infec\u021bioase.<\/p>\n<\/div>\n<p>[analyse_source url=&#8221;https:\/\/www.radiotop.ro\/actualitate\/maestrul-mihai-pinzaru-pim-dupa-expozitia-de-la-sectia-de-boli-infectioase-dincolo-de-masca-am-descoperit-devotiune-si-respect-pentru-oameni.html&#8221;]<\/p>\n","protected":false},"excerpt":{"rendered":"<p>[analyse_image type=&#8221;featured&#8221; src=&#8221;https:\/\/www.radiotop.ro\/img\/media\/2026\/08\/762893154_1082597107674152_3823696810479833302_n.jpg&#8221;] \u00a0 1 of 3 &#8211;+ Artistul plastic Mihai P\u00eenzaru \u2013 PIM spune c\u0103 expozi\u021bia \u201dDincolo de masc\u0103\u201d, vernisat\u0103 mar\u021bi, 4 august, la Sec\u021bia de Boli Infec\u021bioase a Spitalului Clinic Jude\u021bean Suceava, \u0219i-a atins scopul: acela de a-i face pe oameni s\u0103 priveasc\u0103 altfel personalul medical. \u00centr-o interven\u021bie telefonic\u0103 la Radio Top, maestrul [&hellip;]<\/p>\n","protected":false},"author":1,"featured_media":0,"comment_status":"open","ping_status":"","sticky":false,"template":"","format":"standard","meta":{"footnotes":""},"categories":[89],"tags":[226,163],"class_list":["post-2082748","post","type-post","status-publish","format-standard","hentry","category-romania","tag-crawlmanager","tag-radiotop-ro"],"_links":{"self":[{"href":"https:\/\/analyse.optim.biz\/index.php?rest_route=\/wp\/v2\/posts\/2082748","targetHints":{"allow":["GET"]}}],"collection":[{"href":"https:\/\/analyse.optim.biz\/index.php?rest_route=\/wp\/v2\/posts"}],"about":[{"href":"https:\/\/analyse.optim.biz\/index.php?rest_route=\/wp\/v2\/types\/post"}],"author":[{"embeddable":true,"href":"https:\/\/analyse.optim.biz\/index.php?rest_route=\/wp\/v2\/users\/1"}],"replies":[{"embeddable":true,"href":"https:\/\/analyse.optim.biz\/index.php?rest_route=%2Fwp%2Fv2%2Fcomments&post=2082748"}],"version-history":[{"count":0,"href":"https:\/\/analyse.optim.biz\/index.php?rest_route=\/wp\/v2\/posts\/2082748\/revisions"}],"wp:attachment":[{"href":"https:\/\/analyse.optim.biz\/index.php?rest_route=%2Fwp%2Fv2%2Fmedia&parent=2082748"}],"wp:term":[{"taxonomy":"category","embeddable":true,"href":"https:\/\/analyse.optim.biz\/index.php?rest_route=%2Fwp%2Fv2%2Fcategories&post=2082748"},{"taxonomy":"post_tag","embeddable":true,"href":"https:\/\/analyse.optim.biz\/index.php?rest_route=%2Fwp%2Fv2%2Ftags&post=2082748"}],"curies":[{"name":"wp","href":"https:\/\/api.w.org\/{rel}","templated":true}]}}