{"id":208274,"date":"2014-04-05T14:20:20","date_gmt":"2014-04-05T11:20:20","guid":{"rendered":"https:\/\/analyse.optim.biz\/?p=208274"},"modified":"2014-04-05T14:20:20","modified_gmt":"2014-04-05T11:20:20","slug":"crin-antonescu-ii-da-lectii-lui-victor-ponta-plec-din-fruntea-pnl-dar-nu-din-politica-la-sfarsitul-anului-la-cotroceni","status":"publish","type":"post","link":"https:\/\/analyse.optim.biz\/?p=208274","title":{"rendered":"Crin Antonescu \u00eei d\u0103 lec\u0163ii lui Victor Ponta: &#8220;Plec din fruntea PNL, dar nu din politic\u0103, la sf\u00e2r\u015fitul anului, la Cotroceni&#8221;\u00a0"},"content":{"rendered":"<div class=\"entry data-app-meta data-app-meta-article\" data-embed-base-url-canonical=\"https:\/\/www.digi24.ro\/embed\/stiri\/actualitate\/politica\/crin-antonescu-ii-da-lectii-lui-victor-ponta-plec-din-fruntea-pnl-dar-nu-din-politica-la-sfarsitul-anului-la-cotroceni-225003\">\n<p data-index=\"1\">Din Opozi\u0163ie, liberalul <strong>Crin Antonescu<\/strong> cere mai mult\u0103 transparen\u0163\u0103 fostului s\u0103u aliat \u015fi anun\u0163\u0103 c\u0103 va pleca din scaunul de pre\u015fedinte al PNL direct \u00een fotoliul de \u015fef de stat.<\/p>\n<p data-index=\"2\">Cu un candidat PSD \u00eenc\u0103 nestabilit de structurile acestui partid, dar, cu un Victor Ponta care cocheteaz\u0103 cu intrarea \u00een cursa pentru preziden\u0163iale, pre\u015fedintele PNL, Crin Antonescu, a \u00eencercat s\u0103 fac\u0103 o demonstra\u0163ie despre cum ar trebui asumat\u0103 o astfel de sarcin\u0103.<\/p>\n<p data-index=\"3\">\u201eTotul este la noi c\u00e2t se poate de transparent&#8230; trebuie s\u0103 scriem pe Facebook \u015fi s\u0103 vin\u0103 consilierii s\u0103 povesteasc\u0103 ce am vrut s\u0103 spunem pe facebook. Plec din fruntea PNL, l\u0103s\u00e2nd \u00eens\u0103 PNL \u00een fruntea guvernului, nu la guvernare, \u0163in\u00e2nd PNL \u00een deplin\u0103tatea capacit\u0103\u0163ii sale de a face bine pentru Rom\u00e2nia \u015fi pentru rom\u00e2ni plec din PNL, dar nu din politic\u0103, la sf\u00e2r\u015fitul anului la Cotroceni\u201d, a declarat Crin Antonescu.<\/p>\n<p data-index=\"4\">Cu o zi \u00een urm\u0103, <strong>Victor Ponta<\/strong> lansa un mesaj care a pus pe jar clasa politic\u0103.<\/p>\n<p data-index=\"5\">,,\u00cen noiembrie, dup\u0103 ce c\u00e2\u015ftig\u0103m aceast\u0103 ultim\u0103 \u015fi vital\u0103 b\u0103t\u0103lie, m\u0103 voi putea declara mul\u0163umit de ce am realizat! \u015ei atunci \u00eemi doresc s\u0103 las locul \u00een politic\u0103 altora, mai tineri \u015fi mai pu\u0163in marca\u0163i de regimul oribil al ultimilor ani. Iar eu \u00eemi propun s\u0103 recuperez c\u00e2t voi putea de mult din timpul pe care \u00een ultimii 13 ani NU l-am dat familiei \u015fi celorlalte p\u0103r\u0163i bune \u015fi frumoase din via\u0163a mea\u201d, anun\u0163a liderul social-democrat pe un site de socializare.<\/p>\n<\/div>\n<p> Source URL: https:\/\/www.digi24.ro\/stiri\/actualitate\/politica\/crin-antonescu-ii-da-lectii-lui-victor-ponta-plec-din-fruntea-pnl-dar-nu-din-politica-la-sfarsitul-anului-la-cotroceni-225003<\/p>\n","protected":false},"excerpt":{"rendered":"<p>Din Opozi\u0163ie, liberalul Crin Antonescu cere mai mult\u0103 transparen\u0163\u0103 fostului s\u0103u aliat \u015fi anun\u0163\u0103 c\u0103 va pleca din scaunul de pre\u015fedinte al PNL direct \u00een fotoliul de \u015fef de stat. Cu un candidat PSD \u00eenc\u0103 nestabilit de structurile acestui partid, dar, cu un Victor Ponta care cocheteaz\u0103 cu intrarea \u00een cursa pentru preziden\u0163iale, pre\u015fedintele PNL, [&hellip;]<\/p>\n","protected":false},"author":1,"featured_media":208275,"comment_status":"open","ping_status":"","sticky":false,"template":"","format":"standard","meta":{"footnotes":""},"categories":[2],"tags":[11],"class_list":["post-208274","post","type-post","status-publish","format-standard","has-post-thumbnail","hentry","category-politics","tag-digi24"],"_links":{"self":[{"href":"https:\/\/analyse.optim.biz\/index.php?rest_route=\/wp\/v2\/posts\/208274","targetHints":{"allow":["GET"]}}],"collection":[{"href":"https:\/\/analyse.optim.biz\/index.php?rest_route=\/wp\/v2\/posts"}],"about":[{"href":"https:\/\/analyse.optim.biz\/index.php?rest_route=\/wp\/v2\/types\/post"}],"author":[{"embeddable":true,"href":"https:\/\/analyse.optim.biz\/index.php?rest_route=\/wp\/v2\/users\/1"}],"replies":[{"embeddable":true,"href":"https:\/\/analyse.optim.biz\/index.php?rest_route=%2Fwp%2Fv2%2Fcomments&post=208274"}],"version-history":[{"count":0,"href":"https:\/\/analyse.optim.biz\/index.php?rest_route=\/wp\/v2\/posts\/208274\/revisions"}],"wp:featuredmedia":[{"embeddable":true,"href":"https:\/\/analyse.optim.biz\/index.php?rest_route=\/wp\/v2\/media\/208275"}],"wp:attachment":[{"href":"https:\/\/analyse.optim.biz\/index.php?rest_route=%2Fwp%2Fv2%2Fmedia&parent=208274"}],"wp:term":[{"taxonomy":"category","embeddable":true,"href":"https:\/\/analyse.optim.biz\/index.php?rest_route=%2Fwp%2Fv2%2Fcategories&post=208274"},{"taxonomy":"post_tag","embeddable":true,"href":"https:\/\/analyse.optim.biz\/index.php?rest_route=%2Fwp%2Fv2%2Ftags&post=208274"}],"curies":[{"name":"wp","href":"https:\/\/api.w.org\/{rel}","templated":true}]}}