{"id":2082739,"date":"2026-08-06T06:48:30","date_gmt":"2026-08-06T03:48:30","guid":{"rendered":"https:\/\/analyse.optim.biz\/?p=2082739"},"modified":"2026-08-06T06:48:30","modified_gmt":"2026-08-06T03:48:30","slug":"directia-agricola-suceava-le-cere-fermierilor-sa-fie-in-alerta-canicula-si-seceta-cresc-riscul-de-incendii-si-pierderi-in-agricultura","status":"publish","type":"post","link":"https:\/\/analyse.optim.biz\/?p=2082739","title":{"rendered":"Direc\u021bia Agricol\u0103 Suceava le cere fermierilor s\u0103 fie \u00een alert\u0103: canicula \u0219i seceta cresc riscul de incendii \u0219i pierderi \u00een agricultur\u0103"},"content":{"rendered":"<p>[analyse_image type=&#8221;featured&#8221; src=&#8221;https:\/\/www.radiotop.ro\/img\/media\/2026\/08\/763318700_917104788140337_8416287316135796273_n.jpg&#8221;]<\/p>\n<div class=\"entry-content no-share\">\n<div class=\"content-inner \">\n<div class=\"jeg_preview_slider gallery_1\" data-selector=\"gallery_1\">\n<div class=\"jeg_preview_holder\">\n<div class=\"jeg_preview_media\">\n<div class=\"jeg_preview_media_holder\">\n<h3>\u00a0<\/h3>\n<div class=\"jeg_preview_control\">\n<div class=\"left_control\">\n<div class=\"counter\"><span class=\"current\">1<\/span> of  2<\/div>\n<\/div>\n<div class=\"zoom\"><span class=\"reduce\">&#8211;<\/span><span class=\"increase\">+<\/span><\/div>\n<\/div>\n<\/div>\n<\/div>\n<div class=\"jeg_preview_bottom_slider\"><a data-id=\"0\" data-title data-image=\"https:\/\/www.radiotop.ro\/img\/media\/2026\/08\/766052788_1702066160901457_9183734109080481080_n.jpg\" href=\"https:\/\/www.radiotop.ro\/img\/media\/2026\/08\/766052788_1702066160901457_9183734109080481080_n.jpg\" class=\"jeg_preview_item active\"><\/p>\n<div class=\"jeg_preview_item_thumbnail\"><img loading=\"lazy\" decoding=\"async\" width=\"120\" height=\"86\" src=\"https:\/\/www.radiotop.ro\/img\/media\/2026\/08\/766052788_1702066160901457_9183734109080481080_n-120x86.jpg\" class=\"attachment-jnews-120x86 size-jnews-120x86\" alt><\/div>\n<p><\/a><a data-id=\"1\" data-title data-image=\"https:\/\/www.radiotop.ro\/img\/media\/2026\/08\/763318700_917104788140337_8416287316135796273_n.jpg\" href=\"https:\/\/www.radiotop.ro\/img\/media\/2026\/08\/763318700_917104788140337_8416287316135796273_n.jpg\" class=\"jeg_preview_item \"><\/p>\n<div class=\"jeg_preview_item_thumbnail\"><img loading=\"lazy\" decoding=\"async\" width=\"120\" height=\"86\" src=\"https:\/\/www.radiotop.ro\/img\/media\/2026\/08\/763318700_917104788140337_8416287316135796273_n-120x86.jpg\" class=\"attachment-jnews-120x86 size-jnews-120x86\" alt><\/div>\n<p><\/a><\/div>\n<\/div>\n<\/div>\n<p>Direc\u021bia pentru Agricultur\u0103 Jude\u021bean\u0103 Suceava face apel la fermieri \u0219i produc\u0103torii agricoli din jude\u021b s\u0103 ia m\u0103suri pentru limitarea efectelor temperaturilor extreme, \u00een contextul sezonului cald \u0219i al riscurilor generate de canicul\u0103 \u0219i secet\u0103.<\/p>\n<p>Institu\u021bia anun\u021b\u0103 c\u0103 se al\u0103tur\u0103 demersului coordonat la nivel jude\u021bean, \u00een baza Planului de m\u0103suri aprobat de Comitetul Jude\u021bean pentru Situa\u021bii de Urgen\u021b\u0103 Suceava, pentru prevenirea \u0219i reducerea situa\u021biilor de urgen\u021b\u0103 specifice acestei perioade.<\/p>\n<p>Reprezentan\u021bii Direc\u021biei pentru Agricultur\u0103 atrag aten\u021bia c\u0103 temperaturile ridicate, seceta pedologic\u0103, diminuarea resurselor de ap\u0103 \u0219i incendiile de vegeta\u021bie sau de miri\u0219ti pot produce pagube importante \u00een agricultur\u0103 \u0219i pot afecta comunit\u0103\u021bile rurale.<\/p>\n<p>\u00cen acest context, fermierii s\u00eent \u00eendemna\u021bi s\u0103 protejeze culturile agricole, s\u0103 utilizeze ra\u021bional resursele de ap\u0103, s\u0103 respecte m\u0103surile de prevenire a incendiilor \u0219i s\u0103 urm\u0103reasc\u0103 permanent avertiz\u0103rile \u0219i inform\u0103rile transmise de autorit\u0103\u021bi.<\/p>\n<p>Potrivit Direc\u021biei pentru Agricultur\u0103 Jude\u021bean\u0103 Suceava, \u201dresponsabilitatea, informarea corect\u0103 \u0219i interven\u021bia la timp pot limita pierderile \u0219i pot proteja at\u00eet munca fermierilor, c\u00eet \u0219i siguran\u021ba comunit\u0103\u021bilor locale\u201d.<\/p>\n<p>Mesajul face parte din campania na\u021bional\u0103 \u201dFii preg\u0103tit\u201d, prin care autorit\u0103\u021bile \u00eei informeaz\u0103 pe cet\u0103\u021beni asupra m\u0103surilor ce trebuie luate \u00een situa\u021bii de risc generate de fenomenele meteo extreme.<\/p>\n<\/div>\n<\/div>\n<div class=\"content-inner \">\n<div class=\"jeg_preview_slider gallery_1\" data-selector=\"gallery_1\">\n<div class=\"jeg_preview_holder\">\n<div class=\"jeg_preview_media\">\n<div class=\"jeg_preview_media_holder\">\n<h3>\u00a0<\/h3>\n<div class=\"jeg_preview_control\">\n<div class=\"left_control\">\n<div class=\"counter\"><span class=\"current\">1<\/span> of  2<\/div>\n<\/div>\n<div class=\"zoom\"><span class=\"reduce\">&#8211;<\/span><span class=\"increase\">+<\/span><\/div>\n<\/div>\n<\/div>\n<\/div>\n<div class=\"jeg_preview_bottom_slider\"><a data-id=\"0\" data-title data-image=\"https:\/\/www.radiotop.ro\/img\/media\/2026\/08\/766052788_1702066160901457_9183734109080481080_n.jpg\" href=\"https:\/\/www.radiotop.ro\/img\/media\/2026\/08\/766052788_1702066160901457_9183734109080481080_n.jpg\" class=\"jeg_preview_item active\"><\/p>\n<div class=\"jeg_preview_item_thumbnail\"><img loading=\"lazy\" decoding=\"async\" width=\"120\" height=\"86\" src=\"https:\/\/www.radiotop.ro\/img\/media\/2026\/08\/766052788_1702066160901457_9183734109080481080_n-120x86.jpg\" class=\"attachment-jnews-120x86 size-jnews-120x86\" alt><\/div>\n<p><\/a><a data-id=\"1\" data-title data-image=\"https:\/\/www.radiotop.ro\/img\/media\/2026\/08\/763318700_917104788140337_8416287316135796273_n.jpg\" href=\"https:\/\/www.radiotop.ro\/img\/media\/2026\/08\/763318700_917104788140337_8416287316135796273_n.jpg\" class=\"jeg_preview_item \"><\/p>\n<div class=\"jeg_preview_item_thumbnail\"><img loading=\"lazy\" decoding=\"async\" width=\"120\" height=\"86\" src=\"https:\/\/www.radiotop.ro\/img\/media\/2026\/08\/763318700_917104788140337_8416287316135796273_n-120x86.jpg\" class=\"attachment-jnews-120x86 size-jnews-120x86\" alt><\/div>\n<p><\/a><\/div>\n<\/div>\n<\/div>\n<p>Direc\u021bia pentru Agricultur\u0103 Jude\u021bean\u0103 Suceava face apel la fermieri \u0219i produc\u0103torii agricoli din jude\u021b s\u0103 ia m\u0103suri pentru limitarea efectelor temperaturilor extreme, \u00een contextul sezonului cald \u0219i al riscurilor generate de canicul\u0103 \u0219i secet\u0103.<\/p>\n<p>Institu\u021bia anun\u021b\u0103 c\u0103 se al\u0103tur\u0103 demersului coordonat la nivel jude\u021bean, \u00een baza Planului de m\u0103suri aprobat de Comitetul Jude\u021bean pentru Situa\u021bii de Urgen\u021b\u0103 Suceava, pentru prevenirea \u0219i reducerea situa\u021biilor de urgen\u021b\u0103 specifice acestei perioade.<\/p>\n<p>Reprezentan\u021bii Direc\u021biei pentru Agricultur\u0103 atrag aten\u021bia c\u0103 temperaturile ridicate, seceta pedologic\u0103, diminuarea resurselor de ap\u0103 \u0219i incendiile de vegeta\u021bie sau de miri\u0219ti pot produce pagube importante \u00een agricultur\u0103 \u0219i pot afecta comunit\u0103\u021bile rurale.<\/p>\n<p>\u00cen acest context, fermierii s\u00eent \u00eendemna\u021bi s\u0103 protejeze culturile agricole, s\u0103 utilizeze ra\u021bional resursele de ap\u0103, s\u0103 respecte m\u0103surile de prevenire a incendiilor \u0219i s\u0103 urm\u0103reasc\u0103 permanent avertiz\u0103rile \u0219i inform\u0103rile transmise de autorit\u0103\u021bi.<\/p>\n<p>Potrivit Direc\u021biei pentru Agricultur\u0103 Jude\u021bean\u0103 Suceava, \u201dresponsabilitatea, informarea corect\u0103 \u0219i interven\u021bia la timp pot limita pierderile \u0219i pot proteja at\u00eet munca fermierilor, c\u00eet \u0219i siguran\u021ba comunit\u0103\u021bilor locale\u201d.<\/p>\n<p>Mesajul face parte din campania na\u021bional\u0103 \u201dFii preg\u0103tit\u201d, prin care autorit\u0103\u021bile \u00eei informeaz\u0103 pe cet\u0103\u021beni asupra m\u0103surilor ce trebuie luate \u00een situa\u021bii de risc generate de fenomenele meteo extreme.<\/p>\n<\/div>\n<p>[analyse_source url=&#8221;https:\/\/www.radiotop.ro\/actualitate\/directia-agricola-suceava-le-cere-fermierilor-sa-fie-in-alerta-canicula-si-seceta-cresc-riscul-de-incendii-si-pierderi-in-agricultura.html&#8221;]<\/p>\n","protected":false},"excerpt":{"rendered":"<p>[analyse_image type=&#8221;featured&#8221; src=&#8221;https:\/\/www.radiotop.ro\/img\/media\/2026\/08\/763318700_917104788140337_8416287316135796273_n.jpg&#8221;] \u00a0 1 of 2 &#8211;+ Direc\u021bia pentru Agricultur\u0103 Jude\u021bean\u0103 Suceava face apel la fermieri \u0219i produc\u0103torii agricoli din jude\u021b s\u0103 ia m\u0103suri pentru limitarea efectelor temperaturilor extreme, \u00een contextul sezonului cald \u0219i al riscurilor generate de canicul\u0103 \u0219i secet\u0103. Institu\u021bia anun\u021b\u0103 c\u0103 se al\u0103tur\u0103 demersului coordonat la nivel jude\u021bean, \u00een baza Planului [&hellip;]<\/p>\n","protected":false},"author":1,"featured_media":0,"comment_status":"open","ping_status":"","sticky":false,"template":"","format":"standard","meta":{"footnotes":""},"categories":[89],"tags":[226,163],"class_list":["post-2082739","post","type-post","status-publish","format-standard","hentry","category-romania","tag-crawlmanager","tag-radiotop-ro"],"_links":{"self":[{"href":"https:\/\/analyse.optim.biz\/index.php?rest_route=\/wp\/v2\/posts\/2082739","targetHints":{"allow":["GET"]}}],"collection":[{"href":"https:\/\/analyse.optim.biz\/index.php?rest_route=\/wp\/v2\/posts"}],"about":[{"href":"https:\/\/analyse.optim.biz\/index.php?rest_route=\/wp\/v2\/types\/post"}],"author":[{"embeddable":true,"href":"https:\/\/analyse.optim.biz\/index.php?rest_route=\/wp\/v2\/users\/1"}],"replies":[{"embeddable":true,"href":"https:\/\/analyse.optim.biz\/index.php?rest_route=%2Fwp%2Fv2%2Fcomments&post=2082739"}],"version-history":[{"count":0,"href":"https:\/\/analyse.optim.biz\/index.php?rest_route=\/wp\/v2\/posts\/2082739\/revisions"}],"wp:attachment":[{"href":"https:\/\/analyse.optim.biz\/index.php?rest_route=%2Fwp%2Fv2%2Fmedia&parent=2082739"}],"wp:term":[{"taxonomy":"category","embeddable":true,"href":"https:\/\/analyse.optim.biz\/index.php?rest_route=%2Fwp%2Fv2%2Fcategories&post=2082739"},{"taxonomy":"post_tag","embeddable":true,"href":"https:\/\/analyse.optim.biz\/index.php?rest_route=%2Fwp%2Fv2%2Ftags&post=2082739"}],"curies":[{"name":"wp","href":"https:\/\/api.w.org\/{rel}","templated":true}]}}