{"id":2082735,"date":"2026-08-05T14:41:02","date_gmt":"2026-08-05T11:41:02","guid":{"rendered":"https:\/\/analyse.optim.biz\/?p=2082735"},"modified":"2026-08-05T14:41:02","modified_gmt":"2026-08-05T11:41:02","slug":"apa-rece-va-fi-intrerupta-in-cartierul-sucevean-zamca-de-pe-12-pina-pe-13-august","status":"publish","type":"post","link":"https:\/\/analyse.optim.biz\/?p=2082735","title":{"rendered":"Apa rece va fi \u00eentrerupt\u0103 \u00een cartierul sucevean Zamca de pe 12 p\u00een\u0103 pe 13 august"},"content":{"rendered":"<p>[analyse_image type=&#8221;featured&#8221; src=&#8221;https:\/\/www.radiotop.ro\/img\/media\/2026\/07\/acet-sediu.jpg&#8221;]<\/p>\n<div class=\"entry-content no-share\">\n<div class=\"content-inner \">\n<p>ACET S.A. Suceava informeaz\u0103 c\u0103 de pe 12 august, de la ora 09.00, \u0219i p\u00een\u0103 pe 13 august, la aceea\u0219i or\u0103, va \u00eentrerupe furnizare apei reci \u00een cartierul Zamca. \u00centreruperea se va efectura \u00een vederea execut\u0103rii unor lucr\u0103ri de cuplare \u0219i modificare a instala\u021biilor de alimentare cu ap\u0103 potabil\u0103, realizate \u00een cadrul proiectului de dezvoltare \u0219i modernizare a infrastructurii de ap\u0103.<\/p>\n<p>Nu vor avea ap\u0103 rece sucevenii de pe urm\u0103toarele str\u0103zi: Narciselor, Vi\u0219inilor, Stejarului, Octav B\u0103ncil\u0103, Teodor Neculu\u021b\u0103, Ion Neculce, \u00a0Dionisie Par\u0103, Z\u0103mcii, Ilie Ila\u0219cu, Grigore Ureche, Dimitrie Cantemir, \u00a0Nicolae Costin, Cire\u0219oaia \u0219i I.G. Sbiera.<\/p>\n<\/div>\n<\/div>\n<div class=\"content-inner \">\n<p>ACET S.A. Suceava informeaz\u0103 c\u0103 de pe 12 august, de la ora 09.00, \u0219i p\u00een\u0103 pe 13 august, la aceea\u0219i or\u0103, va \u00eentrerupe furnizare apei reci \u00een cartierul Zamca. \u00centreruperea se va efectura \u00een vederea execut\u0103rii unor lucr\u0103ri de cuplare \u0219i modificare a instala\u021biilor de alimentare cu ap\u0103 potabil\u0103, realizate \u00een cadrul proiectului de dezvoltare \u0219i modernizare a infrastructurii de ap\u0103.<\/p>\n<p>Nu vor avea ap\u0103 rece sucevenii de pe urm\u0103toarele str\u0103zi: Narciselor, Vi\u0219inilor, Stejarului, Octav B\u0103ncil\u0103, Teodor Neculu\u021b\u0103, Ion Neculce, \u00a0Dionisie Par\u0103, Z\u0103mcii, Ilie Ila\u0219cu, Grigore Ureche, Dimitrie Cantemir, \u00a0Nicolae Costin, Cire\u0219oaia \u0219i I.G. Sbiera.<\/p>\n<\/div>\n<p>[analyse_source url=&#8221;https:\/\/www.radiotop.ro\/actualitate\/apa-rece-va-fi-intrerupta-in-cartierul-sucevean-zamca-de-pe-12-pina-pe-13-august.html&#8221;]<\/p>\n","protected":false},"excerpt":{"rendered":"<p>[analyse_image type=&#8221;featured&#8221; src=&#8221;https:\/\/www.radiotop.ro\/img\/media\/2026\/07\/acet-sediu.jpg&#8221;] ACET S.A. Suceava informeaz\u0103 c\u0103 de pe 12 august, de la ora 09.00, \u0219i p\u00een\u0103 pe 13 august, la aceea\u0219i or\u0103, va \u00eentrerupe furnizare apei reci \u00een cartierul Zamca. \u00centreruperea se va efectura \u00een vederea execut\u0103rii unor lucr\u0103ri de cuplare \u0219i modificare a instala\u021biilor de alimentare cu ap\u0103 potabil\u0103, realizate \u00een cadrul [&hellip;]<\/p>\n","protected":false},"author":1,"featured_media":0,"comment_status":"open","ping_status":"","sticky":false,"template":"","format":"standard","meta":{"footnotes":""},"categories":[89],"tags":[226,163],"class_list":["post-2082735","post","type-post","status-publish","format-standard","hentry","category-romania","tag-crawlmanager","tag-radiotop-ro"],"_links":{"self":[{"href":"https:\/\/analyse.optim.biz\/index.php?rest_route=\/wp\/v2\/posts\/2082735","targetHints":{"allow":["GET"]}}],"collection":[{"href":"https:\/\/analyse.optim.biz\/index.php?rest_route=\/wp\/v2\/posts"}],"about":[{"href":"https:\/\/analyse.optim.biz\/index.php?rest_route=\/wp\/v2\/types\/post"}],"author":[{"embeddable":true,"href":"https:\/\/analyse.optim.biz\/index.php?rest_route=\/wp\/v2\/users\/1"}],"replies":[{"embeddable":true,"href":"https:\/\/analyse.optim.biz\/index.php?rest_route=%2Fwp%2Fv2%2Fcomments&post=2082735"}],"version-history":[{"count":0,"href":"https:\/\/analyse.optim.biz\/index.php?rest_route=\/wp\/v2\/posts\/2082735\/revisions"}],"wp:attachment":[{"href":"https:\/\/analyse.optim.biz\/index.php?rest_route=%2Fwp%2Fv2%2Fmedia&parent=2082735"}],"wp:term":[{"taxonomy":"category","embeddable":true,"href":"https:\/\/analyse.optim.biz\/index.php?rest_route=%2Fwp%2Fv2%2Fcategories&post=2082735"},{"taxonomy":"post_tag","embeddable":true,"href":"https:\/\/analyse.optim.biz\/index.php?rest_route=%2Fwp%2Fv2%2Ftags&post=2082735"}],"curies":[{"name":"wp","href":"https:\/\/api.w.org\/{rel}","templated":true}]}}