{"id":2082732,"date":"2026-08-05T13:03:32","date_gmt":"2026-08-05T10:03:32","guid":{"rendered":"https:\/\/analyse.optim.biz\/?p=2082732"},"modified":"2026-08-05T13:03:32","modified_gmt":"2026-08-05T10:03:32","slug":"barbat-de-44-de-ani-din-radauti-arestat-pentru-30-de-zile-pentru-ca-printre-altele-ar-fi-violat-minori","status":"publish","type":"post","link":"https:\/\/analyse.optim.biz\/?p=2082732","title":{"rendered":"B\u0103rbat de 44 de ani, din R\u0103d\u0103u\u021bi, arestat pentru 30 de zile, pentru c\u0103, printre altele, ar fi violat minori"},"content":{"rendered":"<p>[analyse_image type=&#8221;featured&#8221; src=&#8221;https:\/\/www.radiotop.ro\/img\/media\/2025\/03\/politia-usa-masina.jpg&#8221;]<\/p>\n<div class=\"entry-content no-share\">\n<div class=\"content-inner \">\n<p>Poli\u021bi\u0219tii Brig\u0103zii de Combatere a Criminalit\u0103\u021bii Organizate Suceava, \u00eempreun\u0103 cu procurorii Direc\u021biei de Investigare a Infrac\u021biunilor de Criminalitate Organizat\u0103 \u0219i Terorism \u2013 Serviciul Teritorial Suceava, au documentat activitatea infrac\u021bional\u0103 a unui b\u0103rbat, de 44 de ani, cercetat pentru s\u0103v\u00eer\u0219irea mai multor infrac\u021biuni. Respectivul este acuzat de agresiunea sexual\u0103 s\u0103v\u00eer\u0219it\u0103 asupra unui minor, pornografie infantil\u0103, trafic de minori, viol s\u0103v\u00eer\u0219it asupra unui minor \u0219i determinarea sau \u00eenlesnirea \u00eentre\u021binerii de acte sexuale sau de natur\u0103 sexual\u0103 \u00eentre minori.<\/p>\n<p>Din probele administrate a reie\u0219it faptul c\u0103, \u00een perioada iunie 2026 \u2013 iulie 2026, la diferite date, profit\u00eend de imposibilitatea de a se ap\u0103ra sau de a-\u0219i exprima voin\u021ba, dar \u0219i de starea de v\u0103dit\u0103 vulnerabilitate a patru victime minore, cu v\u00eerste \u00eentre 5 \u0219i 16 ani, le-ar fi obligat la manifest\u0103ri pornografice \u00een vederea producerii \u015fi difuz\u0103rii de astfel de materiale, context \u00een care ar fi produs, ar fi de\u021binut \u0219i stocat cu ajutorul telefonului mobil materiale pornografice cu minori.<\/p>\n<p>Conform purt\u0103torului de cuv\u00eent al Inspectoratului Jude\u021bean de Poli\u021bie Suceava, comisarul \u0219ef Ionu\u021b Epureanu, \u00een acela\u0219i interval de timp, abuz\u00eend de pozi\u021bia recunoscut\u0103 de \u00eencredere sau de autoritate asupra a cinci victime minore, cu v\u00eerste de 5, 7, 10, 15\u00a0 \u0219i 16 ani, dar \u0219i de situa\u0163ia de v\u0103dit\u0103 vulnerabilitate a acestora -familii dezorganizate \u0219i situa\u021bie material\u0103 precar\u0103, cel \u00een cauz\u0103 ar fi \u00eentre\u021binut acte sexuale cu acestea.<\/p>\n<p>Cercet\u0103rile au stabilit \u0219i faptul c\u0103, \u00een luna iulie 2026, b\u0103rbatul ar fi determinat dou\u0103 persoane v\u0103t\u0103mate minore, cu v\u00eerste de 5 \u0219i 7 ani, membre ale aceleia\u0219i familii, fra\u021bi, s\u0103 comit\u0103 \u00eentre ei acte de natur\u0103 sexual\u0103. Totodat\u0103, acesta ar fi \u00eenregistrat cu telefonul mobil ac\u021biunile victimelor.<\/p>\n<p>Actele de urm\u0103rire penal\u0103 au ar\u0103tat \u0219i faptul c\u0103, pe parcursul lunii iunie 2026, \u00een mod repetat, ar fi atins cu m\u00eeinile \u00een zonele intime o persoan\u0103 v\u0103t\u0103mat\u0103 de 8 ani.<\/p>\n<p>Pe parcursul perchezi\u021biei domiciliare efectuate la locuin\u021ba acestuia, \u00een municipiul R\u0103d\u0103u\u021bi, au fost descoperite \u0219i ridicate dispozitive de stocare a datelor. Pe 3 august 2026, procurorii Direc\u021biei de Investigare a Infrac\u021biunilor de Criminalitate Organizat\u0103 \u0219i Terorism \u2013 Serviciul Teritorial Suceava au dispus re\u021binerea b\u0103rbatului de 44 de ani. Pe 4 august, judec\u0103torul de drepturi \u015fi libert\u0103\u0163i din cadrul Tribunalului Suceava a dispus arestarea preventiv\u0103 a acestuia pentru 30 de zile.<\/p>\n<p>Ac\u021biunea a beneficiat de sprijinul poli\u021bi\u0219tilor Inspectoratului de Poli\u021bie Jude\u021bean Suceava \u0219i jandarmilor Inspectoratului de Jandarmi Jude\u021bean Suceava.<\/p>\n<p>Poli\u021bia precizeaz\u0103 c\u0103, \u201dpe parcursul \u00eentregului proces penal, persoanele cercetate beneficiaz\u0103 de drepturile \u0219i garan\u021biile procesuale prev\u0103zute de Codul de procedur\u0103 penal\u0103, precum \u0219i de prezum\u021bia de nevinov\u0103\u021bie\u201d.<\/p>\n<\/div>\n<\/div>\n<div class=\"content-inner \">\n<p>Poli\u021bi\u0219tii Brig\u0103zii de Combatere a Criminalit\u0103\u021bii Organizate Suceava, \u00eempreun\u0103 cu procurorii Direc\u021biei de Investigare a Infrac\u021biunilor de Criminalitate Organizat\u0103 \u0219i Terorism \u2013 Serviciul Teritorial Suceava, au documentat activitatea infrac\u021bional\u0103 a unui b\u0103rbat, de 44 de ani, cercetat pentru s\u0103v\u00eer\u0219irea mai multor infrac\u021biuni. Respectivul este acuzat de agresiunea sexual\u0103 s\u0103v\u00eer\u0219it\u0103 asupra unui minor, pornografie infantil\u0103, trafic de minori, viol s\u0103v\u00eer\u0219it asupra unui minor \u0219i determinarea sau \u00eenlesnirea \u00eentre\u021binerii de acte sexuale sau de natur\u0103 sexual\u0103 \u00eentre minori.<\/p>\n<p>Din probele administrate a reie\u0219it faptul c\u0103, \u00een perioada iunie 2026 \u2013 iulie 2026, la diferite date, profit\u00eend de imposibilitatea de a se ap\u0103ra sau de a-\u0219i exprima voin\u021ba, dar \u0219i de starea de v\u0103dit\u0103 vulnerabilitate a patru victime minore, cu v\u00eerste \u00eentre 5 \u0219i 16 ani, le-ar fi obligat la manifest\u0103ri pornografice \u00een vederea producerii \u015fi difuz\u0103rii de astfel de materiale, context \u00een care ar fi produs, ar fi de\u021binut \u0219i stocat cu ajutorul telefonului mobil materiale pornografice cu minori.<\/p>\n<p>Conform purt\u0103torului de cuv\u00eent al Inspectoratului Jude\u021bean de Poli\u021bie Suceava, comisarul \u0219ef Ionu\u021b Epureanu, \u00een acela\u0219i interval de timp, abuz\u00eend de pozi\u021bia recunoscut\u0103 de \u00eencredere sau de autoritate asupra a cinci victime minore, cu v\u00eerste de 5, 7, 10, 15\u00a0 \u0219i 16 ani, dar \u0219i de situa\u0163ia de v\u0103dit\u0103 vulnerabilitate a acestora -familii dezorganizate \u0219i situa\u021bie material\u0103 precar\u0103, cel \u00een cauz\u0103 ar fi \u00eentre\u021binut acte sexuale cu acestea.<\/p>\n<p>Cercet\u0103rile au stabilit \u0219i faptul c\u0103, \u00een luna iulie 2026, b\u0103rbatul ar fi determinat dou\u0103 persoane v\u0103t\u0103mate minore, cu v\u00eerste de 5 \u0219i 7 ani, membre ale aceleia\u0219i familii, fra\u021bi, s\u0103 comit\u0103 \u00eentre ei acte de natur\u0103 sexual\u0103. Totodat\u0103, acesta ar fi \u00eenregistrat cu telefonul mobil ac\u021biunile victimelor.<\/p>\n<p>Actele de urm\u0103rire penal\u0103 au ar\u0103tat \u0219i faptul c\u0103, pe parcursul lunii iunie 2026, \u00een mod repetat, ar fi atins cu m\u00eeinile \u00een zonele intime o persoan\u0103 v\u0103t\u0103mat\u0103 de 8 ani.<\/p>\n<p>Pe parcursul perchezi\u021biei domiciliare efectuate la locuin\u021ba acestuia, \u00een municipiul R\u0103d\u0103u\u021bi, au fost descoperite \u0219i ridicate dispozitive de stocare a datelor. Pe 3 august 2026, procurorii Direc\u021biei de Investigare a Infrac\u021biunilor de Criminalitate Organizat\u0103 \u0219i Terorism \u2013 Serviciul Teritorial Suceava au dispus re\u021binerea b\u0103rbatului de 44 de ani. Pe 4 august, judec\u0103torul de drepturi \u015fi libert\u0103\u0163i din cadrul Tribunalului Suceava a dispus arestarea preventiv\u0103 a acestuia pentru 30 de zile.<\/p>\n<p>Ac\u021biunea a beneficiat de sprijinul poli\u021bi\u0219tilor Inspectoratului de Poli\u021bie Jude\u021bean Suceava \u0219i jandarmilor Inspectoratului de Jandarmi Jude\u021bean Suceava.<\/p>\n<p>Poli\u021bia precizeaz\u0103 c\u0103, \u201dpe parcursul \u00eentregului proces penal, persoanele cercetate beneficiaz\u0103 de drepturile \u0219i garan\u021biile procesuale prev\u0103zute de Codul de procedur\u0103 penal\u0103, precum \u0219i de prezum\u021bia de nevinov\u0103\u021bie\u201d.<\/p>\n<\/div>\n<p>[analyse_source url=&#8221;https:\/\/www.radiotop.ro\/actualitate\/barbat-de-44-de-ani-din-radauti-arestat-pentru-30-de-zile-pentru-ca-printre-altele-ar-fi-violat-minori.html&#8221;]<\/p>\n","protected":false},"excerpt":{"rendered":"<p>[analyse_image type=&#8221;featured&#8221; src=&#8221;https:\/\/www.radiotop.ro\/img\/media\/2025\/03\/politia-usa-masina.jpg&#8221;] Poli\u021bi\u0219tii Brig\u0103zii de Combatere a Criminalit\u0103\u021bii Organizate Suceava, \u00eempreun\u0103 cu procurorii Direc\u021biei de Investigare a Infrac\u021biunilor de Criminalitate Organizat\u0103 \u0219i Terorism \u2013 Serviciul Teritorial Suceava, au documentat activitatea infrac\u021bional\u0103 a unui b\u0103rbat, de 44 de ani, cercetat pentru s\u0103v\u00eer\u0219irea mai multor infrac\u021biuni. Respectivul este acuzat de agresiunea sexual\u0103 s\u0103v\u00eer\u0219it\u0103 asupra unui minor, [&hellip;]<\/p>\n","protected":false},"author":1,"featured_media":0,"comment_status":"open","ping_status":"","sticky":false,"template":"","format":"standard","meta":{"footnotes":""},"categories":[89],"tags":[226,163],"class_list":["post-2082732","post","type-post","status-publish","format-standard","hentry","category-romania","tag-crawlmanager","tag-radiotop-ro"],"_links":{"self":[{"href":"https:\/\/analyse.optim.biz\/index.php?rest_route=\/wp\/v2\/posts\/2082732","targetHints":{"allow":["GET"]}}],"collection":[{"href":"https:\/\/analyse.optim.biz\/index.php?rest_route=\/wp\/v2\/posts"}],"about":[{"href":"https:\/\/analyse.optim.biz\/index.php?rest_route=\/wp\/v2\/types\/post"}],"author":[{"embeddable":true,"href":"https:\/\/analyse.optim.biz\/index.php?rest_route=\/wp\/v2\/users\/1"}],"replies":[{"embeddable":true,"href":"https:\/\/analyse.optim.biz\/index.php?rest_route=%2Fwp%2Fv2%2Fcomments&post=2082732"}],"version-history":[{"count":0,"href":"https:\/\/analyse.optim.biz\/index.php?rest_route=\/wp\/v2\/posts\/2082732\/revisions"}],"wp:attachment":[{"href":"https:\/\/analyse.optim.biz\/index.php?rest_route=%2Fwp%2Fv2%2Fmedia&parent=2082732"}],"wp:term":[{"taxonomy":"category","embeddable":true,"href":"https:\/\/analyse.optim.biz\/index.php?rest_route=%2Fwp%2Fv2%2Fcategories&post=2082732"},{"taxonomy":"post_tag","embeddable":true,"href":"https:\/\/analyse.optim.biz\/index.php?rest_route=%2Fwp%2Fv2%2Ftags&post=2082732"}],"curies":[{"name":"wp","href":"https:\/\/api.w.org\/{rel}","templated":true}]}}