{"id":2082729,"date":"2026-08-07T07:08:18","date_gmt":"2026-08-07T04:08:18","guid":{"rendered":"https:\/\/analyse.optim.biz\/?p=2082729"},"modified":"2026-08-07T07:08:18","modified_gmt":"2026-08-07T04:08:18","slug":"tricoul-oficial-al-festivalului-medieval-editie-limitata-costa-40-de-lei-grabeste-te-repede-ca-si-pe-vremea-lui-stefan-cel-mare-cele-mai-rivnite-lucruri-dispareau-primele","status":"publish","type":"post","link":"https:\/\/analyse.optim.biz\/?p=2082729","title":{"rendered":"Tricoul oficial al Festivalului Medieval, edi\u021bie limitat\u0103, cost\u0103 40 de lei: \u201dGr\u0103be\u0219te-te repede, c\u0103 \u0219i pe vremea lui \u0218tefan cel Mare cele mai r\u00eevnite lucruri disp\u0103reau primele!\u201d"},"content":{"rendered":"<p>[analyse_image type=&#8221;featured&#8221; src=&#8221;https:\/\/www.radiotop.ro\/img\/media\/2026\/08\/767978600_1043032485149231_3751173841422841780_n-e1786086481671.jpg&#8221;]<\/p>\n<div class=\"entry-content no-share\">\n<div class=\"content-inner \">\n<p>\u201dNu po\u021bi pleca din Cetate f\u0103r\u0103 blazon!\u201d, transmit organizatorii Festivalului de Art\u0103 Medieval\u0103 \u201d\u0218tefan cel Mare\u201d, care \u00eencepe mar\u021bi, 11 august, la Suceava. Tricoul oficial al festivalului, cu blazonul edi\u021biei, poate fi cump\u0103rat cu 40 de lei, \u00eencep\u00eend de mar\u021bi, de la magazinele Muzeului de Istorie Suceava \u0219i ale Cet\u0103\u021bii de Scaun a Sucevei. Organizatorii spun c\u0103 este o edi\u021bie limitat\u0103 \u0219i \u00eei \u00eendeamn\u0103 pe cei interesa\u021bi: \u201dGr\u0103be\u0219te-te repede, c\u0103 \u0219i pe vremea lui \u0218tefan cel Mare cele mai r\u00eevnite lucruri disp\u0103reau primele!\u201d<\/p>\n<p>Pentru cei care vor s\u0103 nu se \u201dr\u0103t\u0103ceasc\u0103\u201d printre cavaleri, domni\u021be, arca\u0219i, me\u0219te\u0219ugari \u0219i muzican\u021bi, organizatorii au publicat harta oficial\u0103 a taberelor participante. Un detaliu important este c\u0103 spectacolele de teatru nu se vor desf\u0103\u0219ura la Cetate, ci la Muzeul Satului Bucovinean, aflat peste drum.<\/p>\n<p>Festivalul de Art\u0103 Medieval\u0103 \u201d\u0218tefan cel Mare\u201d se desf\u0103\u0219oar\u0103 \u00eentre 11 \u0219i 16 august. Miercuri, 13 august, de la ora 20:30, la Cetatea de Scaun este programat concertul trupei Bucovina. Accesul cost\u0103 20 de lei pentru adul\u021bi, 10 lei pentru pensionari \u0219i 5 lei pentru elevi \u0219i studen\u021bi.<\/p>\n<p>Organizatorii \u00eei \u00eendeamn\u0103 pe cei care vin la festival s\u0103 consulte harta, s\u0103-\u0219i fac\u0103 traseul \u0219i s\u0103 porneasc\u0103 la explorat, pentru a nu rata taberele \u0219i spectacolele preg\u0103tite pentru edi\u021bia din acest an.<\/p>\n<\/div>\n<\/div>\n<div class=\"content-inner \">\n<p>\u201dNu po\u021bi pleca din Cetate f\u0103r\u0103 blazon!\u201d, transmit organizatorii Festivalului de Art\u0103 Medieval\u0103 \u201d\u0218tefan cel Mare\u201d, care \u00eencepe mar\u021bi, 11 august, la Suceava. Tricoul oficial al festivalului, cu blazonul edi\u021biei, poate fi cump\u0103rat cu 40 de lei, \u00eencep\u00eend de mar\u021bi, de la magazinele Muzeului de Istorie Suceava \u0219i ale Cet\u0103\u021bii de Scaun a Sucevei. Organizatorii spun c\u0103 este o edi\u021bie limitat\u0103 \u0219i \u00eei \u00eendeamn\u0103 pe cei interesa\u021bi: \u201dGr\u0103be\u0219te-te repede, c\u0103 \u0219i pe vremea lui \u0218tefan cel Mare cele mai r\u00eevnite lucruri disp\u0103reau primele!\u201d<\/p>\n<p>Pentru cei care vor s\u0103 nu se \u201dr\u0103t\u0103ceasc\u0103\u201d printre cavaleri, domni\u021be, arca\u0219i, me\u0219te\u0219ugari \u0219i muzican\u021bi, organizatorii au publicat harta oficial\u0103 a taberelor participante. Un detaliu important este c\u0103 spectacolele de teatru nu se vor desf\u0103\u0219ura la Cetate, ci la Muzeul Satului Bucovinean, aflat peste drum.<\/p>\n<p>Festivalul de Art\u0103 Medieval\u0103 \u201d\u0218tefan cel Mare\u201d se desf\u0103\u0219oar\u0103 \u00eentre 11 \u0219i 16 august. Miercuri, 13 august, de la ora 20:30, la Cetatea de Scaun este programat concertul trupei Bucovina. Accesul cost\u0103 20 de lei pentru adul\u021bi, 10 lei pentru pensionari \u0219i 5 lei pentru elevi \u0219i studen\u021bi.<\/p>\n<p>Organizatorii \u00eei \u00eendeamn\u0103 pe cei care vin la festival s\u0103 consulte harta, s\u0103-\u0219i fac\u0103 traseul \u0219i s\u0103 porneasc\u0103 la explorat, pentru a nu rata taberele \u0219i spectacolele preg\u0103tite pentru edi\u021bia din acest an.<\/p>\n<\/div>\n<p>[analyse_source url=&#8221;https:\/\/www.radiotop.ro\/actualitate\/tricoul-oficial-al-festivalului-medieval-editie-limitata-costa-40-de-lei-grabeste-te-repede-ca-si-pe-vremea-lui-stefan-cel-mare-cele-mai-rivnite-lucruri-dispareau-primele.html&#8221;]<\/p>\n","protected":false},"excerpt":{"rendered":"<p>[analyse_image type=&#8221;featured&#8221; src=&#8221;https:\/\/www.radiotop.ro\/img\/media\/2026\/08\/767978600_1043032485149231_3751173841422841780_n-e1786086481671.jpg&#8221;] \u201dNu po\u021bi pleca din Cetate f\u0103r\u0103 blazon!\u201d, transmit organizatorii Festivalului de Art\u0103 Medieval\u0103 \u201d\u0218tefan cel Mare\u201d, care \u00eencepe mar\u021bi, 11 august, la Suceava. Tricoul oficial al festivalului, cu blazonul edi\u021biei, poate fi cump\u0103rat cu 40 de lei, \u00eencep\u00eend de mar\u021bi, de la magazinele Muzeului de Istorie Suceava \u0219i ale Cet\u0103\u021bii de Scaun [&hellip;]<\/p>\n","protected":false},"author":1,"featured_media":0,"comment_status":"open","ping_status":"","sticky":false,"template":"","format":"standard","meta":{"footnotes":""},"categories":[89],"tags":[226,163],"class_list":["post-2082729","post","type-post","status-publish","format-standard","hentry","category-romania","tag-crawlmanager","tag-radiotop-ro"],"_links":{"self":[{"href":"https:\/\/analyse.optim.biz\/index.php?rest_route=\/wp\/v2\/posts\/2082729","targetHints":{"allow":["GET"]}}],"collection":[{"href":"https:\/\/analyse.optim.biz\/index.php?rest_route=\/wp\/v2\/posts"}],"about":[{"href":"https:\/\/analyse.optim.biz\/index.php?rest_route=\/wp\/v2\/types\/post"}],"author":[{"embeddable":true,"href":"https:\/\/analyse.optim.biz\/index.php?rest_route=\/wp\/v2\/users\/1"}],"replies":[{"embeddable":true,"href":"https:\/\/analyse.optim.biz\/index.php?rest_route=%2Fwp%2Fv2%2Fcomments&post=2082729"}],"version-history":[{"count":0,"href":"https:\/\/analyse.optim.biz\/index.php?rest_route=\/wp\/v2\/posts\/2082729\/revisions"}],"wp:attachment":[{"href":"https:\/\/analyse.optim.biz\/index.php?rest_route=%2Fwp%2Fv2%2Fmedia&parent=2082729"}],"wp:term":[{"taxonomy":"category","embeddable":true,"href":"https:\/\/analyse.optim.biz\/index.php?rest_route=%2Fwp%2Fv2%2Fcategories&post=2082729"},{"taxonomy":"post_tag","embeddable":true,"href":"https:\/\/analyse.optim.biz\/index.php?rest_route=%2Fwp%2Fv2%2Ftags&post=2082729"}],"curies":[{"name":"wp","href":"https:\/\/api.w.org\/{rel}","templated":true}]}}