{"id":2082665,"date":"2026-08-04T20:09:26","date_gmt":"2026-08-04T17:09:26","guid":{"rendered":"https:\/\/analyse.optim.biz\/?p=2082665"},"modified":"2026-08-04T20:09:26","modified_gmt":"2026-08-04T17:09:26","slug":"primaria-buzau-nu-renunta-la-neutralitatea-climatica","status":"publish","type":"post","link":"https:\/\/analyse.optim.biz\/?p=2082665","title":{"rendered":"Prim\u0103ria Buz\u0103u nu renun\u0163\u0103 la neutralitatea climatic\u0103"},"content":{"rendered":"<p>[analyse_image type=&#8221;featured&#8221; src=&#8221;https:\/\/www.tvbuzau.ro\/wp-content\/uploads\/2026\/08\/sddefault-5.jpghttps:\/\/www.tvbuzau.ro\/wp-content\/uploads\/2026\/08\/sddefault-5.jpg&#8221;]<\/p>\n<div class=\"td-ss-main-content\">\n<article id=\"post-119908\" class=\"post-119908 post type-post status-publish format-video has-post-thumbnail hentry category-actualitate post_format-post-format-video\">\n<div class=\"td-post-header\">\n<ul class=\"td-category\">\n<li class=\"entry-category\"><a href=\"https:\/\/www.tvbuzau.ro\/category\/actualitate\/\">Actualitate<\/a><\/li>\n<\/ul>\n<header class=\"td-post-title\">\n<h1 class=\"entry-title\">Prim\u0103ria Buz\u0103u nu renun\u0163\u0103 la neutralitatea climatic\u0103<\/h1>\n<div class=\"td-module-meta-info\">\n<div class=\"td-post-author-name\">De c\u0103tre <a href=\"https:\/\/www.tvbuzau.ro\/author\/mihai-vasilescu\/\">TV Buz\u0103u<\/a> &#8211; <\/div>\n<p><span class=\"td-post-date\"><time class=\"entry-date updated td-module-date\" datetime=\"2026-08-04T20:09:26+00:00\">august 4, 2026<\/time><\/span><\/p>\n<div class=\"td-post-comments\"><a href=\"https:\/\/www.tvbuzau.ro\/primaria-buzau-nu-renunta-la-neutralitatea-climatica\/#respond\">0<\/a><\/div>\n<div class=\"td-post-views\"><span class=\"td-nr-views-119908\">7<\/span><\/div>\n<\/div>\n<\/header>\n<\/div>\n<div class=\"td-post-sharing td-post-sharing-top td-with-like\">\n<div class=\"td-default-sharing\"><a class=\"td-social-sharing-buttons td-social-facebook\" href=\"http:\/\/www.facebook.com\/sharer.php?u=https%3A%2F%2Fwww.tvbuzau.ro%2Fprimaria-buzau-nu-renunta-la-neutralitatea-climatica%2F\"><\/p>\n<div class=\"td-social-but-text\">Distribui\u021bi pe Facebook<\/div>\n<p><\/a><a class=\"td-social-sharing-buttons td-social-twitter\" href=\"https:\/\/twitter.com\/intent\/tweet?text=Prim%C4%83ria+Buz%C4%83u+nu+renun%C5%A3%C4%83+la+neutralitatea+climatic%C4%83&amp;url=https%3A%2F%2Fwww.tvbuzau.ro%2Fprimaria-buzau-nu-renunta-la-neutralitatea-climatica%2F&amp;via=TV+Buz%C4%83u\"><\/p>\n<div class=\"td-social-but-text\">Distribui\u021bi pe Twitter<\/div>\n<p><\/a><\/div>\n<div class=\"td-classic-sharing\">\n<ul>\n<li class=\"td-classic-facebook\"><iframe frameborder src=\"https:\/\/www.facebook.com\/plugins\/like.php?href=https:\/\/www.tvbuzau.ro\/primaria-buzau-nu-renunta-la-neutralitatea-climatica\/&amp;layout=button_count&amp;show_faces=false&amp;width=105&amp;action=like&amp;colorscheme=light&amp;height=21\"><\/iframe><\/li>\n<li class=\"td-classic-twitter\"><a href=\"https:\/\/twitter.com\/share\" class=\"twitter-share-button\" data-url=\"https:\/\/www.tvbuzau.ro\/primaria-buzau-nu-renunta-la-neutralitatea-climatica\/\" data-text=\"Prim\u0103ria Buz\u0103u nu renun\u0163\u0103 la neutralitatea climatic\u0103\" data-via data-lang=\"en\">tweet<\/a><\/li>\n<\/ul>\n<\/div>\n<\/div>\n<div class=\"td-post-content\">\n<div class=\"td-featured-image-rec\">\n<div class=\"wpb_video_wrapper\">\n                    <iframe loading=\"lazy\" id=\"td_youtube_player\" width=\"600\" height=\"560\" src=\"https:\/\/www.youtube.com\/embed\/L9CYRrcEjj4?enablejsapi=1&amp;feature=oembed&amp;wmode=opaque&amp;vq=hd720\" frameborder allowfullscreen><\/iframe><\/p><\/div>\n<\/div>\n<p>Ce motiveaz\u0103 conducerea administra\u0163iei locale<br \/>\nPrimarul municipiului Buz\u0103u, Constanti Toma a precizat prin intermediul unei post\u0103ri pe pagina sa de Facebook, c\u0103 \u00een spa\u021biul public  induce ideea c\u0103 prin anularea \u00een instan\u021b\u0103 a Hot\u0103r\u00e2rii Consiliului Local al Municipiului Buz\u0103u prin care s-a aprobat a\u0219a numitul ,,Contract climatic\u201d \u2013 M100, Prim\u0103ria Municipiului Buz\u0103u ar trebui s\u0103 nu mai fac\u0103 nici un fel de investi\u021bie \u00een domeniul tranzi\u021biei spre neutralitate climatic\u0103.<br \/>\n\u201cObiectivul acestei Hot\u0103r\u00e2ri de Consiliu Local nu a fost aprobarea unui contract care s\u0103 nasc\u0103 obliga\u021bii juridice sau sanc\u021biuni directe, \u00een sensul clasic al dreptului civil, ci a reprezentat doar un angajament politic, strategic \u0219i de planificare urban\u0103. Prin aceast\u0103 hot\u0103r\u00e2re de Consiliu Local, Municipiul Buz\u0103u s-a angajat s\u0103 ating\u0103 neutralitatea cli-matic\u0103 p\u00e2n\u0103 \u00een anul 2035. Pentru a atinge acest deziderat, a fost nevoie evident s\u0103 se aprobe un plan de ac\u021biuni \u0219i un plan de investi\u021bii, care erau compuse din ac\u021biuni \u0219i activit\u0103\u021bi care, la data aprob\u0103rii a\u0219a numitului \u201dContract climatic\u201d, erau deja aprobate prin Hot\u0103r\u00e2ri de Consiliu Local\u201d, a precizat primarul Constantin Toma.<br \/>\nEdilul subliniaz\u0103 totodat\u0103 c\u0103 de\u015fi hot\u0103r\u00e2rea a fost anulat\u0103 de instan\u0163\u0103, Prim\u0103ria Buz\u0103u nu este \u00eempiedicat\u0103 s\u0103 ating\u0103 neutralitatea climatic\u0103 p\u00e2n\u0103 \u00een anul 2035<br \/>\n\u201eAnularea \u00een instan\u021b\u0103 a a\u0219a-zisului \u201dContract climatic\u201d are ca singur efect \u00eenl\u0103turarea obliga\u021biei noastre de a atinge neutralitatea climatic\u0103 p\u00e2n\u0103 \u00een anul 2035, dar nu ne interzice s\u0103 respect\u0103m \u00een continuare acele Hot\u0103r\u00e2ri de Consiliu Local prin care s-a ap-robat s\u0103 facem investi\u021bii benefice pentru comunitatea buzoian\u0103.<br \/>\nChiar dac\u0103 nu mai avem o obliga\u021bie stabilit\u0103 de Consiliul Local Municipal de a finaliza tranzi\u021bia spre neutralitate climatic\u0103 p\u00e2n\u0103 \u00een anul 2035, Prim\u0103ria Municipiului Buz\u0103u se angajeaz\u0103 s\u0103 respecte acest termen, inclusiv cu respectarea motivelor, care au fost de form\u0103 \u0219i nu de fond, pentru care a fost anulat\u0103 Hot\u0103r\u00e2rea Consiliului Local Municipal cu privire la a\u0219a zisul ,,Contract climatic\u201d, arat\u0103 primarul municipiului Buz\u0103u.<\/p>\n<div class=\"post-views post-119908 entry-meta\"><span class=\"post-views-label\">Post Views: <\/span><span class=\"post-views-count\">208<\/span><\/div>\n<\/div>\n<footer>\n<div class=\"td-post-sharing td-post-sharing-bottom td-with-like\"><span class=\"td-post-share-title\">DISTRIBUI\u021aI<\/span><\/p>\n<div class=\"td-default-sharing\"><a class=\"td-social-sharing-buttons td-social-facebook\" href=\"http:\/\/www.facebook.com\/sharer.php?u=https%3A%2F%2Fwww.tvbuzau.ro%2Fprimaria-buzau-nu-renunta-la-neutralitatea-climatica%2F\"><\/p>\n<div class=\"td-social-but-text\">Facebook<\/div>\n<p><\/a><a class=\"td-social-sharing-buttons td-social-twitter\" href=\"https:\/\/twitter.com\/intent\/tweet?text=Prim%C4%83ria+Buz%C4%83u+nu+renun%C5%A3%C4%83+la+neutralitatea+climatic%C4%83&amp;url=https%3A%2F%2Fwww.tvbuzau.ro%2Fprimaria-buzau-nu-renunta-la-neutralitatea-climatica%2F&amp;via=TV+Buz%C4%83u\"><\/p>\n<div class=\"td-social-but-text\">Twitter<\/div>\n<p><\/a><\/div>\n<div class=\"td-classic-sharing\">\n<ul>\n<li class=\"td-classic-facebook\"><iframe frameborder src=\"https:\/\/www.facebook.com\/plugins\/like.php?href=https:\/\/www.tvbuzau.ro\/primaria-buzau-nu-renunta-la-neutralitatea-climatica\/&amp;layout=button_count&amp;show_faces=false&amp;width=105&amp;action=like&amp;colorscheme=light&amp;height=21\"><\/iframe><\/li>\n<li class=\"td-classic-twitter\"><a href=\"https:\/\/twitter.com\/share\" class=\"twitter-share-button\" data-url=\"https:\/\/www.tvbuzau.ro\/primaria-buzau-nu-renunta-la-neutralitatea-climatica\/\" data-text=\"Prim\u0103ria Buz\u0103u nu renun\u0163\u0103 la neutralitatea climatic\u0103\" data-via data-lang=\"en\">tweet<\/a><\/li>\n<\/ul>\n<\/div>\n<\/div>\n<div class=\"td-author-name vcard author\"><span class=\"fn\"><a href=\"https:\/\/www.tvbuzau.ro\/author\/mihai-vasilescu\/\">TV Buz\u0103u<\/a><\/span><\/div>\n<p><span><\/span><span><span><\/span><\/span><span><\/span><\/footer>\n<\/article>\n<div class=\"td_block_wrap td_block_related_posts td_uid_1_6a7610ef1d3af_rand td_with_ajax_pagination td-pb-border-top\" data-td-block-uid=\"td_uid_1_6a7610ef1d3af\">\n<h4 class=\"td-related-title\"><a id=\"td_uid_2_6a7610ef22853\" class=\"td-related-left td-cur-simple-item\" data-td_filter_value data-td_block_id=\"td_uid_1_6a7610ef1d3af\" href=\"https:\/\/www.tvbuzau.ro\/primaria-buzau-nu-renunta-la-neutralitatea-climatica\/\">ARTICOLE SIMILARE<\/a><a id=\"td_uid_3_6a7610ef2288d\" class=\"td-related-right\" data-td_filter_value=\"td_related_more_from_author\" data-td_block_id=\"td_uid_1_6a7610ef1d3af\" href=\"https:\/\/www.tvbuzau.ro\/primaria-buzau-nu-renunta-la-neutralitatea-climatica\/\">DE LA ACELA\u0218I AUTOR<\/a><\/h4>\n<div id=\"td_uid_1_6a7610ef1d3af\" class=\"td_block_inner\">\n<div class=\"td-related-row\">\n<div class=\"td-related-span4\">\n<div class=\"td_module_related_posts td-animation-stack td_mod_related_posts\">\n<div class=\"td-module-image\">\n<div class=\"td-module-thumb\"><a href=\"https:\/\/www.tvbuzau.ro\/ai-versus-pierderile-de-apa-din-sistem\/\" rel=\"bookmark\" title=\"AI versus pierderile de ap\u0103 din sistem\"><img loading=\"lazy\" decoding=\"async\" width=\"218\" height=\"150\" class=\"entry-thumb\" src=\"https:\/\/www.tvbuzau.ro\/wp-content\/uploads\/2026\/08\/sddefault-18-218x150.jpg\" alt title=\"AI versus pierderile de ap\u0103 din sistem\"><span class=\"td-video-play-ico\"><img loading=\"lazy\" decoding=\"async\" width=\"40\" height=\"40\" class=\"td-retina\" src=\"https:\/\/www.tvbuzau.ro\/wp-content\/themes\/Newspaper\/images\/icons\/ico-video-large.png\" alt=\"video\"><\/span><\/a><\/div>\n<p><a href=\"https:\/\/www.tvbuzau.ro\/category\/actualitate\/\" class=\"td-post-category\">Actualitate<\/a><\/div>\n<div class=\"item-details\">\n<h3 class=\"entry-title td-module-title\"><a href=\"https:\/\/www.tvbuzau.ro\/ai-versus-pierderile-de-apa-din-sistem\/\" rel=\"bookmark\" title=\"AI versus pierderile de ap\u0103 din sistem\">AI versus pierderile de ap\u0103 din sistem<\/a><\/h3>\n<\/div>\n<\/div>\n<\/div>\n<div class=\"td-related-span4\">\n<div class=\"td_module_related_posts td-animation-stack td_mod_related_posts\">\n<div class=\"td-module-image\">\n<div class=\"td-module-thumb\"><a href=\"https:\/\/www.tvbuzau.ro\/echipa-de-robotica-heart-of-robots-castigatoarea-bucharest-twin-cup-2026\/\" rel=\"bookmark\" title=\"Echipa de robotic\u0103 Heart of Robots, c\u00e2\u015ftig\u0103toarea Bucharest Twin Cup 2026\"><img loading=\"lazy\" decoding=\"async\" width=\"218\" height=\"150\" class=\"entry-thumb\" src=\"https:\/\/www.tvbuzau.ro\/wp-content\/uploads\/2026\/08\/sddefault-17-218x150.jpg\" alt title=\"Echipa de robotic\u0103 Heart of Robots, c\u00e2\u015ftig\u0103toarea Bucharest Twin Cup 2026\"><span class=\"td-video-play-ico\"><img loading=\"lazy\" decoding=\"async\" width=\"40\" height=\"40\" class=\"td-retina\" src=\"https:\/\/www.tvbuzau.ro\/wp-content\/themes\/Newspaper\/images\/icons\/ico-video-large.png\" alt=\"video\"><\/span><\/a><\/div>\n<p><a href=\"https:\/\/www.tvbuzau.ro\/category\/actualitate\/\" class=\"td-post-category\">Actualitate<\/a><\/div>\n<div class=\"item-details\">\n<h3 class=\"entry-title td-module-title\"><a href=\"https:\/\/www.tvbuzau.ro\/echipa-de-robotica-heart-of-robots-castigatoarea-bucharest-twin-cup-2026\/\" rel=\"bookmark\" title=\"Echipa de robotic\u0103 Heart of Robots, c\u00e2\u015ftig\u0103toarea Bucharest Twin Cup 2026\">Echipa de robotic\u0103 Heart of Robots, c\u00e2\u015ftig\u0103toarea Bucharest Twin Cup 2026<\/a><\/h3>\n<\/div>\n<\/div>\n<\/div>\n<div class=\"td-related-span4\">\n<div class=\"td_module_related_posts td-animation-stack td_mod_related_posts\">\n<div class=\"td-module-image\">\n<div class=\"td-module-thumb\"><a href=\"https:\/\/www.tvbuzau.ro\/ce-isi-doresc-consumatorii-de-la-o-tomata\/\" rel=\"bookmark\" title=\"Ce \u00ee\u0219i doresc consumatorii de la o tomat\u0103?\"><img loading=\"lazy\" decoding=\"async\" width=\"218\" height=\"150\" class=\"entry-thumb\" src=\"https:\/\/www.tvbuzau.ro\/wp-content\/uploads\/2026\/08\/sddefault-16-218x150.jpg\" alt title=\"Ce \u00ee\u0219i doresc consumatorii de la o tomat\u0103?\"><span class=\"td-video-play-ico\"><img loading=\"lazy\" decoding=\"async\" width=\"40\" height=\"40\" class=\"td-retina\" src=\"https:\/\/www.tvbuzau.ro\/wp-content\/themes\/Newspaper\/images\/icons\/ico-video-large.png\" alt=\"video\"><\/span><\/a><\/div>\n<p><a href=\"https:\/\/www.tvbuzau.ro\/category\/actualitate\/\" class=\"td-post-category\">Actualitate<\/a><\/div>\n<div class=\"item-details\">\n<h3 class=\"entry-title td-module-title\"><a href=\"https:\/\/www.tvbuzau.ro\/ce-isi-doresc-consumatorii-de-la-o-tomata\/\" rel=\"bookmark\" title=\"Ce \u00ee\u0219i doresc consumatorii de la o tomat\u0103?\">Ce \u00ee\u0219i doresc consumatorii de la o tomat\u0103?<\/a><\/h3>\n<\/div>\n<\/div>\n<\/div>\n<\/div>\n<div class=\"td-related-row\">\n<div class=\"td-related-span4\">\n<div class=\"td_module_related_posts td-animation-stack td_mod_related_posts\">\n<div class=\"td-module-image\">\n<div class=\"td-module-thumb\"><a href=\"https:\/\/www.tvbuzau.ro\/primul-mecanism-national-de-detectare-a-riscului-de-trafic-de-minori\/\" rel=\"bookmark\" title=\"Primul mecanism na\u021bional de detectare a riscului de trafic de minori\"><img loading=\"lazy\" decoding=\"async\" width=\"218\" height=\"150\" class=\"entry-thumb\" src=\"https:\/\/www.tvbuzau.ro\/wp-content\/uploads\/2026\/08\/sddefault-15-218x150.jpg\" alt title=\"Primul mecanism na\u021bional de detectare a riscului de trafic de minori\"><span class=\"td-video-play-ico\"><img loading=\"lazy\" decoding=\"async\" width=\"40\" height=\"40\" class=\"td-retina\" src=\"https:\/\/www.tvbuzau.ro\/wp-content\/themes\/Newspaper\/images\/icons\/ico-video-large.png\" alt=\"video\"><\/span><\/a><\/div>\n<p><a href=\"https:\/\/www.tvbuzau.ro\/category\/actualitate\/\" class=\"td-post-category\">Actualitate<\/a><\/div>\n<div class=\"item-details\">\n<h3 class=\"entry-title td-module-title\"><a href=\"https:\/\/www.tvbuzau.ro\/primul-mecanism-national-de-detectare-a-riscului-de-trafic-de-minori\/\" rel=\"bookmark\" title=\"Primul mecanism na\u021bional de detectare a riscului de trafic de minori\">Primul mecanism na\u021bional de detectare a riscului de trafic de minori<\/a><\/h3>\n<\/div>\n<\/div>\n<\/div>\n<div class=\"td-related-span4\">\n<div class=\"td_module_related_posts td-animation-stack td_mod_related_posts\">\n<div class=\"td-module-image\">\n<div class=\"td-module-thumb\"><a href=\"https:\/\/www.tvbuzau.ro\/zona-tezaurului-de-la-pietroasele-gazda-buzau-wine-fest\/\" rel=\"bookmark\" title=\"Zona Tezaurului de la Pietroasele, gazda Buz\u0103u Wine Fest\"><img loading=\"lazy\" decoding=\"async\" width=\"218\" height=\"150\" class=\"entry-thumb\" src=\"https:\/\/www.tvbuzau.ro\/wp-content\/uploads\/2026\/08\/hqdefault-5-218x150.jpg\" alt title=\"Zona Tezaurului de la Pietroasele, gazda Buz\u0103u Wine Fest\"><span class=\"td-video-play-ico\"><img loading=\"lazy\" decoding=\"async\" width=\"40\" height=\"40\" class=\"td-retina\" src=\"https:\/\/www.tvbuzau.ro\/wp-content\/themes\/Newspaper\/images\/icons\/ico-video-large.png\" alt=\"video\"><\/span><\/a><\/div>\n<p><a href=\"https:\/\/www.tvbuzau.ro\/category\/actualitate\/\" class=\"td-post-category\">Actualitate<\/a><\/div>\n<div class=\"item-details\">\n<h3 class=\"entry-title td-module-title\"><a href=\"https:\/\/www.tvbuzau.ro\/zona-tezaurului-de-la-pietroasele-gazda-buzau-wine-fest\/\" rel=\"bookmark\" title=\"Zona Tezaurului de la Pietroasele, gazda Buz\u0103u Wine Fest\">Zona Tezaurului de la Pietroasele, gazda Buz\u0103u Wine Fest<\/a><\/h3>\n<\/div>\n<\/div>\n<\/div>\n<div class=\"td-related-span4\">\n<div class=\"td_module_related_posts td-animation-stack td_mod_related_posts\">\n<div class=\"td-module-image\">\n<div class=\"td-module-thumb\"><a href=\"https:\/\/www.tvbuzau.ro\/servicii-pentru-contribuabili-oferite-de-anaf-pentru-contribuabili\/\" rel=\"bookmark\" title=\"Servicii pentru contribuabili oferite de ANAF\"><img loading=\"lazy\" decoding=\"async\" width=\"218\" height=\"150\" class=\"entry-thumb\" src=\"https:\/\/www.tvbuzau.ro\/wp-content\/uploads\/2026\/08\/sddefault-14-218x150.jpg\" alt title=\"Servicii pentru contribuabili oferite de ANAF\"><span class=\"td-video-play-ico\"><img loading=\"lazy\" decoding=\"async\" width=\"40\" height=\"40\" class=\"td-retina\" src=\"https:\/\/www.tvbuzau.ro\/wp-content\/themes\/Newspaper\/images\/icons\/ico-video-large.png\" alt=\"video\"><\/span><\/a><\/div>\n<p><a href=\"https:\/\/www.tvbuzau.ro\/category\/actualitate\/\" class=\"td-post-category\">Actualitate<\/a><\/div>\n<div class=\"item-details\">\n<h3 class=\"entry-title td-module-title\"><a href=\"https:\/\/www.tvbuzau.ro\/servicii-pentru-contribuabili-oferite-de-anaf-pentru-contribuabili\/\" rel=\"bookmark\" title=\"Servicii pentru contribuabili oferite de ANAF\">Servicii pentru contribuabili oferite de ANAF<\/a><\/h3>\n<\/div>\n<\/div>\n<\/div>\n<\/div>\n<\/div>\n<\/div>\n<div class=\"comments\" id=\"comments\">\n<div id=\"respond\" class=\"comment-respond\">\n<h3 id=\"reply-title\" class=\"comment-reply-title\">L\u0102SA\u021aI UN MESAJ <small><a rel=\"nofollow\" id=\"cancel-comment-reply-link\" href=\"https:\/\/www.tvbuzau.ro\/primaria-buzau-nu-renunta-la-neutralitatea-climatica\/#respond\">Renun\u021ba\u021bi la r\u0103spuns<\/a><\/small><\/h3>\n<\/div>\n<\/div>\n<\/div>\n<div class=\"td-post-content\">\n<div class=\"td-featured-image-rec\">\n<div class=\"wpb_video_wrapper\">\n                    <iframe loading=\"lazy\" id=\"td_youtube_player\" width=\"600\" height=\"560\" src=\"https:\/\/www.youtube.com\/embed\/L9CYRrcEjj4?enablejsapi=1&amp;feature=oembed&amp;wmode=opaque&amp;vq=hd720\" frameborder allowfullscreen><\/iframe><\/p><\/div>\n<\/div>\n<p>Ce motiveaz\u0103 conducerea administra\u0163iei locale<br \/>\nPrimarul municipiului Buz\u0103u, Constanti Toma a precizat prin intermediul unei post\u0103ri pe pagina sa de Facebook, c\u0103 \u00een spa\u021biul public  induce ideea c\u0103 prin anularea \u00een instan\u021b\u0103 a Hot\u0103r\u00e2rii Consiliului Local al Municipiului Buz\u0103u prin care s-a aprobat a\u0219a numitul ,,Contract climatic\u201d \u2013 M100, Prim\u0103ria Municipiului Buz\u0103u ar trebui s\u0103 nu mai fac\u0103 nici un fel de investi\u021bie \u00een domeniul tranzi\u021biei spre neutralitate climatic\u0103.<br \/>\n\u201cObiectivul acestei Hot\u0103r\u00e2ri de Consiliu Local nu a fost aprobarea unui contract care s\u0103 nasc\u0103 obliga\u021bii juridice sau sanc\u021biuni directe, \u00een sensul clasic al dreptului civil, ci a reprezentat doar un angajament politic, strategic \u0219i de planificare urban\u0103. Prin aceast\u0103 hot\u0103r\u00e2re de Consiliu Local, Municipiul Buz\u0103u s-a angajat s\u0103 ating\u0103 neutralitatea cli-matic\u0103 p\u00e2n\u0103 \u00een anul 2035. Pentru a atinge acest deziderat, a fost nevoie evident s\u0103 se aprobe un plan de ac\u021biuni \u0219i un plan de investi\u021bii, care erau compuse din ac\u021biuni \u0219i activit\u0103\u021bi care, la data aprob\u0103rii a\u0219a numitului \u201dContract climatic\u201d, erau deja aprobate prin Hot\u0103r\u00e2ri de Consiliu Local\u201d, a precizat primarul Constantin Toma.<br \/>\nEdilul subliniaz\u0103 totodat\u0103 c\u0103 de\u015fi hot\u0103r\u00e2rea a fost anulat\u0103 de instan\u0163\u0103, Prim\u0103ria Buz\u0103u nu este \u00eempiedicat\u0103 s\u0103 ating\u0103 neutralitatea climatic\u0103 p\u00e2n\u0103 \u00een anul 2035<br \/>\n\u201eAnularea \u00een instan\u021b\u0103 a a\u0219a-zisului \u201dContract climatic\u201d are ca singur efect \u00eenl\u0103turarea obliga\u021biei noastre de a atinge neutralitatea climatic\u0103 p\u00e2n\u0103 \u00een anul 2035, dar nu ne interzice s\u0103 respect\u0103m \u00een continuare acele Hot\u0103r\u00e2ri de Consiliu Local prin care s-a ap-robat s\u0103 facem investi\u021bii benefice pentru comunitatea buzoian\u0103.<br \/>\nChiar dac\u0103 nu mai avem o obliga\u021bie stabilit\u0103 de Consiliul Local Municipal de a finaliza tranzi\u021bia spre neutralitate climatic\u0103 p\u00e2n\u0103 \u00een anul 2035, Prim\u0103ria Municipiului Buz\u0103u se angajeaz\u0103 s\u0103 respecte acest termen, inclusiv cu respectarea motivelor, care au fost de form\u0103 \u0219i nu de fond, pentru care a fost anulat\u0103 Hot\u0103r\u00e2rea Consiliului Local Municipal cu privire la a\u0219a zisul ,,Contract climatic\u201d, arat\u0103 primarul municipiului Buz\u0103u.<\/p>\n<div class=\"post-views post-119908 entry-meta\"><span class=\"post-views-label\">Post Views: <\/span><span class=\"post-views-count\">208<\/span><\/div>\n<\/div>\n<p>[analyse_source url=&#8221;https:\/\/www.tvbuzau.ro\/primaria-buzau-nu-renunta-la-neutralitatea-climatica\/&#8221;]<\/p>\n","protected":false},"excerpt":{"rendered":"<p>[analyse_image type=&#8221;featured&#8221; src=&#8221;https:\/\/www.tvbuzau.ro\/wp-content\/uploads\/2026\/08\/sddefault-5.jpghttps:\/\/www.tvbuzau.ro\/wp-content\/uploads\/2026\/08\/sddefault-5.jpg&#8221;] Actualitate Prim\u0103ria Buz\u0103u nu renun\u0163\u0103 la neutralitatea climatic\u0103 De c\u0103tre TV Buz\u0103u &#8211; august 4, 2026 0 7 Distribui\u021bi pe Facebook Distribui\u021bi pe Twitter tweet Ce motiveaz\u0103 conducerea administra\u0163iei locale Primarul municipiului Buz\u0103u, Constanti Toma a precizat prin intermediul unei post\u0103ri pe pagina sa de Facebook, c\u0103 \u00een spa\u021biul public induce ideea [&hellip;]<\/p>\n","protected":false},"author":1,"featured_media":0,"comment_status":"open","ping_status":"","sticky":false,"template":"","format":"standard","meta":{"footnotes":""},"categories":[2],"tags":[226,116],"class_list":["post-2082665","post","type-post","status-publish","format-standard","hentry","category-politics","tag-crawlmanager","tag-tvbuzau-ro"],"_links":{"self":[{"href":"https:\/\/analyse.optim.biz\/index.php?rest_route=\/wp\/v2\/posts\/2082665","targetHints":{"allow":["GET"]}}],"collection":[{"href":"https:\/\/analyse.optim.biz\/index.php?rest_route=\/wp\/v2\/posts"}],"about":[{"href":"https:\/\/analyse.optim.biz\/index.php?rest_route=\/wp\/v2\/types\/post"}],"author":[{"embeddable":true,"href":"https:\/\/analyse.optim.biz\/index.php?rest_route=\/wp\/v2\/users\/1"}],"replies":[{"embeddable":true,"href":"https:\/\/analyse.optim.biz\/index.php?rest_route=%2Fwp%2Fv2%2Fcomments&post=2082665"}],"version-history":[{"count":0,"href":"https:\/\/analyse.optim.biz\/index.php?rest_route=\/wp\/v2\/posts\/2082665\/revisions"}],"wp:attachment":[{"href":"https:\/\/analyse.optim.biz\/index.php?rest_route=%2Fwp%2Fv2%2Fmedia&parent=2082665"}],"wp:term":[{"taxonomy":"category","embeddable":true,"href":"https:\/\/analyse.optim.biz\/index.php?rest_route=%2Fwp%2Fv2%2Fcategories&post=2082665"},{"taxonomy":"post_tag","embeddable":true,"href":"https:\/\/analyse.optim.biz\/index.php?rest_route=%2Fwp%2Fv2%2Ftags&post=2082665"}],"curies":[{"name":"wp","href":"https:\/\/api.w.org\/{rel}","templated":true}]}}