{"id":2082662,"date":"2026-08-04T20:05:55","date_gmt":"2026-08-04T17:05:55","guid":{"rendered":"https:\/\/analyse.optim.biz\/?p=2082662"},"modified":"2026-08-04T20:05:55","modified_gmt":"2026-08-04T17:05:55","slug":"copil-de-13-ani-ar-fi-sustras-si-condus-o-masina-prin-ramnicu-sarat","status":"publish","type":"post","link":"https:\/\/analyse.optim.biz\/?p=2082662","title":{"rendered":"Copil de 13 ani ar fi sustras \u015fi condus o ma\u015fin\u0103 prin R\u00e2mnicu S\u0103rat"},"content":{"rendered":"<p>[analyse_image type=&#8221;featured&#8221; src=&#8221;https:\/\/www.tvbuzau.ro\/wp-content\/uploads\/2026\/08\/sddefault-4.jpghttps:\/\/www.tvbuzau.ro\/wp-content\/uploads\/2026\/08\/sddefault-4.jpg&#8221;]<\/p>\n<div class=\"td-ss-main-content\">\n<article id=\"post-119902\" class=\"post-119902 post type-post status-publish format-video has-post-thumbnail hentry category-actualitate post_format-post-format-video\">\n<div class=\"td-post-header\">\n<ul class=\"td-category\">\n<li class=\"entry-category\"><a href=\"https:\/\/www.tvbuzau.ro\/category\/actualitate\/\">Actualitate<\/a><\/li>\n<\/ul>\n<header class=\"td-post-title\">\n<h1 class=\"entry-title\">Copil de 13 ani ar fi sustras \u015fi condus o ma\u015fin\u0103 prin R\u00e2mnicu S\u0103rat<\/h1>\n<div class=\"td-module-meta-info\">\n<div class=\"td-post-author-name\">De c\u0103tre <a href=\"https:\/\/www.tvbuzau.ro\/author\/mihai-vasilescu\/\">TV Buz\u0103u<\/a> &#8211; <\/div>\n<p><span class=\"td-post-date\"><time class=\"entry-date updated td-module-date\" datetime=\"2026-08-04T20:05:55+00:00\">august 4, 2026<\/time><\/span><\/p>\n<div class=\"td-post-comments\"><a href=\"https:\/\/www.tvbuzau.ro\/copil-de-13-ani-ar-fi-sustras-si-condus-o-masina-prin-ramnicu-sarat\/#respond\">0<\/a><\/div>\n<div class=\"td-post-views\"><span class=\"td-nr-views-119902\">12<\/span><\/div>\n<\/div>\n<\/header>\n<\/div>\n<div class=\"td-post-sharing td-post-sharing-top td-with-like\">\n<div class=\"td-default-sharing\"><a class=\"td-social-sharing-buttons td-social-facebook\" href=\"http:\/\/www.facebook.com\/sharer.php?u=https%3A%2F%2Fwww.tvbuzau.ro%2Fcopil-de-13-ani-ar-fi-sustras-si-condus-o-masina-prin-ramnicu-sarat%2F\"><\/p>\n<div class=\"td-social-but-text\">Distribui\u021bi pe Facebook<\/div>\n<p><\/a><a class=\"td-social-sharing-buttons td-social-twitter\" href=\"https:\/\/twitter.com\/intent\/tweet?text=Copil+de+13+ani+ar+fi+sustras+%C5%9Fi+condus+o+ma%C5%9Fin%C4%83+prin+R%C3%A2mnicu+S%C4%83rat&amp;url=https%3A%2F%2Fwww.tvbuzau.ro%2Fcopil-de-13-ani-ar-fi-sustras-si-condus-o-masina-prin-ramnicu-sarat%2F&amp;via=TV+Buz%C4%83u\"><\/p>\n<div class=\"td-social-but-text\">Distribui\u021bi pe Twitter<\/div>\n<p><\/a><\/div>\n<div class=\"td-classic-sharing\">\n<ul>\n<li class=\"td-classic-facebook\"><iframe frameborder src=\"https:\/\/www.facebook.com\/plugins\/like.php?href=https:\/\/www.tvbuzau.ro\/copil-de-13-ani-ar-fi-sustras-si-condus-o-masina-prin-ramnicu-sarat\/&amp;layout=button_count&amp;show_faces=false&amp;width=105&amp;action=like&amp;colorscheme=light&amp;height=21\"><\/iframe><\/li>\n<li class=\"td-classic-twitter\"><a href=\"https:\/\/twitter.com\/share\" class=\"twitter-share-button\" data-url=\"https:\/\/www.tvbuzau.ro\/copil-de-13-ani-ar-fi-sustras-si-condus-o-masina-prin-ramnicu-sarat\/\" data-text=\"Copil de 13 ani ar fi sustras \u015fi condus o ma\u015fin\u0103 prin R\u00e2mnicu S\u0103rat\" data-via data-lang=\"en\">tweet<\/a><\/li>\n<\/ul>\n<\/div>\n<\/div>\n<div class=\"td-post-content\">\n<div class=\"td-featured-image-rec\">\n<div class=\"wpb_video_wrapper\">\n                    <iframe loading=\"lazy\" id=\"td_youtube_player\" width=\"600\" height=\"560\" src=\"https:\/\/www.youtube.com\/embed\/muCeIauUI44?enablejsapi=1&amp;feature=oembed&amp;wmode=opaque&amp;vq=hd720\" frameborder allowfullscreen><\/iframe><\/p><\/div>\n<\/div>\n<p>Mai mul\u0163i \u015foferi re\u0163inu\u0163i pentru infrac\u0163iuni la regimul rutier<br \/>\nPoli\u0163i\u015ftii au derulat mai multe razii \u00een ultimele zile \u00een municipiul R\u00e2mnicu S\u0103rat. \u00centr-una dintre zile oamenii legii au r\u0103mas \u015foca\u0163i dup\u0103 ce au depistat un copil la volanul unei ma\u015fini.<br \/>\n\u201c\u00cen ziua de 31 iulie a.c., \u00een municipiul R\u00e2mnicu S\u0103rat, \u00een jurul orei 20.30, poli\u021bi\u0219tii au depistat un minor de 13 ani, \u00een timp ce conducea un autoturism pe o strad\u0103 din localitatea de domiciliu. Din verific\u0103ri a reie\u0219it c\u0103 acesta ar fi luat cheile ma\u0219inii, f\u0103r\u0103 \u00eencuviin\u021barea bunicii \u0219i ar fi plecat cu autoturismul.Poli\u021bi\u0219tii au \u00eentocmit dosar penal \u0219i continu\u0103 cercet\u0103rile pentru conducerea unui autovehicul f\u0103r\u0103 a de\u021bine permis de conducere \u0219i furt \u00een scop de folosin\u021b\u0103\u201d, a anun\u0163at IPJ Buz\u0103u.<br \/>\nDe altfel, \u00ee ultimele zile mai mul\u0163i \u015foferi au fost re\u0163inu\u0163i pentru c\u0103 au \u00eenc\u0103lcat grav codul rutier, fiind prin\u015fi b\u0103u\u0163i la volan.<br \/>\n\u201cPoli\u0163i\u015ftii din cadrul Sec\u0163iei de poli\u0163ie rural\u0103 Coste\u0219ti, afl\u00e2ndu-se \u00een executarea atribu\u0163iilor de serviciu, au re\u0163inut un b\u0103rbat \u00een v\u00e2rst\u0103 de 56 de ani, din Buz\u0103u, pentru infrac\u0163iuni la regimul rutier. B\u0103rbatul a condus un tractor pe o strad\u0103 din \u021ainte\u0219ti, cu toate c\u0103 acesta nu era \u00eenmatriculat sau \u00eenegistrat. Mai  mult, \u00eentruc\u00e2t conduc\u0103torul auto emana halen\u0103 alcoolic\u0103, poli\u021bi\u0219tii l-au testat cu aparatul din dotare, care a indicat valoarea de 0,85 mg\/l alcool pur \u00een aerul expirat.  Poli\u021bi\u0219tii Sec\u021biei de poli\u021bie rural\u0103 Berca au re\u0163inut pentru o perioad\u0103 de 24 de ore un b\u0103rbat de \u00een v\u00e2rst\u0103 de 52 de ani, din Verne\u0219ti. \u00cen urma verific\u0103rilor specifice \u00een bazele de date ale Poli\u021biei Rom\u00e2ne, poli\u021bi\u0219tii au constatat c\u0103 b\u0103rbatul avea dreptul de a conduce suspendat. De asemenea, fiind testat cu aparatul etilotest, acesta a indicat rezultatul de 0,93 mg\/l alcool pur \u00een aerul expirat\u201d, exemplific\u0103 IPJ Buz\u0103u.<br \/>\nMai mult, oamenii legii au re\u0163inut un t\u00e2n\u0103r \u00een v\u00e2rst\u0103 de 25 de ani, din Lop\u0103tari dup\u0103 ce ar fi condus  ma\u0219ina pe o strad\u0103 din municipiul Buz\u0103u \u0219i, \u00een \u00eencercarea de a o parca, ar fi avariat un alt autoturism sta\u021bionat. \u00cen urma inter\u0103g\u0103rii bazelor de date, a reie\u0219it c\u0103 t\u00e2n\u0103rul nu figureaz\u0103 ca posesor de permis de conducere. Acesta ar fi luat ma\u0219ina de la o cuno\u0219tin\u021b\u0103, f\u0103r\u0103 acordul prealabil al proprietarului. \u00cen urma test\u0103rii cu aparatele din dotarea poli\u021bi\u0219tilor, \u00een cazul t\u00e2n\u0103rului a reie\u0219it o concentra\u021bie alcoolic\u0103 de 0,58 mg\/l alcool pur \u00een aerul expirat.<\/p>\n<div class=\"post-views post-119902 entry-meta\"><span class=\"post-views-label\">Post Views: <\/span><span class=\"post-views-count\">157<\/span><\/div>\n<\/div>\n<footer>\n<div class=\"td-post-sharing td-post-sharing-bottom td-with-like\"><span class=\"td-post-share-title\">DISTRIBUI\u021aI<\/span><\/p>\n<div class=\"td-default-sharing\"><a class=\"td-social-sharing-buttons td-social-facebook\" href=\"http:\/\/www.facebook.com\/sharer.php?u=https%3A%2F%2Fwww.tvbuzau.ro%2Fcopil-de-13-ani-ar-fi-sustras-si-condus-o-masina-prin-ramnicu-sarat%2F\"><\/p>\n<div class=\"td-social-but-text\">Facebook<\/div>\n<p><\/a><a class=\"td-social-sharing-buttons td-social-twitter\" href=\"https:\/\/twitter.com\/intent\/tweet?text=Copil+de+13+ani+ar+fi+sustras+%C5%9Fi+condus+o+ma%C5%9Fin%C4%83+prin+R%C3%A2mnicu+S%C4%83rat&amp;url=https%3A%2F%2Fwww.tvbuzau.ro%2Fcopil-de-13-ani-ar-fi-sustras-si-condus-o-masina-prin-ramnicu-sarat%2F&amp;via=TV+Buz%C4%83u\"><\/p>\n<div class=\"td-social-but-text\">Twitter<\/div>\n<p><\/a><\/div>\n<div class=\"td-classic-sharing\">\n<ul>\n<li class=\"td-classic-facebook\"><iframe frameborder src=\"https:\/\/www.facebook.com\/plugins\/like.php?href=https:\/\/www.tvbuzau.ro\/copil-de-13-ani-ar-fi-sustras-si-condus-o-masina-prin-ramnicu-sarat\/&amp;layout=button_count&amp;show_faces=false&amp;width=105&amp;action=like&amp;colorscheme=light&amp;height=21\"><\/iframe><\/li>\n<li class=\"td-classic-twitter\"><a href=\"https:\/\/twitter.com\/share\" class=\"twitter-share-button\" data-url=\"https:\/\/www.tvbuzau.ro\/copil-de-13-ani-ar-fi-sustras-si-condus-o-masina-prin-ramnicu-sarat\/\" data-text=\"Copil de 13 ani ar fi sustras \u015fi condus o ma\u015fin\u0103 prin R\u00e2mnicu S\u0103rat\" data-via data-lang=\"en\">tweet<\/a><\/li>\n<\/ul>\n<\/div>\n<\/div>\n<div class=\"td-author-name vcard author\"><span class=\"fn\"><a href=\"https:\/\/www.tvbuzau.ro\/author\/mihai-vasilescu\/\">TV Buz\u0103u<\/a><\/span><\/div>\n<p><span><\/span><span><span><\/span><\/span><span><\/span><\/footer>\n<\/article>\n<div class=\"td_block_wrap td_block_related_posts td_uid_1_6a7610a388b2b_rand td_with_ajax_pagination td-pb-border-top\" data-td-block-uid=\"td_uid_1_6a7610a388b2b\">\n<h4 class=\"td-related-title\"><a id=\"td_uid_2_6a7610a38ebfa\" class=\"td-related-left td-cur-simple-item\" data-td_filter_value data-td_block_id=\"td_uid_1_6a7610a388b2b\" href=\"https:\/\/www.tvbuzau.ro\/copil-de-13-ani-ar-fi-sustras-si-condus-o-masina-prin-ramnicu-sarat\/\">ARTICOLE SIMILARE<\/a><a id=\"td_uid_3_6a7610a38ec37\" class=\"td-related-right\" data-td_filter_value=\"td_related_more_from_author\" data-td_block_id=\"td_uid_1_6a7610a388b2b\" href=\"https:\/\/www.tvbuzau.ro\/copil-de-13-ani-ar-fi-sustras-si-condus-o-masina-prin-ramnicu-sarat\/\">DE LA ACELA\u0218I AUTOR<\/a><\/h4>\n<div id=\"td_uid_1_6a7610a388b2b\" class=\"td_block_inner\">\n<div class=\"td-related-row\">\n<div class=\"td-related-span4\">\n<div class=\"td_module_related_posts td-animation-stack td_mod_related_posts\">\n<div class=\"td-module-image\">\n<div class=\"td-module-thumb\"><a href=\"https:\/\/www.tvbuzau.ro\/echipa-de-robotica-heart-of-robots-castigatoarea-bucharest-twin-cup-2026\/\" rel=\"bookmark\" title=\"Echipa de robotic\u0103 Heart of Robots, c\u00e2\u015ftig\u0103toarea Bucharest Twin Cup 2026\"><img loading=\"lazy\" decoding=\"async\" width=\"218\" height=\"150\" class=\"entry-thumb\" src=\"https:\/\/www.tvbuzau.ro\/wp-content\/uploads\/2026\/08\/sddefault-17-218x150.jpg\" alt title=\"Echipa de robotic\u0103 Heart of Robots, c\u00e2\u015ftig\u0103toarea Bucharest Twin Cup 2026\"><span class=\"td-video-play-ico\"><img loading=\"lazy\" decoding=\"async\" width=\"40\" height=\"40\" class=\"td-retina\" src=\"https:\/\/www.tvbuzau.ro\/wp-content\/themes\/Newspaper\/images\/icons\/ico-video-large.png\" alt=\"video\"><\/span><\/a><\/div>\n<p><a href=\"https:\/\/www.tvbuzau.ro\/category\/actualitate\/\" class=\"td-post-category\">Actualitate<\/a><\/div>\n<div class=\"item-details\">\n<h3 class=\"entry-title td-module-title\"><a href=\"https:\/\/www.tvbuzau.ro\/echipa-de-robotica-heart-of-robots-castigatoarea-bucharest-twin-cup-2026\/\" rel=\"bookmark\" title=\"Echipa de robotic\u0103 Heart of Robots, c\u00e2\u015ftig\u0103toarea Bucharest Twin Cup 2026\">Echipa de robotic\u0103 Heart of Robots, c\u00e2\u015ftig\u0103toarea Bucharest Twin Cup 2026<\/a><\/h3>\n<\/div>\n<\/div>\n<\/div>\n<div class=\"td-related-span4\">\n<div class=\"td_module_related_posts td-animation-stack td_mod_related_posts\">\n<div class=\"td-module-image\">\n<div class=\"td-module-thumb\"><a href=\"https:\/\/www.tvbuzau.ro\/ce-isi-doresc-consumatorii-de-la-o-tomata\/\" rel=\"bookmark\" title=\"Ce \u00ee\u0219i doresc consumatorii de la o tomat\u0103?\"><img loading=\"lazy\" decoding=\"async\" width=\"218\" height=\"150\" class=\"entry-thumb\" src=\"https:\/\/www.tvbuzau.ro\/wp-content\/uploads\/2026\/08\/sddefault-16-218x150.jpg\" alt title=\"Ce \u00ee\u0219i doresc consumatorii de la o tomat\u0103?\"><span class=\"td-video-play-ico\"><img loading=\"lazy\" decoding=\"async\" width=\"40\" height=\"40\" class=\"td-retina\" src=\"https:\/\/www.tvbuzau.ro\/wp-content\/themes\/Newspaper\/images\/icons\/ico-video-large.png\" alt=\"video\"><\/span><\/a><\/div>\n<p><a href=\"https:\/\/www.tvbuzau.ro\/category\/actualitate\/\" class=\"td-post-category\">Actualitate<\/a><\/div>\n<div class=\"item-details\">\n<h3 class=\"entry-title td-module-title\"><a href=\"https:\/\/www.tvbuzau.ro\/ce-isi-doresc-consumatorii-de-la-o-tomata\/\" rel=\"bookmark\" title=\"Ce \u00ee\u0219i doresc consumatorii de la o tomat\u0103?\">Ce \u00ee\u0219i doresc consumatorii de la o tomat\u0103?<\/a><\/h3>\n<\/div>\n<\/div>\n<\/div>\n<div class=\"td-related-span4\">\n<div class=\"td_module_related_posts td-animation-stack td_mod_related_posts\">\n<div class=\"td-module-image\">\n<div class=\"td-module-thumb\"><a href=\"https:\/\/www.tvbuzau.ro\/primul-mecanism-national-de-detectare-a-riscului-de-trafic-de-minori\/\" rel=\"bookmark\" title=\"Primul mecanism na\u021bional de detectare a riscului de trafic de minori\"><img loading=\"lazy\" decoding=\"async\" width=\"218\" height=\"150\" class=\"entry-thumb\" src=\"https:\/\/www.tvbuzau.ro\/wp-content\/uploads\/2026\/08\/sddefault-15-218x150.jpg\" alt title=\"Primul mecanism na\u021bional de detectare a riscului de trafic de minori\"><span class=\"td-video-play-ico\"><img loading=\"lazy\" decoding=\"async\" width=\"40\" height=\"40\" class=\"td-retina\" src=\"https:\/\/www.tvbuzau.ro\/wp-content\/themes\/Newspaper\/images\/icons\/ico-video-large.png\" alt=\"video\"><\/span><\/a><\/div>\n<p><a href=\"https:\/\/www.tvbuzau.ro\/category\/actualitate\/\" class=\"td-post-category\">Actualitate<\/a><\/div>\n<div class=\"item-details\">\n<h3 class=\"entry-title td-module-title\"><a href=\"https:\/\/www.tvbuzau.ro\/primul-mecanism-national-de-detectare-a-riscului-de-trafic-de-minori\/\" rel=\"bookmark\" title=\"Primul mecanism na\u021bional de detectare a riscului de trafic de minori\">Primul mecanism na\u021bional de detectare a riscului de trafic de minori<\/a><\/h3>\n<\/div>\n<\/div>\n<\/div>\n<\/div>\n<div class=\"td-related-row\">\n<div class=\"td-related-span4\">\n<div class=\"td_module_related_posts td-animation-stack td_mod_related_posts\">\n<div class=\"td-module-image\">\n<div class=\"td-module-thumb\"><a href=\"https:\/\/www.tvbuzau.ro\/zona-tezaurului-de-la-pietroasele-gazda-buzau-wine-fest\/\" rel=\"bookmark\" title=\"Zona Tezaurului de la Pietroasele, gazda Buz\u0103u Wine Fest\"><img loading=\"lazy\" decoding=\"async\" width=\"218\" height=\"150\" class=\"entry-thumb\" src=\"https:\/\/www.tvbuzau.ro\/wp-content\/uploads\/2026\/08\/hqdefault-5-218x150.jpg\" alt title=\"Zona Tezaurului de la Pietroasele, gazda Buz\u0103u Wine Fest\"><span class=\"td-video-play-ico\"><img loading=\"lazy\" decoding=\"async\" width=\"40\" height=\"40\" class=\"td-retina\" src=\"https:\/\/www.tvbuzau.ro\/wp-content\/themes\/Newspaper\/images\/icons\/ico-video-large.png\" alt=\"video\"><\/span><\/a><\/div>\n<p><a href=\"https:\/\/www.tvbuzau.ro\/category\/actualitate\/\" class=\"td-post-category\">Actualitate<\/a><\/div>\n<div class=\"item-details\">\n<h3 class=\"entry-title td-module-title\"><a href=\"https:\/\/www.tvbuzau.ro\/zona-tezaurului-de-la-pietroasele-gazda-buzau-wine-fest\/\" rel=\"bookmark\" title=\"Zona Tezaurului de la Pietroasele, gazda Buz\u0103u Wine Fest\">Zona Tezaurului de la Pietroasele, gazda Buz\u0103u Wine Fest<\/a><\/h3>\n<\/div>\n<\/div>\n<\/div>\n<div class=\"td-related-span4\">\n<div class=\"td_module_related_posts td-animation-stack td_mod_related_posts\">\n<div class=\"td-module-image\">\n<div class=\"td-module-thumb\"><a href=\"https:\/\/www.tvbuzau.ro\/servicii-pentru-contribuabili-oferite-de-anaf-pentru-contribuabili\/\" rel=\"bookmark\" title=\"Servicii pentru contribuabili oferite de ANAF\"><img loading=\"lazy\" decoding=\"async\" width=\"218\" height=\"150\" class=\"entry-thumb\" src=\"https:\/\/www.tvbuzau.ro\/wp-content\/uploads\/2026\/08\/sddefault-14-218x150.jpg\" alt title=\"Servicii pentru contribuabili oferite de ANAF\"><span class=\"td-video-play-ico\"><img loading=\"lazy\" decoding=\"async\" width=\"40\" height=\"40\" class=\"td-retina\" src=\"https:\/\/www.tvbuzau.ro\/wp-content\/themes\/Newspaper\/images\/icons\/ico-video-large.png\" alt=\"video\"><\/span><\/a><\/div>\n<p><a href=\"https:\/\/www.tvbuzau.ro\/category\/actualitate\/\" class=\"td-post-category\">Actualitate<\/a><\/div>\n<div class=\"item-details\">\n<h3 class=\"entry-title td-module-title\"><a href=\"https:\/\/www.tvbuzau.ro\/servicii-pentru-contribuabili-oferite-de-anaf-pentru-contribuabili\/\" rel=\"bookmark\" title=\"Servicii pentru contribuabili oferite de ANAF\">Servicii pentru contribuabili oferite de ANAF<\/a><\/h3>\n<\/div>\n<\/div>\n<\/div>\n<div class=\"td-related-span4\">\n<div class=\"td_module_related_posts td-animation-stack td_mod_related_posts\">\n<div class=\"td-module-image\">\n<div class=\"td-module-thumb\"><a href=\"https:\/\/www.tvbuzau.ro\/lucrari-hidrotehnice-efectute-de-apele-romane-impotriva-inundatiilor\/\" rel=\"bookmark\" title=\"Lucr\u0103ri hidrotehnice efectute de Apele Rom\u00e2ne \u00eempotriva inunda\u0163iilor\"><img loading=\"lazy\" decoding=\"async\" width=\"218\" height=\"150\" class=\"entry-thumb\" src=\"https:\/\/www.tvbuzau.ro\/wp-content\/uploads\/2026\/08\/sddefault-13-218x150.jpg\" alt title=\"Lucr\u0103ri hidrotehnice efectute de Apele Rom\u00e2ne \u00eempotriva inunda\u0163iilor\"><span class=\"td-video-play-ico\"><img loading=\"lazy\" decoding=\"async\" width=\"40\" height=\"40\" class=\"td-retina\" src=\"https:\/\/www.tvbuzau.ro\/wp-content\/themes\/Newspaper\/images\/icons\/ico-video-large.png\" alt=\"video\"><\/span><\/a><\/div>\n<p><a href=\"https:\/\/www.tvbuzau.ro\/category\/actualitate\/\" class=\"td-post-category\">Actualitate<\/a><\/div>\n<div class=\"item-details\">\n<h3 class=\"entry-title td-module-title\"><a href=\"https:\/\/www.tvbuzau.ro\/lucrari-hidrotehnice-efectute-de-apele-romane-impotriva-inundatiilor\/\" rel=\"bookmark\" title=\"Lucr\u0103ri hidrotehnice efectute de Apele Rom\u00e2ne \u00eempotriva inunda\u0163iilor\">Lucr\u0103ri hidrotehnice efectute de Apele Rom\u00e2ne \u00eempotriva inunda\u0163iilor<\/a><\/h3>\n<\/div>\n<\/div>\n<\/div>\n<\/div>\n<\/div>\n<\/div>\n<div class=\"comments\" id=\"comments\">\n<div id=\"respond\" class=\"comment-respond\">\n<h3 id=\"reply-title\" class=\"comment-reply-title\">L\u0102SA\u021aI UN MESAJ <small><a rel=\"nofollow\" id=\"cancel-comment-reply-link\" href=\"https:\/\/www.tvbuzau.ro\/copil-de-13-ani-ar-fi-sustras-si-condus-o-masina-prin-ramnicu-sarat\/#respond\">Renun\u021ba\u021bi la r\u0103spuns<\/a><\/small><\/h3>\n<\/div>\n<\/div>\n<\/div>\n<div class=\"td-post-content\">\n<div class=\"td-featured-image-rec\">\n<div class=\"wpb_video_wrapper\">\n                    <iframe loading=\"lazy\" id=\"td_youtube_player\" width=\"600\" height=\"560\" src=\"https:\/\/www.youtube.com\/embed\/muCeIauUI44?enablejsapi=1&amp;feature=oembed&amp;wmode=opaque&amp;vq=hd720\" frameborder allowfullscreen><\/iframe><\/p><\/div>\n<\/div>\n<p>Mai mul\u0163i \u015foferi re\u0163inu\u0163i pentru infrac\u0163iuni la regimul rutier<br \/>\nPoli\u0163i\u015ftii au derulat mai multe razii \u00een ultimele zile \u00een municipiul R\u00e2mnicu S\u0103rat. \u00centr-una dintre zile oamenii legii au r\u0103mas \u015foca\u0163i dup\u0103 ce au depistat un copil la volanul unei ma\u015fini.<br \/>\n\u201c\u00cen ziua de 31 iulie a.c., \u00een municipiul R\u00e2mnicu S\u0103rat, \u00een jurul orei 20.30, poli\u021bi\u0219tii au depistat un minor de 13 ani, \u00een timp ce conducea un autoturism pe o strad\u0103 din localitatea de domiciliu. Din verific\u0103ri a reie\u0219it c\u0103 acesta ar fi luat cheile ma\u0219inii, f\u0103r\u0103 \u00eencuviin\u021barea bunicii \u0219i ar fi plecat cu autoturismul.Poli\u021bi\u0219tii au \u00eentocmit dosar penal \u0219i continu\u0103 cercet\u0103rile pentru conducerea unui autovehicul f\u0103r\u0103 a de\u021bine permis de conducere \u0219i furt \u00een scop de folosin\u021b\u0103\u201d, a anun\u0163at IPJ Buz\u0103u.<br \/>\nDe altfel, \u00ee ultimele zile mai mul\u0163i \u015foferi au fost re\u0163inu\u0163i pentru c\u0103 au \u00eenc\u0103lcat grav codul rutier, fiind prin\u015fi b\u0103u\u0163i la volan.<br \/>\n\u201cPoli\u0163i\u015ftii din cadrul Sec\u0163iei de poli\u0163ie rural\u0103 Coste\u0219ti, afl\u00e2ndu-se \u00een executarea atribu\u0163iilor de serviciu, au re\u0163inut un b\u0103rbat \u00een v\u00e2rst\u0103 de 56 de ani, din Buz\u0103u, pentru infrac\u0163iuni la regimul rutier. B\u0103rbatul a condus un tractor pe o strad\u0103 din \u021ainte\u0219ti, cu toate c\u0103 acesta nu era \u00eenmatriculat sau \u00eenegistrat. Mai  mult, \u00eentruc\u00e2t conduc\u0103torul auto emana halen\u0103 alcoolic\u0103, poli\u021bi\u0219tii l-au testat cu aparatul din dotare, care a indicat valoarea de 0,85 mg\/l alcool pur \u00een aerul expirat.  Poli\u021bi\u0219tii Sec\u021biei de poli\u021bie rural\u0103 Berca au re\u0163inut pentru o perioad\u0103 de 24 de ore un b\u0103rbat de \u00een v\u00e2rst\u0103 de 52 de ani, din Verne\u0219ti. \u00cen urma verific\u0103rilor specifice \u00een bazele de date ale Poli\u021biei Rom\u00e2ne, poli\u021bi\u0219tii au constatat c\u0103 b\u0103rbatul avea dreptul de a conduce suspendat. De asemenea, fiind testat cu aparatul etilotest, acesta a indicat rezultatul de 0,93 mg\/l alcool pur \u00een aerul expirat\u201d, exemplific\u0103 IPJ Buz\u0103u.<br \/>\nMai mult, oamenii legii au re\u0163inut un t\u00e2n\u0103r \u00een v\u00e2rst\u0103 de 25 de ani, din Lop\u0103tari dup\u0103 ce ar fi condus  ma\u0219ina pe o strad\u0103 din municipiul Buz\u0103u \u0219i, \u00een \u00eencercarea de a o parca, ar fi avariat un alt autoturism sta\u021bionat. \u00cen urma inter\u0103g\u0103rii bazelor de date, a reie\u0219it c\u0103 t\u00e2n\u0103rul nu figureaz\u0103 ca posesor de permis de conducere. Acesta ar fi luat ma\u0219ina de la o cuno\u0219tin\u021b\u0103, f\u0103r\u0103 acordul prealabil al proprietarului. \u00cen urma test\u0103rii cu aparatele din dotarea poli\u021bi\u0219tilor, \u00een cazul t\u00e2n\u0103rului a reie\u0219it o concentra\u021bie alcoolic\u0103 de 0,58 mg\/l alcool pur \u00een aerul expirat.<\/p>\n<div class=\"post-views post-119902 entry-meta\"><span class=\"post-views-label\">Post Views: <\/span><span class=\"post-views-count\">157<\/span><\/div>\n<\/div>\n<p>[analyse_source url=&#8221;https:\/\/www.tvbuzau.ro\/copil-de-13-ani-ar-fi-sustras-si-condus-o-masina-prin-ramnicu-sarat\/&#8221;]<\/p>\n","protected":false},"excerpt":{"rendered":"<p>[analyse_image type=&#8221;featured&#8221; src=&#8221;https:\/\/www.tvbuzau.ro\/wp-content\/uploads\/2026\/08\/sddefault-4.jpghttps:\/\/www.tvbuzau.ro\/wp-content\/uploads\/2026\/08\/sddefault-4.jpg&#8221;] Actualitate Copil de 13 ani ar fi sustras \u015fi condus o ma\u015fin\u0103 prin R\u00e2mnicu S\u0103rat De c\u0103tre TV Buz\u0103u &#8211; august 4, 2026 0 12 Distribui\u021bi pe Facebook Distribui\u021bi pe Twitter tweet Mai mul\u0163i \u015foferi re\u0163inu\u0163i pentru infrac\u0163iuni la regimul rutier Poli\u0163i\u015ftii au derulat mai multe razii \u00een ultimele zile \u00een municipiul [&hellip;]<\/p>\n","protected":false},"author":1,"featured_media":0,"comment_status":"open","ping_status":"","sticky":false,"template":"","format":"standard","meta":{"footnotes":""},"categories":[2],"tags":[226,116],"class_list":["post-2082662","post","type-post","status-publish","format-standard","hentry","category-politics","tag-crawlmanager","tag-tvbuzau-ro"],"_links":{"self":[{"href":"https:\/\/analyse.optim.biz\/index.php?rest_route=\/wp\/v2\/posts\/2082662","targetHints":{"allow":["GET"]}}],"collection":[{"href":"https:\/\/analyse.optim.biz\/index.php?rest_route=\/wp\/v2\/posts"}],"about":[{"href":"https:\/\/analyse.optim.biz\/index.php?rest_route=\/wp\/v2\/types\/post"}],"author":[{"embeddable":true,"href":"https:\/\/analyse.optim.biz\/index.php?rest_route=\/wp\/v2\/users\/1"}],"replies":[{"embeddable":true,"href":"https:\/\/analyse.optim.biz\/index.php?rest_route=%2Fwp%2Fv2%2Fcomments&post=2082662"}],"version-history":[{"count":0,"href":"https:\/\/analyse.optim.biz\/index.php?rest_route=\/wp\/v2\/posts\/2082662\/revisions"}],"wp:attachment":[{"href":"https:\/\/analyse.optim.biz\/index.php?rest_route=%2Fwp%2Fv2%2Fmedia&parent=2082662"}],"wp:term":[{"taxonomy":"category","embeddable":true,"href":"https:\/\/analyse.optim.biz\/index.php?rest_route=%2Fwp%2Fv2%2Fcategories&post=2082662"},{"taxonomy":"post_tag","embeddable":true,"href":"https:\/\/analyse.optim.biz\/index.php?rest_route=%2Fwp%2Fv2%2Ftags&post=2082662"}],"curies":[{"name":"wp","href":"https:\/\/api.w.org\/{rel}","templated":true}]}}