{"id":2082654,"date":"2025-10-29T18:16:54","date_gmt":"2025-10-29T15:16:54","guid":{"rendered":"https:\/\/analyse.optim.biz\/?p=2082654"},"modified":"2025-10-29T18:16:54","modified_gmt":"2025-10-29T15:16:54","slug":"valea-slanicului-risca-sa-ramana-fara-apa-tinta-investitii-de-anvergura-2","status":"publish","type":"post","link":"https:\/\/analyse.optim.biz\/?p=2082654","title":{"rendered":"VALEA SL\u0102NICULUI RISC\u0102 S\u0102 R\u0102M\u00c2N\u0102 F\u0102R\u0102 AP\u0102. \u021ainta: investi\u021bii de anvergur\u0103 (2)"},"content":{"rendered":"<p>[analyse_image type=&#8221;featured&#8221; src=&#8221;https:\/\/buzaulinreportaje.ro\/wp-content\/uploads\/2024\/09\/APA-BUNA.jpghttps:\/\/buzaulinreportaje.ro\/wp-content\/uploads\/2024\/09\/APA-BUNA.jpg&#8221;]<\/p>\n<div class=\"entry-content herald-entry-content\">\n<p class=\"has-large-font-size wp-block-paragraph\"><strong>EUROPA CERE MINUS 10%. <\/strong><\/p>\n<p class=\"has-large-font-size wp-block-paragraph\"><strong>\u25ba<\/strong>Rezilien\u021ba hidric\u0103 este noul cuplu din topica european\u0103 c\u00e2nd vine vorba despre rapoartele \u00een care se pune accent pe asigurarea apei potabile pentru popula\u021bie. Comisia European\u0103 le cere statelor membre s\u0103 aib\u0103 o strategie concret\u0103 privind rezilien\u021ba hidric\u0103, pentru ca p\u00e2n\u0103 \u00een 2030 consumul de ap\u0103 potabil\u0103 s\u0103 scad\u0103 cu 10 la sut\u0103. Scopul este clar, scrie <a href=\"https:\/\/www.politico.eu\/article\/brussels-asks-eu-countries-to-use-less-water\/\">POLITICO<\/a>, refacerea ciclului apei profund afectat de poluare, schimb\u0103ri climatice \u0219i degradarea mediului. \u00a0Economisirea v\u0103zut\u0103 de comisarii europeni se refer\u0103 la energia electric\u0103, la agricultur\u0103 \u0219i, abia apoi la consumul popula\u021biei. Europa se confrunt\u0103 cu multiple probleme legate de ap\u0103, inclusiv poluarea cu PFAS (grupa substan\u021belor perfluoroalchilate \u0219i polifluoroalchilate \u2013 peste 4.700 de substab\u021be chimice sintetice numite \u0219i substan\u021be chimice ve\u0219nice) \u0219i nitra\u021bi, infrastructur\u0103 cu pierderi, secete mai severe \u0219i precipita\u021bii mai intense.<\/p>\n<p class=\"has-large-font-size wp-block-paragraph\">\u25baBanca European\u0103 de Investi\u021bii sprijin\u0103 cu 15 miliarde de euro investi\u021bii \u00een infrastructuri mari \u0219i solu\u021bii bazate pe natur\u0103, iar Buz\u0103ul poate aplica la acest capitol cu <a href=\"https:\/\/buzaulinreportaje.ro\/proiect-strategic-pentru-judetul-buzau-ce-poate-duce-la-ieftinirea-apei-potabile-la-un-pas-de-prima-finantare\/\">APEDUCTUL SIRIU<\/a>, dar \u0219i Comisia European\u0103 va \u00eenfiin\u021ba ini\u021biative public-private pentru a realiza inova\u021bie tehnologic\u0103 major\u0103 pentru a cur\u0103\u021ba poluarea.<\/p>\n<p class=\"has-large-font-size wp-block-paragraph\">\u25baRom\u00e2nia este stat membru al UE, este pe lista problemelor \u00een contextul apei, am mai scris \u00een <a href=\"http:\/\/www.buzaulinreportaje.ro\">www.buzaulinreportaje.ro<\/a> , iar Buz\u0103ul a dat semnale clare pe Valea R\u00e2mnicului, zona Livada Mic\u0103, iar acum Valea Sl\u0103nicului risc\u0103 s\u0103 r\u0103m\u00e2n\u0103 f\u0103r\u0103 ap\u0103, am detaliat <strong><a href=\"https:\/\/buzaulinreportaje.ro\/valea-slanicului-risca-sa-ramana-fara-apa-potabila-1\/\">AICI<\/a><\/strong> \u0219i continu\u0103m azi.<\/p>\n<div class=\"wp-block-image\">\n<figure class=\"aligncenter size-large\"><img loading=\"lazy\" decoding=\"async\" width=\"1024\" height=\"768\" src=\"https:\/\/buzaulinreportaje.ro\/wp-content\/uploads\/2025\/09\/paraul-Slanic-1024x768.jpg\" alt class=\"wp-image-26552\"><figcaption class=\"wp-element-caption\">VALEA SL\u0102NICULUI ARE AP\u0102 S\u0102RAT\u0102.<\/figcaption><\/figure>\n<\/div>\n<p class=\"has-large-font-size wp-block-paragraph\">\u25baOperatorul regional de ap\u0103, Compania de Ap\u0103 Buz\u0103u este un pionier al infrastructurii de ap\u0103 \u0219i dezvolt\u0103 proiecte europene \u00een valoare de peste 300 de milioane de euro, \u00een jude\u021b, \u00eens\u0103 prezentul relev\u0103 mereu necesit\u0103\u021bi noi investi\u021bionale. Pornim continuarea reportajului \u00een care l-am avut interlocutor pe inginerul <a href=\"https:\/\/buzaulinreportaje.ro\/valea-slanicului-risca-sa-ramana-fara-apa-potabila-1\/\">Nicolae M\u0103r\u0103cine!<\/a><\/p>\n<p class=\"has-large-font-size wp-block-paragraph\"><strong>CONTEXTUL V\u0102II. <\/strong>Este realitatea din teren, adecvat\u0103 finalului de an 2025 \u0219i transpus\u0103 \u00een conferin\u021ba de pres\u0103 din septembrie, de la Compania de Ap\u0103, operator regional \u00eenfiin\u021bat \u00een 2008 \u0219i care are serviciul de alimentare cu ap\u0103 delegat \u0219i pe Valea Sl\u0103nicului, aici fiind aproximativ 4.000 de gospod\u0103rii, agen\u021bi economici \u0219i institu\u021bii publice, beneficiari. Epicentrul de alimentare cu ap\u0103 este sec\u0103tuitul baraj Cire\u0219u, despre care se \u0219tie c\u0103 are un volum de 30000 de metri cubi de ap\u0103, o parte fiind colmatat\u0103 \u0219i greu de cur\u0103\u021bat. Numai c\u0103 acest baraj prime\u0219te ap\u0103 prepondenrent din precipita\u021bii atmosferice \u0219i din p\u00e2r\u00e2ul Jighiab, de asemenea dependent de ploi \u0219i z\u0103pezi \u0219i cu aport minim la apa din baraj. Surse alternative pentru a da ap\u0103 celor peste 4.000 de beneficiari, pe Valea Sl\u0103nicului, nu exist\u0103.<\/p>\n<figure class=\"wp-block-image size-large\"><img decoding=\"async\" loading=\"lazy\" width=\"1024\" height=\"576\" src=\"https:\/\/buzaulinreportaje.ro\/wp-content\/uploads\/2025\/10\/WhatsApp-Image-2025-09-30-at-07.38.49-1024x576.jpeg\" alt class=\"wp-image-26824\"><\/figure>\n<p class=\"has-large-font-size wp-block-paragraph\">Pentru c\u0103 pe conducta de 22,4 de kilometri dintre baraj \u0219i sta\u021bia de tartare de la Jghiab nu mai curge ap\u0103 c\u00e2t se consum\u0103 \u00een prezent, CAB are \u00een derulare inclusiv prin POIM, un rezervor suplimentar de 700 de mc fiind deja disponibil pentru consumurile instantanee de ap\u0103. De asemenea, au fost ref\u0103cute instala\u021biile de tratare de la Jghiab \u0219i se fac moderniz\u0103ri hidromecanice la baraj. Din fondurile proprii, CAB a trecut la propunerea de a fi construite astfel de rezervoare suplimentare pentru acelea\u0219i consumuri instantanee \u00een Beceni, Vintil\u0103 Vod\u0103 \u0219i S\u0103rule\u0219ti. Nimic nu este suficient \u00eens\u0103! Iar directorul general al CAB, inginerul Simona S\u0103vulescu a deschis subiectul ce pune altfel problema V\u0103ii Sl\u0103nicului pornind de la lipsa apei, \u00een perioada de secet\u0103, \u00een barajul Cire\u0219u.<\/p>\n<p class=\"has-large-font-size wp-block-paragraph\">\u00cent\u00e2i am discutat cu expertul hidrolog, ing. Nicolae M\u0103r\u0103cine<a href=\"https:\/\/buzaulinreportaje.ro\/valea-slanicului-risca-sa-ramana-fara-apa-potabila-1\/\">https:\/\/buzaulinreportaje.ro\/valea-slanicului-risca-sa-ramana-fara-apa-potabila-1\/<\/a> despre subiectul usc\u0103ciunii de pe Valea Sl\u0103nicului, a apei s\u0103rate, dar \u0219i a celei infestate.<\/p>\n<figure class=\"wp-block-image size-large\"><img decoding=\"async\" loading=\"lazy\" width=\"1024\" height=\"769\" src=\"https:\/\/buzaulinreportaje.ro\/wp-content\/uploads\/2024\/06\/Baraj-Ciresu-1-1024x769.jpg\" alt class=\"wp-image-23698\"><figcaption class=\"wp-element-caption\">BARAJUL CIRE\u0218U 2024, IUNIE<\/figcaption><\/figure>\n<p class=\"has-large-font-size wp-block-paragraph\">Azi, prin sunetul introductiv al <a href=\"https:\/\/www.facebook.com\/Compania.de.Apa.S.A.Buzau\">dir. gen. Simona S\u0103vulescu<\/a>, ideea merge c\u0103tre lipsurile administrative acumulate \u00een cei 36 de ani ce au trecut de la c\u0103derea efectiv\u0103 a comunismului \u0219i intrarea \u00een vigoare a altor legi funciare de care \u00eens\u0103 nu au \u021binut cont responsabil buzoienii ce au trecut prin func\u021bia de primar. Sunt drumuri \u0219i suprafe\u021be \u00eentinse f\u0103r\u0103 acte de proprietate funciar\u0103 care \u021bin pe loc investi\u021bii colosale \u00een domeniul apei potabile.<\/p>\n<p class=\"has-large-font-size wp-block-paragraph\">A\u0219adar, consolidarea infrastructurii noi de ap\u0103 pe Valea Sl\u0103nicului va presupune construc\u021bii de anvergur\u0103, \u00a0mai ales \u00een zona Malu Ro\u0219u, din comuna Lop\u0103tari spune Constantin M\u0103rg\u0103rit, inginerul \u0219ef al CAB.<\/p>\n<p class=\"has-large-font-size wp-block-paragraph\"><strong>AP\u0102 DE UNDE NU A AJUNS OMUL S\u0102 LOCUIASC\u0102. <\/strong>Este realmente interesant\u0103, dar \u0219i unic\u0103 \u00een spa\u021biul public opinia inginerului R\u0103zvan Isopencu, prezent la evenimentul de comunicare din sediul CAB. Specialistul spune c\u0103 sursele pentru care se vor aloca bani trebuie neap\u0103rat s\u0103 fie \u00een zona unde nu exist\u0103 efecte antropice.<\/p>\n<p class=\"has-large-font-size wp-block-paragraph\">A\u0219adar, o munc\u0103 practic\u0103 \u0219i investi\u021bional\u0103 de durat\u0103, concluzioneaz\u0103 dir. gen. ing. Simona S\u0103vulescu.<\/p>\n<p class=\"has-large-font-size wp-block-paragraph\"><strong>PRIMARII, OBLIGA\u021aI S\u0102 INTERVIN\u0102. <\/strong>Nu doar limpezind actele de proprietate funciar\u0103, ci efectiv implic\u00e2ndu-se \u00een aplicarea literei legii 241\/22 iunie 2006, Legea serviciului de alimentare cu ap\u0103 \u0219i de canalizare. Revine cu opinie detaliat\u0103 \u0219i de specialist ing. Constantin M\u0103rg\u0103rit.<\/p>\n<div class=\"wp-block-image\">\n<figure class=\"alignleft size-full\"><img decoding=\"async\" loading=\"lazy\" width=\"160\" height=\"160\" src=\"https:\/\/buzaulinreportaje.ro\/wp-content\/uploads\/2025\/05\/CAB.jpg\" alt class=\"wp-image-25740\"><\/figure>\n<\/div>\n<p class=\"has-large-font-size wp-block-paragraph\">Salb\u0103 de decantoare suspensionale, baraje, surse \u00een zone c\u00e2t mai neumblate de pasul omului, studii de fezabilitate scrise cu responsabilitatea viitorului pentru zeci de mii de buzoieni, nu doar pentru Valea Sl\u0103nicului. \u00cen plus, exist\u0103 \u0219i presiunea european\u0103 care cere ca sursele de ap\u0103 potabil\u0103 s\u0103 fie c\u00e2t mai protejate.<\/p>\n<p class=\"has-large-font-size wp-block-paragraph\"><strong>SALB\u0102 DE BARAJE. <\/strong>Este solu\u021bia clar\u0103 pentru arealul V\u0103ii Sl\u0103nicului, iar proiectele sunt deja \u00een g\u00e2ndirea speciali\u0219tilor CAB. \u00cenainte ca dir. gen. Simona S\u0103vulescu s\u0103 aduc\u0103 acest argument decisiv \u0219i extrem de bine conturat, ne spune vulnerabilit\u0103\u021bile zonei V\u0103ii Sl\u0103nicului.<\/p>\n<p class=\"has-large-font-size wp-block-paragraph\">Pentru ca apa potabil\u0103 s\u0103 fie respectat\u0103 realmente ca dreptul la via\u021b\u0103, atunci trebuie s\u0103 devin\u0103 de interes strategic, aspect notat de managerul CAB, Simona S\u0103vulescu.<\/p>\n<p class=\"has-large-font-size wp-block-paragraph\">A\u0219adar, solu\u021bia ca \u00een 2026, Valea Sl\u0103nicului s\u0103 nu mai treac\u0103 prin episoade de lips\u0103 total\u0103 de ap\u0103 este ca aceste proiecte men\u021bionate de conducerea CAB s\u0103 intre deja \u00een practic\u0103 \u0219i s\u0103 fie de anvergur\u0103, a\u0219a cum spun la unison ace\u0219ti speciali\u0219ti.<\/p>\n<p class=\"has-large-font-size wp-block-paragraph\">O solu\u021bie pe care se pune accent \u0219i la nivel european pentru a fi ocrotite sursele subterane, care, de altfel, au nevoie de timp \u0219i ajutor ca s\u0103 se refac\u0103. Despre Valea Sl\u0103nicului vom mai scrie, \u00een mod cert. <\/p>\n<div class=\"meta-tags\"><span>etichete<\/span><a href=\"https:\/\/buzaulinreportaje.ro\/tag\/apa-de-importanta-strategica\/\" rel=\"tag\">apa de importan\u021b\u0103 strategic\u0103<\/a><a href=\"https:\/\/buzaulinreportaje.ro\/tag\/baraj\/\" rel=\"tag\">baraj<\/a><a href=\"https:\/\/buzaulinreportaje.ro\/tag\/dir-gen-simona-savulescu\/\" rel=\"tag\">dir. gen. Simona S\u0103vulescu<\/a><a href=\"https:\/\/buzaulinreportaje.ro\/tag\/ing-constantin-margarit\/\" rel=\"tag\">ing. Constantin M\u0103rg\u0103rit<\/a><a href=\"https:\/\/buzaulinreportaje.ro\/tag\/ing-razvan-isopencu\/\" rel=\"tag\">ing. R\u0103zvan Isopencu<\/a><a href=\"https:\/\/buzaulinreportaje.ro\/tag\/investitii-cab\/\" rel=\"tag\">investitii CAB<\/a><a href=\"https:\/\/buzaulinreportaje.ro\/tag\/salba-de-baraje\/\" rel=\"tag\">salb\u0103 de baraje<\/a><a href=\"https:\/\/buzaulinreportaje.ro\/tag\/valea-slanicului-de-buzau\/\" rel=\"tag\">Valea Sl\u0103nicului de Buz\u0103u<\/a><\/div>\n<div class=\"herald-share-content\">\n<div class=\"meks_ess layout-5-1 transparent no-labels solid\"><a href=\"https:\/\/buzaulinreportaje.ro\/valea-slanicului-risca-sa-ramana-fara-apa-tinta-investitii-de-anvergura-2\/\" class=\"meks_ess-item socicon-facebook\" data-url=\"http:\/\/www.facebook.com\/sharer\/sharer.php?u=https%3A%2F%2Fbuzaulinreportaje.ro%2Fvalea-slanicului-risca-sa-ramana-fara-apa-tinta-investitii-de-anvergura-2%2F&amp;t=VALEA%20SL%C4%82NICULUI%20RISC%C4%82%20S%C4%82%20R%C4%82M%C3%82N%C4%82%20F%C4%82R%C4%82%20AP%C4%82.%20%C8%9Ainta%3A%20investi%C8%9Bii%20de%20anvergur%C4%83%20%20%282%29\"><span>Facebook<\/span><\/a><a href=\"https:\/\/api.whatsapp.com\/send?text=VALEA%20SL%C4%82NICULUI%20RISC%C4%82%20S%C4%82%20R%C4%82M%C3%82N%C4%82%20F%C4%82R%C4%82%20AP%C4%82.%20%C8%9Ainta%3A%20investi%C8%9Bii%20de%20anvergur%C4%83%20%20%282%29%20https%3A%2F%2Fbuzaulinreportaje.ro%2Fvalea-slanicului-risca-sa-ramana-fara-apa-tinta-investitii-de-anvergura-2%2F\" class=\"meks_ess-item socicon-whatsapp prevent-share-popup\"><span>WhatsApp<\/span><\/a><a href=\"https:\/\/buzaulinreportaje.ro\/valea-slanicului-risca-sa-ramana-fara-apa-tinta-investitii-de-anvergura-2\/\" class=\"meks_ess-item socicon-twitter\" data-url=\"http:\/\/twitter.com\/intent\/tweet?url=https%3A%2F%2Fbuzaulinreportaje.ro%2Fvalea-slanicului-risca-sa-ramana-fara-apa-tinta-investitii-de-anvergura-2%2F&amp;text=VALEA%20SL%C4%82NICULUI%20RISC%C4%82%20S%C4%82%20R%C4%82M%C3%82N%C4%82%20F%C4%82R%C4%82%20AP%C4%82.%20%C8%9Ainta%3A%20investi%C8%9Bii%20de%20anvergur%C4%83%20%20%282%29\"><span>X<\/span><\/a><\/div>\n<\/div>\n<\/div>\n<p>[analyse_source url=&#8221;https:\/\/buzaulinreportaje.ro\/valea-slanicului-risca-sa-ramana-fara-apa-tinta-investitii-de-anvergura-2\/&#8221;]<\/p>\n","protected":false},"excerpt":{"rendered":"<p>[analyse_image type=&#8221;featured&#8221; src=&#8221;https:\/\/buzaulinreportaje.ro\/wp-content\/uploads\/2024\/09\/APA-BUNA.jpghttps:\/\/buzaulinreportaje.ro\/wp-content\/uploads\/2024\/09\/APA-BUNA.jpg&#8221;] EUROPA CERE MINUS 10%. \u25baRezilien\u021ba hidric\u0103 este noul cuplu din topica european\u0103 c\u00e2nd vine vorba despre rapoartele \u00een care se pune accent pe asigurarea apei potabile pentru popula\u021bie. Comisia European\u0103 le cere statelor membre s\u0103 aib\u0103 o strategie concret\u0103 privind rezilien\u021ba hidric\u0103, pentru ca p\u00e2n\u0103 \u00een 2030 consumul de ap\u0103 potabil\u0103 s\u0103 [&hellip;]<\/p>\n","protected":false},"author":1,"featured_media":0,"comment_status":"open","ping_status":"","sticky":false,"template":"","format":"standard","meta":{"footnotes":""},"categories":[],"tags":[59,226],"class_list":["post-2082654","post","type-post","status-publish","format-standard","hentry","tag-buzaulinreportaje-ro","tag-crawlmanager"],"_links":{"self":[{"href":"https:\/\/analyse.optim.biz\/index.php?rest_route=\/wp\/v2\/posts\/2082654","targetHints":{"allow":["GET"]}}],"collection":[{"href":"https:\/\/analyse.optim.biz\/index.php?rest_route=\/wp\/v2\/posts"}],"about":[{"href":"https:\/\/analyse.optim.biz\/index.php?rest_route=\/wp\/v2\/types\/post"}],"author":[{"embeddable":true,"href":"https:\/\/analyse.optim.biz\/index.php?rest_route=\/wp\/v2\/users\/1"}],"replies":[{"embeddable":true,"href":"https:\/\/analyse.optim.biz\/index.php?rest_route=%2Fwp%2Fv2%2Fcomments&post=2082654"}],"version-history":[{"count":0,"href":"https:\/\/analyse.optim.biz\/index.php?rest_route=\/wp\/v2\/posts\/2082654\/revisions"}],"wp:attachment":[{"href":"https:\/\/analyse.optim.biz\/index.php?rest_route=%2Fwp%2Fv2%2Fmedia&parent=2082654"}],"wp:term":[{"taxonomy":"category","embeddable":true,"href":"https:\/\/analyse.optim.biz\/index.php?rest_route=%2Fwp%2Fv2%2Fcategories&post=2082654"},{"taxonomy":"post_tag","embeddable":true,"href":"https:\/\/analyse.optim.biz\/index.php?rest_route=%2Fwp%2Fv2%2Ftags&post=2082654"}],"curies":[{"name":"wp","href":"https:\/\/api.w.org\/{rel}","templated":true}]}}