{"id":2082650,"date":"2026-08-07T16:45:00","date_gmt":"2026-08-07T13:45:00","guid":{"rendered":"https:\/\/analyse.optim.biz\/?p=2082650"},"modified":"2026-08-07T16:45:00","modified_gmt":"2026-08-07T13:45:00","slug":"toamna-bogata-abundenta-la-toamna-buzoiana-2026","status":"publish","type":"post","link":"https:\/\/analyse.optim.biz\/?p=2082650","title":{"rendered":"Toamn\u0103 bogat\u0103. Abunden\u021b\u0103 la \u201eToamna buzoian\u0103 2026\u201d"},"content":{"rendered":"<p>[analyse_image type=&#8221;featured&#8221; src=&#8221;https:\/\/www.campusbuzau.ro\/wp-content\/uploads\/2021\/09\/TOAMNA-e1754553910507.jpeghttps:\/\/www.campusbuzau.ro\/wp-content\/uploads\/2021\/09\/TOAMNA-e1754553910507.jpeg&#8221;]<\/p>\n<div class=\"entry-content\">\n<p><strong><em>Cea mai mare pia\u0163\u0103 agro-alimentar\u0103 din Buz\u0103u, exclusiv pentru produc\u0103tori, va func\u0163iona \u00een luna septembrie la t\u00e2rgul \u201eToamna Buzoian\u0103\u201d. Produc\u0103torii sunt bucuro\u015fi c\u0103 vor avea unde s\u0103-\u0219i v\u00e2nd\u0103 produsele iar vizitatorii sper\u0103 ca pre\u0163urile s\u0103 fie mai mici dec\u00e2t la Pia\u021ba Central\u0103. Parteneriatul dintre prim\u0103ria Buz\u0103u, Consiliul Jude\u0163ean \u015fi Direc\u0163ia Agricol\u0103 va crea o s\u0103rb\u0103toare a recoltei cu adev\u0103rat deosebit\u0103.<\/em><\/strong><\/p>\n<p>\u00cen luna septembrie buzoienii vor avea bucuria s\u0103 participe la o nou\u0103 edi\u021bie a \u201dToamnei buzoiene\u201d, cel mai mare \u0219i mai bogat t\u00e2rg agro-alimentar al anului.<\/p>\n<p>C\u00e2t de bogat\u0103 \u0219i s\u0103n\u0103toas\u0103 va fi aceast\u0103 toamn\u0103 perntru buzoieni se va putea vedea \u00een luna septembrie c\u00e2nd, \u00eentre 11 \u0219i 13 va func\u021biona T\u00e2rgul \u201eToamna buzoian\u0103 \u2013 2026\u201d<\/p>\n<p>Ca \u00een fiecare an, s\u0103rb\u0103toarea recoltei va atrage \u00een fiecare zi sute de buzoieni dornici s\u0103-\u0219i umple c\u0103m\u0103rile pentru perioada sezonului rece.<\/p>\n<p>Produc\u0103tori din tot jude\u021bul, agricultori, gr\u0103dinari, apicultori ori cresc\u0103tori de p\u0103s\u0103ri \u0219i de animale, dar \u0219i me\u0219teri populari, ofer\u0103 cele mai bune produse vizitatorilor, la pre\u021buri mai bune dec\u00e2t \u00een pie\u021bile ora\u0219ului \u0219i a c\u0103ror calitate este la cel mai \u00eenalt nivel.<\/p>\n<p>Loca\u021bia \u201eToamnei buzoieni\u201d r\u0103m\u00e2ne neschimbat\u0103, \u00een interiorul T\u00e2rgului Dr\u0103gaica, unde \u00eentre cele trei zile de func\u021bionare vizitatorii vor g\u0103si cele mai bune produse agro-alimentare pentru perioada de iarn\u0103.<\/p>\n<p>Cu ceva ani buni \u00een urm\u0103 \u201eToamna buzoian\u0103\u201d avea o amploare deosebit\u0103 c\u00e2nd puteau fi v\u0103zute \u00een t\u00e2rg \u0219i animale domestice ori p\u0103s\u0103ri \u0219i era amenajat\u0103 \u0219i o zon\u0103 pentru utilaje agricole noi.<\/p>\n<p>Gr\u0103tarele cu mici, c\u00e2rna\u021bi sau fripturi, \u00eempreun\u0103 cu muzica popular\u0103 adev\u0103rat\u0103 \u0219i cu halbele de bere ori cu c\u0103nile de must proasp\u0103t, vor \u00eentregi atmosfera de s\u0103rb\u0103toare \u0219i le vor oferi buzoienilor \u0219i un prilej de distrac\u021bie, pe l\u00e2ng\u0103 saco\u0219ile pline cu roadele toamnei.<\/p>\n<\/div>\n<p>[analyse_source url=&#8221;https:\/\/www.campusbuzau.ro\/toamna-bogata-abundenta-la-toamna-buzoiana-2026\/&#8221;]<\/p>\n","protected":false},"excerpt":{"rendered":"<p>[analyse_image type=&#8221;featured&#8221; src=&#8221;https:\/\/www.campusbuzau.ro\/wp-content\/uploads\/2021\/09\/TOAMNA-e1754553910507.jpeghttps:\/\/www.campusbuzau.ro\/wp-content\/uploads\/2021\/09\/TOAMNA-e1754553910507.jpeg&#8221;] Cea mai mare pia\u0163\u0103 agro-alimentar\u0103 din Buz\u0103u, exclusiv pentru produc\u0103tori, va func\u0163iona \u00een luna septembrie la t\u00e2rgul \u201eToamna Buzoian\u0103\u201d. Produc\u0103torii sunt bucuro\u015fi c\u0103 vor avea unde s\u0103-\u0219i v\u00e2nd\u0103 produsele iar vizitatorii sper\u0103 ca pre\u0163urile s\u0103 fie mai mici dec\u00e2t la Pia\u021ba Central\u0103. Parteneriatul dintre prim\u0103ria Buz\u0103u, Consiliul Jude\u0163ean \u015fi Direc\u0163ia Agricol\u0103 va [&hellip;]<\/p>\n","protected":false},"author":1,"featured_media":0,"comment_status":"open","ping_status":"","sticky":false,"template":"","format":"standard","meta":{"footnotes":""},"categories":[2],"tags":[118,226],"class_list":["post-2082650","post","type-post","status-publish","format-standard","hentry","category-politics","tag-campusbuzau-ro","tag-crawlmanager"],"_links":{"self":[{"href":"https:\/\/analyse.optim.biz\/index.php?rest_route=\/wp\/v2\/posts\/2082650","targetHints":{"allow":["GET"]}}],"collection":[{"href":"https:\/\/analyse.optim.biz\/index.php?rest_route=\/wp\/v2\/posts"}],"about":[{"href":"https:\/\/analyse.optim.biz\/index.php?rest_route=\/wp\/v2\/types\/post"}],"author":[{"embeddable":true,"href":"https:\/\/analyse.optim.biz\/index.php?rest_route=\/wp\/v2\/users\/1"}],"replies":[{"embeddable":true,"href":"https:\/\/analyse.optim.biz\/index.php?rest_route=%2Fwp%2Fv2%2Fcomments&post=2082650"}],"version-history":[{"count":0,"href":"https:\/\/analyse.optim.biz\/index.php?rest_route=\/wp\/v2\/posts\/2082650\/revisions"}],"wp:attachment":[{"href":"https:\/\/analyse.optim.biz\/index.php?rest_route=%2Fwp%2Fv2%2Fmedia&parent=2082650"}],"wp:term":[{"taxonomy":"category","embeddable":true,"href":"https:\/\/analyse.optim.biz\/index.php?rest_route=%2Fwp%2Fv2%2Fcategories&post=2082650"},{"taxonomy":"post_tag","embeddable":true,"href":"https:\/\/analyse.optim.biz\/index.php?rest_route=%2Fwp%2Fv2%2Ftags&post=2082650"}],"curies":[{"name":"wp","href":"https:\/\/api.w.org\/{rel}","templated":true}]}}