{"id":208263,"date":"2014-04-05T16:12:12","date_gmt":"2014-04-05T13:12:12","guid":{"rendered":"https:\/\/analyse.optim.biz\/?p=208263"},"modified":"2014-04-05T16:12:12","modified_gmt":"2014-04-05T13:12:12","slug":"calin-popescu-tariceanu-il-trimite-pe-traian-basescu-sa-invete-sa-scrie","status":"publish","type":"post","link":"https:\/\/analyse.optim.biz\/?p=208263","title":{"rendered":"C\u0103lin Popescu T\u0103riceanu \u00eel trimite pe Traian B\u0103sescu s\u0103 \u00eenve\u0163e s\u0103 scrie"},"content":{"rendered":"<div class=\"entry data-app-meta data-app-meta-article\" data-embed-base-url-canonical=\"https:\/\/www.digi24.ro\/embed\/stiri\/actualitate\/politica\/calin-popescu-tariceanu-il-trimite-pe-traian-basescu-sa-invete-sa-scrie-225023\">\n<p data-index=\"1\">La recenta ceremonie de aniversare a 10 ani de la aderarea Romaniei la NATO, Traian B\u0103sescu a preferat s\u0103 nu dea m\u00e2na cu actualul pre\u0219edinte al Senatului. Fostul lider liberal \u00ee\u0219i ia revan\u0219a trimi\u021b\u00e2ndu-l pe pre\u0219edinte pe b\u0103ncile \u0219colii. <\/p>\n<p data-index=\"2\">Pretextul? Modul \u00een care a fost formulat\u0103 scrisoarea prin care Parlamentul era informat c\u0103 \u0219eful statului a aprobat propunerea premierului de dislocare a unor subunit\u0103\u021bi de infanterie american\u0103 la baza militar\u0103 de la Mihail Kog\u0103lniceanu.<\/p>\n<p data-index=\"3\">La primirea documentului, \u015feful Senatului a rabufnit: <span>\u201eS\u0103 \u015fti\u0163i c\u0103 prim-ministrul nu poate s\u0103 fie dec\u00e2t al Guvernului. Prim-ministrul este al Rom\u00e2niei, nu al Guvernului. Asta este o formulare pleonastic\u0103, mo\u015ftenit\u0103 din perioada lui Constantin D\u0103sc\u0103lescu \u015fi v\u0103 rog s\u0103 renun\u0163\u0103m la ea. Da? \u00cei trimite\u0163i \u00eenapoi h\u00e2rtia, s\u0103 \u00eenve\u0163e s\u0103 scrie\u201d, <\/span>a cerut C\u0103lin Popescu T\u0103riceanu staff-ului Senatului, conform stenogramei \u015fedin\u021bei conducerilor reunite ale Parlamentului.<\/p>\n<\/div>\n<p> Source URL: https:\/\/www.digi24.ro\/stiri\/actualitate\/politica\/calin-popescu-tariceanu-il-trimite-pe-traian-basescu-sa-invete-sa-scrie-225023<\/p>\n","protected":false},"excerpt":{"rendered":"<p>La recenta ceremonie de aniversare a 10 ani de la aderarea Romaniei la NATO, Traian B\u0103sescu a preferat s\u0103 nu dea m\u00e2na cu actualul pre\u0219edinte al Senatului. Fostul lider liberal \u00ee\u0219i ia revan\u0219a trimi\u021b\u00e2ndu-l pe pre\u0219edinte pe b\u0103ncile \u0219colii. Pretextul? Modul \u00een care a fost formulat\u0103 scrisoarea prin care Parlamentul era informat c\u0103 \u0219eful statului [&hellip;]<\/p>\n","protected":false},"author":1,"featured_media":208264,"comment_status":"open","ping_status":"","sticky":false,"template":"","format":"standard","meta":{"footnotes":""},"categories":[2],"tags":[11],"class_list":["post-208263","post","type-post","status-publish","format-standard","has-post-thumbnail","hentry","category-politics","tag-digi24"],"_links":{"self":[{"href":"https:\/\/analyse.optim.biz\/index.php?rest_route=\/wp\/v2\/posts\/208263","targetHints":{"allow":["GET"]}}],"collection":[{"href":"https:\/\/analyse.optim.biz\/index.php?rest_route=\/wp\/v2\/posts"}],"about":[{"href":"https:\/\/analyse.optim.biz\/index.php?rest_route=\/wp\/v2\/types\/post"}],"author":[{"embeddable":true,"href":"https:\/\/analyse.optim.biz\/index.php?rest_route=\/wp\/v2\/users\/1"}],"replies":[{"embeddable":true,"href":"https:\/\/analyse.optim.biz\/index.php?rest_route=%2Fwp%2Fv2%2Fcomments&post=208263"}],"version-history":[{"count":0,"href":"https:\/\/analyse.optim.biz\/index.php?rest_route=\/wp\/v2\/posts\/208263\/revisions"}],"wp:featuredmedia":[{"embeddable":true,"href":"https:\/\/analyse.optim.biz\/index.php?rest_route=\/wp\/v2\/media\/208264"}],"wp:attachment":[{"href":"https:\/\/analyse.optim.biz\/index.php?rest_route=%2Fwp%2Fv2%2Fmedia&parent=208263"}],"wp:term":[{"taxonomy":"category","embeddable":true,"href":"https:\/\/analyse.optim.biz\/index.php?rest_route=%2Fwp%2Fv2%2Fcategories&post=208263"},{"taxonomy":"post_tag","embeddable":true,"href":"https:\/\/analyse.optim.biz\/index.php?rest_route=%2Fwp%2Fv2%2Ftags&post=208263"}],"curies":[{"name":"wp","href":"https:\/\/api.w.org\/{rel}","templated":true}]}}