{"id":2082348,"date":"2026-08-05T10:22:01","date_gmt":"2026-08-05T07:22:01","guid":{"rendered":"https:\/\/analyse.optim.biz\/?p=2082348"},"modified":"2026-08-05T10:22:01","modified_gmt":"2026-08-05T07:22:01","slug":"timis-conflict-pe-fondul-consumului-de-alcool-incheiat-cu-o-injunghiere-la-lugoj-un-barbat-a-fost-arestat","status":"publish","type":"post","link":"https:\/\/analyse.optim.biz\/?p=2082348","title":{"rendered":"Timi\u0219: Conflict pe fondul consumului de alcool, \u00eencheiat cu o \u00eenjunghiere la Lugoj. Un b\u0103rbat a fost arestat"},"content":{"rendered":"<p>[analyse_image type=&#8221;featured&#8221; src=&#8221;https:\/\/www.banatulmeu.ro\/wp-content\/uploads\/2025\/07\/IMG_0360.jpeg&#8221;]<\/p>\n<div class=\"post-content-bd\">\n<p>Un b\u0103rbat \u00een v\u00e2rst\u0103 de 46 de ani a fost arestat preventiv pentru 30 de zile, dup\u0103 ce ar fi \u00eenjunghiat un alt b\u0103rbat, \u00een urma unui conflict izbucnit pe fondul consumului de alcool, pe \u201ePodul de Beton\u201d din municipiul Lugoj.<\/p>\n<p>Potrivit poli\u021bi\u0219tilor, incidentul s-a petrecut mar\u021bi noaptea, \u00een jurul orei 03:30, pe strada Coloman Wallisch. Din cercet\u0103rile efectuate p\u00e2n\u0103 \u00een prezent a reie\u0219it c\u0103, pe fondul consumului de alcool \u0219i \u00een urma unor discu\u021bii \u00een contradictoriu, b\u0103rbatul de 46 de ani i-ar fi aplicat victimei, tot \u00een v\u00e2rst\u0103 de 46 de ani, o lovitur\u0103 cu un obiect t\u0103ietor-\u00een\u021bep\u0103tor \u00een zona abdomenului.<\/p>\n<p>Poli\u021bi\u0219tii Biroului de Investiga\u021bii Criminale din cadrul Poli\u021biei Municipiului Lugoj, sub coordonarea procurorului de caz din cadrul Parchetului de pe l\u00e2ng\u0103 Judec\u0103toria Lugoj, au desf\u0103\u0219urat activit\u0103\u021bi investigativ-operative \u0219i au reu\u0219it identificarea \u0219i depistarea persoanei b\u0103nuite de comiterea faptei.<\/p>\n<p>\u00cen baza probatoriului administrat, suspectul a fost re\u021binut pentru 24 de ore, fiind cercetat pentru s\u0103v\u00e2r\u0219irea infrac\u021biunilor de lovirea sau alte violen\u021be \u0219i tulburarea ordinii \u0219i lini\u0219tii publice.<\/p>\n<p>Ulterior, la propunerea procurorului, Judec\u0103toria Lugoj a dispus arestarea preventiv\u0103 a acestuia pentru o perioad\u0103 de 30 de zile.<\/p>\n<p>Cercet\u0103rile continu\u0103 sub coordonarea procurorului de caz, \u00een vederea stabilirii \u00eentregii activit\u0103\u021bi infrac\u021bionale.<\/p>\n<p>Reprezentan\u021bii IPJ Timi\u0219 precizeaz\u0103 c\u0103, pe tot parcursul procesului penal, persoana cercetat\u0103 beneficiaz\u0103 de drepturile \u0219i garan\u021biile procesuale prev\u0103zute de Codul de procedur\u0103 penal\u0103, precum \u0219i de prezum\u021bia de nevinov\u0103\u021bie.<\/p>\n<\/div>\n<p>[analyse_source url=&#8221;https:\/\/www.banatulmeu.ro\/timis-conflict-pe-fondul-consumului-de-alcool-incheiat-cu-o-injunghiere-la-lugoj-un-barbat-a-fost-arestat\/&#8221;]<\/p>\n","protected":false},"excerpt":{"rendered":"<p>[analyse_image type=&#8221;featured&#8221; src=&#8221;https:\/\/www.banatulmeu.ro\/wp-content\/uploads\/2025\/07\/IMG_0360.jpeg&#8221;] Un b\u0103rbat \u00een v\u00e2rst\u0103 de 46 de ani a fost arestat preventiv pentru 30 de zile, dup\u0103 ce ar fi \u00eenjunghiat un alt b\u0103rbat, \u00een urma unui conflict izbucnit pe fondul consumului de alcool, pe \u201ePodul de Beton\u201d din municipiul Lugoj. Potrivit poli\u021bi\u0219tilor, incidentul s-a petrecut mar\u021bi noaptea, \u00een jurul orei 03:30, [&hellip;]<\/p>\n","protected":false},"author":1,"featured_media":0,"comment_status":"open","ping_status":"","sticky":false,"template":"","format":"standard","meta":{"footnotes":""},"categories":[89],"tags":[204,226],"class_list":["post-2082348","post","type-post","status-publish","format-standard","hentry","category-romania","tag-banatulmeu-ro","tag-crawlmanager"],"_links":{"self":[{"href":"https:\/\/analyse.optim.biz\/index.php?rest_route=\/wp\/v2\/posts\/2082348","targetHints":{"allow":["GET"]}}],"collection":[{"href":"https:\/\/analyse.optim.biz\/index.php?rest_route=\/wp\/v2\/posts"}],"about":[{"href":"https:\/\/analyse.optim.biz\/index.php?rest_route=\/wp\/v2\/types\/post"}],"author":[{"embeddable":true,"href":"https:\/\/analyse.optim.biz\/index.php?rest_route=\/wp\/v2\/users\/1"}],"replies":[{"embeddable":true,"href":"https:\/\/analyse.optim.biz\/index.php?rest_route=%2Fwp%2Fv2%2Fcomments&post=2082348"}],"version-history":[{"count":0,"href":"https:\/\/analyse.optim.biz\/index.php?rest_route=\/wp\/v2\/posts\/2082348\/revisions"}],"wp:attachment":[{"href":"https:\/\/analyse.optim.biz\/index.php?rest_route=%2Fwp%2Fv2%2Fmedia&parent=2082348"}],"wp:term":[{"taxonomy":"category","embeddable":true,"href":"https:\/\/analyse.optim.biz\/index.php?rest_route=%2Fwp%2Fv2%2Fcategories&post=2082348"},{"taxonomy":"post_tag","embeddable":true,"href":"https:\/\/analyse.optim.biz\/index.php?rest_route=%2Fwp%2Fv2%2Ftags&post=2082348"}],"curies":[{"name":"wp","href":"https:\/\/api.w.org\/{rel}","templated":true}]}}