{"id":2082345,"date":"2026-08-07T12:26:22","date_gmt":"2026-08-07T09:26:22","guid":{"rendered":"https:\/\/analyse.optim.biz\/?p=2082345"},"modified":"2026-08-07T12:26:22","modified_gmt":"2026-08-07T09:26:22","slug":"noi-constructii-ilegale-desfiintate-la-baza-sportiva-de-pe-amforei-din-timisoara","status":"publish","type":"post","link":"https:\/\/analyse.optim.biz\/?p=2082345","title":{"rendered":"Noi construc\u021bii ilegale desfiin\u021bate la baza sportiv\u0103 de pe Amforei din Timi\u0219oara"},"content":{"rendered":"<p>[analyse_image type=&#8221;featured&#8221; src=&#8221;https:\/\/orasul-timisoara.ro\/wp-content\/uploads\/2026\/08\/constructii-ilegale-amforei.jpg&#8221;]<\/p>\n<article id=\"post-40153\" class=\"td-post-template-7 post-40153 post type-post status-publish format-standard has-post-thumbnail category-featured category-stiri-timisoara tag-administratie-locala-2 tag-baza-sportiva-amforei tag-comunitate tag-constructii-ilegale-2 tag-copii tag-demolare tag-domeniu-public tag-infrastructura-sportiva tag-primaria-timisoara-2 tag-strada-amforei tag-timisoara-2 tag-urbanism td-container-wrap\">\n<div class=\"td-full-screen-header-image-wrap\">\n<div class=\"td-container td-post-header\">\n<div class=\"td-crumb-container\">\n<div class=\"entry-crumbs\"><span><a title=\"Vede\u021bi toate articolele \u00een \u0218tiri Locale\" class=\"entry-crumb\" href=\"https:\/\/orasul-timisoara.ro\/local-category\/stiri-timisoara\/\">\u0218tiri Locale<\/a><\/span><span class=\"td-bred-no-url-last\">Noi construc\u021bii ilegale desfiin\u021bate la baza sportiv\u0103 de pe Amforei din Timi\u0219oara<\/span><\/div>\n<\/div>\n<div class=\"td-post-header-holder\">\n<div class=\"td-parallax-header\">\n<header class=\"td-post-title\">\n<ul class=\"td-category\">\n<li class=\"entry-category\"><a href=\"https:\/\/orasul-timisoara.ro\/local-category\/stiri-timisoara\/\">\u0218tiri Locale<\/a><\/li>\n<\/ul>\n<h1 class=\"entry-title\">Noi construc\u021bii ilegale desfiin\u021bate la baza sportiv\u0103 de pe Amforei din Timi\u0219oara<\/h1>\n<div class=\"td-module-meta-info\">\n<div class=\"td-post-author-name\">\n<div class=\"td-author-by\">De c\u0103tre<\/div>\n<p><a href=\"https:\/\/orasul-timisoara.ro\/author\/timisoara\/\">redactia<\/a><\/p>\n<div class=\"td-author-line\"> &#8211; <\/div>\n<\/div>\n<p><span class=\"td-post-date\"><time class=\"entry-date updated td-module-date\" datetime=\"2026-08-07T15:26:22+03:00\">07\/08\/2026<\/time><\/span><\/div>\n<\/header>\n<\/div>\n<\/div>\n<\/div>\n<div id=\"td-full-screen-header-image\" class=\"td-image-gradient-style7\"><img decoding=\"async\" class=\"td-backstretch\" src=\"https:\/\/orasul-timisoara.ro\/wp-content\/uploads\/2026\/08\/constructii-ilegale-amforei.jpg\"><\/div>\n<\/div>\n<div class=\"td-container\">\n<div class=\"td-pb-row\">\n<div class=\"td-pb-span8 td-main-content\" role=\"main\">\n<div class=\"td-ss-main-content\">\n<div class=\"td-post-sharing-top\">\n<div class=\"td-post-sharing-classic\"><iframe title=\"topFacebookLike\" frameborder src=\"https:\/\/www.facebook.com\/plugins\/like.php?href=https:\/\/orasul-timisoara.ro\/local-40153\/&amp;layout=button_count&amp;show_faces=false&amp;width=105&amp;action=like&amp;colorscheme=light&amp;height=21\"><\/iframe><\/div>\n<div id=\"td_social_sharing_article_top\" class=\"td-post-sharing td-ps-bg td-ps-notext td-post-sharing-style1 \">\n<div class=\"td-post-sharing-visible\"><a class=\"td-social-sharing-button td-social-sharing-button-js td-social-network td-social-facebook\" href=\"https:\/\/www.facebook.com\/sharer.php?u=https%3A%2F%2Forasul-timisoara.ro%2Flocal-40153%2F\" title=\"Facebook\"><\/p>\n<div class=\"td-social-but-text\">Facebook<\/div>\n<p><\/a><a class=\"td-social-sharing-button td-social-sharing-button-js td-social-network td-social-twitter\" href=\"https:\/\/twitter.com\/intent\/tweet?text=Noi+construc%C8%9Bii+ilegale+desfiin%C8%9Bate+la+baza+sportiv%C4%83+de+pe+Amforei+din+Timi%C8%99oara&amp;url=https%3A%2F%2Forasul-timisoara.ro%2Flocal-40153%2F&amp;via=orasultm\" title=\"Twitter\"><\/p>\n<div class=\"td-social-but-text\">Twitter<\/div>\n<p><\/a><a class=\"td-social-sharing-button td-social-sharing-button-js td-social-network td-social-whatsapp\" href=\"https:\/\/api.whatsapp.com\/send?text=Noi+construc%C8%9Bii+ilegale+desfiin%C8%9Bate+la+baza+sportiv%C4%83+de+pe+Amforei+din+Timi%C8%99oara%20%0A%0A%20https:\/\/orasul-timisoara.ro\/local-40153\/\" title=\"WhatsApp\"><\/p>\n<div class=\"td-social-but-text\">WhatsApp<\/div>\n<p><\/a><a class=\"td-social-sharing-button td-social-sharing-button-js td-social-network td-social-linkedin\" href=\"https:\/\/www.linkedin.com\/shareArticle?mini=true&amp;url=https:\/\/orasul-timisoara.ro\/local-40153\/&amp;title=Noi+construc%C8%9Bii+ilegale+desfiin%C8%9Bate+la+baza+sportiv%C4%83+de+pe+Amforei+din+Timi%C8%99oara\" title=\"Linkedin\"><\/p>\n<div class=\"td-social-but-text\">Linkedin<\/div>\n<p><\/a><a class=\"td-social-sharing-button td-social-sharing-button-js td-social-network td-social-reddit\" href=\"https:\/\/reddit.com\/submit?url=https:\/\/orasul-timisoara.ro\/local-40153\/&amp;title=Noi+construc%C8%9Bii+ilegale+desfiin%C8%9Bate+la+baza+sportiv%C4%83+de+pe+Amforei+din+Timi%C8%99oara\" title=\"ReddIt\"><\/p>\n<div class=\"td-social-but-text\">ReddIt<\/div>\n<p><\/a><a class=\"td-social-sharing-button td-social-sharing-button-js td-social-network td-social-mail\" href=\"mailto:?subject=Noi%20construc%C8%9Bii%20ilegale%20desfiin%C8%9Bate%20la%20baza%20sportiv%C4%83%20de%20pe%20Amforei%20din%20Timi%C8%99oara&amp;body=https:\/\/orasul-timisoara.ro\/local-40153\/\" title=\"Email\"><\/p>\n<div class=\"td-social-but-text\">Email<\/div>\n<p><\/a><a class=\"td-social-sharing-button td-social-sharing-button-js td-social-network td-social-print\" href=\"https:\/\/orasul-timisoara.ro\/local-40153\/\" title=\"Imprimare\"><\/p>\n<div class=\"td-social-but-text\">Imprimare<\/div>\n<p><\/a><\/div>\n<\/div>\n<\/div>\n<div class=\"td-post-content tagdiv-type\">\n<p class=\"wp-block-paragraph\">Prim\u0103ria Municipiului Timi\u0219oara a intervenit din nou la baza sportiv\u0103 situat\u0103 pe strada Amforei nr. 1 pentru \u00eendep\u0103rtarea unor construc\u021bii amplasate ilegal pe domeniul public. Ac\u021biunea face parte din demersurile administra\u021biei locale de eliberare a terenurilor publice \u0219i de asigurare a utiliz\u0103rii infrastructurii sportive \u00een beneficiul comunit\u0103\u021bii.<\/p>\n<p class=\"wp-block-paragraph\">Potrivit municipalit\u0103\u021bii, situa\u021bia nu este una nou\u0103. Dup\u0103 interven\u021bia din 2024, c\u00e2nd au fost desfiin\u021bate construc\u021biile ridicate f\u0103r\u0103 autoriza\u021bie pe domeniul public, \u00een zon\u0103 au fost amplasate din nou alte construc\u021bii, ceea ce a determinat o nou\u0103 ac\u021biune din partea autorit\u0103\u021bilor.<\/p>\n<h2 class=\"wp-block-heading\">Prim\u0103ria a revenit la baza sportiv\u0103 de pe strada Amforei<\/h2>\n<p class=\"wp-block-paragraph\">Reprezentan\u021bii Prim\u0103riei Timi\u0219oara au anun\u021bat c\u0103 interven\u021bia a vizat desfiin\u021barea unor construc\u021bii amplasate f\u0103r\u0103 drept pe domeniul public din incinta bazei sportive de pe strada Amforei nr. 1.<\/p>\n<p class=\"wp-block-paragraph\">Administra\u021bia local\u0103 precizeaz\u0103 c\u0103 ac\u021biunea a fost realizat\u0103 \u00een continuarea m\u0103surilor \u00eencepute anul trecut pentru recuperarea terenului public \u0219i respectarea reglement\u0103rilor urbanistice.<\/p>\n<h2 class=\"wp-block-heading\">Firma a \u00eendep\u0103rtat o parte dintre construc\u021bii<\/h2>\n<p class=\"wp-block-paragraph\">\u00cenainte de interven\u021bia autorit\u0103\u021bilor, firma notificat\u0103 de Prim\u0103rie s-a conformat par\u021bial solicit\u0103rilor \u0219i a demontat construc\u021biile modulare utilizate ca vestiare.<\/p>\n<p class=\"wp-block-paragraph\">Municipalitatea precizeaz\u0103 \u00eens\u0103 c\u0103 au r\u0103mas pe domeniul public alte echipamente amplasate f\u0103r\u0103 autoriza\u021bie, motiv pentru care echipele Prim\u0103riei au intervenit pentru ridicarea acestora.<\/p>\n<h2 class=\"wp-block-heading\">Situa\u021bia se repet\u0103 dup\u0103 interven\u021bia din 2024<\/h2>\n<p class=\"wp-block-paragraph\">Prim\u0103ria aminte\u0219te c\u0103 \u00een anul 2024 au fost desfiin\u021bate construc\u021biile ridicate f\u0103r\u0103 autoriza\u021bie pe acela\u0219i amplasament.<\/p>\n<p class=\"wp-block-paragraph\">Potrivit administra\u021biei locale, dup\u0103 acea interven\u021bie au fost amplasate alte construc\u021bii pe domeniul public, ceea ce a impus reluarea procedurilor pentru eliberarea terenului \u0219i aplicarea prevederilor legale.<\/p>\n<h2 class=\"wp-block-heading\">Municipalitatea anun\u021b\u0103 c\u0103 va continua verific\u0103rile<\/h2>\n<p class=\"wp-block-paragraph\">Reprezentan\u021bii Prim\u0103riei Timi\u0219oara afirm\u0103 c\u0103 vor continua s\u0103 aplice legisla\u021bia privind ocuparea domeniului public \u0219i s\u0103 intervin\u0103 ori de c\u00e2te ori sunt identificate construc\u021bii amplasate ilegal.<\/p>\n<p class=\"wp-block-paragraph\">Autorit\u0103\u021bile sus\u021bin c\u0103 m\u0103surile urm\u0103resc protejarea patrimoniului public \u0219i respectarea regulilor privind utilizarea terenurilor aflate \u00een administrarea municipiului.<\/p>\n<h2 class=\"wp-block-heading\">Infrastructura sportiv\u0103 trebuie s\u0103 r\u0103m\u00e2n\u0103 \u00een slujba comunit\u0103\u021bii<\/h2>\n<p class=\"wp-block-paragraph\">Potrivit Prim\u0103riei, obiectivul acestor interven\u021bii este ca infrastructura sportiv\u0103 a ora\u0219ului s\u0103 poat\u0103 fi utilizat\u0103 \u00een interesul copiilor \u0219i al comunit\u0103\u021bii.<\/p>\n<p class=\"wp-block-paragraph\">\u201eContinu\u0103m s\u0103 aplic\u0103m legea \u0219i s\u0103 eliber\u0103m domeniul public de construc\u021bii ilegale, pentru ca infrastructura sportiv\u0103 a ora\u0219ului s\u0103 poat\u0103 fi folosit\u0103 \u00een interesul copiilor \u0219i al comunit\u0103\u021bii\u201d, au transmis reprezentan\u021bii Prim\u0103riei Municipiului Timi\u0219oara.<\/p>\n<h2 class=\"wp-block-heading\">Ac\u021biunile de eliberare a domeniului public continu\u0103<\/h2>\n<p class=\"wp-block-paragraph\">Municipalitatea transmite c\u0103 va continua ac\u021biunile de verificare \u0219i interven\u021bie \u00een situa\u021biile \u00een care sunt identificate ocup\u0103ri neautorizate ale domeniului public.<\/p>\n<p class=\"wp-block-paragraph\">Prin aceste m\u0103suri, administra\u021bia local\u0103 urm\u0103re\u0219te respectarea legisla\u021biei \u0219i men\u021binerea bazelor sportive \u0219i a celorlalte spa\u021bii publice destinate utiliz\u0103rii lor conform scopului pentru care au fost amenajate.<\/p>\n<\/div>\n<footer>\n<div class=\"td-post-source-tags\">\n<ul class=\"td-tags td-post-small-box clearfix\">\n<li><span>ETICHETE<\/span><\/li>\n<li><a href=\"https:\/\/orasul-timisoara.ro\/local-tag\/administratie-locala-2\/\">administra\u021bie local\u0103<\/a><\/li>\n<li><a href=\"https:\/\/orasul-timisoara.ro\/local-tag\/baza-sportiva-amforei\/\">baza sportiv\u0103 Amforei<\/a><\/li>\n<li><a href=\"https:\/\/orasul-timisoara.ro\/local-tag\/comunitate\/\">comunitate<\/a><\/li>\n<li><a href=\"https:\/\/orasul-timisoara.ro\/local-tag\/constructii-ilegale-2\/\">construc\u021bii ilegale<\/a><\/li>\n<li><a href=\"https:\/\/orasul-timisoara.ro\/local-tag\/copii\/\">copii<\/a><\/li>\n<li><a href=\"https:\/\/orasul-timisoara.ro\/local-tag\/demolare\/\">demolare<\/a><\/li>\n<li><a href=\"https:\/\/orasul-timisoara.ro\/local-tag\/domeniu-public\/\">domeniu public<\/a><\/li>\n<li><a href=\"https:\/\/orasul-timisoara.ro\/local-tag\/infrastructura-sportiva\/\">infrastructur\u0103 sportiv\u0103<\/a><\/li>\n<li><a href=\"https:\/\/orasul-timisoara.ro\/local-tag\/primaria-timisoara-2\/\">Prim\u0103ria Timi\u0219oara<\/a><\/li>\n<li><a href=\"https:\/\/orasul-timisoara.ro\/local-tag\/strada-amforei\/\">strada Amforei<\/a><\/li>\n<li><a href=\"https:\/\/orasul-timisoara.ro\/local-tag\/timisoara-2\/\">timi\u0219oara<\/a><\/li>\n<li><a href=\"https:\/\/orasul-timisoara.ro\/local-tag\/urbanism\/\">urbanism<\/a><\/li>\n<\/ul>\n<\/div>\n<div class=\"td-post-sharing-bottom\">\n<div class=\"td-post-sharing-classic\"><iframe title=\"bottomFacebookLike\" frameborder src=\"https:\/\/www.facebook.com\/plugins\/like.php?href=https:\/\/orasul-timisoara.ro\/local-40153\/&amp;layout=button_count&amp;show_faces=false&amp;width=105&amp;action=like&amp;colorscheme=light&amp;height=21\"><\/iframe><\/div>\n<div id=\"td_social_sharing_article_bottom\" class=\"td-post-sharing td-ps-bg td-ps-notext td-post-sharing-style1 \">\n<div class=\"td-post-sharing-visible\"><a class=\"td-social-sharing-button td-social-sharing-button-js td-social-network td-social-facebook\" href=\"https:\/\/www.facebook.com\/sharer.php?u=https%3A%2F%2Forasul-timisoara.ro%2Flocal-40153%2F\" title=\"Facebook\"><\/p>\n<div class=\"td-social-but-text\">Facebook<\/div>\n<p><\/a><a class=\"td-social-sharing-button td-social-sharing-button-js td-social-network td-social-twitter\" href=\"https:\/\/twitter.com\/intent\/tweet?text=Noi+construc%C8%9Bii+ilegale+desfiin%C8%9Bate+la+baza+sportiv%C4%83+de+pe+Amforei+din+Timi%C8%99oara&amp;url=https%3A%2F%2Forasul-timisoara.ro%2Flocal-40153%2F&amp;via=orasultm\" title=\"Twitter\"><\/p>\n<div class=\"td-social-but-text\">Twitter<\/div>\n<p><\/a><a class=\"td-social-sharing-button td-social-sharing-button-js td-social-network td-social-whatsapp\" href=\"https:\/\/api.whatsapp.com\/send?text=Noi+construc%C8%9Bii+ilegale+desfiin%C8%9Bate+la+baza+sportiv%C4%83+de+pe+Amforei+din+Timi%C8%99oara%20%0A%0A%20https:\/\/orasul-timisoara.ro\/local-40153\/\" title=\"WhatsApp\"><\/p>\n<div class=\"td-social-but-text\">WhatsApp<\/div>\n<p><\/a><a class=\"td-social-sharing-button td-social-sharing-button-js td-social-network td-social-linkedin\" href=\"https:\/\/www.linkedin.com\/shareArticle?mini=true&amp;url=https:\/\/orasul-timisoara.ro\/local-40153\/&amp;title=Noi+construc%C8%9Bii+ilegale+desfiin%C8%9Bate+la+baza+sportiv%C4%83+de+pe+Amforei+din+Timi%C8%99oara\" title=\"Linkedin\"><\/p>\n<div class=\"td-social-but-text\">Linkedin<\/div>\n<p><\/a><a class=\"td-social-sharing-button td-social-sharing-button-js td-social-network td-social-reddit\" href=\"https:\/\/reddit.com\/submit?url=https:\/\/orasul-timisoara.ro\/local-40153\/&amp;title=Noi+construc%C8%9Bii+ilegale+desfiin%C8%9Bate+la+baza+sportiv%C4%83+de+pe+Amforei+din+Timi%C8%99oara\" title=\"ReddIt\"><\/p>\n<div class=\"td-social-but-text\">ReddIt<\/div>\n<p><\/a><a class=\"td-social-sharing-button td-social-sharing-button-js td-social-network td-social-mail\" href=\"mailto:?subject=Noi%20construc%C8%9Bii%20ilegale%20desfiin%C8%9Bate%20la%20baza%20sportiv%C4%83%20de%20pe%20Amforei%20din%20Timi%C8%99oara&amp;body=https:\/\/orasul-timisoara.ro\/local-40153\/\" title=\"Email\"><\/p>\n<div class=\"td-social-but-text\">Email<\/div>\n<p><\/a><a class=\"td-social-sharing-button td-social-sharing-button-js td-social-network td-social-print\" href=\"https:\/\/orasul-timisoara.ro\/local-40153\/\" title=\"Imprimare\"><\/p>\n<div class=\"td-social-but-text\">Imprimare<\/div>\n<p><\/a><\/div>\n<\/div>\n<\/div>\n<div class=\"td-block-row td-post-next-prev\">\n<div class=\"td-block-span6 td-post-prev-post\">\n<div class=\"td-post-next-prev-content\"><span>Articolul precedent<\/span><a href=\"https:\/\/orasul-timisoara.ro\/local-40150\/\">Dezinsec\u021bie \u00een S\u00e2nmihaiu Rom\u00e2n pe 11 august. Ce recomand\u0103ri transmite Prim\u0103ria<\/a><\/div>\n<\/div>\n<\/div>\n<div class=\"td-author-name vcard author\"><span class=\"fn\"><a href=\"https:\/\/orasul-timisoara.ro\/author\/timisoara\/\">redactia<\/a><\/span><\/div>\n<p><span class=\"td-page-meta\"><\/span><span class=\"td-page-meta\"><span class=\"td-page-meta\"><\/span><\/span><span class=\"td-page-meta\"><\/span><\/footer>\n<div class=\"td_block_wrap td_block_related_posts tdi_3 td_with_ajax_pagination td-pb-border-top td_block_template_8\" data-td-block-uid=\"tdi_3\">\n<h4 class=\"td-related-title td-block-title\"><a id=\"tdi_4\" class=\"td-related-left td-cur-simple-item\" data-td_filter_value data-td_block_id=\"tdi_3\" href=\"https:\/\/orasul-timisoara.ro\/local-40153\/\">ARTICOLE SIMILARE<\/a><a id=\"tdi_5\" class=\"td-related-right\" data-td_filter_value=\"td_related_more_from_author\" data-td_block_id=\"tdi_3\" href=\"https:\/\/orasul-timisoara.ro\/local-40153\/\">DE LA ACELA\u0218I AUTOR<\/a><\/h4>\n<div id=\"tdi_3\" class=\"td_block_inner\">\n<div class=\"td-related-row\">\n<div class=\"td-related-span4\">\n<div class=\"td_module_related_posts td-animation-stack td_mod_related_posts\">\n<div class=\"td-module-image\">\n<div class=\"td-module-thumb\"><a href=\"https:\/\/orasul-timisoara.ro\/local-40107\/\" rel=\"bookmark\" class=\"td-image-wrap \" title=\"Viorel M\u0103rcu\u021bi: Au \u00eenceput lucr\u0103rile la terenul sintetic de fotbal din S\u00e2nmihaiu Rom\u00e2n (foto)\"><img loading=\"lazy\" decoding=\"async\" class=\"entry-thumb\" src=\"https:\/\/orasul-timisoara.ro\/wp-content\/uploads\/2026\/08\/teren-sport-sanmihaiu-roman-1-1-436x300.jpg\" alt title=\"Viorel M\u0103rcu\u021bi: Au \u00eenceput lucr\u0103rile la terenul sintetic de fotbal din S\u00e2nmihaiu Rom\u00e2n (foto)\" width=\"218\" height=\"150\"><\/a><\/div>\n<\/div>\n<div class=\"item-details\">\n<h3 class=\"entry-title td-module-title\"><a href=\"https:\/\/orasul-timisoara.ro\/local-40107\/\" rel=\"bookmark\" title=\"Viorel M\u0103rcu\u021bi: Au \u00eenceput lucr\u0103rile la terenul sintetic de fotbal din S\u00e2nmihaiu Rom\u00e2n (foto)\">Viorel M\u0103rcu\u021bi: Au \u00eenceput lucr\u0103rile la terenul sintetic de fotbal din S\u00e2nmihaiu Rom\u00e2n (foto)<\/a><\/h3>\n<\/div>\n<\/div>\n<\/div>\n<div class=\"td-related-span4\">\n<div class=\"td_module_related_posts td-animation-stack td_mod_related_posts\">\n<div class=\"td-module-image\">\n<div class=\"td-module-thumb\"><a href=\"https:\/\/orasul-timisoara.ro\/local-40090\/\" rel=\"bookmark\" class=\"td-image-wrap \" title=\"Au \u00eenceput \u00eenscrierile la \u201eOra de Sport\u201d, programul gratuit dedicat copiilor din Timi\u0219oara\"><img loading=\"lazy\" decoding=\"async\" class=\"entry-thumb\" src=\"https:\/\/orasul-timisoara.ro\/wp-content\/uploads\/2026\/08\/Vasile-Deheleanu-436x300.jpg\" alt title=\"Au \u00eenceput \u00eenscrierile la \u201eOra de Sport\u201d, programul gratuit dedicat copiilor din Timi\u0219oara\" width=\"218\" height=\"150\"><\/a><\/div>\n<\/div>\n<div class=\"item-details\">\n<h3 class=\"entry-title td-module-title\"><a href=\"https:\/\/orasul-timisoara.ro\/local-40090\/\" rel=\"bookmark\" title=\"Au \u00eenceput \u00eenscrierile la \u201eOra de Sport\u201d, programul gratuit dedicat copiilor din Timi\u0219oara\">Au \u00eenceput \u00eenscrierile la \u201eOra de Sport\u201d, programul gratuit dedicat copiilor din Timi\u0219oara<\/a><\/h3>\n<\/div>\n<\/div>\n<\/div>\n<div class=\"td-related-span4\">\n<div class=\"td_module_related_posts td-animation-stack td_mod_related_posts\">\n<div class=\"td-module-image\">\n<div class=\"td-module-thumb\"><a href=\"https:\/\/orasul-timisoara.ro\/local-40008\/\" rel=\"bookmark\" class=\"td-image-wrap \" title=\"Dominic Fritz: \u201eNu voi ceda\u201d. Primarul Timi\u0219oarei reac\u021bioneaz\u0103 dup\u0103 sanc\u021biunea aplicat\u0103 \u00een cazul ANI\"><img loading=\"lazy\" decoding=\"async\" class=\"entry-thumb\" src=\"https:\/\/orasul-timisoara.ro\/wp-content\/uploads\/2026\/08\/dominic-fritz-banca-436x300.jpg\" alt title=\"Dominic Fritz: \u201eNu voi ceda\u201d. Primarul Timi\u0219oarei reac\u021bioneaz\u0103 dup\u0103 sanc\u021biunea aplicat\u0103 \u00een cazul ANI\" width=\"218\" height=\"150\"><\/a><\/div>\n<\/div>\n<div class=\"item-details\">\n<h3 class=\"entry-title td-module-title\"><a href=\"https:\/\/orasul-timisoara.ro\/local-40008\/\" rel=\"bookmark\" title=\"Dominic Fritz: \u201eNu voi ceda\u201d. Primarul Timi\u0219oarei reac\u021bioneaz\u0103 dup\u0103 sanc\u021biunea aplicat\u0103 \u00een cazul ANI\">Dominic Fritz: \u201eNu voi ceda\u201d. Primarul Timi\u0219oarei reac\u021bioneaz\u0103 dup\u0103 sanc\u021biunea aplicat\u0103 \u00een cazul ANI<\/a><\/h3>\n<\/div>\n<\/div>\n<\/div>\n<\/div>\n<\/div>\n<\/div>\n<div class=\"comments\" id=\"comments\">\n<div id=\"respond\" class=\"comment-respond\">\n<h3 id=\"reply-title\" class=\"comment-reply-title\">L\u0102SA\u021aI UN MESAJ<\/h3>\n<div class=\"comment-form-input-wrap td-form-comment\">\n<div class=\"td-warning-comment\">V\u0103 rug\u0103m s\u0103 introduce\u021bi comentariul dvs.!<\/div>\n<\/div>\n<div class=\"comment-form-input-wrap td-form-author\">\n<div class=\"td-warning-author\">Introduce\u021bi aici numele dvs.<\/div>\n<\/div>\n<div class=\"comment-form-input-wrap td-form-email\">\n<div class=\"td-warning-email-error\">A\u021bi introdus o adres\u0103 de e-mail incorect\u0103!<\/div>\n<div class=\"td-warning-email\">V\u0103 rug\u0103m s\u0103 introduce\u021bi adresa dvs. de e-mail aici<\/div>\n<\/div>\n<\/div>\n<p class=\"akismet_comment_form_privacy_notice\">Acest site folose\u0219te Akismet pentru a reduce spamul. <a href=\"https:\/\/akismet.com\/privacy\/\" target=\"_blank\" rel=\"nofollow noopener\">Afl\u0103 cum sunt procesate datele comentariilor tale<\/a>.<\/p>\n<\/div>\n<\/div>\n<\/div>\n<div class=\"td-pb-span4 td-main-sidebar\" role=\"complementary\">\n<div class=\"td-ss-main-sidebar\">\n<aside id=\"block-4\" class=\"td_block_template_8 widget block-4 widget_block widget_media_image\">\n<figure class=\"wp-block-image size-full\"><img loading=\"lazy\" decoding=\"async\" width=\"336\" height=\"280\" src=\"https:\/\/orasul-timisoara.ro\/wp-content\/uploads\/2024\/11\/ReTIM-Abonamentul-Verde-Google-Ads-336x280px.gif\" alt class=\"wp-image-29257\"><\/figure>\n<\/aside>\n<div class=\"td_block_wrap td_block_social_counter td_block_widget tdi_6 td-social-style5 td-social-boxed td-pb-border-top td_block_template_8\">\n<div class=\"td-block-title-wrap\">\n<h4 class=\"td-block-title\"><span>Urm\u0103re\u0219te-ne pe Social Media<\/span><\/h4>\n<\/div>\n<div class=\"td-social-list\">\n<div class=\"td_social_type td-pb-margin-side td_social_facebook\">\n<div class=\"td-social-box\"><span class=\"td_social_info td_social_info_counter\">344,595<\/span><span class=\"td_social_info td_social_info_name\">Fani<\/span><span class=\"td_social_button\"><a href=\"https:\/\/www.facebook.com\/247timisoara\" target=\"_blank\" rel=\"nofollow\">\u00cemi place<\/a><\/span><\/div>\n<\/div>\n<div class=\"td_social_type td-pb-margin-side td_social_instagram\">\n<div class=\"td-social-box\"><span class=\"td_social_info td_social_info_counter\">4,416<\/span><span class=\"td_social_info td_social_info_name\">Cititori<\/span><span class=\"td_social_button\"><a href=\"https:\/\/instagram.com\/orasultimisoararo\/\" target=\"_blank\" rel=\"nofollow\">Conecta\u021bi-v\u0103<\/a><\/span><\/div>\n<\/div>\n<div class=\"td_social_type td-pb-margin-side td_social_rss\">\n<div class=\"td-social-box\"><span class=\"td_social_info td_social_info_counter\">12,506<\/span><span class=\"td_social_info td_social_info_name\">Cititori<\/span><span class=\"td_social_button\"><a href=\"https:\/\/orasul-timisoara.ro\/feed\/\" target=\"_blank\" rel=\"nofollow\">Conecta\u021bi-v\u0103<\/a><\/span><\/div>\n<\/div>\n<div class=\"td_social_type td-pb-margin-side td_social_tiktok\">\n<div class=\"td-social-box\"><span class=\"td_social_info td_social_info_counter\">1,500<\/span><span class=\"td_social_info td_social_info_name\">Cititori<\/span><span class=\"td_social_button\"><a href=\"https:\/\/www.tiktok.com\/@orasultimisoara\" target=\"_blank\" rel=\"nofollow\">Conecta\u021bi-v\u0103<\/a><\/span><\/div>\n<\/div>\n<div class=\"td_social_type td-pb-margin-side td_social_twitter\">\n<div class=\"td-social-box\"><span class=\"td_social_info td_social_info_counter\">1,595<\/span><span class=\"td_social_info td_social_info_name\">Cititori<\/span><span class=\"td_social_button\"><a href=\"https:\/\/twitter.com\/orasultm\" target=\"_blank\" rel=\"nofollow\">Conecta\u021bi-v\u0103<\/a><\/span><\/div>\n<\/div>\n<div class=\"td_social_type td-pb-margin-side td_social_youtube\">\n<div class=\"td-social-box\"><span class=\"td_social_info td_social_info_counter\">3,506<\/span><span class=\"td_social_info td_social_info_name\">Abona\u021bi<\/span><span class=\"td_social_button\"><a href=\"https:\/\/www.youtube.com\/channel\/UCQNsQvs2XCSIm1Z-AHRturw?sub_confirmation=1\" target=\"_blank\" rel=\"nofollow\">Abona\u021bi-v\u0103<\/a><\/span><\/div>\n<\/div>\n<\/div>\n<\/div>\n<aside id=\"text-7\" class=\"td_block_template_8 widget text-7 widget_text\">\n<h4 class=\"td-block-title\"><span>C\u0103ut\u0103ri populare pe OTM<\/span><\/h4>\n<div class=\"textwidget\"><a href=\"https:\/\/orasul-timisoara.ro\/?s=timisoara\"><span>Timisoara<\/span><\/a><a href=\"https:\/\/orasul-timisoara.ro\/?s=calin+dobra\"><span>Calin Dobra<\/span><\/a><a href=\"https:\/\/orasul-timisoara.ro\/?s=primaria+timisoara\"><span>Primaria Timisoara<\/span><\/a><a href=\"https:\/\/orasul-timisoara.ro\/?s=dominic+fritz\"><span>Dominic Fritz<\/span><\/a><a href=\"https:\/\/orasul-timisoara.ro\/?s=nicolae+robu\"><span>Nicolae Robu<\/span><\/a><a href=\"https:\/\/orasul-timisoara.ro\/?s=consiliul+local+timisoara\">Consiliul Local Timisoara<\/a><a href=\"https:\/\/orasul-timisoara.ro\/?s=consiliul+judetean+timis\"><span>Consiliul Judetean Timis<\/span><\/a><a href=\"https:\/\/orasul-timisoara.ro\/?s=cjt\"><span>CJT<\/span><\/a><a href=\"https:\/\/orasul-timisoara.ro\/?s=Alfred+Simonis\"><span>Alfred Simonis<\/span><\/a><a href=\"https:\/\/orasul-timisoara.ro\/?s=PNL\"><span>PNL<\/span><\/a><a href=\"https:\/\/orasul-timisoara.ro\/?s=coronavirus\"><span>coronavirus<\/span><\/a><a href=\"https:\/\/orasul-timisoara.ro\/?s=teatru+timisoara\">teatru Timisoara<\/a><a href=\"https:\/\/orasul-timisoara.ro\/?s=restaurante\"><span>restaurante Timisoara<\/span><\/a><a href=\"https:\/\/orasul-timisoara.ro\/?s=diskoteka\"><span>Diskoteka<\/span><\/a><a href=\"https:\/\/orasul-timisoara.ro\/?s=iulius+town\"><span>Iulius Town<\/span><\/a><a href=\"https:\/\/orasul-timisoara.ro\/?s=iulius+mall\"><span>Iulius Mall<\/span><\/a><a href=\"https:\/\/orasul-timisoara.ro\/?s=stpt\"><span>STPT<\/span><\/a><a href=\"https:\/\/orasul-timisoara.ro\/?s=alin+nica\"><span>Alin Nica<\/span><\/a><a href=\"https:\/\/orasul-timisoara.ro\/?s=psd\"><span>PSD<\/span><\/a><a href=\"https:\/\/orasul-timisoara.ro\/?s=aeroport\"><span>Aeroportul International Timisoara<\/span><\/a><a href=\"https:\/\/orasul-timisoara.ro\/?s=babes\"><span>Spitalul Victor Babes Timisoara<\/span><\/a><a href=\"https:\/\/orasul-timisoara.ro\/?s=poli\"><span>Poli Timi\u0219oara<\/span><\/a><a href=\"https:\/\/orasul-timisoara.ro\/?s=carantina\"><span>carantina<\/span><\/a><a href=\"https:\/\/orasul-timisoara.ro\/?s=aquatim\"><span>Aquatim<\/span><\/a><a href=\"https:\/\/orasul-timisoara.ro\/local-category\/stiri-timisoara\/\"><span>Stiri Timisoara<\/span><\/a><a href=\"https:\/\/orasul-timisoara.ro\/local-category\/investitii-in-timisoara\/\"><span>Investi\u021bii in Timi\u0219oara<\/span><\/a><a href=\"https:\/\/orasul-timisoara.ro\/local-9463\/\"><span>shaorma<\/span><\/a><a href=\"https:\/\/orasul-timisoara.ro\/?s=trafic\"><span>trafic rutier<\/span><\/a><a href=\"https:\/\/orasul-timisoara.ro\/?s=politia\"><span>politia locala timisoara<\/span><\/a><a href=\"https:\/\/orasul-timisoara.ro\/?s=roxana\"><span>Roxana Iliescu<\/span><\/a><a href=\"https:\/\/orasul-timisoara.ro\/?s=colterm\"><span>Colterm<\/span><\/a><a href=\"https:\/\/orasul-timisoara.ro\/?s=latcau\"><span>Ruben La\u021bc\u0103u<\/span><\/a><a href=\"https:\/\/orasul-timisoara.ro\/?s=timis\"><span>\u0218tiri din Timi\u0219<\/span><\/a><a href=\"https:\/\/orasul-timisoara.ro\/?s=spital\"><span>Spitale din Timi\u0219oara<\/span><\/a><a href=\"https:\/\/orasul-timisoara.ro\/?s=tabara\"><span>Cosmin Tab\u0103r\u0103<\/span><\/a><\/div>\n<\/aside>\n<aside id=\"rss-2\" class=\"td_block_template_8 widget rss-2 widget_rss\">\n<h4 class=\"td-block-title\"><span><a class=\"rsswidget rss-widget-feed\" href=\"https:\/\/fashionfridays.ro\/feed\"><img decoding=\"async\" class=\"rss-widget-icon\" width=\"14\" height=\"14\" src=\"https:\/\/orasul-timisoara.ro\/wp-includes\/images\/rss.png\" alt=\"RSS\" loading=\"lazy\"><\/a><a class=\"rsswidget rss-widget-title\" href=\"https:\/\/fashionfridays.ro\/\">Fashion Fridays<\/a><\/span><\/h4>\n<ul>\n<li><a class=\"rsswidget\" href=\"https:\/\/fashionfridays.ro\/romania-devine-a-29-a-piata-vogue-o-noua-era-pentru-industria-locala-de-moda\/\">Rom\u00e2nia devine a 29-a pia\u021b\u0103 Vogue: o nou\u0103 er\u0103 pentru industria local\u0103 de mod\u0103<\/a>\n<div class=\"rssSummary\">Revista Vogue \u00ee\u0219i extinde prezen\u021ba global\u0103 \u0219i va fi lansat\u0103 oficial \u00een Rom\u00e2nia \u00een prim\u0103vara anului 2027, marc\u00e2nd intrarea pe cea de-a 29-a pia\u021b\u0103 interna\u021bional\u0103. Proiectul este realizat \u00een parteneriat cu AEMME Publishing, o companie media recent \u00eenfiin\u021bat\u0103, care va publica edi\u021bia local\u0103 sub licen\u021b\u0103. Noua edi\u021bie, Vogue Rom\u00e2nia, \u00ee\u0219i propune s\u0103 combine autoritatea global\u0103 [\u2026]<\/div>\n<\/li>\n<\/ul>\n<\/aside>\n<aside id=\"rss-4\" class=\"td_block_template_8 widget rss-4 widget_rss\">\n<h4 class=\"td-block-title\"><span><a class=\"rsswidget rss-widget-feed\" href=\"https:\/\/emasini.ro\/feed\"><img decoding=\"async\" class=\"rss-widget-icon\" width=\"14\" height=\"14\" src=\"https:\/\/orasul-timisoara.ro\/wp-includes\/images\/rss.png\" alt=\"RSS\" loading=\"lazy\"><\/a><a class=\"rsswidget rss-widget-title\" href=\"https:\/\/emasini.ro\/\">eMasini<\/a><\/span><\/h4>\n<ul>\n<li><a class=\"rsswidget\" href=\"https:\/\/emasini.ro\/bmw-testeaza-noul-i4-convertible-primul-cabrio-electric-accesibil-al-marcii\/\">BMW testeaz\u0103 noul i4 Convertible, primul cabrio electric accesibil al m\u0103rcii<\/a>\n<div class=\"rssSummary\">BMW accelereaz\u0103 dezvoltarea noii genera\u021bii de modele electrice bazate pe platforma Neue Klasse, iar unul dintre cele mai interesante proiecte aflate \u00een teste este viitorul BMW i4 Convertible. Prototipul camuflat a fost surprins pe \u0219osele, confirm\u00e2nd c\u0103 produc\u0103torul german preg\u0103te\u0219te o decapotabil\u0103 electric\u0103 destinat\u0103 unui segment \u00een care oferta este, \u00een prezent, extrem de limitat\u0103. [\u2026]<\/div>\n<\/li>\n<\/ul>\n<\/aside>\n<\/div>\n<\/div>\n<\/div>\n<\/div>\n<\/article>\n<div class=\"td-post-content tagdiv-type\">\n<p class=\"wp-block-paragraph\">Prim\u0103ria Municipiului Timi\u0219oara a intervenit din nou la baza sportiv\u0103 situat\u0103 pe strada Amforei nr. 1 pentru \u00eendep\u0103rtarea unor construc\u021bii amplasate ilegal pe domeniul public. Ac\u021biunea face parte din demersurile administra\u021biei locale de eliberare a terenurilor publice \u0219i de asigurare a utiliz\u0103rii infrastructurii sportive \u00een beneficiul comunit\u0103\u021bii.<\/p>\n<p class=\"wp-block-paragraph\">Potrivit municipalit\u0103\u021bii, situa\u021bia nu este una nou\u0103. Dup\u0103 interven\u021bia din 2024, c\u00e2nd au fost desfiin\u021bate construc\u021biile ridicate f\u0103r\u0103 autoriza\u021bie pe domeniul public, \u00een zon\u0103 au fost amplasate din nou alte construc\u021bii, ceea ce a determinat o nou\u0103 ac\u021biune din partea autorit\u0103\u021bilor.<\/p>\n<h2 class=\"wp-block-heading\">Prim\u0103ria a revenit la baza sportiv\u0103 de pe strada Amforei<\/h2>\n<p class=\"wp-block-paragraph\">Reprezentan\u021bii Prim\u0103riei Timi\u0219oara au anun\u021bat c\u0103 interven\u021bia a vizat desfiin\u021barea unor construc\u021bii amplasate f\u0103r\u0103 drept pe domeniul public din incinta bazei sportive de pe strada Amforei nr. 1.<\/p>\n<p class=\"wp-block-paragraph\">Administra\u021bia local\u0103 precizeaz\u0103 c\u0103 ac\u021biunea a fost realizat\u0103 \u00een continuarea m\u0103surilor \u00eencepute anul trecut pentru recuperarea terenului public \u0219i respectarea reglement\u0103rilor urbanistice.<\/p>\n<h2 class=\"wp-block-heading\">Firma a \u00eendep\u0103rtat o parte dintre construc\u021bii<\/h2>\n<p class=\"wp-block-paragraph\">\u00cenainte de interven\u021bia autorit\u0103\u021bilor, firma notificat\u0103 de Prim\u0103rie s-a conformat par\u021bial solicit\u0103rilor \u0219i a demontat construc\u021biile modulare utilizate ca vestiare.<\/p>\n<p class=\"wp-block-paragraph\">Municipalitatea precizeaz\u0103 \u00eens\u0103 c\u0103 au r\u0103mas pe domeniul public alte echipamente amplasate f\u0103r\u0103 autoriza\u021bie, motiv pentru care echipele Prim\u0103riei au intervenit pentru ridicarea acestora.<\/p>\n<h2 class=\"wp-block-heading\">Situa\u021bia se repet\u0103 dup\u0103 interven\u021bia din 2024<\/h2>\n<p class=\"wp-block-paragraph\">Prim\u0103ria aminte\u0219te c\u0103 \u00een anul 2024 au fost desfiin\u021bate construc\u021biile ridicate f\u0103r\u0103 autoriza\u021bie pe acela\u0219i amplasament.<\/p>\n<p class=\"wp-block-paragraph\">Potrivit administra\u021biei locale, dup\u0103 acea interven\u021bie au fost amplasate alte construc\u021bii pe domeniul public, ceea ce a impus reluarea procedurilor pentru eliberarea terenului \u0219i aplicarea prevederilor legale.<\/p>\n<h2 class=\"wp-block-heading\">Municipalitatea anun\u021b\u0103 c\u0103 va continua verific\u0103rile<\/h2>\n<p class=\"wp-block-paragraph\">Reprezentan\u021bii Prim\u0103riei Timi\u0219oara afirm\u0103 c\u0103 vor continua s\u0103 aplice legisla\u021bia privind ocuparea domeniului public \u0219i s\u0103 intervin\u0103 ori de c\u00e2te ori sunt identificate construc\u021bii amplasate ilegal.<\/p>\n<p class=\"wp-block-paragraph\">Autorit\u0103\u021bile sus\u021bin c\u0103 m\u0103surile urm\u0103resc protejarea patrimoniului public \u0219i respectarea regulilor privind utilizarea terenurilor aflate \u00een administrarea municipiului.<\/p>\n<h2 class=\"wp-block-heading\">Infrastructura sportiv\u0103 trebuie s\u0103 r\u0103m\u00e2n\u0103 \u00een slujba comunit\u0103\u021bii<\/h2>\n<p class=\"wp-block-paragraph\">Potrivit Prim\u0103riei, obiectivul acestor interven\u021bii este ca infrastructura sportiv\u0103 a ora\u0219ului s\u0103 poat\u0103 fi utilizat\u0103 \u00een interesul copiilor \u0219i al comunit\u0103\u021bii.<\/p>\n<p class=\"wp-block-paragraph\">\u201eContinu\u0103m s\u0103 aplic\u0103m legea \u0219i s\u0103 eliber\u0103m domeniul public de construc\u021bii ilegale, pentru ca infrastructura sportiv\u0103 a ora\u0219ului s\u0103 poat\u0103 fi folosit\u0103 \u00een interesul copiilor \u0219i al comunit\u0103\u021bii\u201d, au transmis reprezentan\u021bii Prim\u0103riei Municipiului Timi\u0219oara.<\/p>\n<h2 class=\"wp-block-heading\">Ac\u021biunile de eliberare a domeniului public continu\u0103<\/h2>\n<p class=\"wp-block-paragraph\">Municipalitatea transmite c\u0103 va continua ac\u021biunile de verificare \u0219i interven\u021bie \u00een situa\u021biile \u00een care sunt identificate ocup\u0103ri neautorizate ale domeniului public.<\/p>\n<p class=\"wp-block-paragraph\">Prin aceste m\u0103suri, administra\u021bia local\u0103 urm\u0103re\u0219te respectarea legisla\u021biei \u0219i men\u021binerea bazelor sportive \u0219i a celorlalte spa\u021bii publice destinate utiliz\u0103rii lor conform scopului pentru care au fost amenajate.<\/p>\n<\/div>\n<p>[analyse_source url=&#8221;https:\/\/orasul-timisoara.ro\/local-40153\/&#8221;]<\/p>\n","protected":false},"excerpt":{"rendered":"<p>[analyse_image type=&#8221;featured&#8221; src=&#8221;https:\/\/orasul-timisoara.ro\/wp-content\/uploads\/2026\/08\/constructii-ilegale-amforei.jpg&#8221;] \u0218tiri LocaleNoi construc\u021bii ilegale desfiin\u021bate la baza sportiv\u0103 de pe Amforei din Timi\u0219oara \u0218tiri Locale Noi construc\u021bii ilegale desfiin\u021bate la baza sportiv\u0103 de pe Amforei din Timi\u0219oara De c\u0103tre redactia &#8211; 07\/08\/2026 Facebook Twitter WhatsApp Linkedin ReddIt Email Imprimare Prim\u0103ria Municipiului Timi\u0219oara a intervenit din nou la baza sportiv\u0103 situat\u0103 pe strada [&hellip;]<\/p>\n","protected":false},"author":1,"featured_media":0,"comment_status":"open","ping_status":"","sticky":false,"template":"","format":"standard","meta":{"footnotes":""},"categories":[89],"tags":[226,189],"class_list":["post-2082345","post","type-post","status-publish","format-standard","hentry","category-romania","tag-crawlmanager","tag-orasul-timisoara-ro"],"_links":{"self":[{"href":"https:\/\/analyse.optim.biz\/index.php?rest_route=\/wp\/v2\/posts\/2082345","targetHints":{"allow":["GET"]}}],"collection":[{"href":"https:\/\/analyse.optim.biz\/index.php?rest_route=\/wp\/v2\/posts"}],"about":[{"href":"https:\/\/analyse.optim.biz\/index.php?rest_route=\/wp\/v2\/types\/post"}],"author":[{"embeddable":true,"href":"https:\/\/analyse.optim.biz\/index.php?rest_route=\/wp\/v2\/users\/1"}],"replies":[{"embeddable":true,"href":"https:\/\/analyse.optim.biz\/index.php?rest_route=%2Fwp%2Fv2%2Fcomments&post=2082345"}],"version-history":[{"count":0,"href":"https:\/\/analyse.optim.biz\/index.php?rest_route=\/wp\/v2\/posts\/2082345\/revisions"}],"wp:attachment":[{"href":"https:\/\/analyse.optim.biz\/index.php?rest_route=%2Fwp%2Fv2%2Fmedia&parent=2082345"}],"wp:term":[{"taxonomy":"category","embeddable":true,"href":"https:\/\/analyse.optim.biz\/index.php?rest_route=%2Fwp%2Fv2%2Fcategories&post=2082345"},{"taxonomy":"post_tag","embeddable":true,"href":"https:\/\/analyse.optim.biz\/index.php?rest_route=%2Fwp%2Fv2%2Ftags&post=2082345"}],"curies":[{"name":"wp","href":"https:\/\/api.w.org\/{rel}","templated":true}]}}