{"id":2082341,"date":"2026-08-07T12:09:01","date_gmt":"2026-08-07T09:09:01","guid":{"rendered":"https:\/\/analyse.optim.biz\/?p=2082341"},"modified":"2026-08-07T12:09:01","modified_gmt":"2026-08-07T09:09:01","slug":"consum-record-de-apa-in-timisoara-aquatim-a-distribuit-peste-25-milioane-de-metri-cubi-in-iulie","status":"publish","type":"post","link":"https:\/\/analyse.optim.biz\/?p=2082341","title":{"rendered":"Consum record de ap\u0103 \u00een Timi\u0219oara. Aquatim a distribuit peste 2,5 milioane de metri cubi \u00een iulie"},"content":{"rendered":"<p>[analyse_image type=&#8221;featured&#8221; src=&#8221;https:\/\/orasul-timisoara.ro\/wp-content\/uploads\/2026\/07\/femeie-bea-apa-4.jpg&#8221;]<\/p>\n<article id=\"post-40147\" class=\"td-post-template-7 post-40147 post type-post status-publish format-standard has-post-thumbnail category-featured category-investitii-in-timisoara category-sanatate category-stiri-timisoara tag-apa-potabila-2 tag-aquatim tag-canicula-2 tag-consum-apa-2 tag-infrastructura-2 tag-investitii-2 tag-judetul-timis-2 tag-retea-de-alimentare tag-seceta-2 tag-statii-de-tratare tag-stiri-timisoara tag-timisoara-2 tag-zona-metropolitana td-container-wrap\">\n<div class=\"td-full-screen-header-image-wrap\">\n<div class=\"td-container td-post-header\">\n<div class=\"td-crumb-container\">\n<div class=\"entry-crumbs\"><span><a title=\"Vede\u021bi toate articolele \u00een Investitii in Timisoara\" class=\"entry-crumb\" href=\"https:\/\/orasul-timisoara.ro\/local-category\/investitii-in-timisoara\/\">Investitii in Timisoara<\/a><\/span><span class=\"td-bred-no-url-last\">Consum record de ap\u0103 \u00een Timi\u0219oara. Aquatim a distribuit peste 2,5 milioane&#8230;<\/span><\/div>\n<\/div>\n<div class=\"td-post-header-holder\">\n<div class=\"td-parallax-header\">\n<header class=\"td-post-title\">\n<ul class=\"td-category\">\n<li class=\"entry-category\"><a href=\"https:\/\/orasul-timisoara.ro\/local-category\/investitii-in-timisoara\/\">Investitii in Timisoara<\/a><\/li>\n<li class=\"entry-category\"><a href=\"https:\/\/orasul-timisoara.ro\/local-category\/sanatate\/\">S\u0103n\u0103tate<\/a><\/li>\n<li class=\"entry-category\"><a href=\"https:\/\/orasul-timisoara.ro\/local-category\/stiri-timisoara\/\">\u0218tiri Locale<\/a><\/li>\n<\/ul>\n<h1 class=\"entry-title\">Consum record de ap\u0103 \u00een Timi\u0219oara. Aquatim a distribuit peste 2,5 milioane de metri cubi \u00een iulie<\/h1>\n<div class=\"td-module-meta-info\">\n<div class=\"td-post-author-name\">\n<div class=\"td-author-by\">De c\u0103tre<\/div>\n<p><a href=\"https:\/\/orasul-timisoara.ro\/author\/timisoara\/\">redactia<\/a><\/p>\n<div class=\"td-author-line\"> &#8211; <\/div>\n<\/div>\n<p><span class=\"td-post-date\"><time class=\"entry-date updated td-module-date\" datetime=\"2026-08-07T15:09:01+03:00\">07\/08\/2026<\/time><\/span><\/div>\n<\/header>\n<\/div>\n<\/div>\n<\/div>\n<div id=\"td-full-screen-header-image\" class=\"td-image-gradient-style7\"><img decoding=\"async\" class=\"td-backstretch\" src=\"https:\/\/orasul-timisoara.ro\/wp-content\/uploads\/2026\/07\/femeie-bea-apa-4.jpg\"><\/div>\n<\/div>\n<div class=\"td-container\">\n<div class=\"td-pb-row\">\n<div class=\"td-pb-span8 td-main-content\" role=\"main\">\n<div class=\"td-ss-main-content\">\n<div class=\"td-post-sharing-top\">\n<div class=\"td-post-sharing-classic\"><iframe title=\"topFacebookLike\" frameborder src=\"https:\/\/www.facebook.com\/plugins\/like.php?href=https:\/\/orasul-timisoara.ro\/local-40147\/&amp;layout=button_count&amp;show_faces=false&amp;width=105&amp;action=like&amp;colorscheme=light&amp;height=21\"><\/iframe><\/div>\n<div id=\"td_social_sharing_article_top\" class=\"td-post-sharing td-ps-bg td-ps-notext td-post-sharing-style1 \">\n<div class=\"td-post-sharing-visible\"><a class=\"td-social-sharing-button td-social-sharing-button-js td-social-network td-social-facebook\" href=\"https:\/\/www.facebook.com\/sharer.php?u=https%3A%2F%2Forasul-timisoara.ro%2Flocal-40147%2F\" title=\"Facebook\"><\/p>\n<div class=\"td-social-but-text\">Facebook<\/div>\n<p><\/a><a class=\"td-social-sharing-button td-social-sharing-button-js td-social-network td-social-twitter\" href=\"https:\/\/twitter.com\/intent\/tweet?text=Consum+record+de+ap%C4%83+%C3%AEn+Timi%C8%99oara.+Aquatim+a+distribuit+peste+2%2C5+milioane+de+metri+cubi+%C3%AEn+iulie&amp;url=https%3A%2F%2Forasul-timisoara.ro%2Flocal-40147%2F&amp;via=orasultm\" title=\"Twitter\"><\/p>\n<div class=\"td-social-but-text\">Twitter<\/div>\n<p><\/a><a class=\"td-social-sharing-button td-social-sharing-button-js td-social-network td-social-whatsapp\" href=\"https:\/\/api.whatsapp.com\/send?text=Consum+record+de+ap%C4%83+%C3%AEn+Timi%C8%99oara.+Aquatim+a+distribuit+peste+2%2C5+milioane+de+metri+cubi+%C3%AEn+iulie%20%0A%0A%20https:\/\/orasul-timisoara.ro\/local-40147\/\" title=\"WhatsApp\"><\/p>\n<div class=\"td-social-but-text\">WhatsApp<\/div>\n<p><\/a><a class=\"td-social-sharing-button td-social-sharing-button-js td-social-network td-social-linkedin\" href=\"https:\/\/www.linkedin.com\/shareArticle?mini=true&amp;url=https:\/\/orasul-timisoara.ro\/local-40147\/&amp;title=Consum+record+de+ap%C4%83+%C3%AEn+Timi%C8%99oara.+Aquatim+a+distribuit+peste+2%2C5+milioane+de+metri+cubi+%C3%AEn+iulie\" title=\"Linkedin\"><\/p>\n<div class=\"td-social-but-text\">Linkedin<\/div>\n<p><\/a><a class=\"td-social-sharing-button td-social-sharing-button-js td-social-network td-social-reddit\" href=\"https:\/\/reddit.com\/submit?url=https:\/\/orasul-timisoara.ro\/local-40147\/&amp;title=Consum+record+de+ap%C4%83+%C3%AEn+Timi%C8%99oara.+Aquatim+a+distribuit+peste+2%2C5+milioane+de+metri+cubi+%C3%AEn+iulie\" title=\"ReddIt\"><\/p>\n<div class=\"td-social-but-text\">ReddIt<\/div>\n<p><\/a><a class=\"td-social-sharing-button td-social-sharing-button-js td-social-network td-social-mail\" href=\"mailto:?subject=Consum%20record%20de%20ap%C4%83%20%C3%AEn%20Timi%C8%99oara.%20Aquatim%20a%20distribuit%20peste%202,5%20milioane%20de%20metri%20cubi%20%C3%AEn%20iulie&amp;body=https:\/\/orasul-timisoara.ro\/local-40147\/\" title=\"Email\"><\/p>\n<div class=\"td-social-but-text\">Email<\/div>\n<p><\/a><a class=\"td-social-sharing-button td-social-sharing-button-js td-social-network td-social-print\" href=\"https:\/\/orasul-timisoara.ro\/local-40147\/\" title=\"Imprimare\"><\/p>\n<div class=\"td-social-but-text\">Imprimare<\/div>\n<p><\/a><\/div>\n<\/div>\n<\/div>\n<div class=\"td-post-content tagdiv-type\">\n<p class=\"wp-block-paragraph\">Valul de c\u0103ldur\u0103 \u0219i seceta prelungit\u0103 din aceast\u0103 var\u0103 au dus la un consum record de ap\u0103 \u00een Timi\u0219oara \u0219i \u00een localit\u0103\u021bile din zona metropolitan\u0103 alimentate de Aquatim. Potrivit companiei, \u00een luna iulie 2026 au fost distribui\u021bi peste 2,5 milioane de metri cubi de ap\u0103 potabil\u0103, cu aproximativ o jum\u0103tate de milion de metri cubi mai mult dec\u00e2t \u00een aceea\u0219i perioad\u0103 a anului trecut.<\/p>\n<p class=\"wp-block-paragraph\">\u00cen ciuda cererii f\u0103r\u0103 precedent, alimentarea cu ap\u0103 a fost men\u021binut\u0103 \u00een condi\u021bii normale. Reprezentan\u021bii Aquatim spun c\u0103 investi\u021biile realizate \u00een ultimii ani \u00een infrastructura de captare, tratare, stocare \u0219i distribu\u021bie au contribuit la cre\u0219terea capacit\u0103\u021bii sistemului \u0219i la asigurarea continuit\u0103\u021bii serviciului pentru consumatori.<\/p>\n<h2 class=\"wp-block-heading\">Peste 2,5 milioane de metri cubi de ap\u0103 distribui\u021bi \u00eentr-o singur\u0103 lun\u0103<\/h2>\n<p class=\"wp-block-paragraph\">Datele prezentate de Aquatim arat\u0103 c\u0103 \u00een luna iulie 2026 compania a livrat peste 2,5 milioane de metri cubi de ap\u0103 potabil\u0103 c\u0103tre consumatorii din Timi\u0219oara \u0219i localit\u0103\u021bile limitrofe pe care le deserve\u0219te.<\/p>\n<p class=\"wp-block-paragraph\">Prin compara\u021bie, \u00een iulie 2025 au fost distribui\u021bi aproximativ 2 milioane de metri cubi de ap\u0103, ceea ce eviden\u021biaz\u0103 o cre\u0219tere semnificativ\u0103 a consumului pe fondul temperaturilor extreme \u0219i al perioadei \u00eendelungate f\u0103r\u0103 precipita\u021bii.<\/p>\n<h2 class=\"wp-block-heading\">Debitul zilnic a crescut cu aproximativ 15.000 de metri cubi<\/h2>\n<p class=\"wp-block-paragraph\">\u00cen medie, Aquatim a pompat \u00een re\u021beaua de alimentare aproximativ 80.000 de metri cubi de ap\u0103 pe zi \u00een luna iulie 2026.<\/p>\n<p class=\"wp-block-paragraph\">Fa\u021b\u0103 de aceea\u0219i perioad\u0103 a anului trecut, consumul zilnic a fost mai mare cu aproximativ 15.000 de metri cubi. Pentru a ilustra acest volum, compania arat\u0103 c\u0103, dac\u0103 \u00eentreaga cantitate de ap\u0103 ar fi transportat\u0103 cu cisterne c\u0103tre consumatori, ar fi necesare peste 4.000 de camioane, care ar forma o coloan\u0103 de aproximativ 60 de kilometri.<\/p>\n<h2 class=\"wp-block-heading\">Investi\u021biile realizate \u00een ultimii ani au crescut siguran\u021ba sistemului<\/h2>\n<p class=\"wp-block-paragraph\">Reprezentan\u021bii Aquatim subliniaz\u0103 c\u0103 situa\u021bia din aceast\u0103 var\u0103 este mai bun\u0103 dec\u00e2t \u00een anii preceden\u021bi, chiar dac\u0103 temperaturile ridicate \u0219i seceta au pus presiune asupra sistemului de alimentare cu ap\u0103.<\/p>\n<p class=\"wp-block-paragraph\">Potrivit companiei, investi\u021biile realizate \u00een modernizarea sta\u021biilor de tratare, executarea de noi foraje, construirea \u0219i extinderea rezervoarelor de \u00eenmagazinare, \u00eenlocuirea \u0219i extinderea re\u021belelor de distribu\u021bie, precum \u0219i modernizarea sistemelor de pompare au contribuit la cre\u0219terea capacit\u0103\u021bii \u0219i fiabilit\u0103\u021bii infrastructurii.<\/p>\n<h2 class=\"wp-block-heading\">Resursele naturale depind de precipita\u021bii<\/h2>\n<p class=\"wp-block-paragraph\">Aquatim atrage aten\u021bia c\u0103 infrastructura poate fi dimensionat\u0103 pentru a r\u0103spunde cererii de consum menajer, \u00eens\u0103 resursele de ap\u0103 disponibile sunt influen\u021bate direct de condi\u021biile naturale.<\/p>\n<p class=\"wp-block-paragraph\">Nivelul precipita\u021biilor \u0219i capacitatea p\u00e2nzei freatice de a se reface joac\u0103 un rol esen\u021bial \u00een asigurarea resurselor de ap\u0103 pe termen lung, motiv pentru care perioadele de secet\u0103 reprezint\u0103 o provocare pentru toate sistemele de alimentare.<\/p>\n<h2 class=\"wp-block-heading\">Compania recomand\u0103 utilizarea responsabil\u0103 a apei<\/h2>\n<p class=\"wp-block-paragraph\">\u00cen contextul temperaturilor ridicate \u0219i al consumului record, Aquatim \u00eei \u00eendeamn\u0103 pe consumatori s\u0103 utilizeze apa \u00een mod responsabil, \u00een special pentru activit\u0103\u021bile care nu sunt esen\u021biale.<\/p>\n<p class=\"wp-block-paragraph\">Compania subliniaz\u0103 c\u0103 folosirea cu m\u0103sur\u0103 a apei \u00een perioadele de canicul\u0103 \u0219i secet\u0103 contribuie la men\u021binerea unui serviciu continuu \u0219i sigur pentru \u00eentreaga comunitate, reduc\u00e2nd presiunea asupra sistemului de alimentare.<\/p>\n<h2 class=\"wp-block-heading\">Canicula a pus la \u00eencercare infrastructura, f\u0103r\u0103 a afecta continuitatea serviciului<\/h2>\n<p class=\"wp-block-paragraph\">Consumul record \u00eenregistrat \u00een luna iulie demonstreaz\u0103 impactul pe care temperaturile extreme \u00eel au asupra cererii de ap\u0103 potabil\u0103. \u00cen acela\u0219i timp, Aquatim consider\u0103 c\u0103 investi\u021biile realizate \u00een ultimii ani \u0219i experien\u021ba acumulat\u0103 \u00een gestionarea perioadelor de secet\u0103 au permis men\u021binerea aliment\u0103rii cu ap\u0103 pentru Timi\u0219oara \u0219i localit\u0103\u021bile din zona metropolitan\u0103, chiar \u0219i \u00een condi\u021biile unui consum semnificativ mai mare dec\u00e2t \u00een vara anului trecut.<\/p>\n<\/div>\n<footer>\n<div class=\"td-post-source-tags\">\n<ul class=\"td-tags td-post-small-box clearfix\">\n<li><span>ETICHETE<\/span><\/li>\n<li><a href=\"https:\/\/orasul-timisoara.ro\/local-tag\/apa-potabila-2\/\">ap\u0103 potabil\u0103<\/a><\/li>\n<li><a href=\"https:\/\/orasul-timisoara.ro\/local-tag\/aquatim\/\">aquatim<\/a><\/li>\n<li><a href=\"https:\/\/orasul-timisoara.ro\/local-tag\/canicula-2\/\">canicul\u0103<\/a><\/li>\n<li><a href=\"https:\/\/orasul-timisoara.ro\/local-tag\/consum-apa-2\/\">consum ap\u0103<\/a><\/li>\n<li><a href=\"https:\/\/orasul-timisoara.ro\/local-tag\/infrastructura-2\/\">infrastructur\u0103<\/a><\/li>\n<li><a href=\"https:\/\/orasul-timisoara.ro\/local-tag\/investitii-2\/\">investi\u021bii<\/a><\/li>\n<li><a href=\"https:\/\/orasul-timisoara.ro\/local-tag\/judetul-timis-2\/\">jude\u021bul Timi\u0219<\/a><\/li>\n<li><a href=\"https:\/\/orasul-timisoara.ro\/local-tag\/retea-de-alimentare\/\">re\u021bea de alimentare<\/a><\/li>\n<li><a href=\"https:\/\/orasul-timisoara.ro\/local-tag\/seceta-2\/\">secet\u0103<\/a><\/li>\n<li><a href=\"https:\/\/orasul-timisoara.ro\/local-tag\/statii-de-tratare\/\">sta\u021bii de tratare<\/a><\/li>\n<li><a href=\"https:\/\/orasul-timisoara.ro\/local-tag\/stiri-timisoara\/\">stiri timisoara<\/a><\/li>\n<li><a href=\"https:\/\/orasul-timisoara.ro\/local-tag\/timisoara-2\/\">timi\u0219oara<\/a><\/li>\n<li><a href=\"https:\/\/orasul-timisoara.ro\/local-tag\/zona-metropolitana\/\">zona metropolitan\u0103<\/a><\/li>\n<\/ul>\n<\/div>\n<div class=\"td-post-sharing-bottom\">\n<div class=\"td-post-sharing-classic\"><iframe title=\"bottomFacebookLike\" frameborder src=\"https:\/\/www.facebook.com\/plugins\/like.php?href=https:\/\/orasul-timisoara.ro\/local-40147\/&amp;layout=button_count&amp;show_faces=false&amp;width=105&amp;action=like&amp;colorscheme=light&amp;height=21\"><\/iframe><\/div>\n<div id=\"td_social_sharing_article_bottom\" class=\"td-post-sharing td-ps-bg td-ps-notext td-post-sharing-style1 \">\n<div class=\"td-post-sharing-visible\"><a class=\"td-social-sharing-button td-social-sharing-button-js td-social-network td-social-facebook\" href=\"https:\/\/www.facebook.com\/sharer.php?u=https%3A%2F%2Forasul-timisoara.ro%2Flocal-40147%2F\" title=\"Facebook\"><\/p>\n<div class=\"td-social-but-text\">Facebook<\/div>\n<p><\/a><a class=\"td-social-sharing-button td-social-sharing-button-js td-social-network td-social-twitter\" href=\"https:\/\/twitter.com\/intent\/tweet?text=Consum+record+de+ap%C4%83+%C3%AEn+Timi%C8%99oara.+Aquatim+a+distribuit+peste+2%2C5+milioane+de+metri+cubi+%C3%AEn+iulie&amp;url=https%3A%2F%2Forasul-timisoara.ro%2Flocal-40147%2F&amp;via=orasultm\" title=\"Twitter\"><\/p>\n<div class=\"td-social-but-text\">Twitter<\/div>\n<p><\/a><a class=\"td-social-sharing-button td-social-sharing-button-js td-social-network td-social-whatsapp\" href=\"https:\/\/api.whatsapp.com\/send?text=Consum+record+de+ap%C4%83+%C3%AEn+Timi%C8%99oara.+Aquatim+a+distribuit+peste+2%2C5+milioane+de+metri+cubi+%C3%AEn+iulie%20%0A%0A%20https:\/\/orasul-timisoara.ro\/local-40147\/\" title=\"WhatsApp\"><\/p>\n<div class=\"td-social-but-text\">WhatsApp<\/div>\n<p><\/a><a class=\"td-social-sharing-button td-social-sharing-button-js td-social-network td-social-linkedin\" href=\"https:\/\/www.linkedin.com\/shareArticle?mini=true&amp;url=https:\/\/orasul-timisoara.ro\/local-40147\/&amp;title=Consum+record+de+ap%C4%83+%C3%AEn+Timi%C8%99oara.+Aquatim+a+distribuit+peste+2%2C5+milioane+de+metri+cubi+%C3%AEn+iulie\" title=\"Linkedin\"><\/p>\n<div class=\"td-social-but-text\">Linkedin<\/div>\n<p><\/a><a class=\"td-social-sharing-button td-social-sharing-button-js td-social-network td-social-reddit\" href=\"https:\/\/reddit.com\/submit?url=https:\/\/orasul-timisoara.ro\/local-40147\/&amp;title=Consum+record+de+ap%C4%83+%C3%AEn+Timi%C8%99oara.+Aquatim+a+distribuit+peste+2%2C5+milioane+de+metri+cubi+%C3%AEn+iulie\" title=\"ReddIt\"><\/p>\n<div class=\"td-social-but-text\">ReddIt<\/div>\n<p><\/a><a class=\"td-social-sharing-button td-social-sharing-button-js td-social-network td-social-mail\" href=\"mailto:?subject=Consum%20record%20de%20ap%C4%83%20%C3%AEn%20Timi%C8%99oara.%20Aquatim%20a%20distribuit%20peste%202,5%20milioane%20de%20metri%20cubi%20%C3%AEn%20iulie&amp;body=https:\/\/orasul-timisoara.ro\/local-40147\/\" title=\"Email\"><\/p>\n<div class=\"td-social-but-text\">Email<\/div>\n<p><\/a><a class=\"td-social-sharing-button td-social-sharing-button-js td-social-network td-social-print\" href=\"https:\/\/orasul-timisoara.ro\/local-40147\/\" title=\"Imprimare\"><\/p>\n<div class=\"td-social-but-text\">Imprimare<\/div>\n<p><\/a><\/div>\n<\/div>\n<\/div>\n<div class=\"td-block-row td-post-next-prev\">\n<div class=\"td-block-span6 td-post-prev-post\">\n<div class=\"td-post-next-prev-content\"><span>Articolul precedent<\/span><a href=\"https:\/\/orasul-timisoara.ro\/local-40144\/\">Youth Summer Fest 2026 aduce art\u0103 \u0219i muzic\u0103 la Casa Tineretului din Timi\u0219oara<\/a><\/div>\n<\/div>\n<div class=\"td-block-span6 td-post-next-post\">\n<div class=\"td-post-next-prev-content\"><span>Articolul urm\u0103tor<\/span><a href=\"https:\/\/orasul-timisoara.ro\/local-40150\/\">Dezinsec\u021bie \u00een S\u00e2nmihaiu Rom\u00e2n pe 11 august. Ce recomand\u0103ri transmite Prim\u0103ria<\/a><\/div>\n<\/div>\n<\/div>\n<div class=\"td-author-name vcard author\"><span class=\"fn\"><a href=\"https:\/\/orasul-timisoara.ro\/author\/timisoara\/\">redactia<\/a><\/span><\/div>\n<p><span class=\"td-page-meta\"><\/span><span class=\"td-page-meta\"><span class=\"td-page-meta\"><\/span><\/span><span class=\"td-page-meta\"><\/span><\/footer>\n<div class=\"td_block_wrap td_block_related_posts tdi_3 td_with_ajax_pagination td-pb-border-top td_block_template_8\" data-td-block-uid=\"tdi_3\">\n<h4 class=\"td-related-title td-block-title\"><a id=\"tdi_4\" class=\"td-related-left td-cur-simple-item\" data-td_filter_value data-td_block_id=\"tdi_3\" href=\"https:\/\/orasul-timisoara.ro\/local-40147\/\">ARTICOLE SIMILARE<\/a><a id=\"tdi_5\" class=\"td-related-right\" data-td_filter_value=\"td_related_more_from_author\" data-td_block_id=\"tdi_3\" href=\"https:\/\/orasul-timisoara.ro\/local-40147\/\">DE LA ACELA\u0218I AUTOR<\/a><\/h4>\n<div id=\"tdi_3\" class=\"td_block_inner\">\n<div class=\"td-related-row\">\n<div class=\"td-related-span4\">\n<div class=\"td_module_related_posts td-animation-stack td_mod_related_posts\">\n<div class=\"td-module-image\">\n<div class=\"td-module-thumb\"><a href=\"https:\/\/orasul-timisoara.ro\/local-40095\/\" rel=\"bookmark\" class=\"td-image-wrap \" title=\"\u00cencep lucr\u0103rile la Pasarela \u00cendr\u0103gosti\u021bilor. Accesul c\u0103tre Parcul Copiilor va fi \u00eenchis\"><img loading=\"lazy\" decoding=\"async\" class=\"entry-thumb\" src=\"https:\/\/orasul-timisoara.ro\/wp-content\/uploads\/2026\/08\/766762691_3001037763435111_8604233095333467403_n-1-436x300.jpg\" alt title=\"\u00cencep lucr\u0103rile la Pasarela \u00cendr\u0103gosti\u021bilor. Accesul c\u0103tre Parcul Copiilor va fi \u00eenchis\" width=\"218\" height=\"150\"><\/a><\/div>\n<\/div>\n<div class=\"item-details\">\n<h3 class=\"entry-title td-module-title\"><a href=\"https:\/\/orasul-timisoara.ro\/local-40095\/\" rel=\"bookmark\" title=\"\u00cencep lucr\u0103rile la Pasarela \u00cendr\u0103gosti\u021bilor. Accesul c\u0103tre Parcul Copiilor va fi \u00eenchis\">\u00cencep lucr\u0103rile la Pasarela \u00cendr\u0103gosti\u021bilor. Accesul c\u0103tre Parcul Copiilor va fi \u00eenchis<\/a><\/h3>\n<\/div>\n<\/div>\n<\/div>\n<div class=\"td-related-span4\">\n<div class=\"td_module_related_posts td-animation-stack td_mod_related_posts\">\n<div class=\"td-module-image\">\n<div class=\"td-module-thumb\"><a href=\"https:\/\/orasul-timisoara.ro\/local-40085\/\" rel=\"bookmark\" class=\"td-image-wrap \" title=\"Casieria Aquatim de pe strada Oituz se \u00eenchide definitiv din 10 august\"><img loading=\"lazy\" decoding=\"async\" class=\"entry-thumb\" src=\"https:\/\/orasul-timisoara.ro\/wp-content\/uploads\/2026\/08\/Screenshot-2026-08-06-180357-436x300.jpg\" alt title=\"Casieria Aquatim de pe strada Oituz se \u00eenchide definitiv din 10 august\" width=\"218\" height=\"150\"><\/a><\/div>\n<\/div>\n<div class=\"item-details\">\n<h3 class=\"entry-title td-module-title\"><a href=\"https:\/\/orasul-timisoara.ro\/local-40085\/\" rel=\"bookmark\" title=\"Casieria Aquatim de pe strada Oituz se \u00eenchide definitiv din 10 august\">Casieria Aquatim de pe strada Oituz se \u00eenchide definitiv din 10 august<\/a><\/h3>\n<\/div>\n<\/div>\n<\/div>\n<div class=\"td-related-span4\">\n<div class=\"td_module_related_posts td-animation-stack td_mod_related_posts\">\n<div class=\"td-module-image\">\n<div class=\"td-module-thumb\"><a href=\"https:\/\/orasul-timisoara.ro\/local-40073\/\" rel=\"bookmark\" class=\"td-image-wrap \" title=\"Lucr\u0103ri Aquatim vineri, 7 august. Patru localit\u0103\u021bi din Timi\u0219 vor avea presiune redus\u0103 la ap\u0103\"><img loading=\"lazy\" decoding=\"async\" class=\"entry-thumb\" src=\"https:\/\/orasul-timisoara.ro\/wp-content\/uploads\/2026\/07\/femeie-bea-apa-3-436x300.jpg\" alt title=\"Lucr\u0103ri Aquatim vineri, 7 august. Patru localit\u0103\u021bi din Timi\u0219 vor avea presiune redus\u0103 la ap\u0103\" width=\"218\" height=\"150\"><\/a><\/div>\n<\/div>\n<div class=\"item-details\">\n<h3 class=\"entry-title td-module-title\"><a href=\"https:\/\/orasul-timisoara.ro\/local-40073\/\" rel=\"bookmark\" title=\"Lucr\u0103ri Aquatim vineri, 7 august. Patru localit\u0103\u021bi din Timi\u0219 vor avea presiune redus\u0103 la ap\u0103\">Lucr\u0103ri Aquatim vineri, 7 august. Patru localit\u0103\u021bi din Timi\u0219 vor avea presiune redus\u0103 la ap\u0103<\/a><\/h3>\n<\/div>\n<\/div>\n<\/div>\n<\/div>\n<\/div>\n<\/div>\n<div class=\"comments\" id=\"comments\">\n<div id=\"respond\" class=\"comment-respond\">\n<h3 id=\"reply-title\" class=\"comment-reply-title\">L\u0102SA\u021aI UN MESAJ<\/h3>\n<div class=\"comment-form-input-wrap td-form-comment\">\n<div class=\"td-warning-comment\">V\u0103 rug\u0103m s\u0103 introduce\u021bi comentariul dvs.!<\/div>\n<\/div>\n<div class=\"comment-form-input-wrap td-form-author\">\n<div class=\"td-warning-author\">Introduce\u021bi aici numele dvs.<\/div>\n<\/div>\n<div class=\"comment-form-input-wrap td-form-email\">\n<div class=\"td-warning-email-error\">A\u021bi introdus o adres\u0103 de e-mail incorect\u0103!<\/div>\n<div class=\"td-warning-email\">V\u0103 rug\u0103m s\u0103 introduce\u021bi adresa dvs. de e-mail aici<\/div>\n<\/div>\n<\/div>\n<p class=\"akismet_comment_form_privacy_notice\">Acest site folose\u0219te Akismet pentru a reduce spamul. <a href=\"https:\/\/akismet.com\/privacy\/\" target=\"_blank\" rel=\"nofollow noopener\">Afl\u0103 cum sunt procesate datele comentariilor tale<\/a>.<\/p>\n<\/div>\n<\/div>\n<\/div>\n<div class=\"td-pb-span4 td-main-sidebar\" role=\"complementary\">\n<div class=\"td-ss-main-sidebar\">\n<aside id=\"block-4\" class=\"td_block_template_8 widget block-4 widget_block widget_media_image\">\n<figure class=\"wp-block-image size-full\"><img loading=\"lazy\" decoding=\"async\" width=\"336\" height=\"280\" src=\"https:\/\/orasul-timisoara.ro\/wp-content\/uploads\/2024\/11\/ReTIM-Abonamentul-Verde-Google-Ads-336x280px.gif\" alt class=\"wp-image-29257\"><\/figure>\n<\/aside>\n<div class=\"td_block_wrap td_block_social_counter td_block_widget tdi_6 td-social-style5 td-social-boxed td-pb-border-top td_block_template_8\">\n<div class=\"td-block-title-wrap\">\n<h4 class=\"td-block-title\"><span>Urm\u0103re\u0219te-ne pe Social Media<\/span><\/h4>\n<\/div>\n<div class=\"td-social-list\">\n<div class=\"td_social_type td-pb-margin-side td_social_facebook\">\n<div class=\"td-social-box\"><span class=\"td_social_info td_social_info_counter\">344,595<\/span><span class=\"td_social_info td_social_info_name\">Fani<\/span><span class=\"td_social_button\"><a href=\"https:\/\/www.facebook.com\/247timisoara\" target=\"_blank\" rel=\"nofollow\">\u00cemi place<\/a><\/span><\/div>\n<\/div>\n<div class=\"td_social_type td-pb-margin-side td_social_instagram\">\n<div class=\"td-social-box\"><span class=\"td_social_info td_social_info_counter\">4,416<\/span><span class=\"td_social_info td_social_info_name\">Cititori<\/span><span class=\"td_social_button\"><a href=\"https:\/\/instagram.com\/orasultimisoararo\/\" target=\"_blank\" rel=\"nofollow\">Conecta\u021bi-v\u0103<\/a><\/span><\/div>\n<\/div>\n<div class=\"td_social_type td-pb-margin-side td_social_rss\">\n<div class=\"td-social-box\"><span class=\"td_social_info td_social_info_counter\">12,506<\/span><span class=\"td_social_info td_social_info_name\">Cititori<\/span><span class=\"td_social_button\"><a href=\"https:\/\/orasul-timisoara.ro\/feed\/\" target=\"_blank\" rel=\"nofollow\">Conecta\u021bi-v\u0103<\/a><\/span><\/div>\n<\/div>\n<div class=\"td_social_type td-pb-margin-side td_social_tiktok\">\n<div class=\"td-social-box\"><span class=\"td_social_info td_social_info_counter\">1,500<\/span><span class=\"td_social_info td_social_info_name\">Cititori<\/span><span class=\"td_social_button\"><a href=\"https:\/\/www.tiktok.com\/@orasultimisoara\" target=\"_blank\" rel=\"nofollow\">Conecta\u021bi-v\u0103<\/a><\/span><\/div>\n<\/div>\n<div class=\"td_social_type td-pb-margin-side td_social_twitter\">\n<div class=\"td-social-box\"><span class=\"td_social_info td_social_info_counter\">1,595<\/span><span class=\"td_social_info td_social_info_name\">Cititori<\/span><span class=\"td_social_button\"><a href=\"https:\/\/twitter.com\/orasultm\" target=\"_blank\" rel=\"nofollow\">Conecta\u021bi-v\u0103<\/a><\/span><\/div>\n<\/div>\n<div class=\"td_social_type td-pb-margin-side td_social_youtube\">\n<div class=\"td-social-box\"><span class=\"td_social_info td_social_info_counter\">3,506<\/span><span class=\"td_social_info td_social_info_name\">Abona\u021bi<\/span><span class=\"td_social_button\"><a href=\"https:\/\/www.youtube.com\/channel\/UCQNsQvs2XCSIm1Z-AHRturw?sub_confirmation=1\" target=\"_blank\" rel=\"nofollow\">Abona\u021bi-v\u0103<\/a><\/span><\/div>\n<\/div>\n<\/div>\n<\/div>\n<aside id=\"text-7\" class=\"td_block_template_8 widget text-7 widget_text\">\n<h4 class=\"td-block-title\"><span>C\u0103ut\u0103ri populare pe OTM<\/span><\/h4>\n<div class=\"textwidget\"><a href=\"https:\/\/orasul-timisoara.ro\/?s=timisoara\"><span>Timisoara<\/span><\/a><a href=\"https:\/\/orasul-timisoara.ro\/?s=calin+dobra\"><span>Calin Dobra<\/span><\/a><a href=\"https:\/\/orasul-timisoara.ro\/?s=primaria+timisoara\"><span>Primaria Timisoara<\/span><\/a><a href=\"https:\/\/orasul-timisoara.ro\/?s=dominic+fritz\"><span>Dominic Fritz<\/span><\/a><a href=\"https:\/\/orasul-timisoara.ro\/?s=nicolae+robu\"><span>Nicolae Robu<\/span><\/a><a href=\"https:\/\/orasul-timisoara.ro\/?s=consiliul+local+timisoara\">Consiliul Local Timisoara<\/a><a href=\"https:\/\/orasul-timisoara.ro\/?s=consiliul+judetean+timis\"><span>Consiliul Judetean Timis<\/span><\/a><a href=\"https:\/\/orasul-timisoara.ro\/?s=cjt\"><span>CJT<\/span><\/a><a href=\"https:\/\/orasul-timisoara.ro\/?s=Alfred+Simonis\"><span>Alfred Simonis<\/span><\/a><a href=\"https:\/\/orasul-timisoara.ro\/?s=PNL\"><span>PNL<\/span><\/a><a href=\"https:\/\/orasul-timisoara.ro\/?s=coronavirus\"><span>coronavirus<\/span><\/a><a href=\"https:\/\/orasul-timisoara.ro\/?s=teatru+timisoara\">teatru Timisoara<\/a><a href=\"https:\/\/orasul-timisoara.ro\/?s=restaurante\"><span>restaurante Timisoara<\/span><\/a><a href=\"https:\/\/orasul-timisoara.ro\/?s=diskoteka\"><span>Diskoteka<\/span><\/a><a href=\"https:\/\/orasul-timisoara.ro\/?s=iulius+town\"><span>Iulius Town<\/span><\/a><a href=\"https:\/\/orasul-timisoara.ro\/?s=iulius+mall\"><span>Iulius Mall<\/span><\/a><a href=\"https:\/\/orasul-timisoara.ro\/?s=stpt\"><span>STPT<\/span><\/a><a href=\"https:\/\/orasul-timisoara.ro\/?s=alin+nica\"><span>Alin Nica<\/span><\/a><a href=\"https:\/\/orasul-timisoara.ro\/?s=psd\"><span>PSD<\/span><\/a><a href=\"https:\/\/orasul-timisoara.ro\/?s=aeroport\"><span>Aeroportul International Timisoara<\/span><\/a><a href=\"https:\/\/orasul-timisoara.ro\/?s=babes\"><span>Spitalul Victor Babes Timisoara<\/span><\/a><a href=\"https:\/\/orasul-timisoara.ro\/?s=poli\"><span>Poli Timi\u0219oara<\/span><\/a><a href=\"https:\/\/orasul-timisoara.ro\/?s=carantina\"><span>carantina<\/span><\/a><a href=\"https:\/\/orasul-timisoara.ro\/?s=aquatim\"><span>Aquatim<\/span><\/a><a href=\"https:\/\/orasul-timisoara.ro\/local-category\/stiri-timisoara\/\"><span>Stiri Timisoara<\/span><\/a><a href=\"https:\/\/orasul-timisoara.ro\/local-category\/investitii-in-timisoara\/\"><span>Investi\u021bii in Timi\u0219oara<\/span><\/a><a href=\"https:\/\/orasul-timisoara.ro\/local-9463\/\"><span>shaorma<\/span><\/a><a href=\"https:\/\/orasul-timisoara.ro\/?s=trafic\"><span>trafic rutier<\/span><\/a><a href=\"https:\/\/orasul-timisoara.ro\/?s=politia\"><span>politia locala timisoara<\/span><\/a><a href=\"https:\/\/orasul-timisoara.ro\/?s=roxana\"><span>Roxana Iliescu<\/span><\/a><a href=\"https:\/\/orasul-timisoara.ro\/?s=colterm\"><span>Colterm<\/span><\/a><a href=\"https:\/\/orasul-timisoara.ro\/?s=latcau\"><span>Ruben La\u021bc\u0103u<\/span><\/a><a href=\"https:\/\/orasul-timisoara.ro\/?s=timis\"><span>\u0218tiri din Timi\u0219<\/span><\/a><a href=\"https:\/\/orasul-timisoara.ro\/?s=spital\"><span>Spitale din Timi\u0219oara<\/span><\/a><a href=\"https:\/\/orasul-timisoara.ro\/?s=tabara\"><span>Cosmin Tab\u0103r\u0103<\/span><\/a><\/div>\n<\/aside>\n<aside id=\"rss-2\" class=\"td_block_template_8 widget rss-2 widget_rss\">\n<h4 class=\"td-block-title\"><span><a class=\"rsswidget rss-widget-feed\" href=\"https:\/\/fashionfridays.ro\/feed\"><img decoding=\"async\" class=\"rss-widget-icon\" width=\"14\" height=\"14\" src=\"https:\/\/orasul-timisoara.ro\/wp-includes\/images\/rss.png\" alt=\"RSS\" loading=\"lazy\"><\/a><a class=\"rsswidget rss-widget-title\" href=\"https:\/\/fashionfridays.ro\/\">Fashion Fridays<\/a><\/span><\/h4>\n<ul>\n<li><a class=\"rsswidget\" href=\"https:\/\/fashionfridays.ro\/romania-devine-a-29-a-piata-vogue-o-noua-era-pentru-industria-locala-de-moda\/\">Rom\u00e2nia devine a 29-a pia\u021b\u0103 Vogue: o nou\u0103 er\u0103 pentru industria local\u0103 de mod\u0103<\/a>\n<div class=\"rssSummary\">Revista Vogue \u00ee\u0219i extinde prezen\u021ba global\u0103 \u0219i va fi lansat\u0103 oficial \u00een Rom\u00e2nia \u00een prim\u0103vara anului 2027, marc\u00e2nd intrarea pe cea de-a 29-a pia\u021b\u0103 interna\u021bional\u0103. Proiectul este realizat \u00een parteneriat cu AEMME Publishing, o companie media recent \u00eenfiin\u021bat\u0103, care va publica edi\u021bia local\u0103 sub licen\u021b\u0103. Noua edi\u021bie, Vogue Rom\u00e2nia, \u00ee\u0219i propune s\u0103 combine autoritatea global\u0103 [\u2026]<\/div>\n<\/li>\n<\/ul>\n<\/aside>\n<aside id=\"rss-4\" class=\"td_block_template_8 widget rss-4 widget_rss\">\n<h4 class=\"td-block-title\"><span><a class=\"rsswidget rss-widget-feed\" href=\"https:\/\/emasini.ro\/feed\"><img decoding=\"async\" class=\"rss-widget-icon\" width=\"14\" height=\"14\" src=\"https:\/\/orasul-timisoara.ro\/wp-includes\/images\/rss.png\" alt=\"RSS\" loading=\"lazy\"><\/a><a class=\"rsswidget rss-widget-title\" href=\"https:\/\/emasini.ro\/\">eMasini<\/a><\/span><\/h4>\n<ul>\n<li><a class=\"rsswidget\" href=\"https:\/\/emasini.ro\/bmw-testeaza-noul-i4-convertible-primul-cabrio-electric-accesibil-al-marcii\/\">BMW testeaz\u0103 noul i4 Convertible, primul cabrio electric accesibil al m\u0103rcii<\/a>\n<div class=\"rssSummary\">BMW accelereaz\u0103 dezvoltarea noii genera\u021bii de modele electrice bazate pe platforma Neue Klasse, iar unul dintre cele mai interesante proiecte aflate \u00een teste este viitorul BMW i4 Convertible. Prototipul camuflat a fost surprins pe \u0219osele, confirm\u00e2nd c\u0103 produc\u0103torul german preg\u0103te\u0219te o decapotabil\u0103 electric\u0103 destinat\u0103 unui segment \u00een care oferta este, \u00een prezent, extrem de limitat\u0103. [\u2026]<\/div>\n<\/li>\n<\/ul>\n<\/aside>\n<\/div>\n<\/div>\n<\/div>\n<\/div>\n<\/article>\n<div class=\"td-post-content tagdiv-type\">\n<p class=\"wp-block-paragraph\">Valul de c\u0103ldur\u0103 \u0219i seceta prelungit\u0103 din aceast\u0103 var\u0103 au dus la un consum record de ap\u0103 \u00een Timi\u0219oara \u0219i \u00een localit\u0103\u021bile din zona metropolitan\u0103 alimentate de Aquatim. Potrivit companiei, \u00een luna iulie 2026 au fost distribui\u021bi peste 2,5 milioane de metri cubi de ap\u0103 potabil\u0103, cu aproximativ o jum\u0103tate de milion de metri cubi mai mult dec\u00e2t \u00een aceea\u0219i perioad\u0103 a anului trecut.<\/p>\n<p class=\"wp-block-paragraph\">\u00cen ciuda cererii f\u0103r\u0103 precedent, alimentarea cu ap\u0103 a fost men\u021binut\u0103 \u00een condi\u021bii normale. Reprezentan\u021bii Aquatim spun c\u0103 investi\u021biile realizate \u00een ultimii ani \u00een infrastructura de captare, tratare, stocare \u0219i distribu\u021bie au contribuit la cre\u0219terea capacit\u0103\u021bii sistemului \u0219i la asigurarea continuit\u0103\u021bii serviciului pentru consumatori.<\/p>\n<h2 class=\"wp-block-heading\">Peste 2,5 milioane de metri cubi de ap\u0103 distribui\u021bi \u00eentr-o singur\u0103 lun\u0103<\/h2>\n<p class=\"wp-block-paragraph\">Datele prezentate de Aquatim arat\u0103 c\u0103 \u00een luna iulie 2026 compania a livrat peste 2,5 milioane de metri cubi de ap\u0103 potabil\u0103 c\u0103tre consumatorii din Timi\u0219oara \u0219i localit\u0103\u021bile limitrofe pe care le deserve\u0219te.<\/p>\n<p class=\"wp-block-paragraph\">Prin compara\u021bie, \u00een iulie 2025 au fost distribui\u021bi aproximativ 2 milioane de metri cubi de ap\u0103, ceea ce eviden\u021biaz\u0103 o cre\u0219tere semnificativ\u0103 a consumului pe fondul temperaturilor extreme \u0219i al perioadei \u00eendelungate f\u0103r\u0103 precipita\u021bii.<\/p>\n<h2 class=\"wp-block-heading\">Debitul zilnic a crescut cu aproximativ 15.000 de metri cubi<\/h2>\n<p class=\"wp-block-paragraph\">\u00cen medie, Aquatim a pompat \u00een re\u021beaua de alimentare aproximativ 80.000 de metri cubi de ap\u0103 pe zi \u00een luna iulie 2026.<\/p>\n<p class=\"wp-block-paragraph\">Fa\u021b\u0103 de aceea\u0219i perioad\u0103 a anului trecut, consumul zilnic a fost mai mare cu aproximativ 15.000 de metri cubi. Pentru a ilustra acest volum, compania arat\u0103 c\u0103, dac\u0103 \u00eentreaga cantitate de ap\u0103 ar fi transportat\u0103 cu cisterne c\u0103tre consumatori, ar fi necesare peste 4.000 de camioane, care ar forma o coloan\u0103 de aproximativ 60 de kilometri.<\/p>\n<h2 class=\"wp-block-heading\">Investi\u021biile realizate \u00een ultimii ani au crescut siguran\u021ba sistemului<\/h2>\n<p class=\"wp-block-paragraph\">Reprezentan\u021bii Aquatim subliniaz\u0103 c\u0103 situa\u021bia din aceast\u0103 var\u0103 este mai bun\u0103 dec\u00e2t \u00een anii preceden\u021bi, chiar dac\u0103 temperaturile ridicate \u0219i seceta au pus presiune asupra sistemului de alimentare cu ap\u0103.<\/p>\n<p class=\"wp-block-paragraph\">Potrivit companiei, investi\u021biile realizate \u00een modernizarea sta\u021biilor de tratare, executarea de noi foraje, construirea \u0219i extinderea rezervoarelor de \u00eenmagazinare, \u00eenlocuirea \u0219i extinderea re\u021belelor de distribu\u021bie, precum \u0219i modernizarea sistemelor de pompare au contribuit la cre\u0219terea capacit\u0103\u021bii \u0219i fiabilit\u0103\u021bii infrastructurii.<\/p>\n<h2 class=\"wp-block-heading\">Resursele naturale depind de precipita\u021bii<\/h2>\n<p class=\"wp-block-paragraph\">Aquatim atrage aten\u021bia c\u0103 infrastructura poate fi dimensionat\u0103 pentru a r\u0103spunde cererii de consum menajer, \u00eens\u0103 resursele de ap\u0103 disponibile sunt influen\u021bate direct de condi\u021biile naturale.<\/p>\n<p class=\"wp-block-paragraph\">Nivelul precipita\u021biilor \u0219i capacitatea p\u00e2nzei freatice de a se reface joac\u0103 un rol esen\u021bial \u00een asigurarea resurselor de ap\u0103 pe termen lung, motiv pentru care perioadele de secet\u0103 reprezint\u0103 o provocare pentru toate sistemele de alimentare.<\/p>\n<h2 class=\"wp-block-heading\">Compania recomand\u0103 utilizarea responsabil\u0103 a apei<\/h2>\n<p class=\"wp-block-paragraph\">\u00cen contextul temperaturilor ridicate \u0219i al consumului record, Aquatim \u00eei \u00eendeamn\u0103 pe consumatori s\u0103 utilizeze apa \u00een mod responsabil, \u00een special pentru activit\u0103\u021bile care nu sunt esen\u021biale.<\/p>\n<p class=\"wp-block-paragraph\">Compania subliniaz\u0103 c\u0103 folosirea cu m\u0103sur\u0103 a apei \u00een perioadele de canicul\u0103 \u0219i secet\u0103 contribuie la men\u021binerea unui serviciu continuu \u0219i sigur pentru \u00eentreaga comunitate, reduc\u00e2nd presiunea asupra sistemului de alimentare.<\/p>\n<h2 class=\"wp-block-heading\">Canicula a pus la \u00eencercare infrastructura, f\u0103r\u0103 a afecta continuitatea serviciului<\/h2>\n<p class=\"wp-block-paragraph\">Consumul record \u00eenregistrat \u00een luna iulie demonstreaz\u0103 impactul pe care temperaturile extreme \u00eel au asupra cererii de ap\u0103 potabil\u0103. \u00cen acela\u0219i timp, Aquatim consider\u0103 c\u0103 investi\u021biile realizate \u00een ultimii ani \u0219i experien\u021ba acumulat\u0103 \u00een gestionarea perioadelor de secet\u0103 au permis men\u021binerea aliment\u0103rii cu ap\u0103 pentru Timi\u0219oara \u0219i localit\u0103\u021bile din zona metropolitan\u0103, chiar \u0219i \u00een condi\u021biile unui consum semnificativ mai mare dec\u00e2t \u00een vara anului trecut.<\/p>\n<\/div>\n<p>[analyse_source url=&#8221;https:\/\/orasul-timisoara.ro\/local-40147\/&#8221;]<\/p>\n","protected":false},"excerpt":{"rendered":"<p>[analyse_image type=&#8221;featured&#8221; src=&#8221;https:\/\/orasul-timisoara.ro\/wp-content\/uploads\/2026\/07\/femeie-bea-apa-4.jpg&#8221;] Investitii in TimisoaraConsum record de ap\u0103 \u00een Timi\u0219oara. Aquatim a distribuit peste 2,5 milioane&#8230; Investitii in Timisoara S\u0103n\u0103tate \u0218tiri Locale Consum record de ap\u0103 \u00een Timi\u0219oara. Aquatim a distribuit peste 2,5 milioane de metri cubi \u00een iulie De c\u0103tre redactia &#8211; 07\/08\/2026 Facebook Twitter WhatsApp Linkedin ReddIt Email Imprimare Valul de c\u0103ldur\u0103 [&hellip;]<\/p>\n","protected":false},"author":1,"featured_media":0,"comment_status":"open","ping_status":"","sticky":false,"template":"","format":"standard","meta":{"footnotes":""},"categories":[89],"tags":[226,189],"class_list":["post-2082341","post","type-post","status-publish","format-standard","hentry","category-romania","tag-crawlmanager","tag-orasul-timisoara-ro"],"_links":{"self":[{"href":"https:\/\/analyse.optim.biz\/index.php?rest_route=\/wp\/v2\/posts\/2082341","targetHints":{"allow":["GET"]}}],"collection":[{"href":"https:\/\/analyse.optim.biz\/index.php?rest_route=\/wp\/v2\/posts"}],"about":[{"href":"https:\/\/analyse.optim.biz\/index.php?rest_route=\/wp\/v2\/types\/post"}],"author":[{"embeddable":true,"href":"https:\/\/analyse.optim.biz\/index.php?rest_route=\/wp\/v2\/users\/1"}],"replies":[{"embeddable":true,"href":"https:\/\/analyse.optim.biz\/index.php?rest_route=%2Fwp%2Fv2%2Fcomments&post=2082341"}],"version-history":[{"count":0,"href":"https:\/\/analyse.optim.biz\/index.php?rest_route=\/wp\/v2\/posts\/2082341\/revisions"}],"wp:attachment":[{"href":"https:\/\/analyse.optim.biz\/index.php?rest_route=%2Fwp%2Fv2%2Fmedia&parent=2082341"}],"wp:term":[{"taxonomy":"category","embeddable":true,"href":"https:\/\/analyse.optim.biz\/index.php?rest_route=%2Fwp%2Fv2%2Fcategories&post=2082341"},{"taxonomy":"post_tag","embeddable":true,"href":"https:\/\/analyse.optim.biz\/index.php?rest_route=%2Fwp%2Fv2%2Ftags&post=2082341"}],"curies":[{"name":"wp","href":"https:\/\/api.w.org\/{rel}","templated":true}]}}