{"id":2082338,"date":"2026-08-07T12:07:22","date_gmt":"2026-08-07T09:07:22","guid":{"rendered":"https:\/\/analyse.optim.biz\/?p=2082338"},"modified":"2026-08-07T12:07:22","modified_gmt":"2026-08-07T09:07:22","slug":"youth-summer-fest-2026-aduce-arta-si-muzica-la-casa-tineretului-din-timisoara","status":"publish","type":"post","link":"https:\/\/analyse.optim.biz\/?p=2082338","title":{"rendered":"Youth Summer Fest 2026 aduce art\u0103 \u0219i muzic\u0103 la Casa Tineretului din Timi\u0219oara"},"content":{"rendered":"<p>[analyse_image type=&#8221;featured&#8221; src=&#8221;https:\/\/orasul-timisoara.ro\/wp-content\/uploads\/2026\/08\/MXM_4683.jpg&#8221;]<\/p>\n<article id=\"post-40144\" class=\"td-post-template-7 post-40144 post type-post status-publish format-standard has-post-thumbnail category-evenimente-in-timisoara category-featured category-stiri-timisoara tag-casa-tineretului tag-centrul-de-proiecte tag-concert tag-corpul-european-de-solidaritate tag-cultura-2 tag-expozitie-2 tag-fitt tag-fundatia-judeteana-pentru-tineret-timis tag-judetul-timis-2 tag-timisoara-2 tag-tineri tag-vlad-corb tag-youth-summer-fest tag-ziua-internationala-a-tineretului td-container-wrap\">\n<div class=\"td-full-screen-header-image-wrap\">\n<div class=\"td-container td-post-header\">\n<div class=\"td-crumb-container\">\n<div class=\"entry-crumbs\"><span><a title=\"Vede\u021bi toate articolele \u00een Evenimente in Timisoara\" class=\"entry-crumb\" href=\"https:\/\/orasul-timisoara.ro\/local-category\/evenimente-in-timisoara\/\">Evenimente in Timisoara<\/a><\/span><span class=\"td-bred-no-url-last\">Youth Summer Fest 2026 aduce art\u0103 \u0219i muzic\u0103 la Casa Tineretului din&#8230;<\/span><\/div>\n<\/div>\n<div class=\"td-post-header-holder\">\n<div class=\"td-parallax-header\">\n<header class=\"td-post-title\">\n<ul class=\"td-category\">\n<li class=\"entry-category\"><a href=\"https:\/\/orasul-timisoara.ro\/local-category\/evenimente-in-timisoara\/\">Evenimente in Timisoara<\/a><\/li>\n<li class=\"entry-category\"><a href=\"https:\/\/orasul-timisoara.ro\/local-category\/stiri-timisoara\/\">\u0218tiri Locale<\/a><\/li>\n<\/ul>\n<h1 class=\"entry-title\">Youth Summer Fest 2026 aduce art\u0103 \u0219i muzic\u0103 la Casa Tineretului din Timi\u0219oara<\/h1>\n<div class=\"td-module-meta-info\">\n<div class=\"td-post-author-name\">\n<div class=\"td-author-by\">De c\u0103tre<\/div>\n<p><a href=\"https:\/\/orasul-timisoara.ro\/author\/timisoara\/\">redactia<\/a><\/p>\n<div class=\"td-author-line\"> &#8211; <\/div>\n<\/div>\n<p><span class=\"td-post-date\"><time class=\"entry-date updated td-module-date\" datetime=\"2026-08-07T15:07:22+03:00\">07\/08\/2026<\/time><\/span><\/div>\n<\/header>\n<\/div>\n<\/div>\n<\/div>\n<div id=\"td-full-screen-header-image\" class=\"td-image-gradient-style7\"><img decoding=\"async\" class=\"td-backstretch\" src=\"https:\/\/orasul-timisoara.ro\/wp-content\/uploads\/2026\/08\/MXM_4683.jpg\"><\/div>\n<\/div>\n<div class=\"td-container\">\n<div class=\"td-pb-row\">\n<div class=\"td-pb-span8 td-main-content\" role=\"main\">\n<div class=\"td-ss-main-content\">\n<div class=\"td-post-sharing-top\">\n<div class=\"td-post-sharing-classic\"><iframe title=\"topFacebookLike\" frameborder src=\"https:\/\/www.facebook.com\/plugins\/like.php?href=https:\/\/orasul-timisoara.ro\/local-40144\/&amp;layout=button_count&amp;show_faces=false&amp;width=105&amp;action=like&amp;colorscheme=light&amp;height=21\"><\/iframe><\/div>\n<div id=\"td_social_sharing_article_top\" class=\"td-post-sharing td-ps-bg td-ps-notext td-post-sharing-style1 \">\n<div class=\"td-post-sharing-visible\"><a class=\"td-social-sharing-button td-social-sharing-button-js td-social-network td-social-facebook\" href=\"https:\/\/www.facebook.com\/sharer.php?u=https%3A%2F%2Forasul-timisoara.ro%2Flocal-40144%2F\" title=\"Facebook\"><\/p>\n<div class=\"td-social-but-text\">Facebook<\/div>\n<p><\/a><a class=\"td-social-sharing-button td-social-sharing-button-js td-social-network td-social-twitter\" href=\"https:\/\/twitter.com\/intent\/tweet?text=Youth+Summer+Fest+2026+aduce+art%C4%83+%C8%99i+muzic%C4%83+la+Casa+Tineretului+din+Timi%C8%99oara&amp;url=https%3A%2F%2Forasul-timisoara.ro%2Flocal-40144%2F&amp;via=orasultm\" title=\"Twitter\"><\/p>\n<div class=\"td-social-but-text\">Twitter<\/div>\n<p><\/a><a class=\"td-social-sharing-button td-social-sharing-button-js td-social-network td-social-whatsapp\" href=\"https:\/\/api.whatsapp.com\/send?text=Youth+Summer+Fest+2026+aduce+art%C4%83+%C8%99i+muzic%C4%83+la+Casa+Tineretului+din+Timi%C8%99oara%20%0A%0A%20https:\/\/orasul-timisoara.ro\/local-40144\/\" title=\"WhatsApp\"><\/p>\n<div class=\"td-social-but-text\">WhatsApp<\/div>\n<p><\/a><a class=\"td-social-sharing-button td-social-sharing-button-js td-social-network td-social-linkedin\" href=\"https:\/\/www.linkedin.com\/shareArticle?mini=true&amp;url=https:\/\/orasul-timisoara.ro\/local-40144\/&amp;title=Youth+Summer+Fest+2026+aduce+art%C4%83+%C8%99i+muzic%C4%83+la+Casa+Tineretului+din+Timi%C8%99oara\" title=\"Linkedin\"><\/p>\n<div class=\"td-social-but-text\">Linkedin<\/div>\n<p><\/a><a class=\"td-social-sharing-button td-social-sharing-button-js td-social-network td-social-reddit\" href=\"https:\/\/reddit.com\/submit?url=https:\/\/orasul-timisoara.ro\/local-40144\/&amp;title=Youth+Summer+Fest+2026+aduce+art%C4%83+%C8%99i+muzic%C4%83+la+Casa+Tineretului+din+Timi%C8%99oara\" title=\"ReddIt\"><\/p>\n<div class=\"td-social-but-text\">ReddIt<\/div>\n<p><\/a><a class=\"td-social-sharing-button td-social-sharing-button-js td-social-network td-social-mail\" href=\"mailto:?subject=Youth%20Summer%20Fest%202026%20aduce%20art%C4%83%20%C8%99i%20muzic%C4%83%20la%20Casa%20Tineretului%20din%20Timi%C8%99oara&amp;body=https:\/\/orasul-timisoara.ro\/local-40144\/\" title=\"Email\"><\/p>\n<div class=\"td-social-but-text\">Email<\/div>\n<p><\/a><a class=\"td-social-sharing-button td-social-sharing-button-js td-social-network td-social-print\" href=\"https:\/\/orasul-timisoara.ro\/local-40144\/\" title=\"Imprimare\"><\/p>\n<div class=\"td-social-but-text\">Imprimare<\/div>\n<p><\/a><\/div>\n<\/div>\n<\/div>\n<div class=\"td-post-content tagdiv-type\">\n<p class=\"wp-block-paragraph\">Youth Summer Fest revine la Timi\u0219oara cu expozi\u021bii \u0219i concert de Ziua Interna\u021bional\u0103 a Tineretului<\/p>\n<p class=\"wp-block-paragraph\">Casa Tineretului din Timi\u0219oara g\u0103zduie\u0219te, \u00een 12 august 2026, un eveniment dedicat Zilei Interna\u021bionale a Tineretului, organizat de Funda\u021bia Jude\u021bean\u0103 pentru Tineret Timi\u0219 (FITT), \u00een cadrul celei de-a cincea edi\u021bii a proiectului Youth Summer Fest. Participarea este gratuit\u0103, iar programul include o expozi\u021bie de art\u0103 \u0219i un concert sus\u021binut de artistul Vlad Corb.<\/p>\n<p class=\"wp-block-paragraph\">Evenimentul \u00ee\u0219i propune s\u0103 aduc\u0103 \u00eempreun\u0103 tineri \u0219i membri ai comunit\u0103\u021bii locale prin activit\u0103\u021bi care promoveaz\u0103 creativitatea, dialogul intercultural \u0219i exprimarea artistic\u0103. Organizatorii spun c\u0103 participan\u021bii vor avea ocazia s\u0103 descopere lucr\u0103rile realizate \u00een cadrul atelierelor Youth Summer Fest \u0219i s\u0103 \u00eencheie seara \u00eentr-o atmosfer\u0103 muzical\u0103 dedicat\u0103 noii genera\u021bii.<\/p>\n<h2 class=\"wp-block-heading\">Expozi\u021bia \u201eFrom roots to routes\u201d deschide programul de la Casa Tineretului<\/h2>\n<p class=\"wp-block-paragraph\">Programul \u00eencepe la ora 17:00 cu vernisajul expozi\u021biei \u201eFrom roots to routes\u201d, care reune\u0219te crea\u021biile realizate de voluntarii \u0219i participan\u021bii implica\u021bi \u00een atelierele Youth Summer Fest.<\/p>\n<p class=\"wp-block-paragraph\">Publicul va putea descoperi lucr\u0103ri de art\u0103 digital\u0103, mozaicuri ceramice \u0219i fotografii realizate at\u00e2t \u00een format digital, c\u00e2t \u0219i analog. Expozi\u021bia este g\u00e2ndit\u0103 ca un traseu artistic prin Casa Tineretului, pun\u00e2nd \u00een valoare experien\u021bele \u0219i perspectivele tinerilor implica\u021bi \u00een proiect.<\/p>\n<h2 class=\"wp-block-heading\">Identitate, diversitate \u0219i conexiuni prin art\u0103<\/h2>\n<p class=\"wp-block-paragraph\">Conceptul expozi\u021biei urm\u0103re\u0219te parcursul simbolic de la \u201er\u0103d\u0103cini\u201d la \u201edrumuri\u201d, ilustr\u00e2nd identitatea personal\u0103 \u0219i cultural\u0103 a participan\u021bilor, dar \u0219i rela\u021biile \u0219i experien\u021bele construite \u00een cadrul proiectului.<\/p>\n<p class=\"wp-block-paragraph\">Lucr\u0103rile expuse abordeaz\u0103 teme precum apartenen\u021ba, diversitatea, istoria personal\u0103 \u0219i colectiv\u0103, precum \u0219i rolul artei \u00een apropierea oamenilor din medii \u0219i culturi diferite.<\/p>\n<h2 class=\"wp-block-heading\">Vlad Corb urc\u0103 pe scen\u0103 \u00eencep\u00e2nd cu ora 20:00<\/h2>\n<p class=\"wp-block-paragraph\">Seara continu\u0103 de la ora 20:00 cu un concert sus\u021binut de Vlad Corb, unul dintre reprezentan\u021bii noii genera\u021bii de arti\u0219ti rock din Rom\u00e2nia.<\/p>\n<p class=\"wp-block-paragraph\">Artistul este cunoscut pentru concertele sale live \u0219i pentru stilul care combin\u0103 influen\u021be de rock indie \u0219i alternativ cu elemente cinematice, sonorit\u0103\u021bi onirice \u0219i ritmuri inspirate din muzica de club. Concertul completeaz\u0103 programul artistic al zilei \u0219i marcheaz\u0103 celebrarea Zilei Interna\u021bionale a Tineretului \u00eentr-un cadru dedicat creativit\u0103\u021bii \u0219i exprim\u0103rii libere.<\/p>\n<h2 class=\"wp-block-heading\">Participarea este gratuit\u0103, pe baz\u0103 de \u00eenscriere<\/h2>\n<p class=\"wp-block-paragraph\">Accesul la eveniment este gratuit, \u00eens\u0103 organizatorii solicit\u0103 \u00eenscrierea prealabil\u0103. Cei interesa\u021bi pot opta pentru participarea la expozi\u021bie, la concert sau la ambele activit\u0103\u021bi, prin completarea formularului pus la dispozi\u021bie de FITT.<\/p>\n<p class=\"wp-block-paragraph\">Organizatorii precizeaz\u0103 c\u0103 eventualele modific\u0103ri sau informa\u021bii suplimentare privind desf\u0103\u0219urarea evenimentului vor fi publicate pe paginile oficiale de social media ale funda\u021biei.<\/p>\n<h2 class=\"wp-block-heading\">Youth Summer Fest promoveaz\u0103 implicarea tinerilor prin art\u0103 \u0219i educa\u021bie<\/h2>\n<p class=\"wp-block-paragraph\">Youth Summer Fest a ajuns \u00een acest an la cea de-a cincea edi\u021bie \u0219i este finan\u021bat de Municipiul Timi\u0219oara prin Centrul de Proiecte, fiind cofinan\u021bat de Uniunea European\u0103 prin programul Corpul European de Solidaritate.<\/p>\n<p class=\"wp-block-paragraph\">Prin acest proiect, FITT urm\u0103re\u0219te s\u0103 creeze un spa\u021biu \u00een care tinerii s\u0103 \u00ee\u0219i poat\u0103 exprima creativitatea, s\u0103 participe la activit\u0103\u021bi culturale \u0219i educa\u021bionale \u0219i s\u0103 dezvolte rela\u021bii bazate pe colaborare \u0219i dialog intercultural.<\/p>\n<h2 class=\"wp-block-heading\">FITT, un reper pentru educa\u021bia non-formal\u0103 \u00een jude\u021bul Timi\u0219<\/h2>\n<p class=\"wp-block-paragraph\">Funda\u021bia Jude\u021bean\u0103 pentru Tineret Timi\u0219 func\u021bioneaz\u0103 din anul 1990 \u0219i reune\u0219te 29 de organiza\u021bii membre. Organiza\u021bia desf\u0103\u0219oar\u0103 programe gratuite de educa\u021bie non-formal\u0103, proiecte culturale, ini\u021biative de voluntariat \u0219i activit\u0103\u021bi dedicate tinerilor din mediul urban \u0219i rural.<\/p>\n<p class=\"wp-block-paragraph\">Casa Tineretului din Timi\u0219oara este primul \u0219i singurul centru de tineret din Rom\u00e2nia care de\u021bine Certificatul de Calitate pentru Centre de Tineret acordat de Consiliul Europei. \u00cen cadrul funda\u021biei func\u021bioneaz\u0103 \u0219i centrul Europe Direct Timi\u0219oara, iar organiza\u021bia deruleaz\u0103 proiecte de voluntariat interna\u021bional, ini\u021biative culturale \u0219i programe de sprijin pentru comunitate, inclusiv prin Ukrainian Kids Hub. Potrivit datelor prezentate de FITT, infrastructura organiza\u021biei a \u00eenregistrat peste 400.000 de vizite \u00een anul 2025, consolid\u00e2nd rolul Casei Tineretului ca unul dintre principalele centre dedicate educa\u021biei non-formale \u0219i activit\u0103\u021bilor culturale din jude\u021bul Timi\u0219.<\/p>\n<\/div>\n<footer>\n<div class=\"td-post-source-tags\">\n<ul class=\"td-tags td-post-small-box clearfix\">\n<li><span>ETICHETE<\/span><\/li>\n<li><a href=\"https:\/\/orasul-timisoara.ro\/local-tag\/casa-tineretului\/\">casa tineretului<\/a><\/li>\n<li><a href=\"https:\/\/orasul-timisoara.ro\/local-tag\/centrul-de-proiecte\/\">centrul de proiecte<\/a><\/li>\n<li><a href=\"https:\/\/orasul-timisoara.ro\/local-tag\/concert\/\">concert<\/a><\/li>\n<li><a href=\"https:\/\/orasul-timisoara.ro\/local-tag\/corpul-european-de-solidaritate\/\">Corpul European de Solidaritate<\/a><\/li>\n<li><a href=\"https:\/\/orasul-timisoara.ro\/local-tag\/cultura-2\/\">Cultur\u0103<\/a><\/li>\n<li><a href=\"https:\/\/orasul-timisoara.ro\/local-tag\/expozitie-2\/\">expozi\u021bie<\/a><\/li>\n<li><a href=\"https:\/\/orasul-timisoara.ro\/local-tag\/fitt\/\">FITT<\/a><\/li>\n<li><a href=\"https:\/\/orasul-timisoara.ro\/local-tag\/fundatia-judeteana-pentru-tineret-timis\/\">Funda\u021bia Jude\u021bean\u0103 pentru Tineret Timi\u0219<\/a><\/li>\n<li><a href=\"https:\/\/orasul-timisoara.ro\/local-tag\/judetul-timis-2\/\">jude\u021bul Timi\u0219<\/a><\/li>\n<li><a href=\"https:\/\/orasul-timisoara.ro\/local-tag\/timisoara-2\/\">timi\u0219oara<\/a><\/li>\n<li><a href=\"https:\/\/orasul-timisoara.ro\/local-tag\/tineri\/\">tineri<\/a><\/li>\n<li><a href=\"https:\/\/orasul-timisoara.ro\/local-tag\/vlad-corb\/\">Vlad Corb<\/a><\/li>\n<li><a href=\"https:\/\/orasul-timisoara.ro\/local-tag\/youth-summer-fest\/\">Youth Summer Fest<\/a><\/li>\n<li><a href=\"https:\/\/orasul-timisoara.ro\/local-tag\/ziua-internationala-a-tineretului\/\">Ziua Interna\u021bional\u0103 a Tineretului<\/a><\/li>\n<\/ul>\n<\/div>\n<div class=\"td-post-sharing-bottom\">\n<div class=\"td-post-sharing-classic\"><iframe title=\"bottomFacebookLike\" frameborder src=\"https:\/\/www.facebook.com\/plugins\/like.php?href=https:\/\/orasul-timisoara.ro\/local-40144\/&amp;layout=button_count&amp;show_faces=false&amp;width=105&amp;action=like&amp;colorscheme=light&amp;height=21\"><\/iframe><\/div>\n<div id=\"td_social_sharing_article_bottom\" class=\"td-post-sharing td-ps-bg td-ps-notext td-post-sharing-style1 \">\n<div class=\"td-post-sharing-visible\"><a class=\"td-social-sharing-button td-social-sharing-button-js td-social-network td-social-facebook\" href=\"https:\/\/www.facebook.com\/sharer.php?u=https%3A%2F%2Forasul-timisoara.ro%2Flocal-40144%2F\" title=\"Facebook\"><\/p>\n<div class=\"td-social-but-text\">Facebook<\/div>\n<p><\/a><a class=\"td-social-sharing-button td-social-sharing-button-js td-social-network td-social-twitter\" href=\"https:\/\/twitter.com\/intent\/tweet?text=Youth+Summer+Fest+2026+aduce+art%C4%83+%C8%99i+muzic%C4%83+la+Casa+Tineretului+din+Timi%C8%99oara&amp;url=https%3A%2F%2Forasul-timisoara.ro%2Flocal-40144%2F&amp;via=orasultm\" title=\"Twitter\"><\/p>\n<div class=\"td-social-but-text\">Twitter<\/div>\n<p><\/a><a class=\"td-social-sharing-button td-social-sharing-button-js td-social-network td-social-whatsapp\" href=\"https:\/\/api.whatsapp.com\/send?text=Youth+Summer+Fest+2026+aduce+art%C4%83+%C8%99i+muzic%C4%83+la+Casa+Tineretului+din+Timi%C8%99oara%20%0A%0A%20https:\/\/orasul-timisoara.ro\/local-40144\/\" title=\"WhatsApp\"><\/p>\n<div class=\"td-social-but-text\">WhatsApp<\/div>\n<p><\/a><a class=\"td-social-sharing-button td-social-sharing-button-js td-social-network td-social-linkedin\" href=\"https:\/\/www.linkedin.com\/shareArticle?mini=true&amp;url=https:\/\/orasul-timisoara.ro\/local-40144\/&amp;title=Youth+Summer+Fest+2026+aduce+art%C4%83+%C8%99i+muzic%C4%83+la+Casa+Tineretului+din+Timi%C8%99oara\" title=\"Linkedin\"><\/p>\n<div class=\"td-social-but-text\">Linkedin<\/div>\n<p><\/a><a class=\"td-social-sharing-button td-social-sharing-button-js td-social-network td-social-reddit\" href=\"https:\/\/reddit.com\/submit?url=https:\/\/orasul-timisoara.ro\/local-40144\/&amp;title=Youth+Summer+Fest+2026+aduce+art%C4%83+%C8%99i+muzic%C4%83+la+Casa+Tineretului+din+Timi%C8%99oara\" title=\"ReddIt\"><\/p>\n<div class=\"td-social-but-text\">ReddIt<\/div>\n<p><\/a><a class=\"td-social-sharing-button td-social-sharing-button-js td-social-network td-social-mail\" href=\"mailto:?subject=Youth%20Summer%20Fest%202026%20aduce%20art%C4%83%20%C8%99i%20muzic%C4%83%20la%20Casa%20Tineretului%20din%20Timi%C8%99oara&amp;body=https:\/\/orasul-timisoara.ro\/local-40144\/\" title=\"Email\"><\/p>\n<div class=\"td-social-but-text\">Email<\/div>\n<p><\/a><a class=\"td-social-sharing-button td-social-sharing-button-js td-social-network td-social-print\" href=\"https:\/\/orasul-timisoara.ro\/local-40144\/\" title=\"Imprimare\"><\/p>\n<div class=\"td-social-but-text\">Imprimare<\/div>\n<p><\/a><\/div>\n<\/div>\n<\/div>\n<div class=\"td-block-row td-post-next-prev\">\n<div class=\"td-block-span6 td-post-prev-post\">\n<div class=\"td-post-next-prev-content\"><span>Articolul precedent<\/span><a href=\"https:\/\/orasul-timisoara.ro\/local-40141\/\">Rom\u00e2nia implementeaz\u0103 STRR \u0219i TollRo din 31 august 2026. C\u00e2nd \u00eencepe plata tarifelor<\/a><\/div>\n<\/div>\n<div class=\"td-block-span6 td-post-next-post\">\n<div class=\"td-post-next-prev-content\"><span>Articolul urm\u0103tor<\/span><a href=\"https:\/\/orasul-timisoara.ro\/local-40147\/\">Consum record de ap\u0103 \u00een Timi\u0219oara. Aquatim a distribuit peste 2,5 milioane de metri cubi \u00een iulie<\/a><\/div>\n<\/div>\n<\/div>\n<div class=\"td-author-name vcard author\"><span class=\"fn\"><a href=\"https:\/\/orasul-timisoara.ro\/author\/timisoara\/\">redactia<\/a><\/span><\/div>\n<p><span class=\"td-page-meta\"><\/span><span class=\"td-page-meta\"><span class=\"td-page-meta\"><\/span><\/span><span class=\"td-page-meta\"><\/span><\/footer>\n<div class=\"td_block_wrap td_block_related_posts tdi_3 td_with_ajax_pagination td-pb-border-top td_block_template_8\" data-td-block-uid=\"tdi_3\">\n<h4 class=\"td-related-title td-block-title\"><a id=\"tdi_4\" class=\"td-related-left td-cur-simple-item\" data-td_filter_value data-td_block_id=\"tdi_3\" href=\"https:\/\/orasul-timisoara.ro\/local-40144\/\">ARTICOLE SIMILARE<\/a><a id=\"tdi_5\" class=\"td-related-right\" data-td_filter_value=\"td_related_more_from_author\" data-td_block_id=\"tdi_3\" href=\"https:\/\/orasul-timisoara.ro\/local-40144\/\">DE LA ACELA\u0218I AUTOR<\/a><\/h4>\n<div id=\"tdi_3\" class=\"td_block_inner\">\n<div class=\"td-related-row\">\n<div class=\"td-related-span4\">\n<div class=\"td_module_related_posts td-animation-stack td_mod_related_posts\">\n<div class=\"td-module-image\">\n<div class=\"td-module-thumb\"><a href=\"https:\/\/orasul-timisoara.ro\/local-40056\/\" rel=\"bookmark\" class=\"td-image-wrap \" title=\"Ziua Timi\u0219oarei a ajuns \u0219i \u00een Penitenciar. Atelier de caricatur\u0103 \u0219i expozi\u021bie la ferma din Kuncz (foto)\"><img loading=\"lazy\" decoding=\"async\" class=\"entry-thumb\" src=\"https:\/\/orasul-timisoara.ro\/wp-content\/uploads\/2026\/08\/ziuw-tm-penitenciar-2026-6-436x300.jpg\" alt title=\"Ziua Timi\u0219oarei a ajuns \u0219i \u00een Penitenciar. Atelier de caricatur\u0103 \u0219i expozi\u021bie la ferma din Kuncz (foto)\" width=\"218\" height=\"150\"><\/a><\/div>\n<\/div>\n<div class=\"item-details\">\n<h3 class=\"entry-title td-module-title\"><a href=\"https:\/\/orasul-timisoara.ro\/local-40056\/\" rel=\"bookmark\" title=\"Ziua Timi\u0219oarei a ajuns \u0219i \u00een Penitenciar. Atelier de caricatur\u0103 \u0219i expozi\u021bie la ferma din Kuncz (foto)\">Ziua Timi\u0219oarei a ajuns \u0219i \u00een Penitenciar. Atelier de caricatur\u0103 \u0219i expozi\u021bie la ferma din Kuncz (foto)<\/a><\/h3>\n<\/div>\n<\/div>\n<\/div>\n<div class=\"td-related-span4\">\n<div class=\"td_module_related_posts td-animation-stack td_mod_related_posts\">\n<div class=\"td-module-image\">\n<div class=\"td-module-thumb\"><a href=\"https:\/\/orasul-timisoara.ro\/local-39975\/\" rel=\"bookmark\" class=\"td-image-wrap \" title=\"Dominic Fritz, de Ziua Timi\u0219oarei: \u201eNu a\u0219 vrea s\u0103 locuiesc niciunde altundeva \u00een lume\u201d\"><img loading=\"lazy\" decoding=\"async\" class=\"entry-thumb\" src=\"https:\/\/orasul-timisoara.ro\/wp-content\/uploads\/2026\/08\/dominic-fritz-piata-victoriei-436x300.jpg\" alt title=\"Dominic Fritz, de Ziua Timi\u0219oarei: \u201eNu a\u0219 vrea s\u0103 locuiesc niciunde altundeva \u00een lume\u201d\" width=\"218\" height=\"150\"><\/a><\/div>\n<\/div>\n<div class=\"item-details\">\n<h3 class=\"entry-title td-module-title\"><a href=\"https:\/\/orasul-timisoara.ro\/local-39975\/\" rel=\"bookmark\" title=\"Dominic Fritz, de Ziua Timi\u0219oarei: \u201eNu a\u0219 vrea s\u0103 locuiesc niciunde altundeva \u00een lume\u201d\">Dominic Fritz, de Ziua Timi\u0219oarei: \u201eNu a\u0219 vrea s\u0103 locuiesc niciunde altundeva \u00een lume\u201d<\/a><\/h3>\n<\/div>\n<\/div>\n<\/div>\n<div class=\"td-related-span4\">\n<div class=\"td_module_related_posts td-animation-stack td_mod_related_posts\">\n<div class=\"td-module-image\">\n<div class=\"td-module-thumb\"><a href=\"https:\/\/orasul-timisoara.ro\/local-39943\/\" rel=\"bookmark\" class=\"td-image-wrap \" title=\"Opt proiecte importante pe masa Consiliului Local Timi\u0219oara \u00een \u0219edin\u021ba extraordinar\u0103 din 4 august\"><img loading=\"lazy\" decoding=\"async\" class=\"entry-thumb\" src=\"https:\/\/orasul-timisoara.ro\/wp-content\/uploads\/2021\/01\/primaria-timisoara.jpg\" alt title=\"Opt proiecte importante pe masa Consiliului Local Timi\u0219oara \u00een \u0219edin\u021ba extraordinar\u0103 din 4 august\" width=\"218\" height=\"150\"><\/a><\/div>\n<\/div>\n<div class=\"item-details\">\n<h3 class=\"entry-title td-module-title\"><a href=\"https:\/\/orasul-timisoara.ro\/local-39943\/\" rel=\"bookmark\" title=\"Opt proiecte importante pe masa Consiliului Local Timi\u0219oara \u00een \u0219edin\u021ba extraordinar\u0103 din 4 august\">Opt proiecte importante pe masa Consiliului Local Timi\u0219oara \u00een \u0219edin\u021ba extraordinar\u0103 din 4 august<\/a><\/h3>\n<\/div>\n<\/div>\n<\/div>\n<\/div>\n<\/div>\n<\/div>\n<div class=\"comments\" id=\"comments\">\n<div id=\"respond\" class=\"comment-respond\">\n<h3 id=\"reply-title\" class=\"comment-reply-title\">L\u0102SA\u021aI UN MESAJ<\/h3>\n<div class=\"comment-form-input-wrap td-form-comment\">\n<div class=\"td-warning-comment\">V\u0103 rug\u0103m s\u0103 introduce\u021bi comentariul dvs.!<\/div>\n<\/div>\n<div class=\"comment-form-input-wrap td-form-author\">\n<div class=\"td-warning-author\">Introduce\u021bi aici numele dvs.<\/div>\n<\/div>\n<div class=\"comment-form-input-wrap td-form-email\">\n<div class=\"td-warning-email-error\">A\u021bi introdus o adres\u0103 de e-mail incorect\u0103!<\/div>\n<div class=\"td-warning-email\">V\u0103 rug\u0103m s\u0103 introduce\u021bi adresa dvs. de e-mail aici<\/div>\n<\/div>\n<\/div>\n<p class=\"akismet_comment_form_privacy_notice\">Acest site folose\u0219te Akismet pentru a reduce spamul. <a href=\"https:\/\/akismet.com\/privacy\/\" target=\"_blank\" rel=\"nofollow noopener\">Afl\u0103 cum sunt procesate datele comentariilor tale<\/a>.<\/p>\n<\/div>\n<\/div>\n<\/div>\n<div class=\"td-pb-span4 td-main-sidebar\" role=\"complementary\">\n<div class=\"td-ss-main-sidebar\">\n<aside id=\"block-4\" class=\"td_block_template_8 widget block-4 widget_block widget_media_image\">\n<figure class=\"wp-block-image size-full\"><img loading=\"lazy\" decoding=\"async\" width=\"336\" height=\"280\" src=\"https:\/\/orasul-timisoara.ro\/wp-content\/uploads\/2024\/11\/ReTIM-Abonamentul-Verde-Google-Ads-336x280px.gif\" alt class=\"wp-image-29257\"><\/figure>\n<\/aside>\n<div class=\"td_block_wrap td_block_social_counter td_block_widget tdi_6 td-social-style5 td-social-boxed td-pb-border-top td_block_template_8\">\n<div class=\"td-block-title-wrap\">\n<h4 class=\"td-block-title\"><span>Urm\u0103re\u0219te-ne pe Social Media<\/span><\/h4>\n<\/div>\n<div class=\"td-social-list\">\n<div class=\"td_social_type td-pb-margin-side td_social_facebook\">\n<div class=\"td-social-box\"><span class=\"td_social_info td_social_info_counter\">344,595<\/span><span class=\"td_social_info td_social_info_name\">Fani<\/span><span class=\"td_social_button\"><a href=\"https:\/\/www.facebook.com\/247timisoara\" target=\"_blank\" rel=\"nofollow\">\u00cemi place<\/a><\/span><\/div>\n<\/div>\n<div class=\"td_social_type td-pb-margin-side td_social_instagram\">\n<div class=\"td-social-box\"><span class=\"td_social_info td_social_info_counter\">4,416<\/span><span class=\"td_social_info td_social_info_name\">Cititori<\/span><span class=\"td_social_button\"><a href=\"https:\/\/instagram.com\/orasultimisoararo\/\" target=\"_blank\" rel=\"nofollow\">Conecta\u021bi-v\u0103<\/a><\/span><\/div>\n<\/div>\n<div class=\"td_social_type td-pb-margin-side td_social_rss\">\n<div class=\"td-social-box\"><span class=\"td_social_info td_social_info_counter\">12,506<\/span><span class=\"td_social_info td_social_info_name\">Cititori<\/span><span class=\"td_social_button\"><a href=\"https:\/\/orasul-timisoara.ro\/feed\/\" target=\"_blank\" rel=\"nofollow\">Conecta\u021bi-v\u0103<\/a><\/span><\/div>\n<\/div>\n<div class=\"td_social_type td-pb-margin-side td_social_tiktok\">\n<div class=\"td-social-box\"><span class=\"td_social_info td_social_info_counter\">1,500<\/span><span class=\"td_social_info td_social_info_name\">Cititori<\/span><span class=\"td_social_button\"><a href=\"https:\/\/www.tiktok.com\/@orasultimisoara\" target=\"_blank\" rel=\"nofollow\">Conecta\u021bi-v\u0103<\/a><\/span><\/div>\n<\/div>\n<div class=\"td_social_type td-pb-margin-side td_social_twitter\">\n<div class=\"td-social-box\"><span class=\"td_social_info td_social_info_counter\">1,595<\/span><span class=\"td_social_info td_social_info_name\">Cititori<\/span><span class=\"td_social_button\"><a href=\"https:\/\/twitter.com\/orasultm\" target=\"_blank\" rel=\"nofollow\">Conecta\u021bi-v\u0103<\/a><\/span><\/div>\n<\/div>\n<div class=\"td_social_type td-pb-margin-side td_social_youtube\">\n<div class=\"td-social-box\"><span class=\"td_social_info td_social_info_counter\">3,506<\/span><span class=\"td_social_info td_social_info_name\">Abona\u021bi<\/span><span class=\"td_social_button\"><a href=\"https:\/\/www.youtube.com\/channel\/UCQNsQvs2XCSIm1Z-AHRturw?sub_confirmation=1\" target=\"_blank\" rel=\"nofollow\">Abona\u021bi-v\u0103<\/a><\/span><\/div>\n<\/div>\n<\/div>\n<\/div>\n<aside id=\"text-7\" class=\"td_block_template_8 widget text-7 widget_text\">\n<h4 class=\"td-block-title\"><span>C\u0103ut\u0103ri populare pe OTM<\/span><\/h4>\n<div class=\"textwidget\"><a href=\"https:\/\/orasul-timisoara.ro\/?s=timisoara\"><span>Timisoara<\/span><\/a><a href=\"https:\/\/orasul-timisoara.ro\/?s=calin+dobra\"><span>Calin Dobra<\/span><\/a><a href=\"https:\/\/orasul-timisoara.ro\/?s=primaria+timisoara\"><span>Primaria Timisoara<\/span><\/a><a href=\"https:\/\/orasul-timisoara.ro\/?s=dominic+fritz\"><span>Dominic Fritz<\/span><\/a><a href=\"https:\/\/orasul-timisoara.ro\/?s=nicolae+robu\"><span>Nicolae Robu<\/span><\/a><a href=\"https:\/\/orasul-timisoara.ro\/?s=consiliul+local+timisoara\">Consiliul Local Timisoara<\/a><a href=\"https:\/\/orasul-timisoara.ro\/?s=consiliul+judetean+timis\"><span>Consiliul Judetean Timis<\/span><\/a><a href=\"https:\/\/orasul-timisoara.ro\/?s=cjt\"><span>CJT<\/span><\/a><a href=\"https:\/\/orasul-timisoara.ro\/?s=Alfred+Simonis\"><span>Alfred Simonis<\/span><\/a><a href=\"https:\/\/orasul-timisoara.ro\/?s=PNL\"><span>PNL<\/span><\/a><a href=\"https:\/\/orasul-timisoara.ro\/?s=coronavirus\"><span>coronavirus<\/span><\/a><a href=\"https:\/\/orasul-timisoara.ro\/?s=teatru+timisoara\">teatru Timisoara<\/a><a href=\"https:\/\/orasul-timisoara.ro\/?s=restaurante\"><span>restaurante Timisoara<\/span><\/a><a href=\"https:\/\/orasul-timisoara.ro\/?s=diskoteka\"><span>Diskoteka<\/span><\/a><a href=\"https:\/\/orasul-timisoara.ro\/?s=iulius+town\"><span>Iulius Town<\/span><\/a><a href=\"https:\/\/orasul-timisoara.ro\/?s=iulius+mall\"><span>Iulius Mall<\/span><\/a><a href=\"https:\/\/orasul-timisoara.ro\/?s=stpt\"><span>STPT<\/span><\/a><a href=\"https:\/\/orasul-timisoara.ro\/?s=alin+nica\"><span>Alin Nica<\/span><\/a><a href=\"https:\/\/orasul-timisoara.ro\/?s=psd\"><span>PSD<\/span><\/a><a href=\"https:\/\/orasul-timisoara.ro\/?s=aeroport\"><span>Aeroportul International Timisoara<\/span><\/a><a href=\"https:\/\/orasul-timisoara.ro\/?s=babes\"><span>Spitalul Victor Babes Timisoara<\/span><\/a><a href=\"https:\/\/orasul-timisoara.ro\/?s=poli\"><span>Poli Timi\u0219oara<\/span><\/a><a href=\"https:\/\/orasul-timisoara.ro\/?s=carantina\"><span>carantina<\/span><\/a><a href=\"https:\/\/orasul-timisoara.ro\/?s=aquatim\"><span>Aquatim<\/span><\/a><a href=\"https:\/\/orasul-timisoara.ro\/local-category\/stiri-timisoara\/\"><span>Stiri Timisoara<\/span><\/a><a href=\"https:\/\/orasul-timisoara.ro\/local-category\/investitii-in-timisoara\/\"><span>Investi\u021bii in Timi\u0219oara<\/span><\/a><a href=\"https:\/\/orasul-timisoara.ro\/local-9463\/\"><span>shaorma<\/span><\/a><a href=\"https:\/\/orasul-timisoara.ro\/?s=trafic\"><span>trafic rutier<\/span><\/a><a href=\"https:\/\/orasul-timisoara.ro\/?s=politia\"><span>politia locala timisoara<\/span><\/a><a href=\"https:\/\/orasul-timisoara.ro\/?s=roxana\"><span>Roxana Iliescu<\/span><\/a><a href=\"https:\/\/orasul-timisoara.ro\/?s=colterm\"><span>Colterm<\/span><\/a><a href=\"https:\/\/orasul-timisoara.ro\/?s=latcau\"><span>Ruben La\u021bc\u0103u<\/span><\/a><a href=\"https:\/\/orasul-timisoara.ro\/?s=timis\"><span>\u0218tiri din Timi\u0219<\/span><\/a><a href=\"https:\/\/orasul-timisoara.ro\/?s=spital\"><span>Spitale din Timi\u0219oara<\/span><\/a><a href=\"https:\/\/orasul-timisoara.ro\/?s=tabara\"><span>Cosmin Tab\u0103r\u0103<\/span><\/a><\/div>\n<\/aside>\n<aside id=\"rss-2\" class=\"td_block_template_8 widget rss-2 widget_rss\">\n<h4 class=\"td-block-title\"><span><a class=\"rsswidget rss-widget-feed\" href=\"https:\/\/fashionfridays.ro\/feed\"><img decoding=\"async\" class=\"rss-widget-icon\" width=\"14\" height=\"14\" src=\"https:\/\/orasul-timisoara.ro\/wp-includes\/images\/rss.png\" alt=\"RSS\" loading=\"lazy\"><\/a><a class=\"rsswidget rss-widget-title\" href=\"https:\/\/fashionfridays.ro\/\">Fashion Fridays<\/a><\/span><\/h4>\n<ul>\n<li><a class=\"rsswidget\" href=\"https:\/\/fashionfridays.ro\/romania-devine-a-29-a-piata-vogue-o-noua-era-pentru-industria-locala-de-moda\/\">Rom\u00e2nia devine a 29-a pia\u021b\u0103 Vogue: o nou\u0103 er\u0103 pentru industria local\u0103 de mod\u0103<\/a>\n<div class=\"rssSummary\">Revista Vogue \u00ee\u0219i extinde prezen\u021ba global\u0103 \u0219i va fi lansat\u0103 oficial \u00een Rom\u00e2nia \u00een prim\u0103vara anului 2027, marc\u00e2nd intrarea pe cea de-a 29-a pia\u021b\u0103 interna\u021bional\u0103. Proiectul este realizat \u00een parteneriat cu AEMME Publishing, o companie media recent \u00eenfiin\u021bat\u0103, care va publica edi\u021bia local\u0103 sub licen\u021b\u0103. Noua edi\u021bie, Vogue Rom\u00e2nia, \u00ee\u0219i propune s\u0103 combine autoritatea global\u0103 [\u2026]<\/div>\n<\/li>\n<\/ul>\n<\/aside>\n<aside id=\"rss-4\" class=\"td_block_template_8 widget rss-4 widget_rss\">\n<h4 class=\"td-block-title\"><span><a class=\"rsswidget rss-widget-feed\" href=\"https:\/\/emasini.ro\/feed\"><img decoding=\"async\" class=\"rss-widget-icon\" width=\"14\" height=\"14\" src=\"https:\/\/orasul-timisoara.ro\/wp-includes\/images\/rss.png\" alt=\"RSS\" loading=\"lazy\"><\/a><a class=\"rsswidget rss-widget-title\" href=\"https:\/\/emasini.ro\/\">eMasini<\/a><\/span><\/h4>\n<ul>\n<li><a class=\"rsswidget\" href=\"https:\/\/emasini.ro\/bmw-testeaza-noul-i4-convertible-primul-cabrio-electric-accesibil-al-marcii\/\">BMW testeaz\u0103 noul i4 Convertible, primul cabrio electric accesibil al m\u0103rcii<\/a>\n<div class=\"rssSummary\">BMW accelereaz\u0103 dezvoltarea noii genera\u021bii de modele electrice bazate pe platforma Neue Klasse, iar unul dintre cele mai interesante proiecte aflate \u00een teste este viitorul BMW i4 Convertible. Prototipul camuflat a fost surprins pe \u0219osele, confirm\u00e2nd c\u0103 produc\u0103torul german preg\u0103te\u0219te o decapotabil\u0103 electric\u0103 destinat\u0103 unui segment \u00een care oferta este, \u00een prezent, extrem de limitat\u0103. [\u2026]<\/div>\n<\/li>\n<\/ul>\n<\/aside>\n<\/div>\n<\/div>\n<\/div>\n<\/div>\n<\/article>\n<div class=\"td-post-content tagdiv-type\">\n<p class=\"wp-block-paragraph\">Youth Summer Fest revine la Timi\u0219oara cu expozi\u021bii \u0219i concert de Ziua Interna\u021bional\u0103 a Tineretului<\/p>\n<p class=\"wp-block-paragraph\">Casa Tineretului din Timi\u0219oara g\u0103zduie\u0219te, \u00een 12 august 2026, un eveniment dedicat Zilei Interna\u021bionale a Tineretului, organizat de Funda\u021bia Jude\u021bean\u0103 pentru Tineret Timi\u0219 (FITT), \u00een cadrul celei de-a cincea edi\u021bii a proiectului Youth Summer Fest. Participarea este gratuit\u0103, iar programul include o expozi\u021bie de art\u0103 \u0219i un concert sus\u021binut de artistul Vlad Corb.<\/p>\n<p class=\"wp-block-paragraph\">Evenimentul \u00ee\u0219i propune s\u0103 aduc\u0103 \u00eempreun\u0103 tineri \u0219i membri ai comunit\u0103\u021bii locale prin activit\u0103\u021bi care promoveaz\u0103 creativitatea, dialogul intercultural \u0219i exprimarea artistic\u0103. Organizatorii spun c\u0103 participan\u021bii vor avea ocazia s\u0103 descopere lucr\u0103rile realizate \u00een cadrul atelierelor Youth Summer Fest \u0219i s\u0103 \u00eencheie seara \u00eentr-o atmosfer\u0103 muzical\u0103 dedicat\u0103 noii genera\u021bii.<\/p>\n<h2 class=\"wp-block-heading\">Expozi\u021bia \u201eFrom roots to routes\u201d deschide programul de la Casa Tineretului<\/h2>\n<p class=\"wp-block-paragraph\">Programul \u00eencepe la ora 17:00 cu vernisajul expozi\u021biei \u201eFrom roots to routes\u201d, care reune\u0219te crea\u021biile realizate de voluntarii \u0219i participan\u021bii implica\u021bi \u00een atelierele Youth Summer Fest.<\/p>\n<p class=\"wp-block-paragraph\">Publicul va putea descoperi lucr\u0103ri de art\u0103 digital\u0103, mozaicuri ceramice \u0219i fotografii realizate at\u00e2t \u00een format digital, c\u00e2t \u0219i analog. Expozi\u021bia este g\u00e2ndit\u0103 ca un traseu artistic prin Casa Tineretului, pun\u00e2nd \u00een valoare experien\u021bele \u0219i perspectivele tinerilor implica\u021bi \u00een proiect.<\/p>\n<h2 class=\"wp-block-heading\">Identitate, diversitate \u0219i conexiuni prin art\u0103<\/h2>\n<p class=\"wp-block-paragraph\">Conceptul expozi\u021biei urm\u0103re\u0219te parcursul simbolic de la \u201er\u0103d\u0103cini\u201d la \u201edrumuri\u201d, ilustr\u00e2nd identitatea personal\u0103 \u0219i cultural\u0103 a participan\u021bilor, dar \u0219i rela\u021biile \u0219i experien\u021bele construite \u00een cadrul proiectului.<\/p>\n<p class=\"wp-block-paragraph\">Lucr\u0103rile expuse abordeaz\u0103 teme precum apartenen\u021ba, diversitatea, istoria personal\u0103 \u0219i colectiv\u0103, precum \u0219i rolul artei \u00een apropierea oamenilor din medii \u0219i culturi diferite.<\/p>\n<h2 class=\"wp-block-heading\">Vlad Corb urc\u0103 pe scen\u0103 \u00eencep\u00e2nd cu ora 20:00<\/h2>\n<p class=\"wp-block-paragraph\">Seara continu\u0103 de la ora 20:00 cu un concert sus\u021binut de Vlad Corb, unul dintre reprezentan\u021bii noii genera\u021bii de arti\u0219ti rock din Rom\u00e2nia.<\/p>\n<p class=\"wp-block-paragraph\">Artistul este cunoscut pentru concertele sale live \u0219i pentru stilul care combin\u0103 influen\u021be de rock indie \u0219i alternativ cu elemente cinematice, sonorit\u0103\u021bi onirice \u0219i ritmuri inspirate din muzica de club. Concertul completeaz\u0103 programul artistic al zilei \u0219i marcheaz\u0103 celebrarea Zilei Interna\u021bionale a Tineretului \u00eentr-un cadru dedicat creativit\u0103\u021bii \u0219i exprim\u0103rii libere.<\/p>\n<h2 class=\"wp-block-heading\">Participarea este gratuit\u0103, pe baz\u0103 de \u00eenscriere<\/h2>\n<p class=\"wp-block-paragraph\">Accesul la eveniment este gratuit, \u00eens\u0103 organizatorii solicit\u0103 \u00eenscrierea prealabil\u0103. Cei interesa\u021bi pot opta pentru participarea la expozi\u021bie, la concert sau la ambele activit\u0103\u021bi, prin completarea formularului pus la dispozi\u021bie de FITT.<\/p>\n<p class=\"wp-block-paragraph\">Organizatorii precizeaz\u0103 c\u0103 eventualele modific\u0103ri sau informa\u021bii suplimentare privind desf\u0103\u0219urarea evenimentului vor fi publicate pe paginile oficiale de social media ale funda\u021biei.<\/p>\n<h2 class=\"wp-block-heading\">Youth Summer Fest promoveaz\u0103 implicarea tinerilor prin art\u0103 \u0219i educa\u021bie<\/h2>\n<p class=\"wp-block-paragraph\">Youth Summer Fest a ajuns \u00een acest an la cea de-a cincea edi\u021bie \u0219i este finan\u021bat de Municipiul Timi\u0219oara prin Centrul de Proiecte, fiind cofinan\u021bat de Uniunea European\u0103 prin programul Corpul European de Solidaritate.<\/p>\n<p class=\"wp-block-paragraph\">Prin acest proiect, FITT urm\u0103re\u0219te s\u0103 creeze un spa\u021biu \u00een care tinerii s\u0103 \u00ee\u0219i poat\u0103 exprima creativitatea, s\u0103 participe la activit\u0103\u021bi culturale \u0219i educa\u021bionale \u0219i s\u0103 dezvolte rela\u021bii bazate pe colaborare \u0219i dialog intercultural.<\/p>\n<h2 class=\"wp-block-heading\">FITT, un reper pentru educa\u021bia non-formal\u0103 \u00een jude\u021bul Timi\u0219<\/h2>\n<p class=\"wp-block-paragraph\">Funda\u021bia Jude\u021bean\u0103 pentru Tineret Timi\u0219 func\u021bioneaz\u0103 din anul 1990 \u0219i reune\u0219te 29 de organiza\u021bii membre. Organiza\u021bia desf\u0103\u0219oar\u0103 programe gratuite de educa\u021bie non-formal\u0103, proiecte culturale, ini\u021biative de voluntariat \u0219i activit\u0103\u021bi dedicate tinerilor din mediul urban \u0219i rural.<\/p>\n<p class=\"wp-block-paragraph\">Casa Tineretului din Timi\u0219oara este primul \u0219i singurul centru de tineret din Rom\u00e2nia care de\u021bine Certificatul de Calitate pentru Centre de Tineret acordat de Consiliul Europei. \u00cen cadrul funda\u021biei func\u021bioneaz\u0103 \u0219i centrul Europe Direct Timi\u0219oara, iar organiza\u021bia deruleaz\u0103 proiecte de voluntariat interna\u021bional, ini\u021biative culturale \u0219i programe de sprijin pentru comunitate, inclusiv prin Ukrainian Kids Hub. Potrivit datelor prezentate de FITT, infrastructura organiza\u021biei a \u00eenregistrat peste 400.000 de vizite \u00een anul 2025, consolid\u00e2nd rolul Casei Tineretului ca unul dintre principalele centre dedicate educa\u021biei non-formale \u0219i activit\u0103\u021bilor culturale din jude\u021bul Timi\u0219.<\/p>\n<\/div>\n<p>[analyse_source url=&#8221;https:\/\/orasul-timisoara.ro\/local-40144\/&#8221;]<\/p>\n","protected":false},"excerpt":{"rendered":"<p>[analyse_image type=&#8221;featured&#8221; src=&#8221;https:\/\/orasul-timisoara.ro\/wp-content\/uploads\/2026\/08\/MXM_4683.jpg&#8221;] Evenimente in TimisoaraYouth Summer Fest 2026 aduce art\u0103 \u0219i muzic\u0103 la Casa Tineretului din&#8230; Evenimente in Timisoara \u0218tiri Locale Youth Summer Fest 2026 aduce art\u0103 \u0219i muzic\u0103 la Casa Tineretului din Timi\u0219oara De c\u0103tre redactia &#8211; 07\/08\/2026 Facebook Twitter WhatsApp Linkedin ReddIt Email Imprimare Youth Summer Fest revine la Timi\u0219oara cu expozi\u021bii [&hellip;]<\/p>\n","protected":false},"author":1,"featured_media":0,"comment_status":"open","ping_status":"","sticky":false,"template":"","format":"standard","meta":{"footnotes":""},"categories":[89],"tags":[226,189],"class_list":["post-2082338","post","type-post","status-publish","format-standard","hentry","category-romania","tag-crawlmanager","tag-orasul-timisoara-ro"],"_links":{"self":[{"href":"https:\/\/analyse.optim.biz\/index.php?rest_route=\/wp\/v2\/posts\/2082338","targetHints":{"allow":["GET"]}}],"collection":[{"href":"https:\/\/analyse.optim.biz\/index.php?rest_route=\/wp\/v2\/posts"}],"about":[{"href":"https:\/\/analyse.optim.biz\/index.php?rest_route=\/wp\/v2\/types\/post"}],"author":[{"embeddable":true,"href":"https:\/\/analyse.optim.biz\/index.php?rest_route=\/wp\/v2\/users\/1"}],"replies":[{"embeddable":true,"href":"https:\/\/analyse.optim.biz\/index.php?rest_route=%2Fwp%2Fv2%2Fcomments&post=2082338"}],"version-history":[{"count":0,"href":"https:\/\/analyse.optim.biz\/index.php?rest_route=\/wp\/v2\/posts\/2082338\/revisions"}],"wp:attachment":[{"href":"https:\/\/analyse.optim.biz\/index.php?rest_route=%2Fwp%2Fv2%2Fmedia&parent=2082338"}],"wp:term":[{"taxonomy":"category","embeddable":true,"href":"https:\/\/analyse.optim.biz\/index.php?rest_route=%2Fwp%2Fv2%2Fcategories&post=2082338"},{"taxonomy":"post_tag","embeddable":true,"href":"https:\/\/analyse.optim.biz\/index.php?rest_route=%2Fwp%2Fv2%2Ftags&post=2082338"}],"curies":[{"name":"wp","href":"https:\/\/api.w.org\/{rel}","templated":true}]}}