{"id":2082333,"date":"2026-08-07T12:16:15","date_gmt":"2026-08-07T09:16:15","guid":{"rendered":"https:\/\/analyse.optim.biz\/?p=2082333"},"modified":"2026-08-07T12:16:15","modified_gmt":"2026-08-07T09:16:15","slug":"dezinsectie-in-sanmihaiu-roman-pe-11-august-ce-recomandari-transmite-primaria","status":"publish","type":"post","link":"https:\/\/analyse.optim.biz\/?p=2082333","title":{"rendered":"Dezinsec\u021bie \u00een S\u00e2nmihaiu Rom\u00e2n pe 11 august. Ce recomand\u0103ri transmite Prim\u0103ria"},"content":{"rendered":"<p>[analyse_image type=&#8221;featured&#8221; src=&#8221;https:\/\/orasul-timisoara.ro\/wp-content\/uploads\/2026\/08\/dezinsectie-seara.jpg&#8221;]<\/p>\n<article id=\"post-40150\" class=\"td-post-template-7 post-40150 post type-post status-publish format-standard has-post-thumbnail category-administratie category-featured category-stiri-timisoara tag-actiune-de-dezinsectie tag-dezinsectie-2 tag-insecticid tag-judetul-timis-2 tag-localitati-2 tag-muste tag-primaria-sanmihaiu-roman tag-sanatate-publica tag-sanmihaiu-roman-2 tag-solfac-trio-ec-140 tag-tantari-2 tag-viorel-marcut td-container-wrap\">\n<div class=\"td-full-screen-header-image-wrap\">\n<div class=\"td-container td-post-header\">\n<div class=\"td-crumb-container\">\n<div class=\"entry-crumbs\"><span><a title=\"Vede\u021bi toate articolele \u00een Administra\u021bie local\u0103\" class=\"entry-crumb\" href=\"https:\/\/orasul-timisoara.ro\/local-category\/administratie\/\">Administra\u021bie local\u0103<\/a><\/span><span class=\"td-bred-no-url-last\">Dezinsec\u021bie \u00een S\u00e2nmihaiu Rom\u00e2n pe 11 august. Ce recomand\u0103ri transmite Prim\u0103ria<\/span><\/div>\n<\/div>\n<div class=\"td-post-header-holder\">\n<div class=\"td-parallax-header\">\n<header class=\"td-post-title\">\n<ul class=\"td-category\">\n<li class=\"entry-category\"><a href=\"https:\/\/orasul-timisoara.ro\/local-category\/administratie\/\">Administra\u021bie local\u0103<\/a><\/li>\n<li class=\"entry-category\"><a href=\"https:\/\/orasul-timisoara.ro\/local-category\/stiri-timisoara\/\">\u0218tiri Locale<\/a><\/li>\n<\/ul>\n<h1 class=\"entry-title\">Dezinsec\u021bie \u00een S\u00e2nmihaiu Rom\u00e2n pe 11 august. Ce recomand\u0103ri transmite Prim\u0103ria<\/h1>\n<div class=\"td-module-meta-info\">\n<div class=\"td-post-author-name\">\n<div class=\"td-author-by\">De c\u0103tre<\/div>\n<p><a href=\"https:\/\/orasul-timisoara.ro\/author\/timisoara\/\">redactia<\/a><\/p>\n<div class=\"td-author-line\"> &#8211; <\/div>\n<\/div>\n<p><span class=\"td-post-date\"><time class=\"entry-date updated td-module-date\" datetime=\"2026-08-07T15:16:15+03:00\">07\/08\/2026<\/time><\/span><\/div>\n<\/header>\n<\/div>\n<\/div>\n<\/div>\n<div id=\"td-full-screen-header-image\" class=\"td-image-gradient-style7\"><img decoding=\"async\" class=\"td-backstretch\" src=\"https:\/\/orasul-timisoara.ro\/wp-content\/uploads\/2026\/08\/dezinsectie-seara.jpg\"><\/div>\n<\/div>\n<div class=\"td-container\">\n<div class=\"td-pb-row\">\n<div class=\"td-pb-span8 td-main-content\" role=\"main\">\n<div class=\"td-ss-main-content\">\n<div class=\"td-post-sharing-top\">\n<div class=\"td-post-sharing-classic\"><iframe title=\"topFacebookLike\" frameborder src=\"https:\/\/www.facebook.com\/plugins\/like.php?href=https:\/\/orasul-timisoara.ro\/local-40150\/&amp;layout=button_count&amp;show_faces=false&amp;width=105&amp;action=like&amp;colorscheme=light&amp;height=21\"><\/iframe><\/div>\n<div id=\"td_social_sharing_article_top\" class=\"td-post-sharing td-ps-bg td-ps-notext td-post-sharing-style1 \">\n<div class=\"td-post-sharing-visible\"><a class=\"td-social-sharing-button td-social-sharing-button-js td-social-network td-social-facebook\" href=\"https:\/\/www.facebook.com\/sharer.php?u=https%3A%2F%2Forasul-timisoara.ro%2Flocal-40150%2F\" title=\"Facebook\"><\/p>\n<div class=\"td-social-but-text\">Facebook<\/div>\n<p><\/a><a class=\"td-social-sharing-button td-social-sharing-button-js td-social-network td-social-twitter\" href=\"https:\/\/twitter.com\/intent\/tweet?text=Dezinsec%C8%9Bie+%C3%AEn+S%C3%A2nmihaiu+Rom%C3%A2n+pe+11+august.+Ce+recomand%C4%83ri+transmite+Prim%C4%83ria&amp;url=https%3A%2F%2Forasul-timisoara.ro%2Flocal-40150%2F&amp;via=orasultm\" title=\"Twitter\"><\/p>\n<div class=\"td-social-but-text\">Twitter<\/div>\n<p><\/a><a class=\"td-social-sharing-button td-social-sharing-button-js td-social-network td-social-whatsapp\" href=\"https:\/\/api.whatsapp.com\/send?text=Dezinsec%C8%9Bie+%C3%AEn+S%C3%A2nmihaiu+Rom%C3%A2n+pe+11+august.+Ce+recomand%C4%83ri+transmite+Prim%C4%83ria%20%0A%0A%20https:\/\/orasul-timisoara.ro\/local-40150\/\" title=\"WhatsApp\"><\/p>\n<div class=\"td-social-but-text\">WhatsApp<\/div>\n<p><\/a><a class=\"td-social-sharing-button td-social-sharing-button-js td-social-network td-social-linkedin\" href=\"https:\/\/www.linkedin.com\/shareArticle?mini=true&amp;url=https:\/\/orasul-timisoara.ro\/local-40150\/&amp;title=Dezinsec%C8%9Bie+%C3%AEn+S%C3%A2nmihaiu+Rom%C3%A2n+pe+11+august.+Ce+recomand%C4%83ri+transmite+Prim%C4%83ria\" title=\"Linkedin\"><\/p>\n<div class=\"td-social-but-text\">Linkedin<\/div>\n<p><\/a><a class=\"td-social-sharing-button td-social-sharing-button-js td-social-network td-social-reddit\" href=\"https:\/\/reddit.com\/submit?url=https:\/\/orasul-timisoara.ro\/local-40150\/&amp;title=Dezinsec%C8%9Bie+%C3%AEn+S%C3%A2nmihaiu+Rom%C3%A2n+pe+11+august.+Ce+recomand%C4%83ri+transmite+Prim%C4%83ria\" title=\"ReddIt\"><\/p>\n<div class=\"td-social-but-text\">ReddIt<\/div>\n<p><\/a><a class=\"td-social-sharing-button td-social-sharing-button-js td-social-network td-social-mail\" href=\"mailto:?subject=Dezinsec%C8%9Bie%20%C3%AEn%20S%C3%A2nmihaiu%20Rom%C3%A2n%20pe%2011%20august.%20Ce%20recomand%C4%83ri%20transmite%20Prim%C4%83ria&amp;body=https:\/\/orasul-timisoara.ro\/local-40150\/\" title=\"Email\"><\/p>\n<div class=\"td-social-but-text\">Email<\/div>\n<p><\/a><a class=\"td-social-sharing-button td-social-sharing-button-js td-social-network td-social-print\" href=\"https:\/\/orasul-timisoara.ro\/local-40150\/\" title=\"Imprimare\"><\/p>\n<div class=\"td-social-but-text\">Imprimare<\/div>\n<p><\/a><\/div>\n<\/div>\n<\/div>\n<div class=\"td-post-content tagdiv-type\">\n<p class=\"wp-block-paragraph\">Prim\u0103ria comunei S\u00e2nmihaiu Rom\u00e2n organizeaz\u0103 mar\u021bi, 11 august 2026, cea de-a doua ac\u021biune de dezinsec\u021bie terestr\u0103 din acest an. Interven\u021bia va \u00eencepe la ora 21:00 \u0219i va acoperi \u00eentreg teritoriul comunei, inclusiv toate cele trei localit\u0103\u021bi componente, \u00een \u00eencercarea de a reduce popula\u021biile de \u021b\u00e2n\u021bari \u0219i alte insecte specifice sezonului cald.<\/p>\n<p class=\"wp-block-paragraph\">Anun\u021bul a fost f\u0103cut de primarul Viorel M\u0103rcu\u021b, care le recomand\u0103 locuitorilor s\u0103 respecte m\u0103surile de siguran\u021b\u0103 dup\u0103 aplicarea tratamentului. Totodat\u0103, edilul atrage aten\u021bia c\u0103, pentru combaterea eficient\u0103 a insectelor, sunt necesare \u0219i interven\u021bii la nivelul fiec\u0103rei gospod\u0103rii.<\/p>\n<h2 class=\"wp-block-heading\">Dezinsec\u021bia \u00eencepe mar\u021bi seara, la ora 21:00<\/h2>\n<p class=\"wp-block-paragraph\">Ac\u021biunea de dezinsec\u021bie este programat\u0103 pentru mar\u021bi, 11 august, \u00eencep\u00e2nd cu ora 21:00, \u0219i va fi desf\u0103\u0219urat\u0103 pe \u00eentreg teritoriul comunei S\u00e2nmihaiu Rom\u00e2n.<\/p>\n<p class=\"wp-block-paragraph\">Interven\u021bia face parte din programul de combatere a insectelor derulat de administra\u021bia local\u0103 \u0219i reprezint\u0103 a doua ac\u021biune de acest tip organizat\u0103 \u00een cursul anului 2026.<\/p>\n<h2 class=\"wp-block-heading\">Va fi utilizat insecticidul Solfac Trio EC 140<\/h2>\n<p class=\"wp-block-paragraph\">Potrivit informa\u021biilor transmise de primarul Viorel M\u0103rcu\u021b, la aceast\u0103 ac\u021biune va fi folosit acela\u0219i produs utilizat \u0219i la prima dezinsec\u021bie din acest an.<\/p>\n<p class=\"wp-block-paragraph\">Este vorba despre Solfac Trio EC 140, un insecticid profesional destinat combaterii insectelor zbur\u0103toare \u0219i t\u00e2r\u00e2toare, utilizat \u00een cadrul opera\u021biunilor de dezinsec\u021bie desf\u0103\u0219urate de autorit\u0103\u021bile locale.<\/p>\n<h2 class=\"wp-block-heading\">Recomand\u0103ri pentru locuitori dup\u0103 aplicarea tratamentului<\/h2>\n<p class=\"wp-block-paragraph\">Administra\u021bia local\u0103 le recomand\u0103 cet\u0103\u021benilor s\u0103 evite accesul \u00een parcuri \u0219i \u00een zonele unde s-a efectuat tratamentul pentru o perioad\u0103 de cel pu\u021bin patru ore dup\u0103 aplicarea substan\u021bei.<\/p>\n<p class=\"wp-block-paragraph\">De asemenea, p\u0103rin\u021bii sunt sf\u0103tui\u021bi s\u0103 \u00eei supravegheze pe copii, iar proprietarii de animale de companie s\u0103 evite accesul acestora \u00een zonele tratate pe durata intervalului recomandat.<\/p>\n<h2 class=\"wp-block-heading\">Prim\u0103ria recomand\u0103 dezinsec\u021bii \u0219i \u00een gospod\u0103rii<\/h2>\n<p class=\"wp-block-paragraph\">Primarul Viorel M\u0103rcu\u021b subliniaz\u0103 c\u0103 interven\u021bia realizat\u0103 de administra\u021bia local\u0103 este important\u0103, \u00eens\u0103 eficien\u021ba combaterii \u021b\u00e2n\u021barilor \u0219i mu\u0219telor depinde \u0219i de m\u0103surile luate de fiecare proprietar.<\/p>\n<p class=\"wp-block-paragraph\">\u201ePentru stoparea eficient\u0103 a infest\u0103rii cu mu\u0219te \u0219i \u021b\u00e2n\u021bari, \u021bin\u00e2nd cont de amplasarea geografic\u0103 a comunei \u0219i de gradul ridicat de umezeal\u0103 din aer, este necesar\u0103 efectuarea unor dezinsec\u021bii suplimentare \u00een fiecare gospod\u0103rie\u201d, a transmis edilul.<\/p>\n<h2 class=\"wp-block-heading\">Umiditatea favorizeaz\u0103 dezvoltarea insectelor \u00een zon\u0103<\/h2>\n<p class=\"wp-block-paragraph\">Potrivit administra\u021biei locale, amplasarea geografic\u0103 a comunei \u0219i nivelul ridicat al umidit\u0103\u021bii din aceast\u0103 perioad\u0103 creeaz\u0103 condi\u021bii favorabile pentru dezvoltarea \u021b\u00e2n\u021barilor \u0219i a altor insecte.<\/p>\n<p class=\"wp-block-paragraph\">Din acest motiv, autorit\u0103\u021bile consider\u0103 c\u0103 ac\u021biunile periodice de dezinsec\u021bie, completate de m\u0103surile aplicate la nivelul gospod\u0103riilor, sunt necesare pentru limitarea infest\u0103rii \u0219i reducerea disconfortului creat de insecte pe timpul verii.<\/p>\n<h2 class=\"wp-block-heading\">Autorit\u0103\u021bile cer respectarea m\u0103surilor de siguran\u021b\u0103<\/h2>\n<p class=\"wp-block-paragraph\">Prim\u0103ria S\u00e2nmihaiu Rom\u00e2n \u00eei \u00eendeamn\u0103 pe locuitori s\u0103 respecte recomand\u0103rile transmise \u00eenainte \u0219i dup\u0103 desf\u0103\u0219urarea ac\u021biunii de dezinsec\u021bie, pentru ca tratamentul s\u0103 fie eficient \u0219i s\u0103 se desf\u0103\u0219oare \u00een condi\u021bii de siguran\u021b\u0103.<\/p>\n<p class=\"wp-block-paragraph\">Interven\u021bia din 11 august face parte din m\u0103surile periodice adoptate de administra\u021bia local\u0103 pentru combaterea insectelor \u0219i protejarea confortului locuitorilor \u00een sezonul cald.<\/p>\n<\/div>\n<footer>\n<div class=\"td-post-source-tags\">\n<ul class=\"td-tags td-post-small-box clearfix\">\n<li><span>ETICHETE<\/span><\/li>\n<li><a href=\"https:\/\/orasul-timisoara.ro\/local-tag\/actiune-de-dezinsectie\/\">ac\u021biune de dezinsec\u021bie<\/a><\/li>\n<li><a href=\"https:\/\/orasul-timisoara.ro\/local-tag\/dezinsectie-2\/\">dezinsec\u021bie<\/a><\/li>\n<li><a href=\"https:\/\/orasul-timisoara.ro\/local-tag\/insecticid\/\">insecticid<\/a><\/li>\n<li><a href=\"https:\/\/orasul-timisoara.ro\/local-tag\/judetul-timis-2\/\">jude\u021bul Timi\u0219<\/a><\/li>\n<li><a href=\"https:\/\/orasul-timisoara.ro\/local-tag\/localitati-2\/\">localit\u0103\u021bi<\/a><\/li>\n<li><a href=\"https:\/\/orasul-timisoara.ro\/local-tag\/muste\/\">mu\u0219te<\/a><\/li>\n<li><a href=\"https:\/\/orasul-timisoara.ro\/local-tag\/primaria-sanmihaiu-roman\/\">Prim\u0103ria S\u00e2nmihaiu Rom\u00e2n<\/a><\/li>\n<li><a href=\"https:\/\/orasul-timisoara.ro\/local-tag\/sanatate-publica\/\">s\u0103n\u0103tate public\u0103<\/a><\/li>\n<li><a href=\"https:\/\/orasul-timisoara.ro\/local-tag\/sanmihaiu-roman-2\/\">S\u00e2nmihaiu Rom\u00e2n<\/a><\/li>\n<li><a href=\"https:\/\/orasul-timisoara.ro\/local-tag\/solfac-trio-ec-140\/\">Solfac Trio EC 140<\/a><\/li>\n<li><a href=\"https:\/\/orasul-timisoara.ro\/local-tag\/tantari-2\/\">\u021b\u00e2n\u021bari<\/a><\/li>\n<li><a href=\"https:\/\/orasul-timisoara.ro\/local-tag\/viorel-marcut\/\">Viorel M\u0103rcu\u021b<\/a><\/li>\n<\/ul>\n<\/div>\n<div class=\"td-post-sharing-bottom\">\n<div class=\"td-post-sharing-classic\"><iframe title=\"bottomFacebookLike\" frameborder src=\"https:\/\/www.facebook.com\/plugins\/like.php?href=https:\/\/orasul-timisoara.ro\/local-40150\/&amp;layout=button_count&amp;show_faces=false&amp;width=105&amp;action=like&amp;colorscheme=light&amp;height=21\"><\/iframe><\/div>\n<div id=\"td_social_sharing_article_bottom\" class=\"td-post-sharing td-ps-bg td-ps-notext td-post-sharing-style1 \">\n<div class=\"td-post-sharing-visible\"><a class=\"td-social-sharing-button td-social-sharing-button-js td-social-network td-social-facebook\" href=\"https:\/\/www.facebook.com\/sharer.php?u=https%3A%2F%2Forasul-timisoara.ro%2Flocal-40150%2F\" title=\"Facebook\"><\/p>\n<div class=\"td-social-but-text\">Facebook<\/div>\n<p><\/a><a class=\"td-social-sharing-button td-social-sharing-button-js td-social-network td-social-twitter\" href=\"https:\/\/twitter.com\/intent\/tweet?text=Dezinsec%C8%9Bie+%C3%AEn+S%C3%A2nmihaiu+Rom%C3%A2n+pe+11+august.+Ce+recomand%C4%83ri+transmite+Prim%C4%83ria&amp;url=https%3A%2F%2Forasul-timisoara.ro%2Flocal-40150%2F&amp;via=orasultm\" title=\"Twitter\"><\/p>\n<div class=\"td-social-but-text\">Twitter<\/div>\n<p><\/a><a class=\"td-social-sharing-button td-social-sharing-button-js td-social-network td-social-whatsapp\" href=\"https:\/\/api.whatsapp.com\/send?text=Dezinsec%C8%9Bie+%C3%AEn+S%C3%A2nmihaiu+Rom%C3%A2n+pe+11+august.+Ce+recomand%C4%83ri+transmite+Prim%C4%83ria%20%0A%0A%20https:\/\/orasul-timisoara.ro\/local-40150\/\" title=\"WhatsApp\"><\/p>\n<div class=\"td-social-but-text\">WhatsApp<\/div>\n<p><\/a><a class=\"td-social-sharing-button td-social-sharing-button-js td-social-network td-social-linkedin\" href=\"https:\/\/www.linkedin.com\/shareArticle?mini=true&amp;url=https:\/\/orasul-timisoara.ro\/local-40150\/&amp;title=Dezinsec%C8%9Bie+%C3%AEn+S%C3%A2nmihaiu+Rom%C3%A2n+pe+11+august.+Ce+recomand%C4%83ri+transmite+Prim%C4%83ria\" title=\"Linkedin\"><\/p>\n<div class=\"td-social-but-text\">Linkedin<\/div>\n<p><\/a><a class=\"td-social-sharing-button td-social-sharing-button-js td-social-network td-social-reddit\" href=\"https:\/\/reddit.com\/submit?url=https:\/\/orasul-timisoara.ro\/local-40150\/&amp;title=Dezinsec%C8%9Bie+%C3%AEn+S%C3%A2nmihaiu+Rom%C3%A2n+pe+11+august.+Ce+recomand%C4%83ri+transmite+Prim%C4%83ria\" title=\"ReddIt\"><\/p>\n<div class=\"td-social-but-text\">ReddIt<\/div>\n<p><\/a><a class=\"td-social-sharing-button td-social-sharing-button-js td-social-network td-social-mail\" href=\"mailto:?subject=Dezinsec%C8%9Bie%20%C3%AEn%20S%C3%A2nmihaiu%20Rom%C3%A2n%20pe%2011%20august.%20Ce%20recomand%C4%83ri%20transmite%20Prim%C4%83ria&amp;body=https:\/\/orasul-timisoara.ro\/local-40150\/\" title=\"Email\"><\/p>\n<div class=\"td-social-but-text\">Email<\/div>\n<p><\/a><a class=\"td-social-sharing-button td-social-sharing-button-js td-social-network td-social-print\" href=\"https:\/\/orasul-timisoara.ro\/local-40150\/\" title=\"Imprimare\"><\/p>\n<div class=\"td-social-but-text\">Imprimare<\/div>\n<p><\/a><\/div>\n<\/div>\n<\/div>\n<div class=\"td-block-row td-post-next-prev\">\n<div class=\"td-block-span6 td-post-prev-post\">\n<div class=\"td-post-next-prev-content\"><span>Articolul precedent<\/span><a href=\"https:\/\/orasul-timisoara.ro\/local-40147\/\">Consum record de ap\u0103 \u00een Timi\u0219oara. Aquatim a distribuit peste 2,5 milioane de metri cubi \u00een iulie<\/a><\/div>\n<\/div>\n<div class=\"td-block-span6 td-post-next-post\">\n<div class=\"td-post-next-prev-content\"><span>Articolul urm\u0103tor<\/span><a href=\"https:\/\/orasul-timisoara.ro\/local-40153\/\">Noi construc\u021bii ilegale desfiin\u021bate la baza sportiv\u0103 de pe Amforei din Timi\u0219oara<\/a><\/div>\n<\/div>\n<\/div>\n<div class=\"td-author-name vcard author\"><span class=\"fn\"><a href=\"https:\/\/orasul-timisoara.ro\/author\/timisoara\/\">redactia<\/a><\/span><\/div>\n<p><span class=\"td-page-meta\"><\/span><span class=\"td-page-meta\"><span class=\"td-page-meta\"><\/span><\/span><span class=\"td-page-meta\"><\/span><\/footer>\n<div class=\"td_block_wrap td_block_related_posts tdi_3 td_with_ajax_pagination td-pb-border-top td_block_template_8\" data-td-block-uid=\"tdi_3\">\n<h4 class=\"td-related-title td-block-title\"><a id=\"tdi_4\" class=\"td-related-left td-cur-simple-item\" data-td_filter_value data-td_block_id=\"tdi_3\" href=\"https:\/\/orasul-timisoara.ro\/local-40150\/\">ARTICOLE SIMILARE<\/a><a id=\"tdi_5\" class=\"td-related-right\" data-td_filter_value=\"td_related_more_from_author\" data-td_block_id=\"tdi_3\" href=\"https:\/\/orasul-timisoara.ro\/local-40150\/\">DE LA ACELA\u0218I AUTOR<\/a><\/h4>\n<div id=\"tdi_3\" class=\"td_block_inner\">\n<div class=\"td-related-row\">\n<div class=\"td-related-span4\">\n<div class=\"td_module_related_posts td-animation-stack td_mod_related_posts\">\n<div class=\"td-module-image\">\n<div class=\"td-module-thumb\"><a href=\"https:\/\/orasul-timisoara.ro\/local-40147\/\" rel=\"bookmark\" class=\"td-image-wrap \" title=\"Consum record de ap\u0103 \u00een Timi\u0219oara. Aquatim a distribuit peste 2,5 milioane de metri cubi \u00een iulie\"><img loading=\"lazy\" decoding=\"async\" class=\"entry-thumb\" src=\"https:\/\/orasul-timisoara.ro\/wp-content\/uploads\/2026\/07\/femeie-bea-apa-4-436x300.jpg\" alt title=\"Consum record de ap\u0103 \u00een Timi\u0219oara. Aquatim a distribuit peste 2,5 milioane de metri cubi \u00een iulie\" width=\"218\" height=\"150\"><\/a><\/div>\n<\/div>\n<div class=\"item-details\">\n<h3 class=\"entry-title td-module-title\"><a href=\"https:\/\/orasul-timisoara.ro\/local-40147\/\" rel=\"bookmark\" title=\"Consum record de ap\u0103 \u00een Timi\u0219oara. Aquatim a distribuit peste 2,5 milioane de metri cubi \u00een iulie\">Consum record de ap\u0103 \u00een Timi\u0219oara. Aquatim a distribuit peste 2,5 milioane de metri cubi \u00een iulie<\/a><\/h3>\n<\/div>\n<\/div>\n<\/div>\n<div class=\"td-related-span4\">\n<div class=\"td_module_related_posts td-animation-stack td_mod_related_posts\">\n<div class=\"td-module-image\">\n<div class=\"td-module-thumb\"><a href=\"https:\/\/orasul-timisoara.ro\/local-40144\/\" rel=\"bookmark\" class=\"td-image-wrap \" title=\"Youth Summer Fest 2026 aduce art\u0103 \u0219i muzic\u0103 la Casa Tineretului din Timi\u0219oara\"><img loading=\"lazy\" decoding=\"async\" class=\"entry-thumb\" src=\"https:\/\/orasul-timisoara.ro\/wp-content\/uploads\/2026\/08\/MXM_4683-436x300.jpg\" alt title=\"Youth Summer Fest 2026 aduce art\u0103 \u0219i muzic\u0103 la Casa Tineretului din Timi\u0219oara\" width=\"218\" height=\"150\"><\/a><\/div>\n<\/div>\n<div class=\"item-details\">\n<h3 class=\"entry-title td-module-title\"><a href=\"https:\/\/orasul-timisoara.ro\/local-40144\/\" rel=\"bookmark\" title=\"Youth Summer Fest 2026 aduce art\u0103 \u0219i muzic\u0103 la Casa Tineretului din Timi\u0219oara\">Youth Summer Fest 2026 aduce art\u0103 \u0219i muzic\u0103 la Casa Tineretului din Timi\u0219oara<\/a><\/h3>\n<\/div>\n<\/div>\n<\/div>\n<div class=\"td-related-span4\">\n<div class=\"td_module_related_posts td-animation-stack td_mod_related_posts\">\n<div class=\"td-module-image\">\n<div class=\"td-module-thumb\"><a href=\"https:\/\/orasul-timisoara.ro\/local-40123\/\" rel=\"bookmark\" class=\"td-image-wrap \" title=\"Bulevardul Liviu Rebreanu intr\u0103 \u00een \u0219antier din 10 august. Noi \u00eenchideri de trafic \u00een Timi\u0219oara\"><img loading=\"lazy\" decoding=\"async\" class=\"entry-thumb\" src=\"https:\/\/orasul-timisoara.ro\/wp-content\/uploads\/2025\/01\/bld-liviu-rebreanu-436x300.jpg\" alt title=\"Bulevardul Liviu Rebreanu intr\u0103 \u00een \u0219antier din 10 august. Noi \u00eenchideri de trafic \u00een Timi\u0219oara\" width=\"218\" height=\"150\"><\/a><\/div>\n<\/div>\n<div class=\"item-details\">\n<h3 class=\"entry-title td-module-title\"><a href=\"https:\/\/orasul-timisoara.ro\/local-40123\/\" rel=\"bookmark\" title=\"Bulevardul Liviu Rebreanu intr\u0103 \u00een \u0219antier din 10 august. Noi \u00eenchideri de trafic \u00een Timi\u0219oara\">Bulevardul Liviu Rebreanu intr\u0103 \u00een \u0219antier din 10 august. Noi \u00eenchideri de trafic \u00een Timi\u0219oara<\/a><\/h3>\n<\/div>\n<\/div>\n<\/div>\n<\/div>\n<\/div>\n<\/div>\n<div class=\"comments\" id=\"comments\">\n<div id=\"respond\" class=\"comment-respond\">\n<h3 id=\"reply-title\" class=\"comment-reply-title\">L\u0102SA\u021aI UN MESAJ<\/h3>\n<div class=\"comment-form-input-wrap td-form-comment\">\n<div class=\"td-warning-comment\">V\u0103 rug\u0103m s\u0103 introduce\u021bi comentariul dvs.!<\/div>\n<\/div>\n<div class=\"comment-form-input-wrap td-form-author\">\n<div class=\"td-warning-author\">Introduce\u021bi aici numele dvs.<\/div>\n<\/div>\n<div class=\"comment-form-input-wrap td-form-email\">\n<div class=\"td-warning-email-error\">A\u021bi introdus o adres\u0103 de e-mail incorect\u0103!<\/div>\n<div class=\"td-warning-email\">V\u0103 rug\u0103m s\u0103 introduce\u021bi adresa dvs. de e-mail aici<\/div>\n<\/div>\n<\/div>\n<p class=\"akismet_comment_form_privacy_notice\">Acest site folose\u0219te Akismet pentru a reduce spamul. <a href=\"https:\/\/akismet.com\/privacy\/\" target=\"_blank\" rel=\"nofollow noopener\">Afl\u0103 cum sunt procesate datele comentariilor tale<\/a>.<\/p>\n<\/div>\n<\/div>\n<\/div>\n<div class=\"td-pb-span4 td-main-sidebar\" role=\"complementary\">\n<div class=\"td-ss-main-sidebar\">\n<aside id=\"block-4\" class=\"td_block_template_8 widget block-4 widget_block widget_media_image\">\n<figure class=\"wp-block-image size-full\"><img loading=\"lazy\" decoding=\"async\" width=\"336\" height=\"280\" src=\"https:\/\/orasul-timisoara.ro\/wp-content\/uploads\/2024\/11\/ReTIM-Abonamentul-Verde-Google-Ads-336x280px.gif\" alt class=\"wp-image-29257\"><\/figure>\n<\/aside>\n<div class=\"td_block_wrap td_block_social_counter td_block_widget tdi_6 td-social-style5 td-social-boxed td-pb-border-top td_block_template_8\">\n<div class=\"td-block-title-wrap\">\n<h4 class=\"td-block-title\"><span>Urm\u0103re\u0219te-ne pe Social Media<\/span><\/h4>\n<\/div>\n<div class=\"td-social-list\">\n<div class=\"td_social_type td-pb-margin-side td_social_facebook\">\n<div class=\"td-social-box\"><span class=\"td_social_info td_social_info_counter\">344,595<\/span><span class=\"td_social_info td_social_info_name\">Fani<\/span><span class=\"td_social_button\"><a href=\"https:\/\/www.facebook.com\/247timisoara\" target=\"_blank\" rel=\"nofollow\">\u00cemi place<\/a><\/span><\/div>\n<\/div>\n<div class=\"td_social_type td-pb-margin-side td_social_instagram\">\n<div class=\"td-social-box\"><span class=\"td_social_info td_social_info_counter\">4,416<\/span><span class=\"td_social_info td_social_info_name\">Cititori<\/span><span class=\"td_social_button\"><a href=\"https:\/\/instagram.com\/orasultimisoararo\/\" target=\"_blank\" rel=\"nofollow\">Conecta\u021bi-v\u0103<\/a><\/span><\/div>\n<\/div>\n<div class=\"td_social_type td-pb-margin-side td_social_rss\">\n<div class=\"td-social-box\"><span class=\"td_social_info td_social_info_counter\">12,506<\/span><span class=\"td_social_info td_social_info_name\">Cititori<\/span><span class=\"td_social_button\"><a href=\"https:\/\/orasul-timisoara.ro\/feed\/\" target=\"_blank\" rel=\"nofollow\">Conecta\u021bi-v\u0103<\/a><\/span><\/div>\n<\/div>\n<div class=\"td_social_type td-pb-margin-side td_social_tiktok\">\n<div class=\"td-social-box\"><span class=\"td_social_info td_social_info_counter\">1,500<\/span><span class=\"td_social_info td_social_info_name\">Cititori<\/span><span class=\"td_social_button\"><a href=\"https:\/\/www.tiktok.com\/@orasultimisoara\" target=\"_blank\" rel=\"nofollow\">Conecta\u021bi-v\u0103<\/a><\/span><\/div>\n<\/div>\n<div class=\"td_social_type td-pb-margin-side td_social_twitter\">\n<div class=\"td-social-box\"><span class=\"td_social_info td_social_info_counter\">1,595<\/span><span class=\"td_social_info td_social_info_name\">Cititori<\/span><span class=\"td_social_button\"><a href=\"https:\/\/twitter.com\/orasultm\" target=\"_blank\" rel=\"nofollow\">Conecta\u021bi-v\u0103<\/a><\/span><\/div>\n<\/div>\n<div class=\"td_social_type td-pb-margin-side td_social_youtube\">\n<div class=\"td-social-box\"><span class=\"td_social_info td_social_info_counter\">3,506<\/span><span class=\"td_social_info td_social_info_name\">Abona\u021bi<\/span><span class=\"td_social_button\"><a href=\"https:\/\/www.youtube.com\/channel\/UCQNsQvs2XCSIm1Z-AHRturw?sub_confirmation=1\" target=\"_blank\" rel=\"nofollow\">Abona\u021bi-v\u0103<\/a><\/span><\/div>\n<\/div>\n<\/div>\n<\/div>\n<aside id=\"text-7\" class=\"td_block_template_8 widget text-7 widget_text\">\n<h4 class=\"td-block-title\"><span>C\u0103ut\u0103ri populare pe OTM<\/span><\/h4>\n<div class=\"textwidget\"><a href=\"https:\/\/orasul-timisoara.ro\/?s=timisoara\"><span>Timisoara<\/span><\/a><a href=\"https:\/\/orasul-timisoara.ro\/?s=calin+dobra\"><span>Calin Dobra<\/span><\/a><a href=\"https:\/\/orasul-timisoara.ro\/?s=primaria+timisoara\"><span>Primaria Timisoara<\/span><\/a><a href=\"https:\/\/orasul-timisoara.ro\/?s=dominic+fritz\"><span>Dominic Fritz<\/span><\/a><a href=\"https:\/\/orasul-timisoara.ro\/?s=nicolae+robu\"><span>Nicolae Robu<\/span><\/a><a href=\"https:\/\/orasul-timisoara.ro\/?s=consiliul+local+timisoara\">Consiliul Local Timisoara<\/a><a href=\"https:\/\/orasul-timisoara.ro\/?s=consiliul+judetean+timis\"><span>Consiliul Judetean Timis<\/span><\/a><a href=\"https:\/\/orasul-timisoara.ro\/?s=cjt\"><span>CJT<\/span><\/a><a href=\"https:\/\/orasul-timisoara.ro\/?s=Alfred+Simonis\"><span>Alfred Simonis<\/span><\/a><a href=\"https:\/\/orasul-timisoara.ro\/?s=PNL\"><span>PNL<\/span><\/a><a href=\"https:\/\/orasul-timisoara.ro\/?s=coronavirus\"><span>coronavirus<\/span><\/a><a href=\"https:\/\/orasul-timisoara.ro\/?s=teatru+timisoara\">teatru Timisoara<\/a><a href=\"https:\/\/orasul-timisoara.ro\/?s=restaurante\"><span>restaurante Timisoara<\/span><\/a><a href=\"https:\/\/orasul-timisoara.ro\/?s=diskoteka\"><span>Diskoteka<\/span><\/a><a href=\"https:\/\/orasul-timisoara.ro\/?s=iulius+town\"><span>Iulius Town<\/span><\/a><a href=\"https:\/\/orasul-timisoara.ro\/?s=iulius+mall\"><span>Iulius Mall<\/span><\/a><a href=\"https:\/\/orasul-timisoara.ro\/?s=stpt\"><span>STPT<\/span><\/a><a href=\"https:\/\/orasul-timisoara.ro\/?s=alin+nica\"><span>Alin Nica<\/span><\/a><a href=\"https:\/\/orasul-timisoara.ro\/?s=psd\"><span>PSD<\/span><\/a><a href=\"https:\/\/orasul-timisoara.ro\/?s=aeroport\"><span>Aeroportul International Timisoara<\/span><\/a><a href=\"https:\/\/orasul-timisoara.ro\/?s=babes\"><span>Spitalul Victor Babes Timisoara<\/span><\/a><a href=\"https:\/\/orasul-timisoara.ro\/?s=poli\"><span>Poli Timi\u0219oara<\/span><\/a><a href=\"https:\/\/orasul-timisoara.ro\/?s=carantina\"><span>carantina<\/span><\/a><a href=\"https:\/\/orasul-timisoara.ro\/?s=aquatim\"><span>Aquatim<\/span><\/a><a href=\"https:\/\/orasul-timisoara.ro\/local-category\/stiri-timisoara\/\"><span>Stiri Timisoara<\/span><\/a><a href=\"https:\/\/orasul-timisoara.ro\/local-category\/investitii-in-timisoara\/\"><span>Investi\u021bii in Timi\u0219oara<\/span><\/a><a href=\"https:\/\/orasul-timisoara.ro\/local-9463\/\"><span>shaorma<\/span><\/a><a href=\"https:\/\/orasul-timisoara.ro\/?s=trafic\"><span>trafic rutier<\/span><\/a><a href=\"https:\/\/orasul-timisoara.ro\/?s=politia\"><span>politia locala timisoara<\/span><\/a><a href=\"https:\/\/orasul-timisoara.ro\/?s=roxana\"><span>Roxana Iliescu<\/span><\/a><a href=\"https:\/\/orasul-timisoara.ro\/?s=colterm\"><span>Colterm<\/span><\/a><a href=\"https:\/\/orasul-timisoara.ro\/?s=latcau\"><span>Ruben La\u021bc\u0103u<\/span><\/a><a href=\"https:\/\/orasul-timisoara.ro\/?s=timis\"><span>\u0218tiri din Timi\u0219<\/span><\/a><a href=\"https:\/\/orasul-timisoara.ro\/?s=spital\"><span>Spitale din Timi\u0219oara<\/span><\/a><a href=\"https:\/\/orasul-timisoara.ro\/?s=tabara\"><span>Cosmin Tab\u0103r\u0103<\/span><\/a><\/div>\n<\/aside>\n<aside id=\"rss-2\" class=\"td_block_template_8 widget rss-2 widget_rss\">\n<h4 class=\"td-block-title\"><span><a class=\"rsswidget rss-widget-feed\" href=\"https:\/\/fashionfridays.ro\/feed\"><img decoding=\"async\" class=\"rss-widget-icon\" width=\"14\" height=\"14\" src=\"https:\/\/orasul-timisoara.ro\/wp-includes\/images\/rss.png\" alt=\"RSS\" loading=\"lazy\"><\/a><a class=\"rsswidget rss-widget-title\" href=\"https:\/\/fashionfridays.ro\/\">Fashion Fridays<\/a><\/span><\/h4>\n<ul>\n<li><a class=\"rsswidget\" href=\"https:\/\/fashionfridays.ro\/romania-devine-a-29-a-piata-vogue-o-noua-era-pentru-industria-locala-de-moda\/\">Rom\u00e2nia devine a 29-a pia\u021b\u0103 Vogue: o nou\u0103 er\u0103 pentru industria local\u0103 de mod\u0103<\/a>\n<div class=\"rssSummary\">Revista Vogue \u00ee\u0219i extinde prezen\u021ba global\u0103 \u0219i va fi lansat\u0103 oficial \u00een Rom\u00e2nia \u00een prim\u0103vara anului 2027, marc\u00e2nd intrarea pe cea de-a 29-a pia\u021b\u0103 interna\u021bional\u0103. Proiectul este realizat \u00een parteneriat cu AEMME Publishing, o companie media recent \u00eenfiin\u021bat\u0103, care va publica edi\u021bia local\u0103 sub licen\u021b\u0103. Noua edi\u021bie, Vogue Rom\u00e2nia, \u00ee\u0219i propune s\u0103 combine autoritatea global\u0103 [\u2026]<\/div>\n<\/li>\n<\/ul>\n<\/aside>\n<aside id=\"rss-4\" class=\"td_block_template_8 widget rss-4 widget_rss\">\n<h4 class=\"td-block-title\"><span><a class=\"rsswidget rss-widget-feed\" href=\"https:\/\/emasini.ro\/feed\"><img decoding=\"async\" class=\"rss-widget-icon\" width=\"14\" height=\"14\" src=\"https:\/\/orasul-timisoara.ro\/wp-includes\/images\/rss.png\" alt=\"RSS\" loading=\"lazy\"><\/a><a class=\"rsswidget rss-widget-title\" href=\"https:\/\/emasini.ro\/\">eMasini<\/a><\/span><\/h4>\n<ul>\n<li><a class=\"rsswidget\" href=\"https:\/\/emasini.ro\/bmw-testeaza-noul-i4-convertible-primul-cabrio-electric-accesibil-al-marcii\/\">BMW testeaz\u0103 noul i4 Convertible, primul cabrio electric accesibil al m\u0103rcii<\/a>\n<div class=\"rssSummary\">BMW accelereaz\u0103 dezvoltarea noii genera\u021bii de modele electrice bazate pe platforma Neue Klasse, iar unul dintre cele mai interesante proiecte aflate \u00een teste este viitorul BMW i4 Convertible. Prototipul camuflat a fost surprins pe \u0219osele, confirm\u00e2nd c\u0103 produc\u0103torul german preg\u0103te\u0219te o decapotabil\u0103 electric\u0103 destinat\u0103 unui segment \u00een care oferta este, \u00een prezent, extrem de limitat\u0103. [\u2026]<\/div>\n<\/li>\n<\/ul>\n<\/aside>\n<\/div>\n<\/div>\n<\/div>\n<\/div>\n<\/article>\n<div class=\"td-post-content tagdiv-type\">\n<p class=\"wp-block-paragraph\">Prim\u0103ria comunei S\u00e2nmihaiu Rom\u00e2n organizeaz\u0103 mar\u021bi, 11 august 2026, cea de-a doua ac\u021biune de dezinsec\u021bie terestr\u0103 din acest an. Interven\u021bia va \u00eencepe la ora 21:00 \u0219i va acoperi \u00eentreg teritoriul comunei, inclusiv toate cele trei localit\u0103\u021bi componente, \u00een \u00eencercarea de a reduce popula\u021biile de \u021b\u00e2n\u021bari \u0219i alte insecte specifice sezonului cald.<\/p>\n<p class=\"wp-block-paragraph\">Anun\u021bul a fost f\u0103cut de primarul Viorel M\u0103rcu\u021b, care le recomand\u0103 locuitorilor s\u0103 respecte m\u0103surile de siguran\u021b\u0103 dup\u0103 aplicarea tratamentului. Totodat\u0103, edilul atrage aten\u021bia c\u0103, pentru combaterea eficient\u0103 a insectelor, sunt necesare \u0219i interven\u021bii la nivelul fiec\u0103rei gospod\u0103rii.<\/p>\n<h2 class=\"wp-block-heading\">Dezinsec\u021bia \u00eencepe mar\u021bi seara, la ora 21:00<\/h2>\n<p class=\"wp-block-paragraph\">Ac\u021biunea de dezinsec\u021bie este programat\u0103 pentru mar\u021bi, 11 august, \u00eencep\u00e2nd cu ora 21:00, \u0219i va fi desf\u0103\u0219urat\u0103 pe \u00eentreg teritoriul comunei S\u00e2nmihaiu Rom\u00e2n.<\/p>\n<p class=\"wp-block-paragraph\">Interven\u021bia face parte din programul de combatere a insectelor derulat de administra\u021bia local\u0103 \u0219i reprezint\u0103 a doua ac\u021biune de acest tip organizat\u0103 \u00een cursul anului 2026.<\/p>\n<h2 class=\"wp-block-heading\">Va fi utilizat insecticidul Solfac Trio EC 140<\/h2>\n<p class=\"wp-block-paragraph\">Potrivit informa\u021biilor transmise de primarul Viorel M\u0103rcu\u021b, la aceast\u0103 ac\u021biune va fi folosit acela\u0219i produs utilizat \u0219i la prima dezinsec\u021bie din acest an.<\/p>\n<p class=\"wp-block-paragraph\">Este vorba despre Solfac Trio EC 140, un insecticid profesional destinat combaterii insectelor zbur\u0103toare \u0219i t\u00e2r\u00e2toare, utilizat \u00een cadrul opera\u021biunilor de dezinsec\u021bie desf\u0103\u0219urate de autorit\u0103\u021bile locale.<\/p>\n<h2 class=\"wp-block-heading\">Recomand\u0103ri pentru locuitori dup\u0103 aplicarea tratamentului<\/h2>\n<p class=\"wp-block-paragraph\">Administra\u021bia local\u0103 le recomand\u0103 cet\u0103\u021benilor s\u0103 evite accesul \u00een parcuri \u0219i \u00een zonele unde s-a efectuat tratamentul pentru o perioad\u0103 de cel pu\u021bin patru ore dup\u0103 aplicarea substan\u021bei.<\/p>\n<p class=\"wp-block-paragraph\">De asemenea, p\u0103rin\u021bii sunt sf\u0103tui\u021bi s\u0103 \u00eei supravegheze pe copii, iar proprietarii de animale de companie s\u0103 evite accesul acestora \u00een zonele tratate pe durata intervalului recomandat.<\/p>\n<h2 class=\"wp-block-heading\">Prim\u0103ria recomand\u0103 dezinsec\u021bii \u0219i \u00een gospod\u0103rii<\/h2>\n<p class=\"wp-block-paragraph\">Primarul Viorel M\u0103rcu\u021b subliniaz\u0103 c\u0103 interven\u021bia realizat\u0103 de administra\u021bia local\u0103 este important\u0103, \u00eens\u0103 eficien\u021ba combaterii \u021b\u00e2n\u021barilor \u0219i mu\u0219telor depinde \u0219i de m\u0103surile luate de fiecare proprietar.<\/p>\n<p class=\"wp-block-paragraph\">\u201ePentru stoparea eficient\u0103 a infest\u0103rii cu mu\u0219te \u0219i \u021b\u00e2n\u021bari, \u021bin\u00e2nd cont de amplasarea geografic\u0103 a comunei \u0219i de gradul ridicat de umezeal\u0103 din aer, este necesar\u0103 efectuarea unor dezinsec\u021bii suplimentare \u00een fiecare gospod\u0103rie\u201d, a transmis edilul.<\/p>\n<h2 class=\"wp-block-heading\">Umiditatea favorizeaz\u0103 dezvoltarea insectelor \u00een zon\u0103<\/h2>\n<p class=\"wp-block-paragraph\">Potrivit administra\u021biei locale, amplasarea geografic\u0103 a comunei \u0219i nivelul ridicat al umidit\u0103\u021bii din aceast\u0103 perioad\u0103 creeaz\u0103 condi\u021bii favorabile pentru dezvoltarea \u021b\u00e2n\u021barilor \u0219i a altor insecte.<\/p>\n<p class=\"wp-block-paragraph\">Din acest motiv, autorit\u0103\u021bile consider\u0103 c\u0103 ac\u021biunile periodice de dezinsec\u021bie, completate de m\u0103surile aplicate la nivelul gospod\u0103riilor, sunt necesare pentru limitarea infest\u0103rii \u0219i reducerea disconfortului creat de insecte pe timpul verii.<\/p>\n<h2 class=\"wp-block-heading\">Autorit\u0103\u021bile cer respectarea m\u0103surilor de siguran\u021b\u0103<\/h2>\n<p class=\"wp-block-paragraph\">Prim\u0103ria S\u00e2nmihaiu Rom\u00e2n \u00eei \u00eendeamn\u0103 pe locuitori s\u0103 respecte recomand\u0103rile transmise \u00eenainte \u0219i dup\u0103 desf\u0103\u0219urarea ac\u021biunii de dezinsec\u021bie, pentru ca tratamentul s\u0103 fie eficient \u0219i s\u0103 se desf\u0103\u0219oare \u00een condi\u021bii de siguran\u021b\u0103.<\/p>\n<p class=\"wp-block-paragraph\">Interven\u021bia din 11 august face parte din m\u0103surile periodice adoptate de administra\u021bia local\u0103 pentru combaterea insectelor \u0219i protejarea confortului locuitorilor \u00een sezonul cald.<\/p>\n<\/div>\n<p>[analyse_source url=&#8221;https:\/\/orasul-timisoara.ro\/local-40150\/&#8221;]<\/p>\n","protected":false},"excerpt":{"rendered":"<p>[analyse_image type=&#8221;featured&#8221; src=&#8221;https:\/\/orasul-timisoara.ro\/wp-content\/uploads\/2026\/08\/dezinsectie-seara.jpg&#8221;] Administra\u021bie local\u0103Dezinsec\u021bie \u00een S\u00e2nmihaiu Rom\u00e2n pe 11 august. Ce recomand\u0103ri transmite Prim\u0103ria Administra\u021bie local\u0103 \u0218tiri Locale Dezinsec\u021bie \u00een S\u00e2nmihaiu Rom\u00e2n pe 11 august. Ce recomand\u0103ri transmite Prim\u0103ria De c\u0103tre redactia &#8211; 07\/08\/2026 Facebook Twitter WhatsApp Linkedin ReddIt Email Imprimare Prim\u0103ria comunei S\u00e2nmihaiu Rom\u00e2n organizeaz\u0103 mar\u021bi, 11 august 2026, cea de-a doua ac\u021biune [&hellip;]<\/p>\n","protected":false},"author":1,"featured_media":0,"comment_status":"open","ping_status":"","sticky":false,"template":"","format":"standard","meta":{"footnotes":""},"categories":[89],"tags":[226,189],"class_list":["post-2082333","post","type-post","status-publish","format-standard","hentry","category-romania","tag-crawlmanager","tag-orasul-timisoara-ro"],"_links":{"self":[{"href":"https:\/\/analyse.optim.biz\/index.php?rest_route=\/wp\/v2\/posts\/2082333","targetHints":{"allow":["GET"]}}],"collection":[{"href":"https:\/\/analyse.optim.biz\/index.php?rest_route=\/wp\/v2\/posts"}],"about":[{"href":"https:\/\/analyse.optim.biz\/index.php?rest_route=\/wp\/v2\/types\/post"}],"author":[{"embeddable":true,"href":"https:\/\/analyse.optim.biz\/index.php?rest_route=\/wp\/v2\/users\/1"}],"replies":[{"embeddable":true,"href":"https:\/\/analyse.optim.biz\/index.php?rest_route=%2Fwp%2Fv2%2Fcomments&post=2082333"}],"version-history":[{"count":0,"href":"https:\/\/analyse.optim.biz\/index.php?rest_route=\/wp\/v2\/posts\/2082333\/revisions"}],"wp:attachment":[{"href":"https:\/\/analyse.optim.biz\/index.php?rest_route=%2Fwp%2Fv2%2Fmedia&parent=2082333"}],"wp:term":[{"taxonomy":"category","embeddable":true,"href":"https:\/\/analyse.optim.biz\/index.php?rest_route=%2Fwp%2Fv2%2Fcategories&post=2082333"},{"taxonomy":"post_tag","embeddable":true,"href":"https:\/\/analyse.optim.biz\/index.php?rest_route=%2Fwp%2Fv2%2Ftags&post=2082333"}],"curies":[{"name":"wp","href":"https:\/\/api.w.org\/{rel}","templated":true}]}}