{"id":2082310,"date":"2026-08-07T11:46:19","date_gmt":"2026-08-07T08:46:19","guid":{"rendered":"https:\/\/analyse.optim.biz\/?p=2082310"},"modified":"2026-08-07T11:46:19","modified_gmt":"2026-08-07T08:46:19","slug":"ghervazen-longher-a-reprezentat-comunitatea-poloneza-din-romania-la-un-eveniment-dedicat-presedintelui-poloniei","status":"publish","type":"post","link":"https:\/\/analyse.optim.biz\/?p=2082310","title":{"rendered":"Ghervazen Longher a reprezentat comunitatea polonez\u0103 din Rom\u00e2nia la un eveniment dedicat pre\u0219edintelui Poloniei"},"content":{"rendered":"<p>[analyse_image type=&#8221;featured&#8221; src=&#8221;https:\/\/www.radiotop.ro\/img\/media\/2026\/08\/768310453_2469044073580337_1475614836876770140_n-e1786103142930.jpg&#8221;]<\/p>\n<div class=\"entry-content no-share\">\n<div class=\"content-inner \">\n<div class=\"jeg_preview_slider gallery_1\" data-selector=\"gallery_1\">\n<div class=\"jeg_preview_holder\">\n<div class=\"jeg_preview_media\">\n<div class=\"jeg_preview_media_holder\">\n<h3>\u00a0<\/h3>\n<div class=\"jeg_preview_control\">\n<div class=\"left_control\">\n<div class=\"counter\"><span class=\"current\">1<\/span> of  4<\/div>\n<\/div>\n<div class=\"zoom\"><span class=\"reduce\">&#8211;<\/span><span class=\"increase\">+<\/span><\/div>\n<\/div>\n<\/div>\n<\/div>\n<div class=\"jeg_preview_bottom_slider\"><a data-id=\"0\" data-title data-image=\"https:\/\/www.radiotop.ro\/img\/media\/2026\/08\/767031522_1716440762961105_1015991549329532740_n.jpg\" href=\"https:\/\/www.radiotop.ro\/img\/media\/2026\/08\/767031522_1716440762961105_1015991549329532740_n.jpg\" class=\"jeg_preview_item active\"><\/p>\n<div class=\"jeg_preview_item_thumbnail\"><img loading=\"lazy\" decoding=\"async\" width=\"120\" height=\"86\" src=\"https:\/\/www.radiotop.ro\/img\/media\/2026\/08\/767031522_1716440762961105_1015991549329532740_n-120x86.jpg\" class=\"attachment-jnews-120x86 size-jnews-120x86\" alt><\/div>\n<p><\/a><a data-id=\"1\" data-title data-image=\"https:\/\/www.radiotop.ro\/img\/media\/2026\/08\/765769772_2257870708397633_1288608650822899812_n.jpg\" href=\"https:\/\/www.radiotop.ro\/img\/media\/2026\/08\/765769772_2257870708397633_1288608650822899812_n.jpg\" class=\"jeg_preview_item \"><\/p>\n<div class=\"jeg_preview_item_thumbnail\"><img loading=\"lazy\" decoding=\"async\" width=\"120\" height=\"86\" src=\"https:\/\/www.radiotop.ro\/img\/media\/2026\/08\/765769772_2257870708397633_1288608650822899812_n-120x86.jpg\" class=\"attachment-jnews-120x86 size-jnews-120x86\" alt><\/div>\n<p><\/a><a data-id=\"2\" data-title data-image=\"https:\/\/www.radiotop.ro\/img\/media\/2026\/08\/768310311_1516942393094439_7138744698617302740_n.jpg\" href=\"https:\/\/www.radiotop.ro\/img\/media\/2026\/08\/768310311_1516942393094439_7138744698617302740_n.jpg\" class=\"jeg_preview_item \"><\/p>\n<div class=\"jeg_preview_item_thumbnail\"><img loading=\"lazy\" decoding=\"async\" width=\"120\" height=\"86\" src=\"https:\/\/www.radiotop.ro\/img\/media\/2026\/08\/768310311_1516942393094439_7138744698617302740_n-120x86.jpg\" class=\"attachment-jnews-120x86 size-jnews-120x86\" alt><\/div>\n<p><\/a><a data-id=\"3\" data-title data-image=\"https:\/\/www.radiotop.ro\/img\/media\/2026\/08\/768310453_2469044073580337_1475614836876770140_n-e1786103142930.jpg\" href=\"https:\/\/www.radiotop.ro\/img\/media\/2026\/08\/768310453_2469044073580337_1475614836876770140_n-e1786103142930.jpg\" class=\"jeg_preview_item \"><\/p>\n<div class=\"jeg_preview_item_thumbnail\"><img loading=\"lazy\" decoding=\"async\" width=\"120\" height=\"86\" src=\"https:\/\/www.radiotop.ro\/img\/media\/2026\/08\/768310453_2469044073580337_1475614836876770140_n-e1786103142930-120x86.jpg\" class=\"attachment-jnews-120x86 size-jnews-120x86\" alt><\/div>\n<p><\/a><\/div>\n<\/div>\n<\/div>\n<p>Pre\u0219edintele Uniunii Polonezilor din Rom\u00e2nia, deputatul sucevean Ghervazen Longher, a participat la \u0219edin\u021ba Consiliului pentru Polonezii \u0219i Diaspora Polonez\u0103 din afara grani\u021belor, organizat\u0103 cu prilejul \u00eemplinirii unui an de la investirea \u00een func\u021bie a pre\u0219edintelui Republicii Polone, Karol Nawrocki.<\/p>\n<p>Ulterior, Ghervazen Longher a participat \u0219i la ceremonia desf\u0103\u0219urat\u0103 \u00een prezen\u021ba pre\u0219edintelui Poloniei, eveniment la care a reprezentat comunitatea polonez\u0103 din Rom\u00e2nia.<\/p>\n<p>A transmis deputatul sucevean: \u201dA fost un moment important pentru noi, cei care reprezent\u0103m comunit\u0103\u021bile poloneze din afara grani\u021belor. Participarea la aceast\u0103 \u00eent\u00e2lnire \u0219i, ulterior, la ceremonia desf\u0103\u0219urat\u0103 \u00een prezen\u021ba Domnului Pre\u0219edinte, a reprezentat o reconfirmare a importan\u021bei pe care o are Polonia pentru milioanele de polonezi \u0219i persoane de origine polonez\u0103 din \u00eentreaga lume\u201d.<\/p>\n<p>Ghervazen Longer a subliniat c\u0103 leg\u0103tura cu Polonia trebuie p\u0103strat\u0103 \u0219i transmis\u0103 genera\u021biilor viitoare: \u201dCa pre\u0219edinte \u0219i deputat al Uniunii Polonezilor din Rom\u00e2nia, cred cu t\u0103rie c\u0103 leg\u0103tura cu Patria trebuie p\u0103strat\u0103 vie \u0219i transmis\u0103 din genera\u021bie \u00een genera\u021bie. Limba, cultura, tradi\u021biile \u0219i identitatea polonez\u0103 sunt r\u0103d\u0103cinile care ne unesc, indiferent unde tr\u0103im. Pentru comunitatea polonez\u0103 din Rom\u00e2nia, rela\u021bia cu Polonia reprezint\u0103 o leg\u0103tur\u0103 profund\u0103, construit\u0103 pe istorie, respect, prietenie \u0219i valori comune\u201d.<\/p>\n<\/div>\n<\/div>\n<div class=\"content-inner \">\n<div class=\"jeg_preview_slider gallery_1\" data-selector=\"gallery_1\">\n<div class=\"jeg_preview_holder\">\n<div class=\"jeg_preview_media\">\n<div class=\"jeg_preview_media_holder\">\n<h3>\u00a0<\/h3>\n<div class=\"jeg_preview_control\">\n<div class=\"left_control\">\n<div class=\"counter\"><span class=\"current\">1<\/span> of  4<\/div>\n<\/div>\n<div class=\"zoom\"><span class=\"reduce\">&#8211;<\/span><span class=\"increase\">+<\/span><\/div>\n<\/div>\n<\/div>\n<\/div>\n<div class=\"jeg_preview_bottom_slider\"><a data-id=\"0\" data-title data-image=\"https:\/\/www.radiotop.ro\/img\/media\/2026\/08\/767031522_1716440762961105_1015991549329532740_n.jpg\" href=\"https:\/\/www.radiotop.ro\/img\/media\/2026\/08\/767031522_1716440762961105_1015991549329532740_n.jpg\" class=\"jeg_preview_item active\"><\/p>\n<div class=\"jeg_preview_item_thumbnail\"><img loading=\"lazy\" decoding=\"async\" width=\"120\" height=\"86\" src=\"https:\/\/www.radiotop.ro\/img\/media\/2026\/08\/767031522_1716440762961105_1015991549329532740_n-120x86.jpg\" class=\"attachment-jnews-120x86 size-jnews-120x86\" alt><\/div>\n<p><\/a><a data-id=\"1\" data-title data-image=\"https:\/\/www.radiotop.ro\/img\/media\/2026\/08\/765769772_2257870708397633_1288608650822899812_n.jpg\" href=\"https:\/\/www.radiotop.ro\/img\/media\/2026\/08\/765769772_2257870708397633_1288608650822899812_n.jpg\" class=\"jeg_preview_item \"><\/p>\n<div class=\"jeg_preview_item_thumbnail\"><img loading=\"lazy\" decoding=\"async\" width=\"120\" height=\"86\" src=\"https:\/\/www.radiotop.ro\/img\/media\/2026\/08\/765769772_2257870708397633_1288608650822899812_n-120x86.jpg\" class=\"attachment-jnews-120x86 size-jnews-120x86\" alt><\/div>\n<p><\/a><a data-id=\"2\" data-title data-image=\"https:\/\/www.radiotop.ro\/img\/media\/2026\/08\/768310311_1516942393094439_7138744698617302740_n.jpg\" href=\"https:\/\/www.radiotop.ro\/img\/media\/2026\/08\/768310311_1516942393094439_7138744698617302740_n.jpg\" class=\"jeg_preview_item \"><\/p>\n<div class=\"jeg_preview_item_thumbnail\"><img loading=\"lazy\" decoding=\"async\" width=\"120\" height=\"86\" src=\"https:\/\/www.radiotop.ro\/img\/media\/2026\/08\/768310311_1516942393094439_7138744698617302740_n-120x86.jpg\" class=\"attachment-jnews-120x86 size-jnews-120x86\" alt><\/div>\n<p><\/a><a data-id=\"3\" data-title data-image=\"https:\/\/www.radiotop.ro\/img\/media\/2026\/08\/768310453_2469044073580337_1475614836876770140_n-e1786103142930.jpg\" href=\"https:\/\/www.radiotop.ro\/img\/media\/2026\/08\/768310453_2469044073580337_1475614836876770140_n-e1786103142930.jpg\" class=\"jeg_preview_item \"><\/p>\n<div class=\"jeg_preview_item_thumbnail\"><img loading=\"lazy\" decoding=\"async\" width=\"120\" height=\"86\" src=\"https:\/\/www.radiotop.ro\/img\/media\/2026\/08\/768310453_2469044073580337_1475614836876770140_n-e1786103142930-120x86.jpg\" class=\"attachment-jnews-120x86 size-jnews-120x86\" alt><\/div>\n<p><\/a><\/div>\n<\/div>\n<\/div>\n<p>Pre\u0219edintele Uniunii Polonezilor din Rom\u00e2nia, deputatul sucevean Ghervazen Longher, a participat la \u0219edin\u021ba Consiliului pentru Polonezii \u0219i Diaspora Polonez\u0103 din afara grani\u021belor, organizat\u0103 cu prilejul \u00eemplinirii unui an de la investirea \u00een func\u021bie a pre\u0219edintelui Republicii Polone, Karol Nawrocki.<\/p>\n<p>Ulterior, Ghervazen Longher a participat \u0219i la ceremonia desf\u0103\u0219urat\u0103 \u00een prezen\u021ba pre\u0219edintelui Poloniei, eveniment la care a reprezentat comunitatea polonez\u0103 din Rom\u00e2nia.<\/p>\n<p>A transmis deputatul sucevean: \u201dA fost un moment important pentru noi, cei care reprezent\u0103m comunit\u0103\u021bile poloneze din afara grani\u021belor. Participarea la aceast\u0103 \u00eent\u00e2lnire \u0219i, ulterior, la ceremonia desf\u0103\u0219urat\u0103 \u00een prezen\u021ba Domnului Pre\u0219edinte, a reprezentat o reconfirmare a importan\u021bei pe care o are Polonia pentru milioanele de polonezi \u0219i persoane de origine polonez\u0103 din \u00eentreaga lume\u201d.<\/p>\n<p>Ghervazen Longer a subliniat c\u0103 leg\u0103tura cu Polonia trebuie p\u0103strat\u0103 \u0219i transmis\u0103 genera\u021biilor viitoare: \u201dCa pre\u0219edinte \u0219i deputat al Uniunii Polonezilor din Rom\u00e2nia, cred cu t\u0103rie c\u0103 leg\u0103tura cu Patria trebuie p\u0103strat\u0103 vie \u0219i transmis\u0103 din genera\u021bie \u00een genera\u021bie. Limba, cultura, tradi\u021biile \u0219i identitatea polonez\u0103 sunt r\u0103d\u0103cinile care ne unesc, indiferent unde tr\u0103im. Pentru comunitatea polonez\u0103 din Rom\u00e2nia, rela\u021bia cu Polonia reprezint\u0103 o leg\u0103tur\u0103 profund\u0103, construit\u0103 pe istorie, respect, prietenie \u0219i valori comune\u201d.<\/p>\n<\/div>\n<p>[analyse_source url=&#8221;https:\/\/www.radiotop.ro\/actualitate\/ghervazen-longher-a-reprezentat-comunitatea-poloneza-din-romania-la-un-eveniment-dedicat-presedintelui-poloniei.html&#8221;]<\/p>\n","protected":false},"excerpt":{"rendered":"<p>[analyse_image type=&#8221;featured&#8221; src=&#8221;https:\/\/www.radiotop.ro\/img\/media\/2026\/08\/768310453_2469044073580337_1475614836876770140_n-e1786103142930.jpg&#8221;] \u00a0 1 of 4 &#8211;+ Pre\u0219edintele Uniunii Polonezilor din Rom\u00e2nia, deputatul sucevean Ghervazen Longher, a participat la \u0219edin\u021ba Consiliului pentru Polonezii \u0219i Diaspora Polonez\u0103 din afara grani\u021belor, organizat\u0103 cu prilejul \u00eemplinirii unui an de la investirea \u00een func\u021bie a pre\u0219edintelui Republicii Polone, Karol Nawrocki. Ulterior, Ghervazen Longher a participat \u0219i la ceremonia [&hellip;]<\/p>\n","protected":false},"author":1,"featured_media":0,"comment_status":"open","ping_status":"","sticky":false,"template":"","format":"standard","meta":{"footnotes":""},"categories":[89],"tags":[226,163],"class_list":["post-2082310","post","type-post","status-publish","format-standard","hentry","category-romania","tag-crawlmanager","tag-radiotop-ro"],"_links":{"self":[{"href":"https:\/\/analyse.optim.biz\/index.php?rest_route=\/wp\/v2\/posts\/2082310","targetHints":{"allow":["GET"]}}],"collection":[{"href":"https:\/\/analyse.optim.biz\/index.php?rest_route=\/wp\/v2\/posts"}],"about":[{"href":"https:\/\/analyse.optim.biz\/index.php?rest_route=\/wp\/v2\/types\/post"}],"author":[{"embeddable":true,"href":"https:\/\/analyse.optim.biz\/index.php?rest_route=\/wp\/v2\/users\/1"}],"replies":[{"embeddable":true,"href":"https:\/\/analyse.optim.biz\/index.php?rest_route=%2Fwp%2Fv2%2Fcomments&post=2082310"}],"version-history":[{"count":0,"href":"https:\/\/analyse.optim.biz\/index.php?rest_route=\/wp\/v2\/posts\/2082310\/revisions"}],"wp:attachment":[{"href":"https:\/\/analyse.optim.biz\/index.php?rest_route=%2Fwp%2Fv2%2Fmedia&parent=2082310"}],"wp:term":[{"taxonomy":"category","embeddable":true,"href":"https:\/\/analyse.optim.biz\/index.php?rest_route=%2Fwp%2Fv2%2Fcategories&post=2082310"},{"taxonomy":"post_tag","embeddable":true,"href":"https:\/\/analyse.optim.biz\/index.php?rest_route=%2Fwp%2Fv2%2Ftags&post=2082310"}],"curies":[{"name":"wp","href":"https:\/\/api.w.org\/{rel}","templated":true}]}}