{"id":2082306,"date":"2026-08-07T04:15:54","date_gmt":"2026-08-07T01:15:54","guid":{"rendered":"https:\/\/analyse.optim.biz\/?p=2082306"},"modified":"2026-08-07T04:15:54","modified_gmt":"2026-08-07T01:15:54","slug":"atelierul-de-sudura-al-comunitatii-sucevene","status":"publish","type":"post","link":"https:\/\/analyse.optim.biz\/?p=2082306","title":{"rendered":"\u201dAtelierul de sudur\u0103\u201d al comunit\u0103\u021bii sucevene"},"content":{"rendered":"<p>[analyse_image type=&#8221;featured&#8221; src=&#8221;https:\/\/www.radiotop.ro\/img\/media\/2026\/08\/csm-chiajna-bere.jpg&#8221;]<\/p>\n<div class=\"entry-content no-share\">\n<div class=\"content-inner \">\n<p>Copii, adolescen\u021bi \u0219i tineri, fete \u0219i b\u0103ie\u021bi, tinere mame \u0219i tineri ta\u021bi, adul\u021bi \u0219i oameni mai v\u00eerst\u0103, din diferite categorii sociale, din municipiul Suceava \u0219i din \u00eemprejurimi, au fost pe stadionul \u201dAreni\u201d la debutul Cet\u0103\u021bii 1932 Suceava \u00een Liga a II-a. \u0218i nu au fost pu\u021bini: 3.500 dup\u0103 unele surse, 4.000 dup\u0103 altele, \u0219i poate ar fi fost mai mul\u021bi dac\u0103 nu ar fi fost vremea vacan\u021belor \u0219i a concediilor, \u0219i dac\u0103 soarele nu ar fi fost at\u00eet de puternic. Un asemenea \u201dcocktail\u201d de oameni cu diferite v\u00eerste \u0219i diferite pozi\u021bii sociale nu po\u021bi \u00eent\u00eelni la nici un eveniment: nici la teatru, nici la film, nici la concerte, pentru c\u0103 gusturile s\u00eent extrem de diferite, ci numai la un eveniment sportiv.<\/p>\n<p>Chiar dac\u0103 Cetatea a fost \u00eenvins\u0103 de mult mai experimentata Concordia Chiajna cu 3-1, \u0219i la scorul de 2-0 se auzeau \u00eencuraj\u0103rile tribunelor. S\u0103 auzi 1.000-2.000-3.000 de oameni strig\u00eend \u00een cor \u201dSu-cea-va\u201d nu este posibil \u00een alt\u0103 parte. Doar la handbal, atunci c\u00eend echipa de prim\u0103 lig\u0103 CSU Suceava joac\u0103 pe teren propriu, \u00eens\u0103 \u00een sala Liceului cu Program Sportiv nu \u00eencap dec\u00eet 300 de oameni.<\/p>\n<p>Suceveni din toate col\u021burile ora\u0219ului, dar \u0219i din alte localit\u0103\u021bi din jude\u021b au venit s\u0103 vad\u0103 o echip\u0103 care se vrea fi a una jude\u021bului. Echipa are un ac\u021bionariat format din oameni de afaceri suceveni \u0219i prime\u0219te un sprijin financiar \u0219i din partea Consiliului Jude\u021bean.<\/p>\n<p>Pe stadion, pentru c\u0103 noua lege permite, s-a v\u00eendut \u0219i bere, \u00eens\u0103 nu \u201dUrsus\u201d, \u201dCiuc\u201d sau \u201dHeineken\u201d, ci berea produc\u0103torului local, \u201dBermas\u201d. Poate \u00eencep\u00eend din etapa viitoare vor fi \u00eencuraja\u021bi s\u0103 vin\u0103 la stadion \u0219i al\u021bi produc\u0103tori locali cu suc, \u00eenghe\u021bat\u0103, pl\u0103cinte \u0219i hot-dog.<\/p>\n<p>Fotbalul nu mai este de mult doar un sport, ci este un fenomen social. \u00cen jurul Cet\u0103\u021bii, nu a Cet\u0103\u021bii de Scaun, pentru c\u0103 p\u00een\u0103 acum nu s-a reu\u0219it acest lucru, ci \u00een jurul Cet\u0103\u021bii 1932 Suceava s-a sudat o comunitate a sucevenilor, care se poate m\u0103ri \u0219i consolida. Cum ar veni, stadionul \u201dAreni\u201d poate fi considerat un fel de \u201datelier de sudur\u0103\u201d al comunit\u0103\u021bii sucevene.<\/p>\n<p>\u00a0<\/p>\n<\/div>\n<\/div>\n<div class=\"content-inner \">\n<p>Copii, adolescen\u021bi \u0219i tineri, fete \u0219i b\u0103ie\u021bi, tinere mame \u0219i tineri ta\u021bi, adul\u021bi \u0219i oameni mai v\u00eerst\u0103, din diferite categorii sociale, din municipiul Suceava \u0219i din \u00eemprejurimi, au fost pe stadionul \u201dAreni\u201d la debutul Cet\u0103\u021bii 1932 Suceava \u00een Liga a II-a. \u0218i nu au fost pu\u021bini: 3.500 dup\u0103 unele surse, 4.000 dup\u0103 altele, \u0219i poate ar fi fost mai mul\u021bi dac\u0103 nu ar fi fost vremea vacan\u021belor \u0219i a concediilor, \u0219i dac\u0103 soarele nu ar fi fost at\u00eet de puternic. Un asemenea \u201dcocktail\u201d de oameni cu diferite v\u00eerste \u0219i diferite pozi\u021bii sociale nu po\u021bi \u00eent\u00eelni la nici un eveniment: nici la teatru, nici la film, nici la concerte, pentru c\u0103 gusturile s\u00eent extrem de diferite, ci numai la un eveniment sportiv.<\/p>\n<p>Chiar dac\u0103 Cetatea a fost \u00eenvins\u0103 de mult mai experimentata Concordia Chiajna cu 3-1, \u0219i la scorul de 2-0 se auzeau \u00eencuraj\u0103rile tribunelor. S\u0103 auzi 1.000-2.000-3.000 de oameni strig\u00eend \u00een cor \u201dSu-cea-va\u201d nu este posibil \u00een alt\u0103 parte. Doar la handbal, atunci c\u00eend echipa de prim\u0103 lig\u0103 CSU Suceava joac\u0103 pe teren propriu, \u00eens\u0103 \u00een sala Liceului cu Program Sportiv nu \u00eencap dec\u00eet 300 de oameni.<\/p>\n<p>Suceveni din toate col\u021burile ora\u0219ului, dar \u0219i din alte localit\u0103\u021bi din jude\u021b au venit s\u0103 vad\u0103 o echip\u0103 care se vrea fi a una jude\u021bului. Echipa are un ac\u021bionariat format din oameni de afaceri suceveni \u0219i prime\u0219te un sprijin financiar \u0219i din partea Consiliului Jude\u021bean.<\/p>\n<p>Pe stadion, pentru c\u0103 noua lege permite, s-a v\u00eendut \u0219i bere, \u00eens\u0103 nu \u201dUrsus\u201d, \u201dCiuc\u201d sau \u201dHeineken\u201d, ci berea produc\u0103torului local, \u201dBermas\u201d. Poate \u00eencep\u00eend din etapa viitoare vor fi \u00eencuraja\u021bi s\u0103 vin\u0103 la stadion \u0219i al\u021bi produc\u0103tori locali cu suc, \u00eenghe\u021bat\u0103, pl\u0103cinte \u0219i hot-dog.<\/p>\n<p>Fotbalul nu mai este de mult doar un sport, ci este un fenomen social. \u00cen jurul Cet\u0103\u021bii, nu a Cet\u0103\u021bii de Scaun, pentru c\u0103 p\u00een\u0103 acum nu s-a reu\u0219it acest lucru, ci \u00een jurul Cet\u0103\u021bii 1932 Suceava s-a sudat o comunitate a sucevenilor, care se poate m\u0103ri \u0219i consolida. Cum ar veni, stadionul \u201dAreni\u201d poate fi considerat un fel de \u201datelier de sudur\u0103\u201d al comunit\u0103\u021bii sucevene.<\/p>\n<p>\u00a0<\/p>\n<\/div>\n<p>[analyse_source url=&#8221;https:\/\/www.radiotop.ro\/tableta-zilei\/atelierul-de-sudura-al-comunitatii-sucevene.html&#8221;]<\/p>\n","protected":false},"excerpt":{"rendered":"<p>[analyse_image type=&#8221;featured&#8221; src=&#8221;https:\/\/www.radiotop.ro\/img\/media\/2026\/08\/csm-chiajna-bere.jpg&#8221;] Copii, adolescen\u021bi \u0219i tineri, fete \u0219i b\u0103ie\u021bi, tinere mame \u0219i tineri ta\u021bi, adul\u021bi \u0219i oameni mai v\u00eerst\u0103, din diferite categorii sociale, din municipiul Suceava \u0219i din \u00eemprejurimi, au fost pe stadionul \u201dAreni\u201d la debutul Cet\u0103\u021bii 1932 Suceava \u00een Liga a II-a. \u0218i nu au fost pu\u021bini: 3.500 dup\u0103 unele surse, 4.000 dup\u0103 [&hellip;]<\/p>\n","protected":false},"author":1,"featured_media":0,"comment_status":"open","ping_status":"","sticky":false,"template":"","format":"standard","meta":{"footnotes":""},"categories":[89],"tags":[226,163],"class_list":["post-2082306","post","type-post","status-publish","format-standard","hentry","category-romania","tag-crawlmanager","tag-radiotop-ro"],"_links":{"self":[{"href":"https:\/\/analyse.optim.biz\/index.php?rest_route=\/wp\/v2\/posts\/2082306","targetHints":{"allow":["GET"]}}],"collection":[{"href":"https:\/\/analyse.optim.biz\/index.php?rest_route=\/wp\/v2\/posts"}],"about":[{"href":"https:\/\/analyse.optim.biz\/index.php?rest_route=\/wp\/v2\/types\/post"}],"author":[{"embeddable":true,"href":"https:\/\/analyse.optim.biz\/index.php?rest_route=\/wp\/v2\/users\/1"}],"replies":[{"embeddable":true,"href":"https:\/\/analyse.optim.biz\/index.php?rest_route=%2Fwp%2Fv2%2Fcomments&post=2082306"}],"version-history":[{"count":0,"href":"https:\/\/analyse.optim.biz\/index.php?rest_route=\/wp\/v2\/posts\/2082306\/revisions"}],"wp:attachment":[{"href":"https:\/\/analyse.optim.biz\/index.php?rest_route=%2Fwp%2Fv2%2Fmedia&parent=2082306"}],"wp:term":[{"taxonomy":"category","embeddable":true,"href":"https:\/\/analyse.optim.biz\/index.php?rest_route=%2Fwp%2Fv2%2Fcategories&post=2082306"},{"taxonomy":"post_tag","embeddable":true,"href":"https:\/\/analyse.optim.biz\/index.php?rest_route=%2Fwp%2Fv2%2Ftags&post=2082306"}],"curies":[{"name":"wp","href":"https:\/\/api.w.org\/{rel}","templated":true}]}}