{"id":2082305,"date":"2026-08-07T13:56:29","date_gmt":"2026-08-07T10:56:29","guid":{"rendered":"https:\/\/analyse.optim.biz\/?p=2082305"},"modified":"2026-08-07T13:56:29","modified_gmt":"2026-08-07T10:56:29","slug":"un-elev-din-cornu-luncii-a-castigat-premiul-intai-la-olimpiada-internationala-de-aritmetica-mentala-foto","status":"publish","type":"post","link":"https:\/\/analyse.optim.biz\/?p=2082305","title":{"rendered":"Un elev din Cornu Luncii a c\u00e2\u0219tigat premiul \u00eent\u00e2i la Olimpiada Interna\u021bional\u0103 de Aritmetic\u0103 Mental\u0103 FOTO &#8211;"},"content":{"rendered":"<p>[analyse_image type=&#8221;featured&#8221; src=&#8221;https:\/\/www.informatiata.ro\/wp-content\/uploads\/2026\/08\/aritm-576&#215;1024.jpg&#8221;]<\/p>\n<div class=\"td-post-content tagdiv-type\">\n<div class=\"td-post-featured-image\"><a href=\"https:\/\/www.informatiata.ro\/wp-content\/uploads\/2026\/08\/aritm-scaled.jpg\" data-caption><img loading=\"lazy\" decoding=\"async\" width=\"696\" height=\"1237\" class=\"entry-thumb td-modal-image\" src=\"https:\/\/www.informatiata.ro\/wp-content\/uploads\/2026\/08\/aritm-696x1237.jpg\" alt title=\"aritm\"><img loading=\"lazy\" decoding=\"async\" width=\"696\" height=\"1237\" class=\"entry-thumb td-modal-image\" src=\"https:\/\/www.informatiata.ro\/wp-content\/uploads\/2026\/08\/aritm-696x1237.jpg\" alt title=\"aritm\"><\/a><\/div>\n<p>Un elev din Cornu Luncii a c\u00e2\u0219tigat premiul \u00eent\u00e2i la Olimpiada Interna\u021bional\u0103 de Aritmetic\u0103 Mental\u0103, din Portugalia.<\/p>\n<p>Este vorba despre Nicolae Ichim , de 6 ani din satul B\u0103i\u0219e\u0219ti , comuna Cornu Luncii.<\/p>\n<div class=\"td-a-rec td-a-rec-id-content_inlineright  tdi_7 td_block_template_1\"><img loading=\"lazy\" decoding=\"async\" class=\"aligncenter size-full wp-image-65755\" src=\"https:\/\/www.informatiata.ro\/wp-content\/uploads\/2026\/08\/FACOS-3-2.gif\" alt width=\"300\" height=\"250\"><img loading=\"lazy\" decoding=\"async\" class=\"aligncenter size-full wp-image-65755\" src=\"https:\/\/www.informatiata.ro\/wp-content\/uploads\/2026\/08\/FACOS-3-2.gif\" alt width=\"300\" height=\"250\"><img loading=\"lazy\" decoding=\"async\" class=\"aligncenter size-full wp-image-65754\" src=\"https:\/\/www.informatiata.ro\/wp-content\/uploads\/2026\/08\/SAVCOM-4-3.gif\" alt width=\"299\" height=\"250\"><img loading=\"lazy\" decoding=\"async\" class=\"aligncenter size-full wp-image-65754\" src=\"https:\/\/www.informatiata.ro\/wp-content\/uploads\/2026\/08\/SAVCOM-4-3.gif\" alt width=\"299\" height=\"250\"><\/div>\n<p>Primarul localit\u0103\u021bii, Gheorghe Fron, ne-a declarat c\u0103 este foatte m\u00e2ndru de aceast\u0103 performan\u021b\u0103 \u0219i c\u0103 Prim\u0103ria va deconta cheltuielile cu deplasarea copilului \u0219i a \u00eenv\u0103\u021b\u0103toarea sale \u00een Portugalia.<\/p>\n<p>B\u0103iatul este elev la \u0219coala din B\u0103i\u0219e\u0219ti \u0219i trece \u00een clasa \u00eent\u00e2i.<\/p>\n<p>Comunitatea este tare m\u00e2ndr\u0103 de el dup\u0103 ce a reprezentat Rom\u00e2nia la o competi\u021bie interna\u021bional\u0103 \u0219i a ob\u021binut \u0219i un rezultat foarte bun.<\/p>\n<p><img loading=\"lazy\" decoding=\"async\" class=\"aligncenter size-large wp-image-65835\" src=\"https:\/\/www.informatiata.ro\/wp-content\/uploads\/2026\/08\/FB_IMG_1786109321691-627x1024.jpg\" alt width=\"627\" height=\"1024\"><img loading=\"lazy\" decoding=\"async\" class=\"aligncenter size-large wp-image-65835\" src=\"https:\/\/www.informatiata.ro\/wp-content\/uploads\/2026\/08\/FB_IMG_1786109321691-627x1024.jpg\" alt width=\"627\" height=\"1024\"><img loading=\"lazy\" decoding=\"async\" class=\"aligncenter size-large wp-image-65836\" src=\"https:\/\/www.informatiata.ro\/wp-content\/uploads\/2026\/08\/FB_IMG_1786109313345-1024x730.jpg\" alt width=\"696\" height=\"496\"><img loading=\"lazy\" decoding=\"async\" class=\"aligncenter size-large wp-image-65836\" src=\"https:\/\/www.informatiata.ro\/wp-content\/uploads\/2026\/08\/FB_IMG_1786109313345-1024x730.jpg\" alt width=\"696\" height=\"496\"><\/p>\n<div class=\"td-a-rec td-a-rec-id-content_bottom  td-rec-hide-on-m tdi_8 td_block_template_1\"><img loading=\"lazy\" decoding=\"async\" class=\"aligncenter size-full wp-image-65603\" src=\"https:\/\/www.informatiata.ro\/wp-content\/uploads\/2026\/07\/SAVCOM-19.gif\" alt width=\"299\" height=\"250\"><img loading=\"lazy\" decoding=\"async\" class=\"aligncenter size-full wp-image-65603\" src=\"https:\/\/www.informatiata.ro\/wp-content\/uploads\/2026\/07\/SAVCOM-19.gif\" alt width=\"299\" height=\"250\"><img loading=\"lazy\" decoding=\"async\" class=\"aligncenter size-full wp-image-65604\" src=\"https:\/\/www.informatiata.ro\/wp-content\/uploads\/2026\/07\/FACOS-16.gif\" alt width=\"300\" height=\"250\"><img loading=\"lazy\" decoding=\"async\" class=\"aligncenter size-full wp-image-65604\" src=\"https:\/\/www.informatiata.ro\/wp-content\/uploads\/2026\/07\/FACOS-16.gif\" alt width=\"300\" height=\"250\"><\/div>\n<\/div>\n<p>[analyse_source url=&#8221;https:\/\/www.informatiata.ro\/elev-cornu-luncii-olimpic-international\/&#8221;]<\/p>\n","protected":false},"excerpt":{"rendered":"<p>[analyse_image type=&#8221;featured&#8221; src=&#8221;https:\/\/www.informatiata.ro\/wp-content\/uploads\/2026\/08\/aritm-576&#215;1024.jpg&#8221;] Un elev din Cornu Luncii a c\u00e2\u0219tigat premiul \u00eent\u00e2i la Olimpiada Interna\u021bional\u0103 de Aritmetic\u0103 Mental\u0103, din Portugalia. Este vorba despre Nicolae Ichim , de 6 ani din satul B\u0103i\u0219e\u0219ti , comuna Cornu Luncii. Primarul localit\u0103\u021bii, Gheorghe Fron, ne-a declarat c\u0103 este foatte m\u00e2ndru de aceast\u0103 performan\u021b\u0103 \u0219i c\u0103 Prim\u0103ria va deconta cheltuielile [&hellip;]<\/p>\n","protected":false},"author":1,"featured_media":0,"comment_status":"open","ping_status":"","sticky":false,"template":"","format":"standard","meta":{"footnotes":""},"categories":[89],"tags":[226,167],"class_list":["post-2082305","post","type-post","status-publish","format-standard","hentry","category-romania","tag-crawlmanager","tag-informatiata-ro"],"_links":{"self":[{"href":"https:\/\/analyse.optim.biz\/index.php?rest_route=\/wp\/v2\/posts\/2082305","targetHints":{"allow":["GET"]}}],"collection":[{"href":"https:\/\/analyse.optim.biz\/index.php?rest_route=\/wp\/v2\/posts"}],"about":[{"href":"https:\/\/analyse.optim.biz\/index.php?rest_route=\/wp\/v2\/types\/post"}],"author":[{"embeddable":true,"href":"https:\/\/analyse.optim.biz\/index.php?rest_route=\/wp\/v2\/users\/1"}],"replies":[{"embeddable":true,"href":"https:\/\/analyse.optim.biz\/index.php?rest_route=%2Fwp%2Fv2%2Fcomments&post=2082305"}],"version-history":[{"count":0,"href":"https:\/\/analyse.optim.biz\/index.php?rest_route=\/wp\/v2\/posts\/2082305\/revisions"}],"wp:attachment":[{"href":"https:\/\/analyse.optim.biz\/index.php?rest_route=%2Fwp%2Fv2%2Fmedia&parent=2082305"}],"wp:term":[{"taxonomy":"category","embeddable":true,"href":"https:\/\/analyse.optim.biz\/index.php?rest_route=%2Fwp%2Fv2%2Fcategories&post=2082305"},{"taxonomy":"post_tag","embeddable":true,"href":"https:\/\/analyse.optim.biz\/index.php?rest_route=%2Fwp%2Fv2%2Ftags&post=2082305"}],"curies":[{"name":"wp","href":"https:\/\/api.w.org\/{rel}","templated":true}]}}