{"id":2082304,"date":"2026-08-07T13:15:17","date_gmt":"2026-08-07T10:15:17","guid":{"rendered":"https:\/\/analyse.optim.biz\/?p=2082304"},"modified":"2026-08-07T13:15:17","modified_gmt":"2026-08-07T10:15:17","slug":"incendiu-puternic-la-dornisoara-din-cauza-unui-trasnet-foto-stiri-suceava","status":"publish","type":"post","link":"https:\/\/analyse.optim.biz\/?p=2082304","title":{"rendered":"Incendiu puternic, la Dorni\u0219oara, din cauza unui tr\u0103snet FOTO &#8211; Stiri Suceava"},"content":{"rendered":"<p>[analyse_image type=&#8221;featured&#8221; src=&#8221;https:\/\/www.informatiata.ro\/wp-content\/uploads\/2026\/08\/dornisoara-1024&#215;970.jpg&#8221;]<\/p>\n<div class=\"td-post-content tagdiv-type\">\n<div class=\"td-post-featured-image\"><a href=\"https:\/\/www.informatiata.ro\/wp-content\/uploads\/2026\/08\/dornisoara-scaled.jpg\" data-caption><img loading=\"lazy\" decoding=\"async\" width=\"696\" height=\"660\" class=\"entry-thumb td-modal-image\" src=\"https:\/\/www.informatiata.ro\/wp-content\/uploads\/2026\/08\/dornisoara-696x660.jpg\" alt title=\"dorni\u0219oara\"><img loading=\"lazy\" decoding=\"async\" width=\"696\" height=\"660\" class=\"entry-thumb td-modal-image\" src=\"https:\/\/www.informatiata.ro\/wp-content\/uploads\/2026\/08\/dornisoara-696x660.jpg\" alt title=\"dorni\u0219oara\"><\/a><\/div>\n<p>Incendiu puternic, la Dorni\u0219oara, din cauza unui tr\u0103snet.<\/p>\n<p>Au intervenit pompierii de la Poiana Stampei \u0219i Vatra Dornei, \u00eempreun\u0103 cu lucr\u0103torii Serviciului voluntar pentru situa\u021bii de urgen\u021b\u0103, cu dou\u0103 autospeciale de stingere, o ambulan\u021b\u0103 SMURD \u0219i un buldoexcavator.<\/p>\n<div class=\"td-a-rec td-a-rec-id-content_inlineright  tdi_7 td_block_template_1\"><img loading=\"lazy\" decoding=\"async\" class=\"aligncenter size-full wp-image-65755\" src=\"https:\/\/www.informatiata.ro\/wp-content\/uploads\/2026\/08\/FACOS-3-2.gif\" alt width=\"300\" height=\"250\"><img loading=\"lazy\" decoding=\"async\" class=\"aligncenter size-full wp-image-65755\" src=\"https:\/\/www.informatiata.ro\/wp-content\/uploads\/2026\/08\/FACOS-3-2.gif\" alt width=\"300\" height=\"250\"><img loading=\"lazy\" decoding=\"async\" class=\"aligncenter size-full wp-image-65754\" src=\"https:\/\/www.informatiata.ro\/wp-content\/uploads\/2026\/08\/SAVCOM-4-3.gif\" alt width=\"299\" height=\"250\"><img loading=\"lazy\" decoding=\"async\" class=\"aligncenter size-full wp-image-65754\" src=\"https:\/\/www.informatiata.ro\/wp-content\/uploads\/2026\/08\/SAVCOM-4-3.gif\" alt width=\"299\" height=\"250\"><\/div>\n<p>La sosirea echipajelor, ardeau generalizat un f\u00e2nar \u0219i un ad\u0103post de animale, construc\u021bii din lemn, cu pericol de propagare la o magazie.<\/p>\n<p>Din ad\u0103postul de animale au fost evacuate \u00een siguran\u021b\u0103 12 animale.<\/p>\n<p>Cele dou\u0103 construc\u021bii au ars pe o suprafa\u021b\u0103 total\u0103 de aproximativ 170 mp. Au mai ars \u0219i circa 5 tone de f\u00e2n.<\/p>\n<p>Cauza probabil\u0103 de izbucnire a incendiului a fost tr\u0103snet direct.<\/p>\n<p>Din fericire, nu s-au \u00eenregistrat victime, iar pompierii au salvat magazia din lemn.<\/p>\n<div class=\"td-a-rec td-a-rec-id-content_bottom  td-rec-hide-on-m tdi_8 td_block_template_1\"><img loading=\"lazy\" decoding=\"async\" class=\"aligncenter size-full wp-image-65603\" src=\"https:\/\/www.informatiata.ro\/wp-content\/uploads\/2026\/07\/SAVCOM-19.gif\" alt width=\"299\" height=\"250\"><img loading=\"lazy\" decoding=\"async\" class=\"aligncenter size-full wp-image-65603\" src=\"https:\/\/www.informatiata.ro\/wp-content\/uploads\/2026\/07\/SAVCOM-19.gif\" alt width=\"299\" height=\"250\"><img loading=\"lazy\" decoding=\"async\" class=\"aligncenter size-full wp-image-65604\" src=\"https:\/\/www.informatiata.ro\/wp-content\/uploads\/2026\/07\/FACOS-16.gif\" alt width=\"300\" height=\"250\"><img loading=\"lazy\" decoding=\"async\" class=\"aligncenter size-full wp-image-65604\" src=\"https:\/\/www.informatiata.ro\/wp-content\/uploads\/2026\/07\/FACOS-16.gif\" alt width=\"300\" height=\"250\"><\/div>\n<\/div>\n<p>[analyse_source url=&#8221;https:\/\/www.informatiata.ro\/incendiu-puternic-la-dornisoara-de-la-trasnet\/&#8221;]<\/p>\n","protected":false},"excerpt":{"rendered":"<p>[analyse_image type=&#8221;featured&#8221; src=&#8221;https:\/\/www.informatiata.ro\/wp-content\/uploads\/2026\/08\/dornisoara-1024&#215;970.jpg&#8221;] Incendiu puternic, la Dorni\u0219oara, din cauza unui tr\u0103snet. Au intervenit pompierii de la Poiana Stampei \u0219i Vatra Dornei, \u00eempreun\u0103 cu lucr\u0103torii Serviciului voluntar pentru situa\u021bii de urgen\u021b\u0103, cu dou\u0103 autospeciale de stingere, o ambulan\u021b\u0103 SMURD \u0219i un buldoexcavator. La sosirea echipajelor, ardeau generalizat un f\u00e2nar \u0219i un ad\u0103post de animale, construc\u021bii din [&hellip;]<\/p>\n","protected":false},"author":1,"featured_media":0,"comment_status":"open","ping_status":"","sticky":false,"template":"","format":"standard","meta":{"footnotes":""},"categories":[89],"tags":[226,167],"class_list":["post-2082304","post","type-post","status-publish","format-standard","hentry","category-romania","tag-crawlmanager","tag-informatiata-ro"],"_links":{"self":[{"href":"https:\/\/analyse.optim.biz\/index.php?rest_route=\/wp\/v2\/posts\/2082304","targetHints":{"allow":["GET"]}}],"collection":[{"href":"https:\/\/analyse.optim.biz\/index.php?rest_route=\/wp\/v2\/posts"}],"about":[{"href":"https:\/\/analyse.optim.biz\/index.php?rest_route=\/wp\/v2\/types\/post"}],"author":[{"embeddable":true,"href":"https:\/\/analyse.optim.biz\/index.php?rest_route=\/wp\/v2\/users\/1"}],"replies":[{"embeddable":true,"href":"https:\/\/analyse.optim.biz\/index.php?rest_route=%2Fwp%2Fv2%2Fcomments&post=2082304"}],"version-history":[{"count":0,"href":"https:\/\/analyse.optim.biz\/index.php?rest_route=\/wp\/v2\/posts\/2082304\/revisions"}],"wp:attachment":[{"href":"https:\/\/analyse.optim.biz\/index.php?rest_route=%2Fwp%2Fv2%2Fmedia&parent=2082304"}],"wp:term":[{"taxonomy":"category","embeddable":true,"href":"https:\/\/analyse.optim.biz\/index.php?rest_route=%2Fwp%2Fv2%2Fcategories&post=2082304"},{"taxonomy":"post_tag","embeddable":true,"href":"https:\/\/analyse.optim.biz\/index.php?rest_route=%2Fwp%2Fv2%2Ftags&post=2082304"}],"curies":[{"name":"wp","href":"https:\/\/api.w.org\/{rel}","templated":true}]}}