{"id":2082285,"date":"2026-08-07T13:08:50","date_gmt":"2026-08-07T10:08:50","guid":{"rendered":"https:\/\/analyse.optim.biz\/?p=2082285"},"modified":"2026-08-07T13:08:50","modified_gmt":"2026-08-07T10:08:50","slug":"flagrant-intr-un-parc-din-ramnicu-sarat-doi-barbati-au-ajuns-in-arest-dupa-ce-ar-fi-vandut-droguri","status":"publish","type":"post","link":"https:\/\/analyse.optim.biz\/?p=2082285","title":{"rendered":"Flagrant \u00eentr-un parc din R\u00e2mnicu S\u0103rat. Doi b\u0103rba\u021bi au ajuns \u00een arest dup\u0103 ce ar fi v\u00e2ndut droguri"},"content":{"rendered":"<p>[analyse_image type=&#8221;featured&#8221; src=&#8221;https:\/\/gazetabuzoiana.ro\/wp-content\/uploads\/2026\/08\/diicot.png&#8221;]<\/p>\n<div class=\"entry-content entry clearfix\">\n<p class=\"wp-block-paragraph\">Doi b\u0103rba\u021bi de 46 de ani au fost aresta\u021bi preventiv pentru 30 de zile, dup\u0103 ce procurorii DIICOT \u0219i poli\u021bi\u0219tii de la Combaterea Criminalit\u0103\u021bii Organizate Buz\u0103u au documentat o activitate de trafic de droguri desf\u0103\u0219urat\u0103 \u00een municipiile Buz\u0103u \u0219i R\u00e2mnicu S\u0103rat.<\/p>\n<p class=\"wp-block-paragraph\">Potrivit anchetatorilor, cei doi ar fi \u00eenceput s\u0103 procure \u0219i s\u0103 v\u00e2nd\u0103 droguri \u00eenc\u0103 din luna aprilie 2026. \u00centre suspec\u021bi exista, conform probatoriului, o rela\u021bie de colaborare: \u00ee\u0219i recomandau clien\u021bi \u0219i \u00ee\u0219i furnizau reciproc substan\u021be atunci c\u00e2nd unul dintre ei r\u0103m\u00e2nea f\u0103r\u0103 marf\u0103.<\/p>\n<p class=\"wp-block-paragraph\">Ancheta a ajuns la momentul decisiv \u00een aceast\u0103 s\u0103pt\u0103m\u00e2n\u0103, c\u00e2nd unul dintre b\u0103rba\u021bi a fost prins \u00een flagrant \u00eentr-un parc din R\u00e2mnicu S\u0103rat.<\/p>\n<p class=\"wp-block-paragraph\">Potrivit DIICOT, acesta ar fi v\u00e2ndut unui client zece doze de canabis \u0219i dou\u0103 doze de cocain\u0103, pentru suma de 500 de lei. Canabisul comercializat \u00een cadrul tranzac\u021biei ar fi fost procurat anterior de la cel\u0103lalt inculpat.<\/p>\n<p class=\"wp-block-paragraph\">Dup\u0103 flagrant, anchetatorii au descins la locuin\u021bele celor doi. \u00cen urma perchezi\u021biilor au fost g\u0103site \u0219i ridicate peste 520 de grame de canabis, o parte fiind deja por\u021bionat\u0103 \u0219i ambalat\u0103, despre care anchetatorii sus\u021bin c\u0103 era preg\u0103tit\u0103 pentru comercializare. Au fost ridicate \u0219i alte mijloace de prob\u0103.<\/p>\n<p class=\"wp-block-paragraph\">Cei doi b\u0103rba\u021bi au fost re\u021binu\u021bi ini\u021bial pentru 24 de ore, iar ulterior au fost prezenta\u021bi Tribunalului Buz\u0103u.<\/p>\n<p class=\"wp-block-paragraph\">Judec\u0103torul de drepturi \u0219i libert\u0103\u021bi a admis propunerea procurorilor \u0219i a dispus arestarea preventiv\u0103 a celor doi pentru 30 de zile.<\/p>\n<p class=\"wp-block-paragraph\">Ancheta continu\u0103, cei doi fiind cerceta\u021bi pentru trafic de droguri de risc \u0219i de mare risc. P\u00e2n\u0103 la pronun\u021barea unei hot\u0103r\u00e2ri definitive, ace\u0219tia beneficiaz\u0103 de prezum\u021bia de nevinov\u0103\u021bie.<\/p>\n<div class=\"post-bottom-meta post-bottom-tags post-tags-modern\">\n<div class=\"post-bottom-meta-title\"> Etichete<\/div>\n<p><span class=\"tagcloud\"><a href=\"https:\/\/gazetabuzoiana.ro\/tag\/arest-preventiv\/\" rel=\"tag\">arest preventiv<\/a><a href=\"https:\/\/gazetabuzoiana.ro\/tag\/buzau-2\/\" rel=\"tag\">Buz\u0103u<\/a><a href=\"https:\/\/gazetabuzoiana.ro\/tag\/canabis\/\" rel=\"tag\">canabis<\/a><a href=\"https:\/\/gazetabuzoiana.ro\/tag\/cocaina\/\" rel=\"tag\">cocain\u0103<\/a><a href=\"https:\/\/gazetabuzoiana.ro\/tag\/combaterea-criminalitatii-organizate\/\" rel=\"tag\">Combaterea Criminalit\u0103\u021bii Organizate<\/a><a href=\"https:\/\/gazetabuzoiana.ro\/tag\/diicot-buzau-2\/\" rel=\"tag\">DIICOT Buz\u0103u<\/a><a href=\"https:\/\/gazetabuzoiana.ro\/tag\/droguri\/\" rel=\"tag\">droguri<\/a><a href=\"https:\/\/gazetabuzoiana.ro\/tag\/flagrant\/\" rel=\"tag\">flagrant<\/a><a href=\"https:\/\/gazetabuzoiana.ro\/tag\/ramnicu-sarat\/\" rel=\"tag\">r\u00e2mnicu s\u0103rat<\/a><a href=\"https:\/\/gazetabuzoiana.ro\/tag\/trafic-de-droguri\/\" rel=\"tag\">trafic de droguri<\/a><\/span><\/div>\n<\/div>\n<p>[analyse_source url=&#8221;https:\/\/gazetabuzoiana.ro\/2026\/08\/07\/flagrant-intr-un-parc-din-ramnicu-sarat-doi-barbati-au-ajuns-in-arest-dupa-ce-ar-fi-vandut-droguri\/&#8221;]<\/p>\n","protected":false},"excerpt":{"rendered":"<p>[analyse_image type=&#8221;featured&#8221; src=&#8221;https:\/\/gazetabuzoiana.ro\/wp-content\/uploads\/2026\/08\/diicot.png&#8221;] Doi b\u0103rba\u021bi de 46 de ani au fost aresta\u021bi preventiv pentru 30 de zile, dup\u0103 ce procurorii DIICOT \u0219i poli\u021bi\u0219tii de la Combaterea Criminalit\u0103\u021bii Organizate Buz\u0103u au documentat o activitate de trafic de droguri desf\u0103\u0219urat\u0103 \u00een municipiile Buz\u0103u \u0219i R\u00e2mnicu S\u0103rat. Potrivit anchetatorilor, cei doi ar fi \u00eenceput s\u0103 procure \u0219i s\u0103 [&hellip;]<\/p>\n","protected":false},"author":1,"featured_media":0,"comment_status":"open","ping_status":"","sticky":false,"template":"","format":"standard","meta":{"footnotes":""},"categories":[2],"tags":[226,38],"class_list":["post-2082285","post","type-post","status-publish","format-standard","hentry","category-politics","tag-crawlmanager","tag-gazetabuzoiana-ro"],"_links":{"self":[{"href":"https:\/\/analyse.optim.biz\/index.php?rest_route=\/wp\/v2\/posts\/2082285","targetHints":{"allow":["GET"]}}],"collection":[{"href":"https:\/\/analyse.optim.biz\/index.php?rest_route=\/wp\/v2\/posts"}],"about":[{"href":"https:\/\/analyse.optim.biz\/index.php?rest_route=\/wp\/v2\/types\/post"}],"author":[{"embeddable":true,"href":"https:\/\/analyse.optim.biz\/index.php?rest_route=\/wp\/v2\/users\/1"}],"replies":[{"embeddable":true,"href":"https:\/\/analyse.optim.biz\/index.php?rest_route=%2Fwp%2Fv2%2Fcomments&post=2082285"}],"version-history":[{"count":0,"href":"https:\/\/analyse.optim.biz\/index.php?rest_route=\/wp\/v2\/posts\/2082285\/revisions"}],"wp:attachment":[{"href":"https:\/\/analyse.optim.biz\/index.php?rest_route=%2Fwp%2Fv2%2Fmedia&parent=2082285"}],"wp:term":[{"taxonomy":"category","embeddable":true,"href":"https:\/\/analyse.optim.biz\/index.php?rest_route=%2Fwp%2Fv2%2Fcategories&post=2082285"},{"taxonomy":"post_tag","embeddable":true,"href":"https:\/\/analyse.optim.biz\/index.php?rest_route=%2Fwp%2Fv2%2Ftags&post=2082285"}],"curies":[{"name":"wp","href":"https:\/\/api.w.org\/{rel}","templated":true}]}}