{"id":2082281,"date":"2026-08-07T13:02:22","date_gmt":"2026-08-07T10:02:22","guid":{"rendered":"https:\/\/analyse.optim.biz\/?p=2082281"},"modified":"2026-08-07T13:02:22","modified_gmt":"2026-08-07T10:02:22","slug":"accident-cumplit-la-stalpu-un-tanar-de-18-ani-a-ajuns-la-spital-in-stare-critica-dupa-ce-s-a-electrocutat-in-timp-ce-tundea-iarba","status":"publish","type":"post","link":"https:\/\/analyse.optim.biz\/?p=2082281","title":{"rendered":"Accident cumplit la St\u00e2lpu! Un t\u00e2n\u0103r de 18 ani a ajuns la spital \u00een stare critic\u0103 dup\u0103 ce s-a electrocutat \u00een timp ce tundea iarba"},"content":{"rendered":"<p>[analyse_image type=&#8221;featured&#8221; src=&#8221;https:\/\/gazetabuzoiana.ro\/wp-content\/uploads\/2026\/08\/stalpu.png&#8221;]<\/p>\n<div class=\"entry-content entry clearfix\">\n<p class=\"wp-block-paragraph\">Un t\u00e2n\u0103r de doar 18 ani se afl\u0103 \u00een stare critic\u0103 la Spitalul Jude\u021bean de Urgen\u021b\u0103 Buz\u0103u, dup\u0103 ce s-ar fi electrocutat \u00een timp ce tundea iarba. Accidentul s-a produs vineri, \u00eentr-o gospod\u0103rie de pe strada G\u00e2rlei, din comuna St\u00e2lpu.<\/p>\n<p class=\"wp-block-paragraph\">Potrivit informa\u021biilor disponibile, t\u00e2n\u0103rul ar fi folosit o ma\u0219in\u0103 de tuns iarba \u00een momentul \u00een care s-a produs electrocutarea. Incidentul a avut loc \u00een gospod\u0103ria unor rude la care b\u0103iatul, domiciliat \u00een satul Lipia, venise \u00een vizit\u0103.<\/p>\n<p class=\"wp-block-paragraph\">Echipajul medical ajuns la fa\u021ba locului l-a preluat pe t\u00e2n\u0103r \u0219i l-a transportat de urgen\u021b\u0103 la Spitalul Jude\u021bean de Urgen\u021b\u0103 Buz\u0103u. Starea acestuia era extrem de grav\u0103, pacientul fiind adus la spital intubat \u0219i ventilat mecanic.<\/p>\n<p class=\"wp-block-paragraph\">\u201eLa U.P.U. a S.J.U. Buz\u0103u a fost transportat un t\u00e2n\u0103r \u00een v\u00e2rst\u0103 de 18 ani, din St\u00e2lpu, \u00een stare foarte grav\u0103, intubat \u0219i ventilat mecanic, dup\u0103 ce ar fi fost electrocutat. La acest moment t\u00e2n\u0103rul este supus procedurilor medicale\u201d, a transmis Spitalul Jude\u021bean de Urgen\u021b\u0103 Buz\u0103u.<\/p>\n<p class=\"wp-block-paragraph\">Ulterior, unitatea medical\u0103 a precizat c\u0103 t\u00e2n\u0103rul a r\u0103mas internat \u00een cadrul sec\u021biei ATI Cardiologie, starea sa fiind \u00een continuare critic\u0103.<\/p>\n<p class=\"wp-block-paragraph\">La locul accidentului au ajuns \u0219i poli\u021bi\u0219tii, care verific\u0103 \u00eemprejur\u0103rile \u00een care s-a produs electrocutarea \u0219i \u00eencearc\u0103 s\u0103 stabileasc\u0103 exact cum s-a ajuns la incident.<\/p>\n<p class=\"wp-block-paragraph\">Deocamdat\u0103, informa\u021biile disponibile indic\u0103 faptul c\u0103 accidentul s-a produs \u00een timp ce t\u00e2n\u0103rul \u00eencerca s\u0103 tund\u0103 iarba cu o ma\u0219in\u0103 de tuns iarba. Ancheta urmeaz\u0103 s\u0103 stabileasc\u0103 circumstan\u021bele exacte ale producerii electrocut\u0103rii.<\/p>\n<div class=\"post-bottom-meta post-bottom-tags post-tags-modern\">\n<div class=\"post-bottom-meta-title\"> Etichete<\/div>\n<p><span class=\"tagcloud\"><a href=\"https:\/\/gazetabuzoiana.ro\/tag\/accident-casnic\/\" rel=\"tag\">accident casnic<\/a><a href=\"https:\/\/gazetabuzoiana.ro\/tag\/accident-stalpu\/\" rel=\"tag\">accident St\u00e2lpu<\/a><a href=\"https:\/\/gazetabuzoiana.ro\/tag\/ati-cardiologie\/\" rel=\"tag\">ATI Cardiologie<\/a><a href=\"https:\/\/gazetabuzoiana.ro\/tag\/buzau-2\/\" rel=\"tag\">Buz\u0103u<\/a><a href=\"https:\/\/gazetabuzoiana.ro\/tag\/electrocutare\/\" rel=\"tag\">electrocutare<\/a><a href=\"https:\/\/gazetabuzoiana.ro\/tag\/lipia\/\" rel=\"tag\">Lipia<\/a><a href=\"https:\/\/gazetabuzoiana.ro\/tag\/spitalul-judetean-buzau\/\" rel=\"tag\">Spitalul Jude\u021bean Buz\u0103u<\/a><a href=\"https:\/\/gazetabuzoiana.ro\/tag\/stalpu\/\" rel=\"tag\">St\u00e2lpu<\/a><a href=\"https:\/\/gazetabuzoiana.ro\/tag\/tanar-electrocutat\/\" rel=\"tag\">t\u00e2n\u0103r electrocutat<\/a><a href=\"https:\/\/gazetabuzoiana.ro\/tag\/upu-buzau-2\/\" rel=\"tag\">UPU Buz\u0103u<\/a><\/span><\/div>\n<\/div>\n<p>[analyse_source url=&#8221;https:\/\/gazetabuzoiana.ro\/2026\/08\/07\/accident-cumplit-la-stalpu-un-tanar-de-18-ani-a-ajuns-la-spital-in-stare-critica-dupa-ce-s-a-electrocutat-in-timp-ce-tundea-iarba\/&#8221;]<\/p>\n","protected":false},"excerpt":{"rendered":"<p>[analyse_image type=&#8221;featured&#8221; src=&#8221;https:\/\/gazetabuzoiana.ro\/wp-content\/uploads\/2026\/08\/stalpu.png&#8221;] Un t\u00e2n\u0103r de doar 18 ani se afl\u0103 \u00een stare critic\u0103 la Spitalul Jude\u021bean de Urgen\u021b\u0103 Buz\u0103u, dup\u0103 ce s-ar fi electrocutat \u00een timp ce tundea iarba. Accidentul s-a produs vineri, \u00eentr-o gospod\u0103rie de pe strada G\u00e2rlei, din comuna St\u00e2lpu. Potrivit informa\u021biilor disponibile, t\u00e2n\u0103rul ar fi folosit o ma\u0219in\u0103 de tuns iarba [&hellip;]<\/p>\n","protected":false},"author":1,"featured_media":0,"comment_status":"open","ping_status":"","sticky":false,"template":"","format":"standard","meta":{"footnotes":""},"categories":[2],"tags":[226,38],"class_list":["post-2082281","post","type-post","status-publish","format-standard","hentry","category-politics","tag-crawlmanager","tag-gazetabuzoiana-ro"],"_links":{"self":[{"href":"https:\/\/analyse.optim.biz\/index.php?rest_route=\/wp\/v2\/posts\/2082281","targetHints":{"allow":["GET"]}}],"collection":[{"href":"https:\/\/analyse.optim.biz\/index.php?rest_route=\/wp\/v2\/posts"}],"about":[{"href":"https:\/\/analyse.optim.biz\/index.php?rest_route=\/wp\/v2\/types\/post"}],"author":[{"embeddable":true,"href":"https:\/\/analyse.optim.biz\/index.php?rest_route=\/wp\/v2\/users\/1"}],"replies":[{"embeddable":true,"href":"https:\/\/analyse.optim.biz\/index.php?rest_route=%2Fwp%2Fv2%2Fcomments&post=2082281"}],"version-history":[{"count":0,"href":"https:\/\/analyse.optim.biz\/index.php?rest_route=\/wp\/v2\/posts\/2082281\/revisions"}],"wp:attachment":[{"href":"https:\/\/analyse.optim.biz\/index.php?rest_route=%2Fwp%2Fv2%2Fmedia&parent=2082281"}],"wp:term":[{"taxonomy":"category","embeddable":true,"href":"https:\/\/analyse.optim.biz\/index.php?rest_route=%2Fwp%2Fv2%2Fcategories&post=2082281"},{"taxonomy":"post_tag","embeddable":true,"href":"https:\/\/analyse.optim.biz\/index.php?rest_route=%2Fwp%2Fv2%2Ftags&post=2082281"}],"curies":[{"name":"wp","href":"https:\/\/api.w.org\/{rel}","templated":true}]}}