{"id":2082275,"date":"2026-08-06T15:45:00","date_gmt":"2026-08-06T12:45:00","guid":{"rendered":"https:\/\/analyse.optim.biz\/?p=2082275"},"modified":"2026-08-06T15:45:00","modified_gmt":"2026-08-06T12:45:00","slug":"prima-zi-de-tabara-urbana-peste-200-de-copii-vor-invata-sa-gradinareasca","status":"publish","type":"post","link":"https:\/\/analyse.optim.biz\/?p=2082275","title":{"rendered":"Prima zi de Tab\u0103r\u0103 Urban\u0103. Peste 200 de copii vor \u00eenv\u0103\u021ba s\u0103 gr\u0103din\u0103reasc\u0103\u00a0"},"content":{"rendered":"<p>[analyse_image type=&#8221;featured&#8221; src=&#8221;https:\/\/www.campusbuzau.ro\/wp-content\/uploads\/2026\/08\/vlcsnap-2026-08-06-10h53m22s004.jpghttps:\/\/www.campusbuzau.ro\/wp-content\/uploads\/2026\/08\/vlcsnap-2026-08-06-10h53m22s004.jpg&#8221;]<\/p>\n<div class=\"entry-content\">\n<p><strong><em>Prima edi\u021bie a Taberei Urbane de la Casa Gr\u0103dinarului a fost inaugurat\u0103 ieri la primul Centru Educa\u021bional pentru Permacultur\u0103 \u0219i Hran\u0103 S\u0103n\u0103toas\u0103 din \u021bar\u0103. De\u0219i ar fi trebuit s\u0103 se def\u0103\u0219oare cu 80 de copii, s-au \u00eenscris peste 200, ceea ce a produs unele schimb\u0103ri \u00een program. Tab\u0103ra se va \u00eenchide pe 4 septembrie.<\/em><\/strong><\/p>\n<p>Ideea celor din Prim\u0103rie de a deschide o tab\u0103r\u0103 pentru copiii buzoienilor \u00een Parcul Marghiloman, una dintre cele mai frumoase \u0219i ofertante zone verzi din ora\u0219, s-a dovedit a fi de bun augur.<\/p>\n<p>De\u0219i era programat\u0103 doar pentru 80 de copii, peste dou\u0103 sute s-au \u00eenscris la prima edi\u021bie a Taberei Urbane de la Casa Gr\u0103dinarului.<\/p>\n<p>Conform conceptului c\u0103 \u201e Hrana s\u0103n\u0103toas\u0103 nu poate proveni dec\u00e2t dintr-un p\u0103m\u00e2nt s\u0103n\u0103tos\u201d la Casa Gr\u0103dinarului a fost amenajat\u0103 cea mai ecologic\u0103 gr\u0103din\u0103 din ora\u0219.<\/p>\n<p>\u00cen cur\u00e2nd, aici vor fi aduse \u0219i g\u0103ini ou\u0103toare care vor beneficia de o cu\u0219c\u0103 mobil\u0103 spa\u021bioas\u0103, dotat\u0103 cu tot necesarul specific pentru cre\u0219terea p\u0103s\u0103rilor \u0219i care va fi mutat\u0103 periodic \u00een locurile cu iarb\u0103 bogat\u0103.<\/p>\n<p>Pe harta interactiv\u0103 a loca\u021biei copiii vor descoperi toate tainele gr\u0103dinii ajuta\u021bi de locatarii permanen\u021bi ai Taberei, Aricel, Testos \u0219i cei doi pisoia\u0219i juc\u0103u\u0219i.<\/p>\n<p>Primul care a apelat la ajutorul lui Aricel a fost chiar edilul \u0219ef, care a aflat cu ajutorul lui c\u00e2te ceva despre tomate.<\/p>\n<p>A\u0219adar, Tab\u0103ra Urban\u0103 va r\u0103m\u00e2ne deschis\u0103 p\u00e2n\u0103 pe 4 septembrie 2026 \u0219i va fi organizat\u0103 pe serii pentru copii cu v\u00e2rste cuprinse \u00eentre 6 \u0219i 18 ani.<\/p>\n<p>Activit\u0103\u021bile se vor desf\u0103\u0219ura \u00een ateliere practice de gr\u0103din\u0103rit \u0219i permacultur\u0103 promov\u00e2nd biodiversitatea, creativitatea \u00een natur\u0103, eco-resoponsabilitatea \u0219i \u0219tiin\u021ba.<\/p>\n<p>Misiunea Taberei este s\u0103 \u00eei ajute pe copii s\u0103 descopere natura, s\u0103 \u00eenve\u021be direct, prin experin\u021be practice \u0219i s\u0103 ajute la crearea unui viitor verde.<\/p>\n<figure class=\"wp-block-embed is-type-video is-provider-youtube wp-block-embed-youtube wp-embed-aspect-16-9 wp-has-aspect-ratio\">\n<div class=\"wp-block-embed__wrapper\">\n<iframe loading=\"lazy\" title=\"PRIMA ZI DIN TAB\u0102R\u0102 URBAN\u0102 DE LA CASA GR\u0102DINARULUI\" width=\"500\" height=\"281\" src=\"https:\/\/www.youtube.com\/embed\/WbGK40USx5Q?feature=oembed\" frameborder allow=\"accelerometer; autoplay; clipboard-write; encrypted-media; gyroscope; picture-in-picture; web-share\" referrerpolicy=\"strict-origin-when-cross-origin\" allowfullscreen><\/iframe>\n<\/div>\n<\/figure>\n<\/div>\n<p>[analyse_source url=&#8221;https:\/\/www.campusbuzau.ro\/prima-zi-de-tabara-urbana-peste-200-de-copii-vor-invata-sa-gradinareasca\/&#8221;]<\/p>\n","protected":false},"excerpt":{"rendered":"<p>[analyse_image type=&#8221;featured&#8221; src=&#8221;https:\/\/www.campusbuzau.ro\/wp-content\/uploads\/2026\/08\/vlcsnap-2026-08-06-10h53m22s004.jpghttps:\/\/www.campusbuzau.ro\/wp-content\/uploads\/2026\/08\/vlcsnap-2026-08-06-10h53m22s004.jpg&#8221;] Prima edi\u021bie a Taberei Urbane de la Casa Gr\u0103dinarului a fost inaugurat\u0103 ieri la primul Centru Educa\u021bional pentru Permacultur\u0103 \u0219i Hran\u0103 S\u0103n\u0103toas\u0103 din \u021bar\u0103. De\u0219i ar fi trebuit s\u0103 se def\u0103\u0219oare cu 80 de copii, s-au \u00eenscris peste 200, ceea ce a produs unele schimb\u0103ri \u00een program. Tab\u0103ra se va \u00eenchide pe [&hellip;]<\/p>\n","protected":false},"author":1,"featured_media":0,"comment_status":"open","ping_status":"","sticky":false,"template":"","format":"standard","meta":{"footnotes":""},"categories":[2],"tags":[118,226],"class_list":["post-2082275","post","type-post","status-publish","format-standard","hentry","category-politics","tag-campusbuzau-ro","tag-crawlmanager"],"_links":{"self":[{"href":"https:\/\/analyse.optim.biz\/index.php?rest_route=\/wp\/v2\/posts\/2082275","targetHints":{"allow":["GET"]}}],"collection":[{"href":"https:\/\/analyse.optim.biz\/index.php?rest_route=\/wp\/v2\/posts"}],"about":[{"href":"https:\/\/analyse.optim.biz\/index.php?rest_route=\/wp\/v2\/types\/post"}],"author":[{"embeddable":true,"href":"https:\/\/analyse.optim.biz\/index.php?rest_route=\/wp\/v2\/users\/1"}],"replies":[{"embeddable":true,"href":"https:\/\/analyse.optim.biz\/index.php?rest_route=%2Fwp%2Fv2%2Fcomments&post=2082275"}],"version-history":[{"count":0,"href":"https:\/\/analyse.optim.biz\/index.php?rest_route=\/wp\/v2\/posts\/2082275\/revisions"}],"wp:attachment":[{"href":"https:\/\/analyse.optim.biz\/index.php?rest_route=%2Fwp%2Fv2%2Fmedia&parent=2082275"}],"wp:term":[{"taxonomy":"category","embeddable":true,"href":"https:\/\/analyse.optim.biz\/index.php?rest_route=%2Fwp%2Fv2%2Fcategories&post=2082275"},{"taxonomy":"post_tag","embeddable":true,"href":"https:\/\/analyse.optim.biz\/index.php?rest_route=%2Fwp%2Fv2%2Ftags&post=2082275"}],"curies":[{"name":"wp","href":"https:\/\/api.w.org\/{rel}","templated":true}]}}