{"id":2082274,"date":"2026-08-06T20:02:22","date_gmt":"2026-08-06T17:02:22","guid":{"rendered":"https:\/\/analyse.optim.biz\/?p=2082274"},"modified":"2026-08-06T20:02:22","modified_gmt":"2026-08-06T17:02:22","slug":"zona-tezaurului-de-la-pietroasele-gazda-buzau-wine-fest","status":"publish","type":"post","link":"https:\/\/analyse.optim.biz\/?p=2082274","title":{"rendered":"Zona Tezaurului de la Pietroasele, gazda Buz\u0103u Wine Fest"},"content":{"rendered":"<p>[analyse_image type=&#8221;featured&#8221; src=&#8221;https:\/\/www.tvbuzau.ro\/wp-content\/uploads\/2026\/08\/hqdefault-5.jpghttps:\/\/www.tvbuzau.ro\/wp-content\/uploads\/2026\/08\/hqdefault-5.jpg&#8221;]<\/p>\n<div class=\"td-ss-main-content\">\n<article id=\"post-119938\" class=\"post-119938 post type-post status-publish format-video has-post-thumbnail hentry category-actualitate post_format-post-format-video\">\n<div class=\"td-post-header\">\n<ul class=\"td-category\">\n<li class=\"entry-category\"><a href=\"https:\/\/www.tvbuzau.ro\/category\/actualitate\/\">Actualitate<\/a><\/li>\n<\/ul>\n<header class=\"td-post-title\">\n<h1 class=\"entry-title\">Zona Tezaurului de la Pietroasele, gazda Buz\u0103u Wine Fest<\/h1>\n<div class=\"td-module-meta-info\">\n<div class=\"td-post-author-name\">De c\u0103tre <a href=\"https:\/\/www.tvbuzau.ro\/author\/mihai-vasilescu\/\">TV Buz\u0103u<\/a> &#8211; <\/div>\n<p><span class=\"td-post-date\"><time class=\"entry-date updated td-module-date\" datetime=\"2026-08-06T20:02:22+00:00\">august 6, 2026<\/time><\/span><\/p>\n<div class=\"td-post-comments\"><a href=\"https:\/\/www.tvbuzau.ro\/zona-tezaurului-de-la-pietroasele-gazda-buzau-wine-fest\/#respond\">0<\/a><\/div>\n<div class=\"td-post-views\"><span class=\"td-nr-views-119938\">4<\/span><\/div>\n<\/div>\n<\/header>\n<\/div>\n<div class=\"td-post-sharing td-post-sharing-top td-with-like\">\n<div class=\"td-default-sharing\"><a class=\"td-social-sharing-buttons td-social-facebook\" href=\"http:\/\/www.facebook.com\/sharer.php?u=https%3A%2F%2Fwww.tvbuzau.ro%2Fzona-tezaurului-de-la-pietroasele-gazda-buzau-wine-fest%2F\"><\/p>\n<div class=\"td-social-but-text\">Distribui\u021bi pe Facebook<\/div>\n<p><\/a><a class=\"td-social-sharing-buttons td-social-twitter\" href=\"https:\/\/twitter.com\/intent\/tweet?text=Zona+Tezaurului+de+la+Pietroasele%2C+gazda+Buz%C4%83u+Wine+Fest&amp;url=https%3A%2F%2Fwww.tvbuzau.ro%2Fzona-tezaurului-de-la-pietroasele-gazda-buzau-wine-fest%2F&amp;via=TV+Buz%C4%83u\"><\/p>\n<div class=\"td-social-but-text\">Distribui\u021bi pe Twitter<\/div>\n<p><\/a><\/div>\n<div class=\"td-classic-sharing\">\n<ul>\n<li class=\"td-classic-facebook\"><iframe frameborder src=\"https:\/\/www.facebook.com\/plugins\/like.php?href=https:\/\/www.tvbuzau.ro\/zona-tezaurului-de-la-pietroasele-gazda-buzau-wine-fest\/&amp;layout=button_count&amp;show_faces=false&amp;width=105&amp;action=like&amp;colorscheme=light&amp;height=21\"><\/iframe><\/li>\n<li class=\"td-classic-twitter\"><a href=\"https:\/\/twitter.com\/share\" class=\"twitter-share-button\" data-url=\"https:\/\/www.tvbuzau.ro\/zona-tezaurului-de-la-pietroasele-gazda-buzau-wine-fest\/\" data-text=\"Zona Tezaurului de la Pietroasele, gazda Buz\u0103u Wine Fest\" data-via data-lang=\"en\">tweet<\/a><\/li>\n<\/ul>\n<\/div>\n<\/div>\n<div class=\"td-post-content\">\n<div class=\"td-featured-image-rec\">\n<div class=\"wpb_video_wrapper\">\n                    <iframe loading=\"lazy\" id=\"td_youtube_player\" width=\"600\" height=\"560\" src=\"https:\/\/www.youtube.com\/embed\/ekjblTBV76Q?enablejsapi=1&amp;feature=oembed&amp;wmode=opaque&amp;vq=hd720\" frameborder allowfullscreen><\/iframe><\/p><\/div>\n<\/div>\n<p>Vinul, gastronomia, tradi\u021biile, cultura, patrimoniul \u0219i muzica \u00eentr-un singur loc<br \/>\n\u00centre 28 \u0219i 30 august 2026, Zona Tezaur din Pietroasele devine gazda primei edi\u021bii a Buz\u0103u Wine Fest, un eveniment care \u00ee\u0219i propune s\u0103 transforme unul dintre cele mai valoroase repere ale jude\u021bului \u00eentr-un spa\u021biu de \u00eent\u00e2lnire \u00eentre patrimoniu, cultur\u0103 \u0219i tradi\u021bia viticol\u0103, a anun\u0163at Consiliul Jude\u0163ean Buz\u0103u.<br \/>\nFestivalul este organizat, \u00een premier\u0103, prin parteneriatul dintre Organiza\u021bia de Management al Destina\u021biei Jude\u021bul Buz\u0103u \u0219i Centrul Jude\u021bean pentru Artele Spectacolului \u0219i Cultur\u0103 \u201eGeorge Ciprian\u201d, colaborare care marcheaz\u0103 \u00eenceputul unei noi direc\u021bii de promovare integrat\u0103 a jude\u021bului, \u00een care turismul \u0219i cultura construiesc \u00eempreun\u0103 experien\u021be cu identitate.<\/p>\n<p>\u201cComuna Pietroasele nu a fost aleas\u0103 \u00eent\u00e2mpl\u0103tor. Este locul \u00een care istoria, patrimoniul \u0219i cultura vinului coexist\u0103 de secole. Aici, \u00een apropierea locului unde a fost descoperit celebrul Tezaur de la Pietroasele \u0219i \u00een inima uneia dintre cele mai cunoscute zone viticole ale Rom\u00e2niei, Buz\u0103u Wine Fest \u00ee\u0219i propune s\u0103 ofere publicului mai mult dec\u00e2t un festival: o experien\u021b\u0103 care vorbe\u0219te despre spiritul locului\u201d, a anun\u0163at Consiliul Jude\u0163ean Buz\u0103u.<br \/>\nFestivalul va debuta \u00eentr-o not\u0103 spectaculoas\u0103, prin ceremonia tradi\u021bional\u0103 de zdrobire a strugurilor, un moment simbolic care marcheaz\u0103 \u00eenceputul s\u0103rb\u0103torii dedicate vinului \u0219i recoltei.  Pe parcursul celor trei zile, vizitatorii vor avea ocazia s\u0103 descopere vinurile cramelor buzoiene, preparatele din gastronomia jude\u021bului, produse locale \u0219i artizanale, precum \u0219i expozi\u021bii \u0219i demonstra\u021bii care pun \u00een valoare tradi\u021biile \u0219i me\u0219te\u0219ugurile specifice zonei. Festivalul va reuni produc\u0103tori, arti\u0219ti, me\u0219te\u0219ugari \u0219i comunit\u0103\u021bi locale, \u00eentr-un demers comun de promovare a identit\u0103\u021bii jude\u021bului Buz\u0103u.<br \/>\nProgramul artistic va aduce pe scena festivalului at\u00e2t arti\u0219ti consacra\u021bi la nivel na\u021bional, c\u00e2t \u0219i reprezentan\u021bi ai culturii tradi\u021bionale. <\/p>\n<p>\u201cZdob \u0219i Zdub vor deschide festivalul \u00een seara de vineri, AMNA \u0219i Taraful Ionel Tudorache vor urca pe scen\u0103 s\u00e2mb\u0103t\u0103, iar pe \u00eentreaga durat\u0103 a evenimentului vor evolua ansambluri \u0219i arti\u0219ti locali, care vor pune \u00een valoare folclorul \u0219i tradi\u021biile buzoiene\u201d, anun\u0163\u0103 orgnizatorii.<br \/>\nUltima zi a festivalului este dedicat\u0103 patrimoniului istoric, printr-o serie de reconstituiri istorice, demonstra\u021bii \u0219i ateliere educative sus\u021binute de Garda Apulum, oferind publicului posibilitatea de a descoperi \u00eentr-o manier\u0103 interactiv\u0103 istoria locului \u0219i importan\u021ba patrimoniului de la Pietroasele.<br \/>\nBuz\u0103u Wine Fest \u00ee\u0219i propune s\u0103 devin\u0103 un eveniment reprezentativ pentru jude\u021b, reunind \u00eentr-un singur spa\u021biu vinul, gastronomia, tradi\u021biile, cultura, patrimoniul \u0219i muzica, pentru a oferi publicului o imagine autentic\u0103 asupra valorilor care definesc Buz\u0103ul \u0219i a poten\u021bialului s\u0103u turistic \u0219i cultural. Accesul va fi liber.<\/p>\n<div class=\"post-views post-119938 entry-meta\"><span class=\"post-views-label\">Post Views: <\/span><span class=\"post-views-count\">85<\/span><\/div>\n<\/div>\n<footer>\n<div class=\"td-post-sharing td-post-sharing-bottom td-with-like\"><span class=\"td-post-share-title\">DISTRIBUI\u021aI<\/span><\/p>\n<div class=\"td-default-sharing\"><a class=\"td-social-sharing-buttons td-social-facebook\" href=\"http:\/\/www.facebook.com\/sharer.php?u=https%3A%2F%2Fwww.tvbuzau.ro%2Fzona-tezaurului-de-la-pietroasele-gazda-buzau-wine-fest%2F\"><\/p>\n<div class=\"td-social-but-text\">Facebook<\/div>\n<p><\/a><a class=\"td-social-sharing-buttons td-social-twitter\" href=\"https:\/\/twitter.com\/intent\/tweet?text=Zona+Tezaurului+de+la+Pietroasele%2C+gazda+Buz%C4%83u+Wine+Fest&amp;url=https%3A%2F%2Fwww.tvbuzau.ro%2Fzona-tezaurului-de-la-pietroasele-gazda-buzau-wine-fest%2F&amp;via=TV+Buz%C4%83u\"><\/p>\n<div class=\"td-social-but-text\">Twitter<\/div>\n<p><\/a><\/div>\n<div class=\"td-classic-sharing\">\n<ul>\n<li class=\"td-classic-facebook\"><iframe frameborder src=\"https:\/\/www.facebook.com\/plugins\/like.php?href=https:\/\/www.tvbuzau.ro\/zona-tezaurului-de-la-pietroasele-gazda-buzau-wine-fest\/&amp;layout=button_count&amp;show_faces=false&amp;width=105&amp;action=like&amp;colorscheme=light&amp;height=21\"><\/iframe><\/li>\n<li class=\"td-classic-twitter\"><a href=\"https:\/\/twitter.com\/share\" class=\"twitter-share-button\" data-url=\"https:\/\/www.tvbuzau.ro\/zona-tezaurului-de-la-pietroasele-gazda-buzau-wine-fest\/\" data-text=\"Zona Tezaurului de la Pietroasele, gazda Buz\u0103u Wine Fest\" data-via data-lang=\"en\">tweet<\/a><\/li>\n<\/ul>\n<\/div>\n<\/div>\n<div class=\"td-author-name vcard author\"><span class=\"fn\"><a href=\"https:\/\/www.tvbuzau.ro\/author\/mihai-vasilescu\/\">TV Buz\u0103u<\/a><\/span><\/div>\n<p><span><\/span><span><span><\/span><\/span><span><\/span><\/footer>\n<\/article>\n<div class=\"td_block_wrap td_block_related_posts td_uid_1_6a75e34a9097a_rand td_with_ajax_pagination td-pb-border-top\" data-td-block-uid=\"td_uid_1_6a75e34a9097a\">\n<h4 class=\"td-related-title\"><a id=\"td_uid_2_6a75e34a95ee1\" class=\"td-related-left td-cur-simple-item\" data-td_filter_value data-td_block_id=\"td_uid_1_6a75e34a9097a\" href=\"https:\/\/www.tvbuzau.ro\/zona-tezaurului-de-la-pietroasele-gazda-buzau-wine-fest\/\">ARTICOLE SIMILARE<\/a><a id=\"td_uid_3_6a75e34a95f1c\" class=\"td-related-right\" data-td_filter_value=\"td_related_more_from_author\" data-td_block_id=\"td_uid_1_6a75e34a9097a\" href=\"https:\/\/www.tvbuzau.ro\/zona-tezaurului-de-la-pietroasele-gazda-buzau-wine-fest\/\">DE LA ACELA\u0218I AUTOR<\/a><\/h4>\n<div id=\"td_uid_1_6a75e34a9097a\" class=\"td_block_inner\">\n<div class=\"td-related-row\">\n<div class=\"td-related-span4\">\n<div class=\"td_module_related_posts td-animation-stack td_mod_related_posts\">\n<div class=\"td-module-image\">\n<div class=\"td-module-thumb\"><a href=\"https:\/\/www.tvbuzau.ro\/ce-isi-doresc-consumatorii-de-la-o-tomata\/\" rel=\"bookmark\" title=\"Ce \u00ee\u0219i doresc consumatorii de la o tomat\u0103?\"><img loading=\"lazy\" decoding=\"async\" width=\"218\" height=\"150\" class=\"entry-thumb\" src=\"https:\/\/www.tvbuzau.ro\/wp-content\/uploads\/2026\/08\/sddefault-16-218x150.jpg\" alt title=\"Ce \u00ee\u0219i doresc consumatorii de la o tomat\u0103?\"><span class=\"td-video-play-ico\"><img loading=\"lazy\" decoding=\"async\" width=\"40\" height=\"40\" class=\"td-retina\" src=\"https:\/\/www.tvbuzau.ro\/wp-content\/themes\/Newspaper\/images\/icons\/ico-video-large.png\" alt=\"video\"><\/span><\/a><\/div>\n<p><a href=\"https:\/\/www.tvbuzau.ro\/category\/actualitate\/\" class=\"td-post-category\">Actualitate<\/a><\/div>\n<div class=\"item-details\">\n<h3 class=\"entry-title td-module-title\"><a href=\"https:\/\/www.tvbuzau.ro\/ce-isi-doresc-consumatorii-de-la-o-tomata\/\" rel=\"bookmark\" title=\"Ce \u00ee\u0219i doresc consumatorii de la o tomat\u0103?\">Ce \u00ee\u0219i doresc consumatorii de la o tomat\u0103?<\/a><\/h3>\n<\/div>\n<\/div>\n<\/div>\n<div class=\"td-related-span4\">\n<div class=\"td_module_related_posts td-animation-stack td_mod_related_posts\">\n<div class=\"td-module-image\">\n<div class=\"td-module-thumb\"><a href=\"https:\/\/www.tvbuzau.ro\/primul-mecanism-national-de-detectare-a-riscului-de-trafic-de-minori\/\" rel=\"bookmark\" title=\"Primul mecanism na\u021bional de detectare a riscului de trafic de minori\"><img loading=\"lazy\" decoding=\"async\" width=\"218\" height=\"150\" class=\"entry-thumb\" src=\"https:\/\/www.tvbuzau.ro\/wp-content\/uploads\/2026\/08\/sddefault-15-218x150.jpg\" alt title=\"Primul mecanism na\u021bional de detectare a riscului de trafic de minori\"><span class=\"td-video-play-ico\"><img loading=\"lazy\" decoding=\"async\" width=\"40\" height=\"40\" class=\"td-retina\" src=\"https:\/\/www.tvbuzau.ro\/wp-content\/themes\/Newspaper\/images\/icons\/ico-video-large.png\" alt=\"video\"><\/span><\/a><\/div>\n<p><a href=\"https:\/\/www.tvbuzau.ro\/category\/actualitate\/\" class=\"td-post-category\">Actualitate<\/a><\/div>\n<div class=\"item-details\">\n<h3 class=\"entry-title td-module-title\"><a href=\"https:\/\/www.tvbuzau.ro\/primul-mecanism-national-de-detectare-a-riscului-de-trafic-de-minori\/\" rel=\"bookmark\" title=\"Primul mecanism na\u021bional de detectare a riscului de trafic de minori\">Primul mecanism na\u021bional de detectare a riscului de trafic de minori<\/a><\/h3>\n<\/div>\n<\/div>\n<\/div>\n<div class=\"td-related-span4\">\n<div class=\"td_module_related_posts td-animation-stack td_mod_related_posts\">\n<div class=\"td-module-image\">\n<div class=\"td-module-thumb\"><a href=\"https:\/\/www.tvbuzau.ro\/servicii-pentru-contribuabili-oferite-de-anaf-pentru-contribuabili\/\" rel=\"bookmark\" title=\"Servicii pentru contribuabili oferite de ANAF\"><img loading=\"lazy\" decoding=\"async\" width=\"218\" height=\"150\" class=\"entry-thumb\" src=\"https:\/\/www.tvbuzau.ro\/wp-content\/uploads\/2026\/08\/sddefault-14-218x150.jpg\" alt title=\"Servicii pentru contribuabili oferite de ANAF\"><span class=\"td-video-play-ico\"><img loading=\"lazy\" decoding=\"async\" width=\"40\" height=\"40\" class=\"td-retina\" src=\"https:\/\/www.tvbuzau.ro\/wp-content\/themes\/Newspaper\/images\/icons\/ico-video-large.png\" alt=\"video\"><\/span><\/a><\/div>\n<p><a href=\"https:\/\/www.tvbuzau.ro\/category\/actualitate\/\" class=\"td-post-category\">Actualitate<\/a><\/div>\n<div class=\"item-details\">\n<h3 class=\"entry-title td-module-title\"><a href=\"https:\/\/www.tvbuzau.ro\/servicii-pentru-contribuabili-oferite-de-anaf-pentru-contribuabili\/\" rel=\"bookmark\" title=\"Servicii pentru contribuabili oferite de ANAF\">Servicii pentru contribuabili oferite de ANAF<\/a><\/h3>\n<\/div>\n<\/div>\n<\/div>\n<\/div>\n<div class=\"td-related-row\">\n<div class=\"td-related-span4\">\n<div class=\"td_module_related_posts td-animation-stack td_mod_related_posts\">\n<div class=\"td-module-image\">\n<div class=\"td-module-thumb\"><a href=\"https:\/\/www.tvbuzau.ro\/lucrari-hidrotehnice-efectute-de-apele-romane-impotriva-inundatiilor\/\" rel=\"bookmark\" title=\"Lucr\u0103ri hidrotehnice efectute de Apele Rom\u00e2ne \u00eempotriva inunda\u0163iilor\"><img loading=\"lazy\" decoding=\"async\" width=\"218\" height=\"150\" class=\"entry-thumb\" src=\"https:\/\/www.tvbuzau.ro\/wp-content\/uploads\/2026\/08\/sddefault-13-218x150.jpg\" alt title=\"Lucr\u0103ri hidrotehnice efectute de Apele Rom\u00e2ne \u00eempotriva inunda\u0163iilor\"><span class=\"td-video-play-ico\"><img loading=\"lazy\" decoding=\"async\" width=\"40\" height=\"40\" class=\"td-retina\" src=\"https:\/\/www.tvbuzau.ro\/wp-content\/themes\/Newspaper\/images\/icons\/ico-video-large.png\" alt=\"video\"><\/span><\/a><\/div>\n<p><a href=\"https:\/\/www.tvbuzau.ro\/category\/actualitate\/\" class=\"td-post-category\">Actualitate<\/a><\/div>\n<div class=\"item-details\">\n<h3 class=\"entry-title td-module-title\"><a href=\"https:\/\/www.tvbuzau.ro\/lucrari-hidrotehnice-efectute-de-apele-romane-impotriva-inundatiilor\/\" rel=\"bookmark\" title=\"Lucr\u0103ri hidrotehnice efectute de Apele Rom\u00e2ne \u00eempotriva inunda\u0163iilor\">Lucr\u0103ri hidrotehnice efectute de Apele Rom\u00e2ne \u00eempotriva inunda\u0163iilor<\/a><\/h3>\n<\/div>\n<\/div>\n<\/div>\n<div class=\"td-related-span4\">\n<div class=\"td_module_related_posts td-animation-stack td_mod_related_posts\">\n<div class=\"td-module-image\">\n<div class=\"td-module-thumb\"><a href=\"https:\/\/www.tvbuzau.ro\/directia-silvica-a-populat-cu-pastrav-curcubeu-paraul-casele-bisocii\/\" rel=\"bookmark\" title=\"Direc\u0163ia Silvic\u0103 a populat cu p\u0103str\u0103v curcubeu p\u00e2r\u00e2ul Casele Bisocii\"><img loading=\"lazy\" decoding=\"async\" width=\"218\" height=\"150\" class=\"entry-thumb\" src=\"https:\/\/www.tvbuzau.ro\/wp-content\/uploads\/2026\/08\/sddefault-12-218x150.jpg\" alt title=\"Direc\u0163ia Silvic\u0103 a populat cu p\u0103str\u0103v curcubeu p\u00e2r\u00e2ul Casele Bisocii\"><span class=\"td-video-play-ico\"><img loading=\"lazy\" decoding=\"async\" width=\"40\" height=\"40\" class=\"td-retina\" src=\"https:\/\/www.tvbuzau.ro\/wp-content\/themes\/Newspaper\/images\/icons\/ico-video-large.png\" alt=\"video\"><\/span><\/a><\/div>\n<p><a href=\"https:\/\/www.tvbuzau.ro\/category\/actualitate\/\" class=\"td-post-category\">Actualitate<\/a><\/div>\n<div class=\"item-details\">\n<h3 class=\"entry-title td-module-title\"><a href=\"https:\/\/www.tvbuzau.ro\/directia-silvica-a-populat-cu-pastrav-curcubeu-paraul-casele-bisocii\/\" rel=\"bookmark\" title=\"Direc\u0163ia Silvic\u0103 a populat cu p\u0103str\u0103v curcubeu p\u00e2r\u00e2ul Casele Bisocii\">Direc\u0163ia Silvic\u0103 a populat cu p\u0103str\u0103v curcubeu p\u00e2r\u00e2ul Casele Bisocii<\/a><\/h3>\n<\/div>\n<\/div>\n<\/div>\n<div class=\"td-related-span4\">\n<div class=\"td_module_related_posts td-animation-stack td_mod_related_posts\">\n<div class=\"td-module-image\">\n<div class=\"td-module-thumb\"><a href=\"https:\/\/www.tvbuzau.ro\/parasutist-implicat-intr-un-incident-aviatic\/\" rel=\"bookmark\" title=\"Para\u015futist implicat \u00eentr-un incident aviatic\"><img loading=\"lazy\" decoding=\"async\" width=\"218\" height=\"150\" class=\"entry-thumb\" src=\"https:\/\/www.tvbuzau.ro\/wp-content\/uploads\/2026\/08\/sddefault-11-218x150.jpg\" alt title=\"Para\u015futist implicat \u00eentr-un incident aviatic\"><span class=\"td-video-play-ico\"><img loading=\"lazy\" decoding=\"async\" width=\"40\" height=\"40\" class=\"td-retina\" src=\"https:\/\/www.tvbuzau.ro\/wp-content\/themes\/Newspaper\/images\/icons\/ico-video-large.png\" alt=\"video\"><\/span><\/a><\/div>\n<p><a href=\"https:\/\/www.tvbuzau.ro\/category\/actualitate\/\" class=\"td-post-category\">Actualitate<\/a><\/div>\n<div class=\"item-details\">\n<h3 class=\"entry-title td-module-title\"><a href=\"https:\/\/www.tvbuzau.ro\/parasutist-implicat-intr-un-incident-aviatic\/\" rel=\"bookmark\" title=\"Para\u015futist implicat \u00eentr-un incident aviatic\">Para\u015futist implicat \u00eentr-un incident aviatic<\/a><\/h3>\n<\/div>\n<\/div>\n<\/div>\n<\/div>\n<\/div>\n<\/div>\n<div class=\"comments\" id=\"comments\">\n<div id=\"respond\" class=\"comment-respond\">\n<h3 id=\"reply-title\" class=\"comment-reply-title\">L\u0102SA\u021aI UN MESAJ <small><a rel=\"nofollow\" id=\"cancel-comment-reply-link\" href=\"https:\/\/www.tvbuzau.ro\/zona-tezaurului-de-la-pietroasele-gazda-buzau-wine-fest\/#respond\">Renun\u021ba\u021bi la r\u0103spuns<\/a><\/small><\/h3>\n<\/div>\n<\/div>\n<\/div>\n<div class=\"td-post-content\">\n<div class=\"td-featured-image-rec\">\n<div class=\"wpb_video_wrapper\">\n                    <iframe loading=\"lazy\" id=\"td_youtube_player\" width=\"600\" height=\"560\" src=\"https:\/\/www.youtube.com\/embed\/ekjblTBV76Q?enablejsapi=1&amp;feature=oembed&amp;wmode=opaque&amp;vq=hd720\" frameborder allowfullscreen><\/iframe><\/p><\/div>\n<\/div>\n<p>Vinul, gastronomia, tradi\u021biile, cultura, patrimoniul \u0219i muzica \u00eentr-un singur loc<br \/>\n\u00centre 28 \u0219i 30 august 2026, Zona Tezaur din Pietroasele devine gazda primei edi\u021bii a Buz\u0103u Wine Fest, un eveniment care \u00ee\u0219i propune s\u0103 transforme unul dintre cele mai valoroase repere ale jude\u021bului \u00eentr-un spa\u021biu de \u00eent\u00e2lnire \u00eentre patrimoniu, cultur\u0103 \u0219i tradi\u021bia viticol\u0103, a anun\u0163at Consiliul Jude\u0163ean Buz\u0103u.<br \/>\nFestivalul este organizat, \u00een premier\u0103, prin parteneriatul dintre Organiza\u021bia de Management al Destina\u021biei Jude\u021bul Buz\u0103u \u0219i Centrul Jude\u021bean pentru Artele Spectacolului \u0219i Cultur\u0103 \u201eGeorge Ciprian\u201d, colaborare care marcheaz\u0103 \u00eenceputul unei noi direc\u021bii de promovare integrat\u0103 a jude\u021bului, \u00een care turismul \u0219i cultura construiesc \u00eempreun\u0103 experien\u021be cu identitate.<\/p>\n<p>\u201cComuna Pietroasele nu a fost aleas\u0103 \u00eent\u00e2mpl\u0103tor. Este locul \u00een care istoria, patrimoniul \u0219i cultura vinului coexist\u0103 de secole. Aici, \u00een apropierea locului unde a fost descoperit celebrul Tezaur de la Pietroasele \u0219i \u00een inima uneia dintre cele mai cunoscute zone viticole ale Rom\u00e2niei, Buz\u0103u Wine Fest \u00ee\u0219i propune s\u0103 ofere publicului mai mult dec\u00e2t un festival: o experien\u021b\u0103 care vorbe\u0219te despre spiritul locului\u201d, a anun\u0163at Consiliul Jude\u0163ean Buz\u0103u.<br \/>\nFestivalul va debuta \u00eentr-o not\u0103 spectaculoas\u0103, prin ceremonia tradi\u021bional\u0103 de zdrobire a strugurilor, un moment simbolic care marcheaz\u0103 \u00eenceputul s\u0103rb\u0103torii dedicate vinului \u0219i recoltei.  Pe parcursul celor trei zile, vizitatorii vor avea ocazia s\u0103 descopere vinurile cramelor buzoiene, preparatele din gastronomia jude\u021bului, produse locale \u0219i artizanale, precum \u0219i expozi\u021bii \u0219i demonstra\u021bii care pun \u00een valoare tradi\u021biile \u0219i me\u0219te\u0219ugurile specifice zonei. Festivalul va reuni produc\u0103tori, arti\u0219ti, me\u0219te\u0219ugari \u0219i comunit\u0103\u021bi locale, \u00eentr-un demers comun de promovare a identit\u0103\u021bii jude\u021bului Buz\u0103u.<br \/>\nProgramul artistic va aduce pe scena festivalului at\u00e2t arti\u0219ti consacra\u021bi la nivel na\u021bional, c\u00e2t \u0219i reprezentan\u021bi ai culturii tradi\u021bionale. <\/p>\n<p>\u201cZdob \u0219i Zdub vor deschide festivalul \u00een seara de vineri, AMNA \u0219i Taraful Ionel Tudorache vor urca pe scen\u0103 s\u00e2mb\u0103t\u0103, iar pe \u00eentreaga durat\u0103 a evenimentului vor evolua ansambluri \u0219i arti\u0219ti locali, care vor pune \u00een valoare folclorul \u0219i tradi\u021biile buzoiene\u201d, anun\u0163\u0103 orgnizatorii.<br \/>\nUltima zi a festivalului este dedicat\u0103 patrimoniului istoric, printr-o serie de reconstituiri istorice, demonstra\u021bii \u0219i ateliere educative sus\u021binute de Garda Apulum, oferind publicului posibilitatea de a descoperi \u00eentr-o manier\u0103 interactiv\u0103 istoria locului \u0219i importan\u021ba patrimoniului de la Pietroasele.<br \/>\nBuz\u0103u Wine Fest \u00ee\u0219i propune s\u0103 devin\u0103 un eveniment reprezentativ pentru jude\u021b, reunind \u00eentr-un singur spa\u021biu vinul, gastronomia, tradi\u021biile, cultura, patrimoniul \u0219i muzica, pentru a oferi publicului o imagine autentic\u0103 asupra valorilor care definesc Buz\u0103ul \u0219i a poten\u021bialului s\u0103u turistic \u0219i cultural. Accesul va fi liber.<\/p>\n<div class=\"post-views post-119938 entry-meta\"><span class=\"post-views-label\">Post Views: <\/span><span class=\"post-views-count\">85<\/span><\/div>\n<\/div>\n<p>[analyse_source url=&#8221;https:\/\/www.tvbuzau.ro\/zona-tezaurului-de-la-pietroasele-gazda-buzau-wine-fest\/&#8221;]<\/p>\n","protected":false},"excerpt":{"rendered":"<p>[analyse_image type=&#8221;featured&#8221; src=&#8221;https:\/\/www.tvbuzau.ro\/wp-content\/uploads\/2026\/08\/hqdefault-5.jpghttps:\/\/www.tvbuzau.ro\/wp-content\/uploads\/2026\/08\/hqdefault-5.jpg&#8221;] Actualitate Zona Tezaurului de la Pietroasele, gazda Buz\u0103u Wine Fest De c\u0103tre TV Buz\u0103u &#8211; august 6, 2026 0 4 Distribui\u021bi pe Facebook Distribui\u021bi pe Twitter tweet Vinul, gastronomia, tradi\u021biile, cultura, patrimoniul \u0219i muzica \u00eentr-un singur loc \u00centre 28 \u0219i 30 august 2026, Zona Tezaur din Pietroasele devine gazda primei edi\u021bii a [&hellip;]<\/p>\n","protected":false},"author":1,"featured_media":0,"comment_status":"open","ping_status":"","sticky":false,"template":"","format":"standard","meta":{"footnotes":""},"categories":[2],"tags":[226,116],"class_list":["post-2082274","post","type-post","status-publish","format-standard","hentry","category-politics","tag-crawlmanager","tag-tvbuzau-ro"],"_links":{"self":[{"href":"https:\/\/analyse.optim.biz\/index.php?rest_route=\/wp\/v2\/posts\/2082274","targetHints":{"allow":["GET"]}}],"collection":[{"href":"https:\/\/analyse.optim.biz\/index.php?rest_route=\/wp\/v2\/posts"}],"about":[{"href":"https:\/\/analyse.optim.biz\/index.php?rest_route=\/wp\/v2\/types\/post"}],"author":[{"embeddable":true,"href":"https:\/\/analyse.optim.biz\/index.php?rest_route=\/wp\/v2\/users\/1"}],"replies":[{"embeddable":true,"href":"https:\/\/analyse.optim.biz\/index.php?rest_route=%2Fwp%2Fv2%2Fcomments&post=2082274"}],"version-history":[{"count":0,"href":"https:\/\/analyse.optim.biz\/index.php?rest_route=\/wp\/v2\/posts\/2082274\/revisions"}],"wp:attachment":[{"href":"https:\/\/analyse.optim.biz\/index.php?rest_route=%2Fwp%2Fv2%2Fmedia&parent=2082274"}],"wp:term":[{"taxonomy":"category","embeddable":true,"href":"https:\/\/analyse.optim.biz\/index.php?rest_route=%2Fwp%2Fv2%2Fcategories&post=2082274"},{"taxonomy":"post_tag","embeddable":true,"href":"https:\/\/analyse.optim.biz\/index.php?rest_route=%2Fwp%2Fv2%2Ftags&post=2082274"}],"curies":[{"name":"wp","href":"https:\/\/api.w.org\/{rel}","templated":true}]}}