{"id":2082271,"date":"2026-08-06T15:43:00","date_gmt":"2026-08-06T12:43:00","guid":{"rendered":"https:\/\/analyse.optim.biz\/?p=2082271"},"modified":"2026-08-06T15:43:00","modified_gmt":"2026-08-06T12:43:00","slug":"nu-comasare-ci-cooperare-intre-uat-uri-consortiile-administrative-alternativa-propusa-de-marcel-ciolacu","status":"publish","type":"post","link":"https:\/\/analyse.optim.biz\/?p=2082271","title":{"rendered":"Nu comasare, ci cooperare \u00eentre UAT-uri. Consor\u021biile administrative, alternativa propus\u0103 de Marcel Ciolacu"},"content":{"rendered":"<p>[analyse_image type=&#8221;featured&#8221; src=&#8221;https:\/\/www.campusbuzau.ro\/wp-content\/uploads\/2026\/03\/sedinta-cj-buzau-31-martie.jpghttps:\/\/www.campusbuzau.ro\/wp-content\/uploads\/2026\/03\/sedinta-cj-buzau-31-martie.jpg&#8221;]<\/p>\n<div class=\"entry-content\">\n<p><strong><em><mark class=\"has-inline-color has-maincolor-color\">Reforma administrativ-teritorial\u0103 este, \u00een ultimii ani, un subiect intens dezb\u0103tut \u00een spa\u021biul public. Pre\u0219edintele Consiliului Jude\u021bean Buz\u0103u, Marcel Ciolacu, \u0219i-a exprimat, la r\u00e2ndul s\u0103u, opinia cu privire la acest subiect.<\/mark><\/em><\/strong><\/p>\n<p>Fostul premier spune c\u0103 nu sus\u021bine ideea desfiin\u021b\u0103rii comunelor pentru reducerea cheltuielilor bugetare \u0219i consider\u0103 c\u0103 reorganizarea administrativ\u0103 trebuie s\u0103 urm\u0103reasc\u0103 eficientizarea serviciilor publice, nu dispari\u021bia localit\u0103\u021bilor.<\/p>\n<p>Potrivit acestuia, solu\u021bia ar fi dezvoltarea unor consor\u021bii administrative, prin care mai multe unit\u0103\u021bi administrativ-teritoriale s\u0103 colaboreze pentru furnizarea unor servicii publice, f\u0103r\u0103 a-\u0219i pierde identitatea local\u0103. <\/p>\n<figure class=\"wp-block-image size-full\"><img loading=\"lazy\" decoding=\"async\" width=\"800\" height=\"521\" src=\"https:\/\/www.campusbuzau.ro\/wp-content\/uploads\/2026\/03\/ciolacu-si-cirjan.jpg\" alt class=\"wp-image-151830\"><\/figure>\n<p>\u00cen acest context, Marcel Ciolacu a f\u0103cut referire la rela\u021bia dintre jude\u021bele Buz\u0103u \u0219i Vrancea, evoc\u00e2nd leg\u0103turile istorice \u0219i institu\u021bionale dintre cele dou\u0103 jude\u021be. Acesta a amintit c\u0103 Arhiepiscopia Buz\u0103ului \u0219i Vrancei reprezint\u0103 un exemplu de organizare comun\u0103 care func\u021bioneaz\u0103 deja \u0219i care ar putea inspira forme moderne de cooperare administrativ\u0103 \u00eentre jude\u021be.<\/p>\n<p>Fostul premier a mai explicat c\u0103 exist\u0103 \u021b\u0103ri din Europa care au mai multe unit\u0103\u021bi administrativ-teritoriale dec\u00e2t Rom\u00e2nia, raportat la num\u0103rul popula\u021biei, iar o posibil\u0103 reorganizare ar trebui s\u0103 \u021bin\u0103 cont de mai multe aspecte. De asemenea, Marcel Ciolacu consider\u0103 c\u0103 num\u0103rul consilierilor locali ar putea fi redus acolo unde exist\u0103 acordul comunit\u0103\u021bilor.<\/p>\n<figure class=\"wp-block-embed is-type-video is-provider-youtube wp-block-embed-youtube wp-embed-aspect-16-9 wp-has-aspect-ratio\">\n<div class=\"wp-block-embed__wrapper\">\n<iframe loading=\"lazy\" title=\"MARCEL CIOLACU: NU COMASARE, CI COOPERARE\" width=\"500\" height=\"281\" src=\"https:\/\/www.youtube.com\/embed\/bjGksv-FFn4?feature=oembed\" frameborder allow=\"accelerometer; autoplay; clipboard-write; encrypted-media; gyroscope; picture-in-picture; web-share\" referrerpolicy=\"strict-origin-when-cross-origin\" allowfullscreen><\/iframe>\n<\/div>\n<\/figure>\n<\/div>\n<p>[analyse_source url=&#8221;https:\/\/www.campusbuzau.ro\/nu-comasare-ci-cooperare-intre-uat-uri-consortiile-administrative-alternativa-propusa-de-marcel-ciolacu\/&#8221;]<\/p>\n","protected":false},"excerpt":{"rendered":"<p>[analyse_image type=&#8221;featured&#8221; src=&#8221;https:\/\/www.campusbuzau.ro\/wp-content\/uploads\/2026\/03\/sedinta-cj-buzau-31-martie.jpghttps:\/\/www.campusbuzau.ro\/wp-content\/uploads\/2026\/03\/sedinta-cj-buzau-31-martie.jpg&#8221;] Reforma administrativ-teritorial\u0103 este, \u00een ultimii ani, un subiect intens dezb\u0103tut \u00een spa\u021biul public. Pre\u0219edintele Consiliului Jude\u021bean Buz\u0103u, Marcel Ciolacu, \u0219i-a exprimat, la r\u00e2ndul s\u0103u, opinia cu privire la acest subiect. Fostul premier spune c\u0103 nu sus\u021bine ideea desfiin\u021b\u0103rii comunelor pentru reducerea cheltuielilor bugetare \u0219i consider\u0103 c\u0103 reorganizarea administrativ\u0103 trebuie s\u0103 urm\u0103reasc\u0103 eficientizarea [&hellip;]<\/p>\n","protected":false},"author":1,"featured_media":0,"comment_status":"open","ping_status":"","sticky":false,"template":"","format":"standard","meta":{"footnotes":""},"categories":[2],"tags":[118,226],"class_list":["post-2082271","post","type-post","status-publish","format-standard","hentry","category-politics","tag-campusbuzau-ro","tag-crawlmanager"],"_links":{"self":[{"href":"https:\/\/analyse.optim.biz\/index.php?rest_route=\/wp\/v2\/posts\/2082271","targetHints":{"allow":["GET"]}}],"collection":[{"href":"https:\/\/analyse.optim.biz\/index.php?rest_route=\/wp\/v2\/posts"}],"about":[{"href":"https:\/\/analyse.optim.biz\/index.php?rest_route=\/wp\/v2\/types\/post"}],"author":[{"embeddable":true,"href":"https:\/\/analyse.optim.biz\/index.php?rest_route=\/wp\/v2\/users\/1"}],"replies":[{"embeddable":true,"href":"https:\/\/analyse.optim.biz\/index.php?rest_route=%2Fwp%2Fv2%2Fcomments&post=2082271"}],"version-history":[{"count":0,"href":"https:\/\/analyse.optim.biz\/index.php?rest_route=\/wp\/v2\/posts\/2082271\/revisions"}],"wp:attachment":[{"href":"https:\/\/analyse.optim.biz\/index.php?rest_route=%2Fwp%2Fv2%2Fmedia&parent=2082271"}],"wp:term":[{"taxonomy":"category","embeddable":true,"href":"https:\/\/analyse.optim.biz\/index.php?rest_route=%2Fwp%2Fv2%2Fcategories&post=2082271"},{"taxonomy":"post_tag","embeddable":true,"href":"https:\/\/analyse.optim.biz\/index.php?rest_route=%2Fwp%2Fv2%2Ftags&post=2082271"}],"curies":[{"name":"wp","href":"https:\/\/api.w.org\/{rel}","templated":true}]}}