{"id":2082270,"date":"2026-08-06T20:00:22","date_gmt":"2026-08-06T17:00:22","guid":{"rendered":"https:\/\/analyse.optim.biz\/?p=2082270"},"modified":"2026-08-06T20:00:22","modified_gmt":"2026-08-06T17:00:22","slug":"lucrari-hidrotehnice-efectute-de-apele-romane-impotriva-inundatiilor","status":"publish","type":"post","link":"https:\/\/analyse.optim.biz\/?p=2082270","title":{"rendered":"Lucr\u0103ri hidrotehnice efectute de Apele Rom\u00e2ne \u00eempotriva inunda\u0163iilor"},"content":{"rendered":"<p>[analyse_image type=&#8221;featured&#8221; src=&#8221;https:\/\/www.tvbuzau.ro\/wp-content\/uploads\/2026\/08\/sddefault-13.jpghttps:\/\/www.tvbuzau.ro\/wp-content\/uploads\/2026\/08\/sddefault-13.jpg&#8221;]<\/p>\n<div class=\"td-ss-main-content\">\n<article id=\"post-119932\" class=\"post-119932 post type-post status-publish format-video has-post-thumbnail hentry category-actualitate post_format-post-format-video\">\n<div class=\"td-post-header\">\n<ul class=\"td-category\">\n<li class=\"entry-category\"><a href=\"https:\/\/www.tvbuzau.ro\/category\/actualitate\/\">Actualitate<\/a><\/li>\n<\/ul>\n<header class=\"td-post-title\">\n<h1 class=\"entry-title\">Lucr\u0103ri hidrotehnice efectute de Apele Rom\u00e2ne \u00eempotriva inunda\u0163iilor<\/h1>\n<div class=\"td-module-meta-info\">\n<div class=\"td-post-author-name\">De c\u0103tre <a href=\"https:\/\/www.tvbuzau.ro\/author\/mihai-vasilescu\/\">TV Buz\u0103u<\/a> &#8211; <\/div>\n<p><span class=\"td-post-date\"><time class=\"entry-date updated td-module-date\" datetime=\"2026-08-06T20:00:22+00:00\">august 6, 2026<\/time><\/span><\/p>\n<div class=\"td-post-comments\"><a href=\"https:\/\/www.tvbuzau.ro\/lucrari-hidrotehnice-efectute-de-apele-romane-impotriva-inundatiilor\/#respond\">0<\/a><\/div>\n<div class=\"td-post-views\"><span class=\"td-nr-views-119932\">26<\/span><\/div>\n<\/div>\n<\/header>\n<\/div>\n<div class=\"td-post-sharing td-post-sharing-top td-with-like\">\n<div class=\"td-default-sharing\"><a class=\"td-social-sharing-buttons td-social-facebook\" href=\"http:\/\/www.facebook.com\/sharer.php?u=https%3A%2F%2Fwww.tvbuzau.ro%2Flucrari-hidrotehnice-efectute-de-apele-romane-impotriva-inundatiilor%2F\"><\/p>\n<div class=\"td-social-but-text\">Distribui\u021bi pe Facebook<\/div>\n<p><\/a><a class=\"td-social-sharing-buttons td-social-twitter\" href=\"https:\/\/twitter.com\/intent\/tweet?text=Lucr%C4%83ri+hidrotehnice+efectute+de+Apele+Rom%C3%A2ne+%C3%AEmpotriva+inunda%C5%A3iilor&amp;url=https%3A%2F%2Fwww.tvbuzau.ro%2Flucrari-hidrotehnice-efectute-de-apele-romane-impotriva-inundatiilor%2F&amp;via=TV+Buz%C4%83u\"><\/p>\n<div class=\"td-social-but-text\">Distribui\u021bi pe Twitter<\/div>\n<p><\/a><\/div>\n<div class=\"td-classic-sharing\">\n<ul>\n<li class=\"td-classic-facebook\"><iframe frameborder src=\"https:\/\/www.facebook.com\/plugins\/like.php?href=https:\/\/www.tvbuzau.ro\/lucrari-hidrotehnice-efectute-de-apele-romane-impotriva-inundatiilor\/&amp;layout=button_count&amp;show_faces=false&amp;width=105&amp;action=like&amp;colorscheme=light&amp;height=21\"><\/iframe><\/li>\n<li class=\"td-classic-twitter\"><a href=\"https:\/\/twitter.com\/share\" class=\"twitter-share-button\" data-url=\"https:\/\/www.tvbuzau.ro\/lucrari-hidrotehnice-efectute-de-apele-romane-impotriva-inundatiilor\/\" data-text=\"Lucr\u0103ri hidrotehnice efectute de Apele Rom\u00e2ne \u00eempotriva inunda\u0163iilor\" data-via data-lang=\"en\">tweet<\/a><\/li>\n<\/ul>\n<\/div>\n<\/div>\n<div class=\"td-post-content\">\n<div class=\"td-featured-image-rec\">\n<div class=\"wpb_video_wrapper\">\n                    <iframe loading=\"lazy\" id=\"td_youtube_player\" width=\"600\" height=\"560\" src=\"https:\/\/www.youtube.com\/embed\/eFbdtO7ASak?enablejsapi=1&amp;feature=oembed&amp;wmode=opaque&amp;vq=hd720\" frameborder allowfullscreen><\/iframe><\/p><\/div>\n<\/div>\n<p>Interven\u0163ii dup\u0103 ploile abundente din ultima perioad\u0103<br \/>\nAdministra\u021bia Bazinal\u0103 de Ap\u0103 Buz\u0103u-Ialomi\u021ba administreaz\u0103 apele din domeniul public al statului \u015fi infrastructura Sistemului National de Gospod\u0103rire a Apelor, format\u0103 din baraje si lacuri de acumulare, diguri de ap\u0103rare \u00eempotriva inunda\u021biilor, canale, deriva\u021bii interbazinale, prize de ap\u0103 \u015fi alte lucr\u0103ri specifice. Anual, prin Programul de Gospod\u0103rire a Apelor, SGA Buz\u0103u efectueaz\u0103 lucr\u0103ri de \u00eentre\u021binere \u0219i repara\u021bii la lucr\u0103rile hidrotehnice din administrare, cu scopul asigur\u0103rii func\u021bion\u0103rii corespunz\u0103toare a infrastructurii existente \u0219i prevenirea riscurilor la inunda\u021bii.<br \/>\n Pe l\u00e2ng\u0103 lucr\u0103rile aprobate la \u00eenceputul anului Apele Rom\u00e2ne au executat lucr\u0103ri \u00een regim de urgen\u0163\u0103 ca urmare a fenomenelor hidrometeorologice \u0219i a precipita\u021biilor abundente \u00eenregistrate, \u00een vederea prevenirii \u0219i limit\u0103rii efectelor negative asupra cursurilor de ap\u0103 \u0219i a obiectivelor aflate \u00een zonele afectate.<br \/>\nTotodat\u0103,  A.B.A Buz\u0103u \u2013 Ialomi\u021ba a inclus \u00een lista de obiective de investi\u021bii pe anul 2026  realizarea Studiilor de Fezabilitate pentru proiectele reducerea riscului la inunda\u021bii \u00een aval de acumularea Siriu \u015fi reducerea riscului la inunda\u021bii \u00een  amonte de acumularea Siriu.<\/p>\n<div class=\"post-views post-119932 entry-meta\"><span class=\"post-views-label\">Post Views: <\/span><span class=\"post-views-count\">179<\/span><\/div>\n<\/div>\n<footer>\n<div class=\"td-post-sharing td-post-sharing-bottom td-with-like\"><span class=\"td-post-share-title\">DISTRIBUI\u021aI<\/span><\/p>\n<div class=\"td-default-sharing\"><a class=\"td-social-sharing-buttons td-social-facebook\" href=\"http:\/\/www.facebook.com\/sharer.php?u=https%3A%2F%2Fwww.tvbuzau.ro%2Flucrari-hidrotehnice-efectute-de-apele-romane-impotriva-inundatiilor%2F\"><\/p>\n<div class=\"td-social-but-text\">Facebook<\/div>\n<p><\/a><a class=\"td-social-sharing-buttons td-social-twitter\" href=\"https:\/\/twitter.com\/intent\/tweet?text=Lucr%C4%83ri+hidrotehnice+efectute+de+Apele+Rom%C3%A2ne+%C3%AEmpotriva+inunda%C5%A3iilor&amp;url=https%3A%2F%2Fwww.tvbuzau.ro%2Flucrari-hidrotehnice-efectute-de-apele-romane-impotriva-inundatiilor%2F&amp;via=TV+Buz%C4%83u\"><\/p>\n<div class=\"td-social-but-text\">Twitter<\/div>\n<p><\/a><\/div>\n<div class=\"td-classic-sharing\">\n<ul>\n<li class=\"td-classic-facebook\"><iframe frameborder src=\"https:\/\/www.facebook.com\/plugins\/like.php?href=https:\/\/www.tvbuzau.ro\/lucrari-hidrotehnice-efectute-de-apele-romane-impotriva-inundatiilor\/&amp;layout=button_count&amp;show_faces=false&amp;width=105&amp;action=like&amp;colorscheme=light&amp;height=21\"><\/iframe><\/li>\n<li class=\"td-classic-twitter\"><a href=\"https:\/\/twitter.com\/share\" class=\"twitter-share-button\" data-url=\"https:\/\/www.tvbuzau.ro\/lucrari-hidrotehnice-efectute-de-apele-romane-impotriva-inundatiilor\/\" data-text=\"Lucr\u0103ri hidrotehnice efectute de Apele Rom\u00e2ne \u00eempotriva inunda\u0163iilor\" data-via data-lang=\"en\">tweet<\/a><\/li>\n<\/ul>\n<\/div>\n<\/div>\n<div class=\"td-author-name vcard author\"><span class=\"fn\"><a href=\"https:\/\/www.tvbuzau.ro\/author\/mihai-vasilescu\/\">TV Buz\u0103u<\/a><\/span><\/div>\n<p><span><\/span><span><span><\/span><\/span><span><\/span><\/footer>\n<\/article>\n<div class=\"td_block_wrap td_block_related_posts td_uid_1_6a75e2f9988c1_rand td_with_ajax_pagination td-pb-border-top\" data-td-block-uid=\"td_uid_1_6a75e2f9988c1\">\n<h4 class=\"td-related-title\"><a id=\"td_uid_2_6a75e2f99e817\" class=\"td-related-left td-cur-simple-item\" data-td_filter_value data-td_block_id=\"td_uid_1_6a75e2f9988c1\" href=\"https:\/\/www.tvbuzau.ro\/lucrari-hidrotehnice-efectute-de-apele-romane-impotriva-inundatiilor\/\">ARTICOLE SIMILARE<\/a><a id=\"td_uid_3_6a75e2f99e853\" class=\"td-related-right\" data-td_filter_value=\"td_related_more_from_author\" data-td_block_id=\"td_uid_1_6a75e2f9988c1\" href=\"https:\/\/www.tvbuzau.ro\/lucrari-hidrotehnice-efectute-de-apele-romane-impotriva-inundatiilor\/\">DE LA ACELA\u0218I AUTOR<\/a><\/h4>\n<div id=\"td_uid_1_6a75e2f9988c1\" class=\"td_block_inner\">\n<div class=\"td-related-row\">\n<div class=\"td-related-span4\">\n<div class=\"td_module_related_posts td-animation-stack td_mod_related_posts\">\n<div class=\"td-module-image\">\n<div class=\"td-module-thumb\"><a href=\"https:\/\/www.tvbuzau.ro\/ce-isi-doresc-consumatorii-de-la-o-tomata\/\" rel=\"bookmark\" title=\"Ce \u00ee\u0219i doresc consumatorii de la o tomat\u0103?\"><img loading=\"lazy\" decoding=\"async\" width=\"218\" height=\"150\" class=\"entry-thumb\" src=\"https:\/\/www.tvbuzau.ro\/wp-content\/uploads\/2026\/08\/sddefault-16-218x150.jpg\" alt title=\"Ce \u00ee\u0219i doresc consumatorii de la o tomat\u0103?\"><span class=\"td-video-play-ico\"><img loading=\"lazy\" decoding=\"async\" width=\"40\" height=\"40\" class=\"td-retina\" src=\"https:\/\/www.tvbuzau.ro\/wp-content\/themes\/Newspaper\/images\/icons\/ico-video-large.png\" alt=\"video\"><\/span><\/a><\/div>\n<p><a href=\"https:\/\/www.tvbuzau.ro\/category\/actualitate\/\" class=\"td-post-category\">Actualitate<\/a><\/div>\n<div class=\"item-details\">\n<h3 class=\"entry-title td-module-title\"><a href=\"https:\/\/www.tvbuzau.ro\/ce-isi-doresc-consumatorii-de-la-o-tomata\/\" rel=\"bookmark\" title=\"Ce \u00ee\u0219i doresc consumatorii de la o tomat\u0103?\">Ce \u00ee\u0219i doresc consumatorii de la o tomat\u0103?<\/a><\/h3>\n<\/div>\n<\/div>\n<\/div>\n<div class=\"td-related-span4\">\n<div class=\"td_module_related_posts td-animation-stack td_mod_related_posts\">\n<div class=\"td-module-image\">\n<div class=\"td-module-thumb\"><a href=\"https:\/\/www.tvbuzau.ro\/primul-mecanism-national-de-detectare-a-riscului-de-trafic-de-minori\/\" rel=\"bookmark\" title=\"Primul mecanism na\u021bional de detectare a riscului de trafic de minori\"><img loading=\"lazy\" decoding=\"async\" width=\"218\" height=\"150\" class=\"entry-thumb\" src=\"https:\/\/www.tvbuzau.ro\/wp-content\/uploads\/2026\/08\/sddefault-15-218x150.jpg\" alt title=\"Primul mecanism na\u021bional de detectare a riscului de trafic de minori\"><span class=\"td-video-play-ico\"><img loading=\"lazy\" decoding=\"async\" width=\"40\" height=\"40\" class=\"td-retina\" src=\"https:\/\/www.tvbuzau.ro\/wp-content\/themes\/Newspaper\/images\/icons\/ico-video-large.png\" alt=\"video\"><\/span><\/a><\/div>\n<p><a href=\"https:\/\/www.tvbuzau.ro\/category\/actualitate\/\" class=\"td-post-category\">Actualitate<\/a><\/div>\n<div class=\"item-details\">\n<h3 class=\"entry-title td-module-title\"><a href=\"https:\/\/www.tvbuzau.ro\/primul-mecanism-national-de-detectare-a-riscului-de-trafic-de-minori\/\" rel=\"bookmark\" title=\"Primul mecanism na\u021bional de detectare a riscului de trafic de minori\">Primul mecanism na\u021bional de detectare a riscului de trafic de minori<\/a><\/h3>\n<\/div>\n<\/div>\n<\/div>\n<div class=\"td-related-span4\">\n<div class=\"td_module_related_posts td-animation-stack td_mod_related_posts\">\n<div class=\"td-module-image\">\n<div class=\"td-module-thumb\"><a href=\"https:\/\/www.tvbuzau.ro\/zona-tezaurului-de-la-pietroasele-gazda-buzau-wine-fest\/\" rel=\"bookmark\" title=\"Zona Tezaurului de la Pietroasele, gazda Buz\u0103u Wine Fest\"><img loading=\"lazy\" decoding=\"async\" width=\"218\" height=\"150\" class=\"entry-thumb\" src=\"https:\/\/www.tvbuzau.ro\/wp-content\/uploads\/2026\/08\/hqdefault-5-218x150.jpg\" alt title=\"Zona Tezaurului de la Pietroasele, gazda Buz\u0103u Wine Fest\"><span class=\"td-video-play-ico\"><img loading=\"lazy\" decoding=\"async\" width=\"40\" height=\"40\" class=\"td-retina\" src=\"https:\/\/www.tvbuzau.ro\/wp-content\/themes\/Newspaper\/images\/icons\/ico-video-large.png\" alt=\"video\"><\/span><\/a><\/div>\n<p><a href=\"https:\/\/www.tvbuzau.ro\/category\/actualitate\/\" class=\"td-post-category\">Actualitate<\/a><\/div>\n<div class=\"item-details\">\n<h3 class=\"entry-title td-module-title\"><a href=\"https:\/\/www.tvbuzau.ro\/zona-tezaurului-de-la-pietroasele-gazda-buzau-wine-fest\/\" rel=\"bookmark\" title=\"Zona Tezaurului de la Pietroasele, gazda Buz\u0103u Wine Fest\">Zona Tezaurului de la Pietroasele, gazda Buz\u0103u Wine Fest<\/a><\/h3>\n<\/div>\n<\/div>\n<\/div>\n<\/div>\n<div class=\"td-related-row\">\n<div class=\"td-related-span4\">\n<div class=\"td_module_related_posts td-animation-stack td_mod_related_posts\">\n<div class=\"td-module-image\">\n<div class=\"td-module-thumb\"><a href=\"https:\/\/www.tvbuzau.ro\/servicii-pentru-contribuabili-oferite-de-anaf-pentru-contribuabili\/\" rel=\"bookmark\" title=\"Servicii pentru contribuabili oferite de ANAF\"><img loading=\"lazy\" decoding=\"async\" width=\"218\" height=\"150\" class=\"entry-thumb\" src=\"https:\/\/www.tvbuzau.ro\/wp-content\/uploads\/2026\/08\/sddefault-14-218x150.jpg\" alt title=\"Servicii pentru contribuabili oferite de ANAF\"><span class=\"td-video-play-ico\"><img loading=\"lazy\" decoding=\"async\" width=\"40\" height=\"40\" class=\"td-retina\" src=\"https:\/\/www.tvbuzau.ro\/wp-content\/themes\/Newspaper\/images\/icons\/ico-video-large.png\" alt=\"video\"><\/span><\/a><\/div>\n<p><a href=\"https:\/\/www.tvbuzau.ro\/category\/actualitate\/\" class=\"td-post-category\">Actualitate<\/a><\/div>\n<div class=\"item-details\">\n<h3 class=\"entry-title td-module-title\"><a href=\"https:\/\/www.tvbuzau.ro\/servicii-pentru-contribuabili-oferite-de-anaf-pentru-contribuabili\/\" rel=\"bookmark\" title=\"Servicii pentru contribuabili oferite de ANAF\">Servicii pentru contribuabili oferite de ANAF<\/a><\/h3>\n<\/div>\n<\/div>\n<\/div>\n<div class=\"td-related-span4\">\n<div class=\"td_module_related_posts td-animation-stack td_mod_related_posts\">\n<div class=\"td-module-image\">\n<div class=\"td-module-thumb\"><a href=\"https:\/\/www.tvbuzau.ro\/directia-silvica-a-populat-cu-pastrav-curcubeu-paraul-casele-bisocii\/\" rel=\"bookmark\" title=\"Direc\u0163ia Silvic\u0103 a populat cu p\u0103str\u0103v curcubeu p\u00e2r\u00e2ul Casele Bisocii\"><img loading=\"lazy\" decoding=\"async\" width=\"218\" height=\"150\" class=\"entry-thumb\" src=\"https:\/\/www.tvbuzau.ro\/wp-content\/uploads\/2026\/08\/sddefault-12-218x150.jpg\" alt title=\"Direc\u0163ia Silvic\u0103 a populat cu p\u0103str\u0103v curcubeu p\u00e2r\u00e2ul Casele Bisocii\"><span class=\"td-video-play-ico\"><img loading=\"lazy\" decoding=\"async\" width=\"40\" height=\"40\" class=\"td-retina\" src=\"https:\/\/www.tvbuzau.ro\/wp-content\/themes\/Newspaper\/images\/icons\/ico-video-large.png\" alt=\"video\"><\/span><\/a><\/div>\n<p><a href=\"https:\/\/www.tvbuzau.ro\/category\/actualitate\/\" class=\"td-post-category\">Actualitate<\/a><\/div>\n<div class=\"item-details\">\n<h3 class=\"entry-title td-module-title\"><a href=\"https:\/\/www.tvbuzau.ro\/directia-silvica-a-populat-cu-pastrav-curcubeu-paraul-casele-bisocii\/\" rel=\"bookmark\" title=\"Direc\u0163ia Silvic\u0103 a populat cu p\u0103str\u0103v curcubeu p\u00e2r\u00e2ul Casele Bisocii\">Direc\u0163ia Silvic\u0103 a populat cu p\u0103str\u0103v curcubeu p\u00e2r\u00e2ul Casele Bisocii<\/a><\/h3>\n<\/div>\n<\/div>\n<\/div>\n<div class=\"td-related-span4\">\n<div class=\"td_module_related_posts td-animation-stack td_mod_related_posts\">\n<div class=\"td-module-image\">\n<div class=\"td-module-thumb\"><a href=\"https:\/\/www.tvbuzau.ro\/parasutist-implicat-intr-un-incident-aviatic\/\" rel=\"bookmark\" title=\"Para\u015futist implicat \u00eentr-un incident aviatic\"><img loading=\"lazy\" decoding=\"async\" width=\"218\" height=\"150\" class=\"entry-thumb\" src=\"https:\/\/www.tvbuzau.ro\/wp-content\/uploads\/2026\/08\/sddefault-11-218x150.jpg\" alt title=\"Para\u015futist implicat \u00eentr-un incident aviatic\"><span class=\"td-video-play-ico\"><img loading=\"lazy\" decoding=\"async\" width=\"40\" height=\"40\" class=\"td-retina\" src=\"https:\/\/www.tvbuzau.ro\/wp-content\/themes\/Newspaper\/images\/icons\/ico-video-large.png\" alt=\"video\"><\/span><\/a><\/div>\n<p><a href=\"https:\/\/www.tvbuzau.ro\/category\/actualitate\/\" class=\"td-post-category\">Actualitate<\/a><\/div>\n<div class=\"item-details\">\n<h3 class=\"entry-title td-module-title\"><a href=\"https:\/\/www.tvbuzau.ro\/parasutist-implicat-intr-un-incident-aviatic\/\" rel=\"bookmark\" title=\"Para\u015futist implicat \u00eentr-un incident aviatic\">Para\u015futist implicat \u00eentr-un incident aviatic<\/a><\/h3>\n<\/div>\n<\/div>\n<\/div>\n<\/div>\n<\/div>\n<\/div>\n<div class=\"comments\" id=\"comments\">\n<div id=\"respond\" class=\"comment-respond\">\n<h3 id=\"reply-title\" class=\"comment-reply-title\">L\u0102SA\u021aI UN MESAJ <small><a rel=\"nofollow\" id=\"cancel-comment-reply-link\" href=\"https:\/\/www.tvbuzau.ro\/lucrari-hidrotehnice-efectute-de-apele-romane-impotriva-inundatiilor\/#respond\">Renun\u021ba\u021bi la r\u0103spuns<\/a><\/small><\/h3>\n<\/div>\n<\/div>\n<\/div>\n<div class=\"td-post-content\">\n<div class=\"td-featured-image-rec\">\n<div class=\"wpb_video_wrapper\">\n                    <iframe loading=\"lazy\" id=\"td_youtube_player\" width=\"600\" height=\"560\" src=\"https:\/\/www.youtube.com\/embed\/eFbdtO7ASak?enablejsapi=1&amp;feature=oembed&amp;wmode=opaque&amp;vq=hd720\" frameborder allowfullscreen><\/iframe><\/p><\/div>\n<\/div>\n<p>Interven\u0163ii dup\u0103 ploile abundente din ultima perioad\u0103<br \/>\nAdministra\u021bia Bazinal\u0103 de Ap\u0103 Buz\u0103u-Ialomi\u021ba administreaz\u0103 apele din domeniul public al statului \u015fi infrastructura Sistemului National de Gospod\u0103rire a Apelor, format\u0103 din baraje si lacuri de acumulare, diguri de ap\u0103rare \u00eempotriva inunda\u021biilor, canale, deriva\u021bii interbazinale, prize de ap\u0103 \u015fi alte lucr\u0103ri specifice. Anual, prin Programul de Gospod\u0103rire a Apelor, SGA Buz\u0103u efectueaz\u0103 lucr\u0103ri de \u00eentre\u021binere \u0219i repara\u021bii la lucr\u0103rile hidrotehnice din administrare, cu scopul asigur\u0103rii func\u021bion\u0103rii corespunz\u0103toare a infrastructurii existente \u0219i prevenirea riscurilor la inunda\u021bii.<br \/>\n Pe l\u00e2ng\u0103 lucr\u0103rile aprobate la \u00eenceputul anului Apele Rom\u00e2ne au executat lucr\u0103ri \u00een regim de urgen\u0163\u0103 ca urmare a fenomenelor hidrometeorologice \u0219i a precipita\u021biilor abundente \u00eenregistrate, \u00een vederea prevenirii \u0219i limit\u0103rii efectelor negative asupra cursurilor de ap\u0103 \u0219i a obiectivelor aflate \u00een zonele afectate.<br \/>\nTotodat\u0103,  A.B.A Buz\u0103u \u2013 Ialomi\u021ba a inclus \u00een lista de obiective de investi\u021bii pe anul 2026  realizarea Studiilor de Fezabilitate pentru proiectele reducerea riscului la inunda\u021bii \u00een aval de acumularea Siriu \u015fi reducerea riscului la inunda\u021bii \u00een  amonte de acumularea Siriu.<\/p>\n<div class=\"post-views post-119932 entry-meta\"><span class=\"post-views-label\">Post Views: <\/span><span class=\"post-views-count\">179<\/span><\/div>\n<\/div>\n<p>[analyse_source url=&#8221;https:\/\/www.tvbuzau.ro\/lucrari-hidrotehnice-efectute-de-apele-romane-impotriva-inundatiilor\/&#8221;]<\/p>\n","protected":false},"excerpt":{"rendered":"<p>[analyse_image type=&#8221;featured&#8221; src=&#8221;https:\/\/www.tvbuzau.ro\/wp-content\/uploads\/2026\/08\/sddefault-13.jpghttps:\/\/www.tvbuzau.ro\/wp-content\/uploads\/2026\/08\/sddefault-13.jpg&#8221;] Actualitate Lucr\u0103ri hidrotehnice efectute de Apele Rom\u00e2ne \u00eempotriva inunda\u0163iilor De c\u0103tre TV Buz\u0103u &#8211; august 6, 2026 0 26 Distribui\u021bi pe Facebook Distribui\u021bi pe Twitter tweet Interven\u0163ii dup\u0103 ploile abundente din ultima perioad\u0103 Administra\u021bia Bazinal\u0103 de Ap\u0103 Buz\u0103u-Ialomi\u021ba administreaz\u0103 apele din domeniul public al statului \u015fi infrastructura Sistemului National de Gospod\u0103rire a [&hellip;]<\/p>\n","protected":false},"author":1,"featured_media":0,"comment_status":"open","ping_status":"","sticky":false,"template":"","format":"standard","meta":{"footnotes":""},"categories":[2],"tags":[226,116],"class_list":["post-2082270","post","type-post","status-publish","format-standard","hentry","category-politics","tag-crawlmanager","tag-tvbuzau-ro"],"_links":{"self":[{"href":"https:\/\/analyse.optim.biz\/index.php?rest_route=\/wp\/v2\/posts\/2082270","targetHints":{"allow":["GET"]}}],"collection":[{"href":"https:\/\/analyse.optim.biz\/index.php?rest_route=\/wp\/v2\/posts"}],"about":[{"href":"https:\/\/analyse.optim.biz\/index.php?rest_route=\/wp\/v2\/types\/post"}],"author":[{"embeddable":true,"href":"https:\/\/analyse.optim.biz\/index.php?rest_route=\/wp\/v2\/users\/1"}],"replies":[{"embeddable":true,"href":"https:\/\/analyse.optim.biz\/index.php?rest_route=%2Fwp%2Fv2%2Fcomments&post=2082270"}],"version-history":[{"count":0,"href":"https:\/\/analyse.optim.biz\/index.php?rest_route=\/wp\/v2\/posts\/2082270\/revisions"}],"wp:attachment":[{"href":"https:\/\/analyse.optim.biz\/index.php?rest_route=%2Fwp%2Fv2%2Fmedia&parent=2082270"}],"wp:term":[{"taxonomy":"category","embeddable":true,"href":"https:\/\/analyse.optim.biz\/index.php?rest_route=%2Fwp%2Fv2%2Fcategories&post=2082270"},{"taxonomy":"post_tag","embeddable":true,"href":"https:\/\/analyse.optim.biz\/index.php?rest_route=%2Fwp%2Fv2%2Ftags&post=2082270"}],"curies":[{"name":"wp","href":"https:\/\/api.w.org\/{rel}","templated":true}]}}