{"id":208227,"date":"2014-04-05T16:16:25","date_gmt":"2014-04-05T13:16:25","guid":{"rendered":"https:\/\/analyse.optim.biz\/?p=208227"},"modified":"2014-04-05T16:16:25","modified_gmt":"2014-04-05T13:16:25","slug":"tribunalul-bucuresti-mircea-diaconu-poate-candida-la-europarlamentare-nici-la-admitere-la-facultate-nu-am-avut-astfel-de-emotii","status":"publish","type":"post","link":"https:\/\/analyse.optim.biz\/?p=208227","title":{"rendered":"Tribunalul Bucure\u015fti: Mircea Diaconu poate candida la europarlamentare. \u201eNici la admitere la facultate nu am avut astfel de emo\u021bii\u201d"},"content":{"rendered":"<div class=\"entry data-app-meta data-app-meta-article\" data-embed-base-url-canonical=\"https:\/\/www.digi24.ro\/embed\/stiri\/actualitate\/politica\/tribunalul-bucuresti-mircea-diaconu-poate-candida-la-europarlamentare-nici-la-admitere-la-facultate-nu-am-avut-astfel-de-emotii-225026\">\n<p data-index=\"1\"><strong>Actualizare 18:00:<\/strong> Mircea Diaconu consider\u0103 decizia Tribunalului Bucure\u015fti o victorie de etap\u0103. <\/p>\n<p data-index=\"2\">\u201e<span>Nici la admitere la facultate nu am avut astfel de emo\u021bii. R\u0103suflu u\u0219urat. Totu\u0219i, trei decizii stabilesc un lucru pe care \u00eencerc s\u0103-l spun de doi ani de zile \u0219i nimeni nu m\u0103 ascult\u0103. Ambii judec\u0103tori spun c\u0103 nu am nici o culp\u0103, c\u0103 am procedat legal \u0219i c\u0103 am fost de bun\u0103 credin\u021b\u0103 \u0219i cer s\u0103 nu fiu sanc\u021bionat \u00een vreun fel. C\u00e2nd cineva bate cu ciocanul atunci e justi\u021bie\u201d, a declarat Mircea Diaconu.<\/span><\/p>\n<hr>\n<p data-index=\"3\"><strong>Actualizare 16.25.<\/strong><span> \u201eE un act de normalitate, e decizia unei instan\u0163e\u201d, a declarat la Digi24 Marian Muhule\u0163, purt\u0103torul de cuv\u00e2nt al BEC.<\/span><\/p>\n<hr>\n<p data-index=\"4\">Decizia poate fi contestat\u0103 de ANI.<\/p>\n<p data-index=\"5\"><strong>Biroul Electoral Central<\/strong> (BEC) a motivat ieri decizia prin care a respins candidatura lui <strong>Mircea Diaconu<\/strong> la alegerile pentru Parlamentul European.<\/p>\n<p data-index=\"6\"><strong><a href=\"https:\/\/www.digi24.ro\/Stiri\/Digi24\/Actualitate\/Justitie\/ANI+a+informat+BEC+ca+M+Diaconu+nu+poate+candida+la+PE+Prin+func\" target=\"_blank\" data-skip-linkfix=\"1\" rel=\"noopener\">Argumentele BEC<\/a><\/strong>au fost legate de argumentele care au fost \u00eenaintate \u015fi de Agen\u0163ia Na\u0163ional\u0103 de Integritate, de decizia din 2012 a instan\u0163ei supreme privind situa\u0163ia de incompatibilitate \u015fi legea ANI conform c\u0103reia o persoan\u0103 public\u0103 g\u0103sit\u0103 \u00een incompatibilitate nu mai poate ocupa o func\u0163ie public\u0103 timp de trei ani. \u00cen cazul lui Mircea Diaconu, p\u00e2n\u0103 \u00een 2015.<\/p>\n<p data-index=\"7\"><strong>Agen\u0163ia Na\u0163ional\u0103 de Integritate<\/strong> a cerut Biroului Electoral Central s\u0103 nu valideze candidatura lui Mircea Diaconu. \u00centr-o scrisoare adresat\u0103 Biroului, conducerea Agen\u0163iei a precizat c\u0103 fostul liberal nu are voie s\u0103 ocupe o func\u0163ie eligibil\u0103 timp de trei ani.<\/p>\n<p data-index=\"8\">\u201ePrin func\u021bie eligibil\u0103 se \u00een\u021belege orice func\u021bie aleas\u0103, \u00eentruc\u00e2t legisla\u021bia nu face distinc\u021bie \u00eentre func\u021biile eligibile din cadrul Parlamentului Rom\u00e2niei, Parlamentului European \u2013 sau alte categorii de autorit\u0103\u021bi formate ca urmare a unui proces electiv. A acepta ideea potrivit c\u0103reia candidatura acestuia ar \u00eendeplini condi\u021biile legale av\u00e2nd \u00een vedere faptul c\u0103 func\u021bia eligibil\u0103 de senator nu este aceea\u0219i cu func\u021bia eligibil\u0103 de europarlamentar, ar \u00eensemna nerespectarea scopului normei juridice \u0219i anume acela de prevenire \u0219i sanc\u021bionare a st\u0103rii de incompatibilitate\u201d, preciza ANI.<\/p>\n<p data-index=\"9\">\u201eBEC trebuie s\u0103-mi primeasc\u0103 dosarul, at\u00e2t, s\u0103 vad\u0103 dac\u0103 am 100.000 de sem\u0103turi \u015fi dac\u0103 m\u0103 \u00eencadrez legii. Mai departe cineva va contesta, \u015fi chestiunea asta se discut\u0103 \u00een justi\u0163ie, dreptul meu de a alege \u015fi de a fi ales \u00een \u0163ara mea se judec\u0103 \u00eentr-o instan\u0163\u0103 judec\u0103toreasc\u0103 de data asta <span>(&#8230;) Vreau s\u0103 fiu \u00een postura \u00een care s\u0103 ajung \u00een fa\u0163a unui judec\u0103tor care s\u0103 \u00eemi spun\u0103 \u015fi mie dac\u0103 eu am drepturile cet\u0103\u0163ene\u015fti \u00eentregi sau n-am. Dac\u0103 mi-a interzis cineva drepturile cet\u0103\u0163ene\u015fti sau nu\u201d,<a href=\"https:\/\/www.digi24.ro\/Stiri\/Digi24\/Actualitate\/Politica\/Mircea+Diaconu+nu+renunta+la+europarlamentare+Sa-mi+spuna+si+mie\" target=\"_blank\" data-skip-linkfix=\"1\" rel=\"noopener\"><strong> spunea Mircea Diaconu<\/strong>.<\/a><\/span><\/p>\n<p data-index=\"10\">\u00cen 19 martie, <strong><a href=\"https:\/\/www.digi24.ro\/Stiri\/Digi24\/Actualitate\/Politica\/Mircea+Diaconu+a+demisionat+din+PNL\" target=\"_blank\" data-skip-linkfix=\"1\" rel=\"noopener\">el a demisionat din PNL<\/a><\/strong>, dup\u0103 ce partidul l-a retras de pe listele pentru PE.<\/p>\n<p data-index=\"11\">\u00cen 19 iunie 2012,<strong> \u00cenalta Curte de Casa\u021bie \u0219i Justi\u021bie<\/strong> a emis decizie definitiv\u0103 \u0219i irevocabil\u0103 \u00een sensul men\u021binerii ca legal \u0219i temeinic a raportului de evaluare prin care <strong>ANI<\/strong> a constatat starea de incompatibilitate a fostului senator Mircea Diaconu.<\/p>\n<p data-index=\"12\">Raportat la acest fapt, <strong>Curtea Constitu\u021bional\u0103<\/strong> a opinat, prin decizia nr. 972\/2012, faptul c\u0103 \u201evotul negativ cu privire la starea de incompatibilitate constatat\u0103 irevocabil printr-o hot\u0103r\u00e2re judec\u0103toreasc\u0103, Senatul a actionat ultra vires, arog\u00e2ndu-\u0219i competen\u021be care apar\u021bin puterii judec\u0103tore\u0219ti\u201d \u0219i a constatat \u201eexisten\u021ba unui conflict juridic de natura constitu\u021bional\u0103 \u00eentre autoritatea judec\u0103toreasc\u0103 \u0219i autoritatea legiuitoare, reprezentat\u0103 de Senatul Rom\u00e2niei, de natur\u0103 a \u00eempiedica puterea judec\u0103toreasc\u0103 s\u0103 \u00ee\u0219i \u00eendeplineasc\u0103 atribu\u021biile constitu\u021bionale \u0219i legale cu care a fost investit\u0103\u201d.<\/p>\n<p data-index=\"13\">Astfel, lui <strong>Mircea Diaconu<\/strong> este dec\u0103zut din dreptul de a mai exercita o func\u0163ie sau o demnitate public\u0103 pe o perioad\u0103 de 3 ani, respectiv cea de membru al Parlamentului European, de la data r\u0103m\u00e2nerii definitive a raportului de evaluare, \u0219i anume p\u00e2n\u0103 la data de 19.06.2015, preciza ANI.<\/p>\n<\/div>\n<p> Source URL: https:\/\/www.digi24.ro\/stiri\/actualitate\/politica\/tribunalul-bucuresti-mircea-diaconu-poate-candida-la-europarlamentare-nici-la-admitere-la-facultate-nu-am-avut-astfel-de-emotii-225026<\/p>\n","protected":false},"excerpt":{"rendered":"<p>Actualizare 18:00: Mircea Diaconu consider\u0103 decizia Tribunalului Bucure\u015fti o victorie de etap\u0103. \u201eNici la admitere la facultate nu am avut astfel de emo\u021bii. R\u0103suflu u\u0219urat. Totu\u0219i, trei decizii stabilesc un lucru pe care \u00eencerc s\u0103-l spun de doi ani de zile \u0219i nimeni nu m\u0103 ascult\u0103. Ambii judec\u0103tori spun c\u0103 nu am nici o culp\u0103, [&hellip;]<\/p>\n","protected":false},"author":1,"featured_media":208228,"comment_status":"open","ping_status":"","sticky":false,"template":"","format":"standard","meta":{"footnotes":""},"categories":[2],"tags":[11],"class_list":["post-208227","post","type-post","status-publish","format-standard","has-post-thumbnail","hentry","category-politics","tag-digi24"],"_links":{"self":[{"href":"https:\/\/analyse.optim.biz\/index.php?rest_route=\/wp\/v2\/posts\/208227","targetHints":{"allow":["GET"]}}],"collection":[{"href":"https:\/\/analyse.optim.biz\/index.php?rest_route=\/wp\/v2\/posts"}],"about":[{"href":"https:\/\/analyse.optim.biz\/index.php?rest_route=\/wp\/v2\/types\/post"}],"author":[{"embeddable":true,"href":"https:\/\/analyse.optim.biz\/index.php?rest_route=\/wp\/v2\/users\/1"}],"replies":[{"embeddable":true,"href":"https:\/\/analyse.optim.biz\/index.php?rest_route=%2Fwp%2Fv2%2Fcomments&post=208227"}],"version-history":[{"count":0,"href":"https:\/\/analyse.optim.biz\/index.php?rest_route=\/wp\/v2\/posts\/208227\/revisions"}],"wp:featuredmedia":[{"embeddable":true,"href":"https:\/\/analyse.optim.biz\/index.php?rest_route=\/wp\/v2\/media\/208228"}],"wp:attachment":[{"href":"https:\/\/analyse.optim.biz\/index.php?rest_route=%2Fwp%2Fv2%2Fmedia&parent=208227"}],"wp:term":[{"taxonomy":"category","embeddable":true,"href":"https:\/\/analyse.optim.biz\/index.php?rest_route=%2Fwp%2Fv2%2Fcategories&post=208227"},{"taxonomy":"post_tag","embeddable":true,"href":"https:\/\/analyse.optim.biz\/index.php?rest_route=%2Fwp%2Fv2%2Ftags&post=208227"}],"curies":[{"name":"wp","href":"https:\/\/api.w.org\/{rel}","templated":true}]}}