{"id":2082266,"date":"2026-08-06T15:42:00","date_gmt":"2026-08-06T12:42:00","guid":{"rendered":"https:\/\/analyse.optim.biz\/?p=2082266"},"modified":"2026-08-06T15:42:00","modified_gmt":"2026-08-06T12:42:00","slug":"noutati-despre-centrul-vechi-proiectul-de-reabilitare-va-fi-regandit","status":"publish","type":"post","link":"https:\/\/analyse.optim.biz\/?p=2082266","title":{"rendered":"Nout\u0103\u021bi despre Centrul Vechi. Proiectul de reabilitare va fi reg\u00e2ndit"},"content":{"rendered":"<p>[analyse_image type=&#8221;featured&#8221; src=&#8221;https:\/\/www.campusbuzau.ro\/wp-content\/uploads\/2026\/08\/vlcsnap-2026-08-06-10h13m51s891.jpghttps:\/\/www.campusbuzau.ro\/wp-content\/uploads\/2026\/08\/vlcsnap-2026-08-06-10h13m51s891.jpg&#8221;]<\/p>\n<div class=\"entry-content\">\n<p><strong><em>Edilii ora\u0219ului, \u00eempreun\u0103 cu mai mul\u021bi arhitec\u021bi au rev\u0103zut strada Cuza Vod\u0103 \u0219i, \u00een special Pia\u021ba Teatrului pentru a reface proiectul de refacere a zonei respins de ale\u0219ii locali din CLM din cauza costurilor ridicate. Noul proiect va fi mai pu\u021bin costisitor, f\u0103r\u0103 ca Centrul Vechi al urbei s\u0103-\u0219i piard\u0103 farmecul. \u00cen acela\u0219i timp se caut\u0103 o solu\u021bie pentru ca \u00eentr-un viitor nu prea \u00eendep\u0103rtat s\u0103 poat\u0103 fi reabilitate \u0219i cl\u0103dirile vevhi din Centrul Istoric.<\/em><\/strong><\/p>\n<p>Dup\u0103 ce a fost respins \u00een Consiliul Local Municipal proiectul de reabilitare a Pie\u021bii Teatrului, care prevedea \u0219i unele modific\u0103ri pentru strada Cuza Vod\u0103 urma s\u0103 fie reg\u00e2ndit \u0219i reintrodus pe ordinea de zi a unei viitoare \u0219edin\u021be CLM.<\/p>\n<p>Edilii ora\u0219ului au str\u0103b\u0103tut la pas strada Cuza Vod\u0103 \u0219i Pia\u021ba Teatrului \u00eempreun\u0103 cu proiectan\u021bii pentru a propune o variant\u0103 mai ieftin\u0103 a proiectului ini\u021bial.<\/p>\n<p>Strada Cuza Vod\u0103 se num\u0103r\u0103 printre cele mai vechi str\u0103zi din Buz\u0103u \u0219i face parte din Centrul Vechi al urbei.<\/p>\n<p>Strada a fost rerabilitat\u0103 cu ceva ani \u00een urm\u0103, \u00eenainte de primul mandat al edililor actuali dar cl\u0103dirile nu au putut fi prinse \u00een proiect pentru c\u0103 cele mai multe dintre ele se afl\u0103 \u00een proprietate privat\u0103.<\/p>\n<figure class=\"wp-block-embed is-type-video is-provider-youtube wp-block-embed-youtube wp-embed-aspect-16-9 wp-has-aspect-ratio\">\n<div class=\"wp-block-embed__wrapper\">\n<iframe loading=\"lazy\" title=\"NOUT\u0102\u0162I DESPRE CENTRUL VECHI. PROIECTUL DE REABILITARE VA FI REG\u00c2NDIT\" width=\"500\" height=\"281\" src=\"https:\/\/www.youtube.com\/embed\/bG7q2GYta8s?feature=oembed\" frameborder allow=\"accelerometer; autoplay; clipboard-write; encrypted-media; gyroscope; picture-in-picture; web-share\" referrerpolicy=\"strict-origin-when-cross-origin\" allowfullscreen><\/iframe>\n<\/div>\n<\/figure>\n<\/div>\n<p>[analyse_source url=&#8221;https:\/\/www.campusbuzau.ro\/noutati-despre-centrul-vechi-proiectul-de-reabilitare-va-fi-regandit\/&#8221;]<\/p>\n","protected":false},"excerpt":{"rendered":"<p>[analyse_image type=&#8221;featured&#8221; src=&#8221;https:\/\/www.campusbuzau.ro\/wp-content\/uploads\/2026\/08\/vlcsnap-2026-08-06-10h13m51s891.jpghttps:\/\/www.campusbuzau.ro\/wp-content\/uploads\/2026\/08\/vlcsnap-2026-08-06-10h13m51s891.jpg&#8221;] Edilii ora\u0219ului, \u00eempreun\u0103 cu mai mul\u021bi arhitec\u021bi au rev\u0103zut strada Cuza Vod\u0103 \u0219i, \u00een special Pia\u021ba Teatrului pentru a reface proiectul de refacere a zonei respins de ale\u0219ii locali din CLM din cauza costurilor ridicate. Noul proiect va fi mai pu\u021bin costisitor, f\u0103r\u0103 ca Centrul Vechi al urbei s\u0103-\u0219i piard\u0103 farmecul. \u00cen [&hellip;]<\/p>\n","protected":false},"author":1,"featured_media":0,"comment_status":"open","ping_status":"","sticky":false,"template":"","format":"standard","meta":{"footnotes":""},"categories":[2],"tags":[118,226],"class_list":["post-2082266","post","type-post","status-publish","format-standard","hentry","category-politics","tag-campusbuzau-ro","tag-crawlmanager"],"_links":{"self":[{"href":"https:\/\/analyse.optim.biz\/index.php?rest_route=\/wp\/v2\/posts\/2082266","targetHints":{"allow":["GET"]}}],"collection":[{"href":"https:\/\/analyse.optim.biz\/index.php?rest_route=\/wp\/v2\/posts"}],"about":[{"href":"https:\/\/analyse.optim.biz\/index.php?rest_route=\/wp\/v2\/types\/post"}],"author":[{"embeddable":true,"href":"https:\/\/analyse.optim.biz\/index.php?rest_route=\/wp\/v2\/users\/1"}],"replies":[{"embeddable":true,"href":"https:\/\/analyse.optim.biz\/index.php?rest_route=%2Fwp%2Fv2%2Fcomments&post=2082266"}],"version-history":[{"count":0,"href":"https:\/\/analyse.optim.biz\/index.php?rest_route=\/wp\/v2\/posts\/2082266\/revisions"}],"wp:attachment":[{"href":"https:\/\/analyse.optim.biz\/index.php?rest_route=%2Fwp%2Fv2%2Fmedia&parent=2082266"}],"wp:term":[{"taxonomy":"category","embeddable":true,"href":"https:\/\/analyse.optim.biz\/index.php?rest_route=%2Fwp%2Fv2%2Fcategories&post=2082266"},{"taxonomy":"post_tag","embeddable":true,"href":"https:\/\/analyse.optim.biz\/index.php?rest_route=%2Fwp%2Fv2%2Ftags&post=2082266"}],"curies":[{"name":"wp","href":"https:\/\/api.w.org\/{rel}","templated":true}]}}