{"id":2082265,"date":"2026-08-05T20:43:47","date_gmt":"2026-08-05T17:43:47","guid":{"rendered":"https:\/\/analyse.optim.biz\/?p=2082265"},"modified":"2026-08-05T20:43:47","modified_gmt":"2026-08-05T17:43:47","slug":"festivaluri-si-tabere-sustinute-de-consiliul-judetean","status":"publish","type":"post","link":"https:\/\/analyse.optim.biz\/?p=2082265","title":{"rendered":"Festivaluri \u015fi tabere sus\u0163inute de Consiliul Jude\u0163ean"},"content":{"rendered":"<p>[analyse_image type=&#8221;featured&#8221; src=&#8221;https:\/\/www.tvbuzau.ro\/wp-content\/uploads\/2026\/08\/sddefault-8.jpghttps:\/\/www.tvbuzau.ro\/wp-content\/uploads\/2026\/08\/sddefault-8.jpg&#8221;]<\/p>\n<div class=\"td-ss-main-content\">\n<article id=\"post-119917\" class=\"post-119917 post type-post status-publish format-video has-post-thumbnail hentry category-actualitate post_format-post-format-video\">\n<div class=\"td-post-header\">\n<ul class=\"td-category\">\n<li class=\"entry-category\"><a href=\"https:\/\/www.tvbuzau.ro\/category\/actualitate\/\">Actualitate<\/a><\/li>\n<\/ul>\n<header class=\"td-post-title\">\n<h1 class=\"entry-title\">Festivaluri \u015fi tabere sus\u0163inute de Consiliul Jude\u0163ean<\/h1>\n<div class=\"td-module-meta-info\">\n<div class=\"td-post-author-name\">De c\u0103tre <a href=\"https:\/\/www.tvbuzau.ro\/author\/mihai-vasilescu\/\">TV Buz\u0103u<\/a> &#8211; <\/div>\n<p><span class=\"td-post-date\"><time class=\"entry-date updated td-module-date\" datetime=\"2026-08-05T20:43:47+00:00\">august 5, 2026<\/time><\/span><\/p>\n<div class=\"td-post-comments\"><a href=\"https:\/\/www.tvbuzau.ro\/festivaluri-si-tabere-sustinute-de-consiliul-judetean\/#respond\">0<\/a><\/div>\n<div class=\"td-post-views\"><span class=\"td-nr-views-119917\">4<\/span><\/div>\n<\/div>\n<\/header>\n<\/div>\n<div class=\"td-post-sharing td-post-sharing-top td-with-like\">\n<div class=\"td-default-sharing\"><a class=\"td-social-sharing-buttons td-social-facebook\" href=\"http:\/\/www.facebook.com\/sharer.php?u=https%3A%2F%2Fwww.tvbuzau.ro%2Ffestivaluri-si-tabere-sustinute-de-consiliul-judetean%2F\"><\/p>\n<div class=\"td-social-but-text\">Distribui\u021bi pe Facebook<\/div>\n<p><\/a><a class=\"td-social-sharing-buttons td-social-twitter\" href=\"https:\/\/twitter.com\/intent\/tweet?text=Festivaluri+%C5%9Fi+tabere+sus%C5%A3inute+de+Consiliul+Jude%C5%A3ean&amp;url=https%3A%2F%2Fwww.tvbuzau.ro%2Ffestivaluri-si-tabere-sustinute-de-consiliul-judetean%2F&amp;via=TV+Buz%C4%83u\"><\/p>\n<div class=\"td-social-but-text\">Distribui\u021bi pe Twitter<\/div>\n<p><\/a><\/div>\n<div class=\"td-classic-sharing\">\n<ul>\n<li class=\"td-classic-facebook\"><iframe frameborder src=\"https:\/\/www.facebook.com\/plugins\/like.php?href=https:\/\/www.tvbuzau.ro\/festivaluri-si-tabere-sustinute-de-consiliul-judetean\/&amp;layout=button_count&amp;show_faces=false&amp;width=105&amp;action=like&amp;colorscheme=light&amp;height=21\"><\/iframe><\/li>\n<li class=\"td-classic-twitter\"><a href=\"https:\/\/twitter.com\/share\" class=\"twitter-share-button\" data-url=\"https:\/\/www.tvbuzau.ro\/festivaluri-si-tabere-sustinute-de-consiliul-judetean\/\" data-text=\"Festivaluri \u015fi tabere sus\u0163inute de Consiliul Jude\u0163ean\" data-via data-lang=\"en\">tweet<\/a><\/li>\n<\/ul>\n<\/div>\n<\/div>\n<div class=\"td-post-content\">\n<div class=\"td-featured-image-rec\">\n<div class=\"wpb_video_wrapper\">\n                    <iframe loading=\"lazy\" id=\"td_youtube_player\" width=\"600\" height=\"560\" src=\"https:\/\/www.youtube.com\/embed\/vxI9C9EenPk?enablejsapi=1&amp;feature=oembed&amp;wmode=opaque&amp;vq=hd720\" frameborder allowfullscreen><\/iframe><\/p><\/div>\n<\/div>\n<p>CJ Buz\u0103u, parte a unor proiecte de cultur\u0103, sport, tineret \u015fi turism<br \/>\nConsiliul Jude\u021bean Buz\u0103u \u0219i-a asumat calitatea de partener al asocia\u021biilor neguvernamentale care propun \u0219i organizeaz\u0103 proiecte de interes public jude\u021bean \u00een domenii prioritare precum cultur\u0103, tineret, sport sau promovarea imaginii jude\u021bului. \u00cen acest context Consiliul Jude\u0163ean a r\u0103spuns invita\u021biei de parteneriat lansate de organizatorii unor festivaluri,  tabere sau competi\u021bii sportive adaptate persoanelor cu dizabilit\u0103\u021bi.<br \/>\nPe de alt\u0103 parte, proiectele sunt de natur\u0103 a promova jude\u0163ul Buz\u0103u, inclusiv din punct de vedere turistic.<br \/>\nAstfel, edi\u021bia a VI \u2013 a a Festivalului \u201eBuz\u0103ul Interna\u021bional Arts\u201d va avea loc \u00een perioada 14 august \u2013 11 septembrie, Asocia\u021bia \u201eCentrul de Art\u0103 Aluni\u0219\u201d va organiza dou\u0103 tabere gratuite \u00een perioada 17 \u2013 20 august 2026 pentru copii proveni\u021bi din medii defavorizate, Consiliul Jude\u0163ean fiind partener la proiectul \u201eV\u00e2slim la caiace \u0219i z\u00e2mbim f\u0103r\u0103 limite\u201d, av\u00e2nd ca participan\u021bi persoane cu dizabilit\u0103\u021bi \u0219i copii institu\u021bionaliza\u021bi. Totodat\u0103, administra\u0163ia jude\u0163ean\u0103 particip\u0103 tot \u00een calitate de partener la organizarea Festivalului de muzic\u0103 \u201eVadoo Fest\u201d, 20 \u2013 23 august 2026, de la Gura Teghii.<\/p>\n<div class=\"post-views post-119917 entry-meta\"><span class=\"post-views-label\">Post Views: <\/span><span class=\"post-views-count\">95<\/span><\/div>\n<\/div>\n<footer>\n<div class=\"td-post-sharing td-post-sharing-bottom td-with-like\"><span class=\"td-post-share-title\">DISTRIBUI\u021aI<\/span><\/p>\n<div class=\"td-default-sharing\"><a class=\"td-social-sharing-buttons td-social-facebook\" href=\"http:\/\/www.facebook.com\/sharer.php?u=https%3A%2F%2Fwww.tvbuzau.ro%2Ffestivaluri-si-tabere-sustinute-de-consiliul-judetean%2F\"><\/p>\n<div class=\"td-social-but-text\">Facebook<\/div>\n<p><\/a><a class=\"td-social-sharing-buttons td-social-twitter\" href=\"https:\/\/twitter.com\/intent\/tweet?text=Festivaluri+%C5%9Fi+tabere+sus%C5%A3inute+de+Consiliul+Jude%C5%A3ean&amp;url=https%3A%2F%2Fwww.tvbuzau.ro%2Ffestivaluri-si-tabere-sustinute-de-consiliul-judetean%2F&amp;via=TV+Buz%C4%83u\"><\/p>\n<div class=\"td-social-but-text\">Twitter<\/div>\n<p><\/a><\/div>\n<div class=\"td-classic-sharing\">\n<ul>\n<li class=\"td-classic-facebook\"><iframe frameborder src=\"https:\/\/www.facebook.com\/plugins\/like.php?href=https:\/\/www.tvbuzau.ro\/festivaluri-si-tabere-sustinute-de-consiliul-judetean\/&amp;layout=button_count&amp;show_faces=false&amp;width=105&amp;action=like&amp;colorscheme=light&amp;height=21\"><\/iframe><\/li>\n<li class=\"td-classic-twitter\"><a href=\"https:\/\/twitter.com\/share\" class=\"twitter-share-button\" data-url=\"https:\/\/www.tvbuzau.ro\/festivaluri-si-tabere-sustinute-de-consiliul-judetean\/\" data-text=\"Festivaluri \u015fi tabere sus\u0163inute de Consiliul Jude\u0163ean\" data-via data-lang=\"en\">tweet<\/a><\/li>\n<\/ul>\n<\/div>\n<\/div>\n<div class=\"td-author-name vcard author\"><span class=\"fn\"><a href=\"https:\/\/www.tvbuzau.ro\/author\/mihai-vasilescu\/\">TV Buz\u0103u<\/a><\/span><\/div>\n<p><span><\/span><span><span><\/span><\/span><span><\/span><\/footer>\n<\/article>\n<div class=\"td_block_wrap td_block_related_posts td_uid_1_6a75e2a5b9e3a_rand td_with_ajax_pagination td-pb-border-top\" data-td-block-uid=\"td_uid_1_6a75e2a5b9e3a\">\n<h4 class=\"td-related-title\"><a id=\"td_uid_2_6a75e2a5bf483\" class=\"td-related-left td-cur-simple-item\" data-td_filter_value data-td_block_id=\"td_uid_1_6a75e2a5b9e3a\" href=\"https:\/\/www.tvbuzau.ro\/festivaluri-si-tabere-sustinute-de-consiliul-judetean\/\">ARTICOLE SIMILARE<\/a><a id=\"td_uid_3_6a75e2a5bf4bd\" class=\"td-related-right\" data-td_filter_value=\"td_related_more_from_author\" data-td_block_id=\"td_uid_1_6a75e2a5b9e3a\" href=\"https:\/\/www.tvbuzau.ro\/festivaluri-si-tabere-sustinute-de-consiliul-judetean\/\">DE LA ACELA\u0218I AUTOR<\/a><\/h4>\n<div id=\"td_uid_1_6a75e2a5b9e3a\" class=\"td_block_inner\">\n<div class=\"td-related-row\">\n<div class=\"td-related-span4\">\n<div class=\"td_module_related_posts td-animation-stack td_mod_related_posts\">\n<div class=\"td-module-image\">\n<div class=\"td-module-thumb\"><a href=\"https:\/\/www.tvbuzau.ro\/ce-isi-doresc-consumatorii-de-la-o-tomata\/\" rel=\"bookmark\" title=\"Ce \u00ee\u0219i doresc consumatorii de la o tomat\u0103?\"><img loading=\"lazy\" decoding=\"async\" width=\"218\" height=\"150\" class=\"entry-thumb\" src=\"https:\/\/www.tvbuzau.ro\/wp-content\/uploads\/2026\/08\/sddefault-16-218x150.jpg\" alt title=\"Ce \u00ee\u0219i doresc consumatorii de la o tomat\u0103?\"><span class=\"td-video-play-ico\"><img loading=\"lazy\" decoding=\"async\" width=\"40\" height=\"40\" class=\"td-retina\" src=\"https:\/\/www.tvbuzau.ro\/wp-content\/themes\/Newspaper\/images\/icons\/ico-video-large.png\" alt=\"video\"><\/span><\/a><\/div>\n<p><a href=\"https:\/\/www.tvbuzau.ro\/category\/actualitate\/\" class=\"td-post-category\">Actualitate<\/a><\/div>\n<div class=\"item-details\">\n<h3 class=\"entry-title td-module-title\"><a href=\"https:\/\/www.tvbuzau.ro\/ce-isi-doresc-consumatorii-de-la-o-tomata\/\" rel=\"bookmark\" title=\"Ce \u00ee\u0219i doresc consumatorii de la o tomat\u0103?\">Ce \u00ee\u0219i doresc consumatorii de la o tomat\u0103?<\/a><\/h3>\n<\/div>\n<\/div>\n<\/div>\n<div class=\"td-related-span4\">\n<div class=\"td_module_related_posts td-animation-stack td_mod_related_posts\">\n<div class=\"td-module-image\">\n<div class=\"td-module-thumb\"><a href=\"https:\/\/www.tvbuzau.ro\/primul-mecanism-national-de-detectare-a-riscului-de-trafic-de-minori\/\" rel=\"bookmark\" title=\"Primul mecanism na\u021bional de detectare a riscului de trafic de minori\"><img loading=\"lazy\" decoding=\"async\" width=\"218\" height=\"150\" class=\"entry-thumb\" src=\"https:\/\/www.tvbuzau.ro\/wp-content\/uploads\/2026\/08\/sddefault-15-218x150.jpg\" alt title=\"Primul mecanism na\u021bional de detectare a riscului de trafic de minori\"><span class=\"td-video-play-ico\"><img loading=\"lazy\" decoding=\"async\" width=\"40\" height=\"40\" class=\"td-retina\" src=\"https:\/\/www.tvbuzau.ro\/wp-content\/themes\/Newspaper\/images\/icons\/ico-video-large.png\" alt=\"video\"><\/span><\/a><\/div>\n<p><a href=\"https:\/\/www.tvbuzau.ro\/category\/actualitate\/\" class=\"td-post-category\">Actualitate<\/a><\/div>\n<div class=\"item-details\">\n<h3 class=\"entry-title td-module-title\"><a href=\"https:\/\/www.tvbuzau.ro\/primul-mecanism-national-de-detectare-a-riscului-de-trafic-de-minori\/\" rel=\"bookmark\" title=\"Primul mecanism na\u021bional de detectare a riscului de trafic de minori\">Primul mecanism na\u021bional de detectare a riscului de trafic de minori<\/a><\/h3>\n<\/div>\n<\/div>\n<\/div>\n<div class=\"td-related-span4\">\n<div class=\"td_module_related_posts td-animation-stack td_mod_related_posts\">\n<div class=\"td-module-image\">\n<div class=\"td-module-thumb\"><a href=\"https:\/\/www.tvbuzau.ro\/zona-tezaurului-de-la-pietroasele-gazda-buzau-wine-fest\/\" rel=\"bookmark\" title=\"Zona Tezaurului de la Pietroasele, gazda Buz\u0103u Wine Fest\"><img loading=\"lazy\" decoding=\"async\" width=\"218\" height=\"150\" class=\"entry-thumb\" src=\"https:\/\/www.tvbuzau.ro\/wp-content\/uploads\/2026\/08\/hqdefault-5-218x150.jpg\" alt title=\"Zona Tezaurului de la Pietroasele, gazda Buz\u0103u Wine Fest\"><span class=\"td-video-play-ico\"><img loading=\"lazy\" decoding=\"async\" width=\"40\" height=\"40\" class=\"td-retina\" src=\"https:\/\/www.tvbuzau.ro\/wp-content\/themes\/Newspaper\/images\/icons\/ico-video-large.png\" alt=\"video\"><\/span><\/a><\/div>\n<p><a href=\"https:\/\/www.tvbuzau.ro\/category\/actualitate\/\" class=\"td-post-category\">Actualitate<\/a><\/div>\n<div class=\"item-details\">\n<h3 class=\"entry-title td-module-title\"><a href=\"https:\/\/www.tvbuzau.ro\/zona-tezaurului-de-la-pietroasele-gazda-buzau-wine-fest\/\" rel=\"bookmark\" title=\"Zona Tezaurului de la Pietroasele, gazda Buz\u0103u Wine Fest\">Zona Tezaurului de la Pietroasele, gazda Buz\u0103u Wine Fest<\/a><\/h3>\n<\/div>\n<\/div>\n<\/div>\n<\/div>\n<div class=\"td-related-row\">\n<div class=\"td-related-span4\">\n<div class=\"td_module_related_posts td-animation-stack td_mod_related_posts\">\n<div class=\"td-module-image\">\n<div class=\"td-module-thumb\"><a href=\"https:\/\/www.tvbuzau.ro\/servicii-pentru-contribuabili-oferite-de-anaf-pentru-contribuabili\/\" rel=\"bookmark\" title=\"Servicii pentru contribuabili oferite de ANAF\"><img loading=\"lazy\" decoding=\"async\" width=\"218\" height=\"150\" class=\"entry-thumb\" src=\"https:\/\/www.tvbuzau.ro\/wp-content\/uploads\/2026\/08\/sddefault-14-218x150.jpg\" alt title=\"Servicii pentru contribuabili oferite de ANAF\"><span class=\"td-video-play-ico\"><img loading=\"lazy\" decoding=\"async\" width=\"40\" height=\"40\" class=\"td-retina\" src=\"https:\/\/www.tvbuzau.ro\/wp-content\/themes\/Newspaper\/images\/icons\/ico-video-large.png\" alt=\"video\"><\/span><\/a><\/div>\n<p><a href=\"https:\/\/www.tvbuzau.ro\/category\/actualitate\/\" class=\"td-post-category\">Actualitate<\/a><\/div>\n<div class=\"item-details\">\n<h3 class=\"entry-title td-module-title\"><a href=\"https:\/\/www.tvbuzau.ro\/servicii-pentru-contribuabili-oferite-de-anaf-pentru-contribuabili\/\" rel=\"bookmark\" title=\"Servicii pentru contribuabili oferite de ANAF\">Servicii pentru contribuabili oferite de ANAF<\/a><\/h3>\n<\/div>\n<\/div>\n<\/div>\n<div class=\"td-related-span4\">\n<div class=\"td_module_related_posts td-animation-stack td_mod_related_posts\">\n<div class=\"td-module-image\">\n<div class=\"td-module-thumb\"><a href=\"https:\/\/www.tvbuzau.ro\/lucrari-hidrotehnice-efectute-de-apele-romane-impotriva-inundatiilor\/\" rel=\"bookmark\" title=\"Lucr\u0103ri hidrotehnice efectute de Apele Rom\u00e2ne \u00eempotriva inunda\u0163iilor\"><img loading=\"lazy\" decoding=\"async\" width=\"218\" height=\"150\" class=\"entry-thumb\" src=\"https:\/\/www.tvbuzau.ro\/wp-content\/uploads\/2026\/08\/sddefault-13-218x150.jpg\" alt title=\"Lucr\u0103ri hidrotehnice efectute de Apele Rom\u00e2ne \u00eempotriva inunda\u0163iilor\"><span class=\"td-video-play-ico\"><img loading=\"lazy\" decoding=\"async\" width=\"40\" height=\"40\" class=\"td-retina\" src=\"https:\/\/www.tvbuzau.ro\/wp-content\/themes\/Newspaper\/images\/icons\/ico-video-large.png\" alt=\"video\"><\/span><\/a><\/div>\n<p><a href=\"https:\/\/www.tvbuzau.ro\/category\/actualitate\/\" class=\"td-post-category\">Actualitate<\/a><\/div>\n<div class=\"item-details\">\n<h3 class=\"entry-title td-module-title\"><a href=\"https:\/\/www.tvbuzau.ro\/lucrari-hidrotehnice-efectute-de-apele-romane-impotriva-inundatiilor\/\" rel=\"bookmark\" title=\"Lucr\u0103ri hidrotehnice efectute de Apele Rom\u00e2ne \u00eempotriva inunda\u0163iilor\">Lucr\u0103ri hidrotehnice efectute de Apele Rom\u00e2ne \u00eempotriva inunda\u0163iilor<\/a><\/h3>\n<\/div>\n<\/div>\n<\/div>\n<div class=\"td-related-span4\">\n<div class=\"td_module_related_posts td-animation-stack td_mod_related_posts\">\n<div class=\"td-module-image\">\n<div class=\"td-module-thumb\"><a href=\"https:\/\/www.tvbuzau.ro\/directia-silvica-a-populat-cu-pastrav-curcubeu-paraul-casele-bisocii\/\" rel=\"bookmark\" title=\"Direc\u0163ia Silvic\u0103 a populat cu p\u0103str\u0103v curcubeu p\u00e2r\u00e2ul Casele Bisocii\"><img loading=\"lazy\" decoding=\"async\" width=\"218\" height=\"150\" class=\"entry-thumb\" src=\"https:\/\/www.tvbuzau.ro\/wp-content\/uploads\/2026\/08\/sddefault-12-218x150.jpg\" alt title=\"Direc\u0163ia Silvic\u0103 a populat cu p\u0103str\u0103v curcubeu p\u00e2r\u00e2ul Casele Bisocii\"><span class=\"td-video-play-ico\"><img loading=\"lazy\" decoding=\"async\" width=\"40\" height=\"40\" class=\"td-retina\" src=\"https:\/\/www.tvbuzau.ro\/wp-content\/themes\/Newspaper\/images\/icons\/ico-video-large.png\" alt=\"video\"><\/span><\/a><\/div>\n<p><a href=\"https:\/\/www.tvbuzau.ro\/category\/actualitate\/\" class=\"td-post-category\">Actualitate<\/a><\/div>\n<div class=\"item-details\">\n<h3 class=\"entry-title td-module-title\"><a href=\"https:\/\/www.tvbuzau.ro\/directia-silvica-a-populat-cu-pastrav-curcubeu-paraul-casele-bisocii\/\" rel=\"bookmark\" title=\"Direc\u0163ia Silvic\u0103 a populat cu p\u0103str\u0103v curcubeu p\u00e2r\u00e2ul Casele Bisocii\">Direc\u0163ia Silvic\u0103 a populat cu p\u0103str\u0103v curcubeu p\u00e2r\u00e2ul Casele Bisocii<\/a><\/h3>\n<\/div>\n<\/div>\n<\/div>\n<\/div>\n<\/div>\n<\/div>\n<div class=\"comments\" id=\"comments\">\n<div id=\"respond\" class=\"comment-respond\">\n<h3 id=\"reply-title\" class=\"comment-reply-title\">L\u0102SA\u021aI UN MESAJ <small><a rel=\"nofollow\" id=\"cancel-comment-reply-link\" href=\"https:\/\/www.tvbuzau.ro\/festivaluri-si-tabere-sustinute-de-consiliul-judetean\/#respond\">Renun\u021ba\u021bi la r\u0103spuns<\/a><\/small><\/h3>\n<\/div>\n<\/div>\n<\/div>\n<div class=\"td-post-content\">\n<div class=\"td-featured-image-rec\">\n<div class=\"wpb_video_wrapper\">\n                    <iframe loading=\"lazy\" id=\"td_youtube_player\" width=\"600\" height=\"560\" src=\"https:\/\/www.youtube.com\/embed\/vxI9C9EenPk?enablejsapi=1&amp;feature=oembed&amp;wmode=opaque&amp;vq=hd720\" frameborder allowfullscreen><\/iframe><\/p><\/div>\n<\/div>\n<p>CJ Buz\u0103u, parte a unor proiecte de cultur\u0103, sport, tineret \u015fi turism<br \/>\nConsiliul Jude\u021bean Buz\u0103u \u0219i-a asumat calitatea de partener al asocia\u021biilor neguvernamentale care propun \u0219i organizeaz\u0103 proiecte de interes public jude\u021bean \u00een domenii prioritare precum cultur\u0103, tineret, sport sau promovarea imaginii jude\u021bului. \u00cen acest context Consiliul Jude\u0163ean a r\u0103spuns invita\u021biei de parteneriat lansate de organizatorii unor festivaluri,  tabere sau competi\u021bii sportive adaptate persoanelor cu dizabilit\u0103\u021bi.<br \/>\nPe de alt\u0103 parte, proiectele sunt de natur\u0103 a promova jude\u0163ul Buz\u0103u, inclusiv din punct de vedere turistic.<br \/>\nAstfel, edi\u021bia a VI \u2013 a a Festivalului \u201eBuz\u0103ul Interna\u021bional Arts\u201d va avea loc \u00een perioada 14 august \u2013 11 septembrie, Asocia\u021bia \u201eCentrul de Art\u0103 Aluni\u0219\u201d va organiza dou\u0103 tabere gratuite \u00een perioada 17 \u2013 20 august 2026 pentru copii proveni\u021bi din medii defavorizate, Consiliul Jude\u0163ean fiind partener la proiectul \u201eV\u00e2slim la caiace \u0219i z\u00e2mbim f\u0103r\u0103 limite\u201d, av\u00e2nd ca participan\u021bi persoane cu dizabilit\u0103\u021bi \u0219i copii institu\u021bionaliza\u021bi. Totodat\u0103, administra\u0163ia jude\u0163ean\u0103 particip\u0103 tot \u00een calitate de partener la organizarea Festivalului de muzic\u0103 \u201eVadoo Fest\u201d, 20 \u2013 23 august 2026, de la Gura Teghii.<\/p>\n<div class=\"post-views post-119917 entry-meta\"><span class=\"post-views-label\">Post Views: <\/span><span class=\"post-views-count\">95<\/span><\/div>\n<\/div>\n<p>[analyse_source url=&#8221;https:\/\/www.tvbuzau.ro\/festivaluri-si-tabere-sustinute-de-consiliul-judetean\/&#8221;]<\/p>\n","protected":false},"excerpt":{"rendered":"<p>[analyse_image type=&#8221;featured&#8221; src=&#8221;https:\/\/www.tvbuzau.ro\/wp-content\/uploads\/2026\/08\/sddefault-8.jpghttps:\/\/www.tvbuzau.ro\/wp-content\/uploads\/2026\/08\/sddefault-8.jpg&#8221;] Actualitate Festivaluri \u015fi tabere sus\u0163inute de Consiliul Jude\u0163ean De c\u0103tre TV Buz\u0103u &#8211; august 5, 2026 0 4 Distribui\u021bi pe Facebook Distribui\u021bi pe Twitter tweet CJ Buz\u0103u, parte a unor proiecte de cultur\u0103, sport, tineret \u015fi turism Consiliul Jude\u021bean Buz\u0103u \u0219i-a asumat calitatea de partener al asocia\u021biilor neguvernamentale care propun \u0219i organizeaz\u0103 [&hellip;]<\/p>\n","protected":false},"author":1,"featured_media":0,"comment_status":"open","ping_status":"","sticky":false,"template":"","format":"standard","meta":{"footnotes":""},"categories":[2],"tags":[226,116],"class_list":["post-2082265","post","type-post","status-publish","format-standard","hentry","category-politics","tag-crawlmanager","tag-tvbuzau-ro"],"_links":{"self":[{"href":"https:\/\/analyse.optim.biz\/index.php?rest_route=\/wp\/v2\/posts\/2082265","targetHints":{"allow":["GET"]}}],"collection":[{"href":"https:\/\/analyse.optim.biz\/index.php?rest_route=\/wp\/v2\/posts"}],"about":[{"href":"https:\/\/analyse.optim.biz\/index.php?rest_route=\/wp\/v2\/types\/post"}],"author":[{"embeddable":true,"href":"https:\/\/analyse.optim.biz\/index.php?rest_route=\/wp\/v2\/users\/1"}],"replies":[{"embeddable":true,"href":"https:\/\/analyse.optim.biz\/index.php?rest_route=%2Fwp%2Fv2%2Fcomments&post=2082265"}],"version-history":[{"count":0,"href":"https:\/\/analyse.optim.biz\/index.php?rest_route=\/wp\/v2\/posts\/2082265\/revisions"}],"wp:attachment":[{"href":"https:\/\/analyse.optim.biz\/index.php?rest_route=%2Fwp%2Fv2%2Fmedia&parent=2082265"}],"wp:term":[{"taxonomy":"category","embeddable":true,"href":"https:\/\/analyse.optim.biz\/index.php?rest_route=%2Fwp%2Fv2%2Fcategories&post=2082265"},{"taxonomy":"post_tag","embeddable":true,"href":"https:\/\/analyse.optim.biz\/index.php?rest_route=%2Fwp%2Fv2%2Ftags&post=2082265"}],"curies":[{"name":"wp","href":"https:\/\/api.w.org\/{rel}","templated":true}]}}