{"id":2082256,"date":"2026-08-05T16:10:00","date_gmt":"2026-08-05T13:10:00","guid":{"rendered":"https:\/\/analyse.optim.biz\/?p=2082256"},"modified":"2026-08-05T16:10:00","modified_gmt":"2026-08-05T13:10:00","slug":"noi-restrictii-santier-in-santier","status":"publish","type":"post","link":"https:\/\/analyse.optim.biz\/?p=2082256","title":{"rendered":"Noi restric\u021bii. \u0218antier \u00een \u0219antier"},"content":{"rendered":"<p>[analyse_image type=&#8221;featured&#8221; src=&#8221;https:\/\/www.campusbuzau.ro\/wp-content\/uploads\/2026\/08\/vlcsnap-2026-08-05-13h00m07s943.jpghttps:\/\/www.campusbuzau.ro\/wp-content\/uploads\/2026\/08\/vlcsnap-2026-08-05-13h00m07s943.jpg&#8221;]<\/p>\n<div class=\"entry-content\">\n<p><strong><em><mark class=\"has-inline-color has-maincolor-color\">\u00centre \u0219antierele Averescu \u0219i Stadionului a mai ap\u0103rut \u0219i un punct de lucru al Distrigazului.Trecerea automobilelor prin intersec\u021bia str\u0103zilor Averescu, B\u0103lcescu \u0219i Stadionului se face uneori cu mult tupeu, mai ales c\u0103 semafoarele sunt pe galben intermitent \u00een toate direc\u021biile. Pe banda de mers de la Poarta Cr\u00e2ngului p\u00e2n\u0103 la intersec\u021bia cu strada Traian Vuia se circul\u0103 \u00een ambele sensuri, cealalt\u0103 band\u0103 fiind \u00eenchis\u0103.<\/mark><\/em><\/strong><\/p>\n<p>Buzoienii vor trebui s\u0103 suporte timp de trei zile o nou\u0103 restric\u021bie de circula\u021bie \u00een zona por\u021bii principale de intrare \u00een Parcul Cr\u00e2ng.<\/p>\n<p>Acolo deja se lucra la reabilitarea bulevardelor Averescu \u0219i Stadionului iar acum \u0219i-au deschis punct de lucru \u0219i cei de la Distrigaz Sud Re\u021bele pentru desfiin\u021barea unui c\u0103min cu vane.<\/p>\n<p>Pe toat\u0103 durata \u0219antierului circula\u021bia auto se va face doar pe banda dinspre Parcul Cr\u00e2ng, \u00een ambele sensuri de mers, a\u0219a c\u0103 \u0219oferii vor trebui s\u0103 mearg\u0103 cu vitez\u0103 redus\u0103 pentru a nu fi implica\u021bi \u00een evenimente rutiere.<\/p>\n<p>Restric\u021bia este valabil\u0103 \u00een intervalul orar 8 \u0219i 22. \u00cen cazul \u00een care vremea va fi nefavorabil\u0103 \u0219i nu se va putea lucra \u00een aer liber lucrarea ar putea s\u0103 se prelungeasc\u0103.<\/p>\n<p>Pentru a evita pierderile de timp \u0219i, mai ales, enervarea, conduc\u0103torii auto sunt \u00eendemna\u021bi s\u0103 opteze pentru alte trasee.<\/p>\n<p>Instala\u021bia de semafoare de la Poarta Cr\u00e2ngului func\u021bioneaz\u0103 pe galben intermitent a\u0219a c\u0103 p\u0103trunderea \u00een interserc\u021bie se face la \u201emica \u00een\u021belegere\u201d.<\/p>\n<figure class=\"wp-block-embed is-type-video is-provider-youtube wp-block-embed-youtube wp-embed-aspect-16-9 wp-has-aspect-ratio\">\n<div class=\"wp-block-embed__wrapper\">\n<iframe loading=\"lazy\" title=\"RESTRIC\u0162II LA POARTA CR\u00c2NGULUI\" width=\"500\" height=\"281\" src=\"https:\/\/www.youtube.com\/embed\/QN3vZEpTVjc?feature=oembed\" frameborder allow=\"accelerometer; autoplay; clipboard-write; encrypted-media; gyroscope; picture-in-picture; web-share\" referrerpolicy=\"strict-origin-when-cross-origin\" allowfullscreen><\/iframe>\n<\/div>\n<\/figure>\n<\/div>\n<p>[analyse_source url=&#8221;https:\/\/www.campusbuzau.ro\/noi-restrictii-santier-in-santier\/&#8221;]<\/p>\n","protected":false},"excerpt":{"rendered":"<p>[analyse_image type=&#8221;featured&#8221; src=&#8221;https:\/\/www.campusbuzau.ro\/wp-content\/uploads\/2026\/08\/vlcsnap-2026-08-05-13h00m07s943.jpghttps:\/\/www.campusbuzau.ro\/wp-content\/uploads\/2026\/08\/vlcsnap-2026-08-05-13h00m07s943.jpg&#8221;] \u00centre \u0219antierele Averescu \u0219i Stadionului a mai ap\u0103rut \u0219i un punct de lucru al Distrigazului.Trecerea automobilelor prin intersec\u021bia str\u0103zilor Averescu, B\u0103lcescu \u0219i Stadionului se face uneori cu mult tupeu, mai ales c\u0103 semafoarele sunt pe galben intermitent \u00een toate direc\u021biile. Pe banda de mers de la Poarta Cr\u00e2ngului p\u00e2n\u0103 la intersec\u021bia cu [&hellip;]<\/p>\n","protected":false},"author":1,"featured_media":0,"comment_status":"open","ping_status":"","sticky":false,"template":"","format":"standard","meta":{"footnotes":""},"categories":[2],"tags":[118,226],"class_list":["post-2082256","post","type-post","status-publish","format-standard","hentry","category-politics","tag-campusbuzau-ro","tag-crawlmanager"],"_links":{"self":[{"href":"https:\/\/analyse.optim.biz\/index.php?rest_route=\/wp\/v2\/posts\/2082256","targetHints":{"allow":["GET"]}}],"collection":[{"href":"https:\/\/analyse.optim.biz\/index.php?rest_route=\/wp\/v2\/posts"}],"about":[{"href":"https:\/\/analyse.optim.biz\/index.php?rest_route=\/wp\/v2\/types\/post"}],"author":[{"embeddable":true,"href":"https:\/\/analyse.optim.biz\/index.php?rest_route=\/wp\/v2\/users\/1"}],"replies":[{"embeddable":true,"href":"https:\/\/analyse.optim.biz\/index.php?rest_route=%2Fwp%2Fv2%2Fcomments&post=2082256"}],"version-history":[{"count":0,"href":"https:\/\/analyse.optim.biz\/index.php?rest_route=\/wp\/v2\/posts\/2082256\/revisions"}],"wp:attachment":[{"href":"https:\/\/analyse.optim.biz\/index.php?rest_route=%2Fwp%2Fv2%2Fmedia&parent=2082256"}],"wp:term":[{"taxonomy":"category","embeddable":true,"href":"https:\/\/analyse.optim.biz\/index.php?rest_route=%2Fwp%2Fv2%2Fcategories&post=2082256"},{"taxonomy":"post_tag","embeddable":true,"href":"https:\/\/analyse.optim.biz\/index.php?rest_route=%2Fwp%2Fv2%2Ftags&post=2082256"}],"curies":[{"name":"wp","href":"https:\/\/api.w.org\/{rel}","templated":true}]}}