{"id":2082255,"date":"2026-08-06T20:01:18","date_gmt":"2026-08-06T17:01:18","guid":{"rendered":"https:\/\/analyse.optim.biz\/?p=2082255"},"modified":"2026-08-06T20:01:18","modified_gmt":"2026-08-06T17:01:18","slug":"servicii-pentru-contribuabili-oferite-de-anaf","status":"publish","type":"post","link":"https:\/\/analyse.optim.biz\/?p=2082255","title":{"rendered":"Servicii pentru contribuabili oferite de ANAF"},"content":{"rendered":"<p>[analyse_image type=&#8221;featured&#8221; src=&#8221;https:\/\/www.tvbuzau.ro\/wp-content\/uploads\/2026\/08\/sddefault-14.jpghttps:\/\/www.tvbuzau.ro\/wp-content\/uploads\/2026\/08\/sddefault-14.jpg&#8221;]<\/p>\n<div class=\"td-ss-main-content\">\n<article id=\"post-119935\" class=\"post-119935 post type-post status-publish format-video has-post-thumbnail hentry category-actualitate post_format-post-format-video\">\n<div class=\"td-post-header\">\n<ul class=\"td-category\">\n<li class=\"entry-category\"><a href=\"https:\/\/www.tvbuzau.ro\/category\/actualitate\/\">Actualitate<\/a><\/li>\n<\/ul>\n<header class=\"td-post-title\">\n<h1 class=\"entry-title\">Servicii pentru contribuabili oferite de ANAF<\/h1>\n<div class=\"td-module-meta-info\">\n<div class=\"td-post-author-name\">De c\u0103tre <a href=\"https:\/\/www.tvbuzau.ro\/author\/mihai-vasilescu\/\">TV Buz\u0103u<\/a> &#8211; <\/div>\n<p><span class=\"td-post-date\"><time class=\"entry-date updated td-module-date\" datetime=\"2026-08-06T20:01:18+00:00\">august 6, 2026<\/time><\/span><\/p>\n<div class=\"td-post-comments\"><a href=\"https:\/\/www.tvbuzau.ro\/servicii-pentru-contribuabili-oferite-de-anaf-pentru-contribuabili\/#respond\">0<\/a><\/div>\n<div class=\"td-post-views\"><span class=\"td-nr-views-119935\">19<\/span><\/div>\n<\/div>\n<\/header>\n<\/div>\n<div class=\"td-post-sharing td-post-sharing-top td-with-like\">\n<div class=\"td-default-sharing\"><a class=\"td-social-sharing-buttons td-social-facebook\" href=\"http:\/\/www.facebook.com\/sharer.php?u=https%3A%2F%2Fwww.tvbuzau.ro%2Fservicii-pentru-contribuabili-oferite-de-anaf-pentru-contribuabili%2F\"><\/p>\n<div class=\"td-social-but-text\">Distribui\u021bi pe Facebook<\/div>\n<p><\/a><a class=\"td-social-sharing-buttons td-social-twitter\" href=\"https:\/\/twitter.com\/intent\/tweet?text=Servicii+pentru+contribuabili+oferite+de+ANAF&amp;url=https%3A%2F%2Fwww.tvbuzau.ro%2Fservicii-pentru-contribuabili-oferite-de-anaf-pentru-contribuabili%2F&amp;via=TV+Buz%C4%83u\"><\/p>\n<div class=\"td-social-but-text\">Distribui\u021bi pe Twitter<\/div>\n<p><\/a><\/div>\n<div class=\"td-classic-sharing\">\n<ul>\n<li class=\"td-classic-facebook\"><iframe frameborder src=\"https:\/\/www.facebook.com\/plugins\/like.php?href=https:\/\/www.tvbuzau.ro\/servicii-pentru-contribuabili-oferite-de-anaf-pentru-contribuabili\/&amp;layout=button_count&amp;show_faces=false&amp;width=105&amp;action=like&amp;colorscheme=light&amp;height=21\"><\/iframe><\/li>\n<li class=\"td-classic-twitter\"><a href=\"https:\/\/twitter.com\/share\" class=\"twitter-share-button\" data-url=\"https:\/\/www.tvbuzau.ro\/servicii-pentru-contribuabili-oferite-de-anaf-pentru-contribuabili\/\" data-text=\"Servicii pentru contribuabili oferite de ANAF\" data-via data-lang=\"en\">tweet<\/a><\/li>\n<\/ul>\n<\/div>\n<\/div>\n<div class=\"td-post-content\">\n<div class=\"td-featured-image-rec\">\n<div class=\"wpb_video_wrapper\">\n                    <iframe loading=\"lazy\" id=\"td_youtube_player\" width=\"600\" height=\"560\" src=\"https:\/\/www.youtube.com\/embed\/XJ-4t6l_SxM?enablejsapi=1&amp;feature=oembed&amp;wmode=opaque&amp;vq=hd720\" frameborder allowfullscreen><\/iframe><\/p><\/div>\n<\/div>\n<p>\u201eProgramare online\u201d,  pentru \u00eent\u00e2lnirea cu un func\u021bionar public<br \/>\nServiciile oferite contribuabililor de c\u0103tre Agen\u0163ia Na\u0163ional\u0103 de Administrare Fiscal\u0103 reprezint\u0103 instrumentul prin care administra\u0163ia fiscal\u0103 vine \u00een sprijinul contribuabilor pentru a facilita \u00eendeplinirea obliga\u0163iilor fiscale ce le revin \u015fi constituie premisa esen\u0163ial\u0103 pentru cre\u015fterea civismului fiscal.<br \/>\n\u00cen acest sens, Agen\u0163ia Na\u0163ional\u0103 de Administrare Fiscal\u0103 continu\u0103 procesul de modernizare a administra\u0163iei fiscale care vizeaz\u0103 prestarea de servicii diversificate,  menite s\u0103 aduc\u0103 beneficii at\u00e2t administra\u0163iei fiscale c\u00e2t \u015fi contribuabililor.<br \/>\n\u00cen plus, administra\u0163ia finaciar\u0103 ofer\u0103 o serie de servicii la distan\u0163\u0103.<br \/>\n\u00cen perioada urm\u0103toare, Administra\u0163ia Jude\u0163ean\u0103 a Finan\u0163elor Publice Buz\u0103u, unitate teritorial\u0103 \u00een structura Agen\u0163iei Na\u0163ionale de Administrare Fiscal\u0103, va continua s\u0103 se modernizeze  pentru a optimiza nivelul de conformare voluntar\u0103, astfel \u00eenc\u00e2t s\u0103 se previn\u0103 \u0219i s\u0103 se combat\u0103 fenomenele de fraud\u0103 \u0219i evaziune fiscal\u0103, a mai anun\u0163at institu\u0163ia.<\/p>\n<div class=\"post-views post-119935 entry-meta\"><span class=\"post-views-label\">Post Views: <\/span><span class=\"post-views-count\">156<\/span><\/div>\n<\/div>\n<footer>\n<div class=\"td-post-sharing td-post-sharing-bottom td-with-like\"><span class=\"td-post-share-title\">DISTRIBUI\u021aI<\/span><\/p>\n<div class=\"td-default-sharing\"><a class=\"td-social-sharing-buttons td-social-facebook\" href=\"http:\/\/www.facebook.com\/sharer.php?u=https%3A%2F%2Fwww.tvbuzau.ro%2Fservicii-pentru-contribuabili-oferite-de-anaf-pentru-contribuabili%2F\"><\/p>\n<div class=\"td-social-but-text\">Facebook<\/div>\n<p><\/a><a class=\"td-social-sharing-buttons td-social-twitter\" href=\"https:\/\/twitter.com\/intent\/tweet?text=Servicii+pentru+contribuabili+oferite+de+ANAF&amp;url=https%3A%2F%2Fwww.tvbuzau.ro%2Fservicii-pentru-contribuabili-oferite-de-anaf-pentru-contribuabili%2F&amp;via=TV+Buz%C4%83u\"><\/p>\n<div class=\"td-social-but-text\">Twitter<\/div>\n<p><\/a><\/div>\n<div class=\"td-classic-sharing\">\n<ul>\n<li class=\"td-classic-facebook\"><iframe frameborder src=\"https:\/\/www.facebook.com\/plugins\/like.php?href=https:\/\/www.tvbuzau.ro\/servicii-pentru-contribuabili-oferite-de-anaf-pentru-contribuabili\/&amp;layout=button_count&amp;show_faces=false&amp;width=105&amp;action=like&amp;colorscheme=light&amp;height=21\"><\/iframe><\/li>\n<li class=\"td-classic-twitter\"><a href=\"https:\/\/twitter.com\/share\" class=\"twitter-share-button\" data-url=\"https:\/\/www.tvbuzau.ro\/servicii-pentru-contribuabili-oferite-de-anaf-pentru-contribuabili\/\" data-text=\"Servicii pentru contribuabili oferite de ANAF\" data-via data-lang=\"en\">tweet<\/a><\/li>\n<\/ul>\n<\/div>\n<\/div>\n<div class=\"td-author-name vcard author\"><span class=\"fn\"><a href=\"https:\/\/www.tvbuzau.ro\/author\/mihai-vasilescu\/\">TV Buz\u0103u<\/a><\/span><\/div>\n<p><span><\/span><span><span><\/span><\/span><span><\/span><\/footer>\n<\/article>\n<div class=\"td_block_wrap td_block_related_posts td_uid_1_6a75e201346be_rand td_with_ajax_pagination td-pb-border-top\" data-td-block-uid=\"td_uid_1_6a75e201346be\">\n<h4 class=\"td-related-title\"><a id=\"td_uid_2_6a75e20139eb5\" class=\"td-related-left td-cur-simple-item\" data-td_filter_value data-td_block_id=\"td_uid_1_6a75e201346be\" href=\"https:\/\/www.tvbuzau.ro\/servicii-pentru-contribuabili-oferite-de-anaf-pentru-contribuabili\/\">ARTICOLE SIMILARE<\/a><a id=\"td_uid_3_6a75e20139ef0\" class=\"td-related-right\" data-td_filter_value=\"td_related_more_from_author\" data-td_block_id=\"td_uid_1_6a75e201346be\" href=\"https:\/\/www.tvbuzau.ro\/servicii-pentru-contribuabili-oferite-de-anaf-pentru-contribuabili\/\">DE LA ACELA\u0218I AUTOR<\/a><\/h4>\n<div id=\"td_uid_1_6a75e201346be\" class=\"td_block_inner\">\n<div class=\"td-related-row\">\n<div class=\"td-related-span4\">\n<div class=\"td_module_related_posts td-animation-stack td_mod_related_posts\">\n<div class=\"td-module-image\">\n<div class=\"td-module-thumb\"><a href=\"https:\/\/www.tvbuzau.ro\/ce-isi-doresc-consumatorii-de-la-o-tomata\/\" rel=\"bookmark\" title=\"Ce \u00ee\u0219i doresc consumatorii de la o tomat\u0103?\"><img loading=\"lazy\" decoding=\"async\" width=\"218\" height=\"150\" class=\"entry-thumb\" src=\"https:\/\/www.tvbuzau.ro\/wp-content\/uploads\/2026\/08\/sddefault-16-218x150.jpg\" alt title=\"Ce \u00ee\u0219i doresc consumatorii de la o tomat\u0103?\"><span class=\"td-video-play-ico\"><img loading=\"lazy\" decoding=\"async\" width=\"40\" height=\"40\" class=\"td-retina\" src=\"https:\/\/www.tvbuzau.ro\/wp-content\/themes\/Newspaper\/images\/icons\/ico-video-large.png\" alt=\"video\"><\/span><\/a><\/div>\n<p><a href=\"https:\/\/www.tvbuzau.ro\/category\/actualitate\/\" class=\"td-post-category\">Actualitate<\/a><\/div>\n<div class=\"item-details\">\n<h3 class=\"entry-title td-module-title\"><a href=\"https:\/\/www.tvbuzau.ro\/ce-isi-doresc-consumatorii-de-la-o-tomata\/\" rel=\"bookmark\" title=\"Ce \u00ee\u0219i doresc consumatorii de la o tomat\u0103?\">Ce \u00ee\u0219i doresc consumatorii de la o tomat\u0103?<\/a><\/h3>\n<\/div>\n<\/div>\n<\/div>\n<div class=\"td-related-span4\">\n<div class=\"td_module_related_posts td-animation-stack td_mod_related_posts\">\n<div class=\"td-module-image\">\n<div class=\"td-module-thumb\"><a href=\"https:\/\/www.tvbuzau.ro\/primul-mecanism-national-de-detectare-a-riscului-de-trafic-de-minori\/\" rel=\"bookmark\" title=\"Primul mecanism na\u021bional de detectare a riscului de trafic de minori\"><img loading=\"lazy\" decoding=\"async\" width=\"218\" height=\"150\" class=\"entry-thumb\" src=\"https:\/\/www.tvbuzau.ro\/wp-content\/uploads\/2026\/08\/sddefault-15-218x150.jpg\" alt title=\"Primul mecanism na\u021bional de detectare a riscului de trafic de minori\"><span class=\"td-video-play-ico\"><img loading=\"lazy\" decoding=\"async\" width=\"40\" height=\"40\" class=\"td-retina\" src=\"https:\/\/www.tvbuzau.ro\/wp-content\/themes\/Newspaper\/images\/icons\/ico-video-large.png\" alt=\"video\"><\/span><\/a><\/div>\n<p><a href=\"https:\/\/www.tvbuzau.ro\/category\/actualitate\/\" class=\"td-post-category\">Actualitate<\/a><\/div>\n<div class=\"item-details\">\n<h3 class=\"entry-title td-module-title\"><a href=\"https:\/\/www.tvbuzau.ro\/primul-mecanism-national-de-detectare-a-riscului-de-trafic-de-minori\/\" rel=\"bookmark\" title=\"Primul mecanism na\u021bional de detectare a riscului de trafic de minori\">Primul mecanism na\u021bional de detectare a riscului de trafic de minori<\/a><\/h3>\n<\/div>\n<\/div>\n<\/div>\n<div class=\"td-related-span4\">\n<div class=\"td_module_related_posts td-animation-stack td_mod_related_posts\">\n<div class=\"td-module-image\">\n<div class=\"td-module-thumb\"><a href=\"https:\/\/www.tvbuzau.ro\/zona-tezaurului-de-la-pietroasele-gazda-buzau-wine-fest\/\" rel=\"bookmark\" title=\"Zona Tezaurului de la Pietroasele, gazda Buz\u0103u Wine Fest\"><img loading=\"lazy\" decoding=\"async\" width=\"218\" height=\"150\" class=\"entry-thumb\" src=\"https:\/\/www.tvbuzau.ro\/wp-content\/uploads\/2026\/08\/hqdefault-5-218x150.jpg\" alt title=\"Zona Tezaurului de la Pietroasele, gazda Buz\u0103u Wine Fest\"><span class=\"td-video-play-ico\"><img loading=\"lazy\" decoding=\"async\" width=\"40\" height=\"40\" class=\"td-retina\" src=\"https:\/\/www.tvbuzau.ro\/wp-content\/themes\/Newspaper\/images\/icons\/ico-video-large.png\" alt=\"video\"><\/span><\/a><\/div>\n<p><a href=\"https:\/\/www.tvbuzau.ro\/category\/actualitate\/\" class=\"td-post-category\">Actualitate<\/a><\/div>\n<div class=\"item-details\">\n<h3 class=\"entry-title td-module-title\"><a href=\"https:\/\/www.tvbuzau.ro\/zona-tezaurului-de-la-pietroasele-gazda-buzau-wine-fest\/\" rel=\"bookmark\" title=\"Zona Tezaurului de la Pietroasele, gazda Buz\u0103u Wine Fest\">Zona Tezaurului de la Pietroasele, gazda Buz\u0103u Wine Fest<\/a><\/h3>\n<\/div>\n<\/div>\n<\/div>\n<\/div>\n<div class=\"td-related-row\">\n<div class=\"td-related-span4\">\n<div class=\"td_module_related_posts td-animation-stack td_mod_related_posts\">\n<div class=\"td-module-image\">\n<div class=\"td-module-thumb\"><a href=\"https:\/\/www.tvbuzau.ro\/lucrari-hidrotehnice-efectute-de-apele-romane-impotriva-inundatiilor\/\" rel=\"bookmark\" title=\"Lucr\u0103ri hidrotehnice efectute de Apele Rom\u00e2ne \u00eempotriva inunda\u0163iilor\"><img loading=\"lazy\" decoding=\"async\" width=\"218\" height=\"150\" class=\"entry-thumb\" src=\"https:\/\/www.tvbuzau.ro\/wp-content\/uploads\/2026\/08\/sddefault-13-218x150.jpg\" alt title=\"Lucr\u0103ri hidrotehnice efectute de Apele Rom\u00e2ne \u00eempotriva inunda\u0163iilor\"><span class=\"td-video-play-ico\"><img loading=\"lazy\" decoding=\"async\" width=\"40\" height=\"40\" class=\"td-retina\" src=\"https:\/\/www.tvbuzau.ro\/wp-content\/themes\/Newspaper\/images\/icons\/ico-video-large.png\" alt=\"video\"><\/span><\/a><\/div>\n<p><a href=\"https:\/\/www.tvbuzau.ro\/category\/actualitate\/\" class=\"td-post-category\">Actualitate<\/a><\/div>\n<div class=\"item-details\">\n<h3 class=\"entry-title td-module-title\"><a href=\"https:\/\/www.tvbuzau.ro\/lucrari-hidrotehnice-efectute-de-apele-romane-impotriva-inundatiilor\/\" rel=\"bookmark\" title=\"Lucr\u0103ri hidrotehnice efectute de Apele Rom\u00e2ne \u00eempotriva inunda\u0163iilor\">Lucr\u0103ri hidrotehnice efectute de Apele Rom\u00e2ne \u00eempotriva inunda\u0163iilor<\/a><\/h3>\n<\/div>\n<\/div>\n<\/div>\n<div class=\"td-related-span4\">\n<div class=\"td_module_related_posts td-animation-stack td_mod_related_posts\">\n<div class=\"td-module-image\">\n<div class=\"td-module-thumb\"><a href=\"https:\/\/www.tvbuzau.ro\/directia-silvica-a-populat-cu-pastrav-curcubeu-paraul-casele-bisocii\/\" rel=\"bookmark\" title=\"Direc\u0163ia Silvic\u0103 a populat cu p\u0103str\u0103v curcubeu p\u00e2r\u00e2ul Casele Bisocii\"><img loading=\"lazy\" decoding=\"async\" width=\"218\" height=\"150\" class=\"entry-thumb\" src=\"https:\/\/www.tvbuzau.ro\/wp-content\/uploads\/2026\/08\/sddefault-12-218x150.jpg\" alt title=\"Direc\u0163ia Silvic\u0103 a populat cu p\u0103str\u0103v curcubeu p\u00e2r\u00e2ul Casele Bisocii\"><span class=\"td-video-play-ico\"><img loading=\"lazy\" decoding=\"async\" width=\"40\" height=\"40\" class=\"td-retina\" src=\"https:\/\/www.tvbuzau.ro\/wp-content\/themes\/Newspaper\/images\/icons\/ico-video-large.png\" alt=\"video\"><\/span><\/a><\/div>\n<p><a href=\"https:\/\/www.tvbuzau.ro\/category\/actualitate\/\" class=\"td-post-category\">Actualitate<\/a><\/div>\n<div class=\"item-details\">\n<h3 class=\"entry-title td-module-title\"><a href=\"https:\/\/www.tvbuzau.ro\/directia-silvica-a-populat-cu-pastrav-curcubeu-paraul-casele-bisocii\/\" rel=\"bookmark\" title=\"Direc\u0163ia Silvic\u0103 a populat cu p\u0103str\u0103v curcubeu p\u00e2r\u00e2ul Casele Bisocii\">Direc\u0163ia Silvic\u0103 a populat cu p\u0103str\u0103v curcubeu p\u00e2r\u00e2ul Casele Bisocii<\/a><\/h3>\n<\/div>\n<\/div>\n<\/div>\n<div class=\"td-related-span4\">\n<div class=\"td_module_related_posts td-animation-stack td_mod_related_posts\">\n<div class=\"td-module-image\">\n<div class=\"td-module-thumb\"><a href=\"https:\/\/www.tvbuzau.ro\/parasutist-implicat-intr-un-incident-aviatic\/\" rel=\"bookmark\" title=\"Para\u015futist implicat \u00eentr-un incident aviatic\"><img loading=\"lazy\" decoding=\"async\" width=\"218\" height=\"150\" class=\"entry-thumb\" src=\"https:\/\/www.tvbuzau.ro\/wp-content\/uploads\/2026\/08\/sddefault-11-218x150.jpg\" alt title=\"Para\u015futist implicat \u00eentr-un incident aviatic\"><span class=\"td-video-play-ico\"><img loading=\"lazy\" decoding=\"async\" width=\"40\" height=\"40\" class=\"td-retina\" src=\"https:\/\/www.tvbuzau.ro\/wp-content\/themes\/Newspaper\/images\/icons\/ico-video-large.png\" alt=\"video\"><\/span><\/a><\/div>\n<p><a href=\"https:\/\/www.tvbuzau.ro\/category\/actualitate\/\" class=\"td-post-category\">Actualitate<\/a><\/div>\n<div class=\"item-details\">\n<h3 class=\"entry-title td-module-title\"><a href=\"https:\/\/www.tvbuzau.ro\/parasutist-implicat-intr-un-incident-aviatic\/\" rel=\"bookmark\" title=\"Para\u015futist implicat \u00eentr-un incident aviatic\">Para\u015futist implicat \u00eentr-un incident aviatic<\/a><\/h3>\n<\/div>\n<\/div>\n<\/div>\n<\/div>\n<\/div>\n<\/div>\n<div class=\"comments\" id=\"comments\">\n<div id=\"respond\" class=\"comment-respond\">\n<h3 id=\"reply-title\" class=\"comment-reply-title\">L\u0102SA\u021aI UN MESAJ <small><a rel=\"nofollow\" id=\"cancel-comment-reply-link\" href=\"https:\/\/www.tvbuzau.ro\/servicii-pentru-contribuabili-oferite-de-anaf-pentru-contribuabili\/#respond\">Renun\u021ba\u021bi la r\u0103spuns<\/a><\/small><\/h3>\n<\/div>\n<\/div>\n<\/div>\n<div class=\"td-post-content\">\n<div class=\"td-featured-image-rec\">\n<div class=\"wpb_video_wrapper\">\n                    <iframe loading=\"lazy\" id=\"td_youtube_player\" width=\"600\" height=\"560\" src=\"https:\/\/www.youtube.com\/embed\/XJ-4t6l_SxM?enablejsapi=1&amp;feature=oembed&amp;wmode=opaque&amp;vq=hd720\" frameborder allowfullscreen><\/iframe><\/p><\/div>\n<\/div>\n<p>\u201eProgramare online\u201d,  pentru \u00eent\u00e2lnirea cu un func\u021bionar public<br \/>\nServiciile oferite contribuabililor de c\u0103tre Agen\u0163ia Na\u0163ional\u0103 de Administrare Fiscal\u0103 reprezint\u0103 instrumentul prin care administra\u0163ia fiscal\u0103 vine \u00een sprijinul contribuabilor pentru a facilita \u00eendeplinirea obliga\u0163iilor fiscale ce le revin \u015fi constituie premisa esen\u0163ial\u0103 pentru cre\u015fterea civismului fiscal.<br \/>\n\u00cen acest sens, Agen\u0163ia Na\u0163ional\u0103 de Administrare Fiscal\u0103 continu\u0103 procesul de modernizare a administra\u0163iei fiscale care vizeaz\u0103 prestarea de servicii diversificate,  menite s\u0103 aduc\u0103 beneficii at\u00e2t administra\u0163iei fiscale c\u00e2t \u015fi contribuabililor.<br \/>\n\u00cen plus, administra\u0163ia finaciar\u0103 ofer\u0103 o serie de servicii la distan\u0163\u0103.<br \/>\n\u00cen perioada urm\u0103toare, Administra\u0163ia Jude\u0163ean\u0103 a Finan\u0163elor Publice Buz\u0103u, unitate teritorial\u0103 \u00een structura Agen\u0163iei Na\u0163ionale de Administrare Fiscal\u0103, va continua s\u0103 se modernizeze  pentru a optimiza nivelul de conformare voluntar\u0103, astfel \u00eenc\u00e2t s\u0103 se previn\u0103 \u0219i s\u0103 se combat\u0103 fenomenele de fraud\u0103 \u0219i evaziune fiscal\u0103, a mai anun\u0163at institu\u0163ia.<\/p>\n<div class=\"post-views post-119935 entry-meta\"><span class=\"post-views-label\">Post Views: <\/span><span class=\"post-views-count\">156<\/span><\/div>\n<\/div>\n<p>[analyse_source url=&#8221;https:\/\/www.tvbuzau.ro\/servicii-pentru-contribuabili-oferite-de-anaf-pentru-contribuabili\/&#8221;]<\/p>\n","protected":false},"excerpt":{"rendered":"<p>[analyse_image type=&#8221;featured&#8221; src=&#8221;https:\/\/www.tvbuzau.ro\/wp-content\/uploads\/2026\/08\/sddefault-14.jpghttps:\/\/www.tvbuzau.ro\/wp-content\/uploads\/2026\/08\/sddefault-14.jpg&#8221;] Actualitate Servicii pentru contribuabili oferite de ANAF De c\u0103tre TV Buz\u0103u &#8211; august 6, 2026 0 19 Distribui\u021bi pe Facebook Distribui\u021bi pe Twitter tweet \u201eProgramare online\u201d, pentru \u00eent\u00e2lnirea cu un func\u021bionar public Serviciile oferite contribuabililor de c\u0103tre Agen\u0163ia Na\u0163ional\u0103 de Administrare Fiscal\u0103 reprezint\u0103 instrumentul prin care administra\u0163ia fiscal\u0103 vine \u00een sprijinul contribuabilor [&hellip;]<\/p>\n","protected":false},"author":1,"featured_media":0,"comment_status":"open","ping_status":"","sticky":false,"template":"","format":"standard","meta":{"footnotes":""},"categories":[2],"tags":[226,116],"class_list":["post-2082255","post","type-post","status-publish","format-standard","hentry","category-politics","tag-crawlmanager","tag-tvbuzau-ro"],"_links":{"self":[{"href":"https:\/\/analyse.optim.biz\/index.php?rest_route=\/wp\/v2\/posts\/2082255","targetHints":{"allow":["GET"]}}],"collection":[{"href":"https:\/\/analyse.optim.biz\/index.php?rest_route=\/wp\/v2\/posts"}],"about":[{"href":"https:\/\/analyse.optim.biz\/index.php?rest_route=\/wp\/v2\/types\/post"}],"author":[{"embeddable":true,"href":"https:\/\/analyse.optim.biz\/index.php?rest_route=\/wp\/v2\/users\/1"}],"replies":[{"embeddable":true,"href":"https:\/\/analyse.optim.biz\/index.php?rest_route=%2Fwp%2Fv2%2Fcomments&post=2082255"}],"version-history":[{"count":0,"href":"https:\/\/analyse.optim.biz\/index.php?rest_route=\/wp\/v2\/posts\/2082255\/revisions"}],"wp:attachment":[{"href":"https:\/\/analyse.optim.biz\/index.php?rest_route=%2Fwp%2Fv2%2Fmedia&parent=2082255"}],"wp:term":[{"taxonomy":"category","embeddable":true,"href":"https:\/\/analyse.optim.biz\/index.php?rest_route=%2Fwp%2Fv2%2Fcategories&post=2082255"},{"taxonomy":"post_tag","embeddable":true,"href":"https:\/\/analyse.optim.biz\/index.php?rest_route=%2Fwp%2Fv2%2Ftags&post=2082255"}],"curies":[{"name":"wp","href":"https:\/\/api.w.org\/{rel}","templated":true}]}}